{"id":12888,"date":"2011-02-17T10:39:08","date_gmt":"2011-02-17T09:39:08","guid":{"rendered":"http:\/\/www.article-marketing.eu\/comunicati\/senza-categoria\/regione-friuli-venezia-giulia-obiettivo-competivit%c3%a0-regionale-e-occupazione\/"},"modified":"2011-02-17T10:39:08","modified_gmt":"2011-02-17T09:39:08","slug":"regione-friuli-venezia-giulia-obiettivo-competivit%c3%a0-regionale-e-occupazione","status":"publish","type":"post","link":"https:\/\/www.article-marketing.eu\/comunicati\/ambiente\/fonti-rinnovabili\/regione-friuli-venezia-giulia-obiettivo-competivit%c3%a0-regionale-e-occupazione\/","title":{"rendered":"Regione Friuli Venezia Giulia &#8211; Obiettivo Competivit\u00e0 Regionale e Occupazione"},"content":{"rendered":"<p>Ecosfera &egrave; la societ&agrave; di assistenza tecnica che supporter&agrave; fino al 2016 la Regione Friui Venezia Giulia nell&#8217;attuazione, gestione, monitoraggio e chiusura del Programma Operativo Regionale 2007\/2013 a valere sul fondo FESR Obiettivo Competitvit&agrave; Regionale e Occupazione.<br \/>\n<strong>POR &#8211; Programma Operativo Regionale 2007 2013 <\/strong><br \/>\nIl Programma Operativo della Competitivit&agrave; &egrave; lo strumento di programmazione che la Regione Friuli Venezia Giulia ha predisposto (e che la Commissione Europea ha approvato con proprio atto normativo), con il quale si definiscono, all&#8217;interno del quadro di riferimento economico &#8211; sociale del territorio europeo (di cui agli artt.158 e 159 del Trattato) gli ambiti di sviluppo territoriale regionale che beneficeranno dei contributi dei Fondi Strutturali Europei, quelli dello Stato e quelli Regionali nell&#8217;arco di tempo compreso tra il 2007 e il 2013. <br \/>Il Friuli Venezia Giulia, con le opportunit&agrave; del P.O.R., potr&agrave; promuovere la realizzazione di innumerevoli progetti all&#8217;interno di una linea di sviluppo strategica finalizzata a sostenere l&#8217;economia regionale per permettere a tutto il territorio di competere in ambito nazionale e internazionale. <br \/>Le priorit&agrave; di intervento del P.O.R. del Friuli Venezia Giulia sono state individuate in 6 Assi:<\/p>\n<ol type=\"1\">\n<li>\n<ol type=\"1\">\n<li class=\"MsoNormal\" style=\"line-height: 150%; margin: 0cm 0cm 10pt; background: white; mso-list: l0 level2 lfo1; mso-margin-top-alt: auto; mso-margin-bottom-alt: auto; tab-stops: list 72.0pt;\">il primo relativo all&#8217;innovazione, ricerca, trasferimento tecnologico ed imprenditorialit&agrave;;<\/li>\n<li class=\"MsoNormal\" style=\"line-height: 150%; margin: 0cm 0cm 10pt; background: white; mso-list: l0 level2 lfo1; mso-margin-top-alt: auto; mso-margin-bottom-alt: auto; tab-stops: list 72.0pt;\">il secondo relativo alla sostenibilit&agrave; ambientale;<\/li>\n<li class=\"MsoNormal\" style=\"line-height: 150%; margin: 0cm 0cm 10pt; background: white; mso-list: l0 level2 lfo1; mso-margin-top-alt: auto; mso-margin-bottom-alt: auto; tab-stops: list 72.0pt;\">il terzo relativo all&#8217;accessibilit&agrave;;<\/li>\n<li class=\"MsoNormal\" style=\"line-height: 150%; margin: 0cm 0cm 10pt; background: white; mso-list: l0 level2 lfo1; mso-margin-top-alt: auto; mso-margin-bottom-alt: auto; tab-stops: list 72.0pt;\">il quarto relativo allo sviluppo territoriale;<\/li>\n<li class=\"MsoNormal\" style=\"line-height: 150%; margin: 0cm 0cm 10pt; background: white; mso-list: l0 level2 lfo1; mso-margin-top-alt: auto; mso-margin-bottom-alt: auto; tab-stops: list 72.0pt;\">il quinto relativo all&#8217;ecosostenibilit&agrave; ed efficienza energetica del sistema produttivo;<\/li>\n<li class=\"MsoNormal\" style=\"line-height: 150%; margin: 0cm 0cm 10pt; background: white; mso-list: l0 level2 lfo1; mso-margin-top-alt: auto; mso-margin-bottom-alt: auto; tab-stops: list 72.0pt;\">il sesto relativo all&#8217;assistenza tecnica.<\/li>\n<\/ol>\n<\/li>\n<\/ol>\n<p>Gli obiettivi generali del Piano Operativo Regionale Obiettivo Competitivit&agrave; e Occupazione (ex Obiettivo 2), sono quindi quelli di rafforzare la competitivit&agrave; delle imprese , di promuovere la sostenibilit&agrave; ambientale , di sviluppare il trasporto e i servizi informatici, di favorire la coesione interna e la crescita territoriale equilibrata e di promuovere l&#8217;ecosostenibilit&agrave; di lungo termine della crescita economica e l&#8217;utilizzo di fonti energetiche rinnovabili . <br \/>Le principali novit&agrave; rispetto all&#8217;ex Obiettivo 2 sono le seguenti:<br \/>\n&middot; non ci sono zone della Regione escluse da benefici;<br \/>\n&middot; tutto il territorio regionale pu&ograve; beneficiare dei contributi;<br \/>\n&middot; vi &egrave; una particolare attenzione allo sviluppo delle piccole e medie imprese, alla tutela ambientale ed alla prevenzione dei rischi;<br \/>\n&middot; &egrave; promosso lo sviluppo urbano integrato sostenibile sotto il profilo ambientale.<br \/>\nIl programma operativo regionale per il Friuli Venezia Giulia &egrave; stato adottato dalla Commissione Europea il 20 novembre 2007.<br \/>\nSource: <a href=\"http:\/\/www.ecosfera.it\/\">http:\/\/www.ecosfera.it<\/a><\/p>\n","protected":false},"excerpt":{"rendered":"<p>Ecosfera \u00e8 la societ\u00e0 di assistenza tecnica che supporter\u00e0 fino al 2016 la Regione Friui Venezia Giulia nell&#8217;attuazione, gestione, monitoraggio e chiusura del Programma Operativo Regionale 2007\/2013<\/p>\n","protected":false},"author":10,"featured_media":0,"comment_status":"open","ping_status":"open","sticky":false,"template":"","format":"standard","meta":{"cybocfi_hide_featured_image":"","footnotes":""},"categories":[112],"tags":[22267,130,22888,22887,578],"class_list":["post-12888","post","type-post","status-publish","format-standard","hentry","category-fonti-rinnovabili","tag-ecosfera","tag-sostenibilita-ambientale","tag-sviluppo-dellurbanistica","tag-sviluppo-infrastrutturale","tag-sviluppo-sostenibile"],"yoast_head":"<!-- This site is optimized with the Yoast SEO plugin v27.0 - https:\/\/yoast.com\/product\/yoast-seo-wordpress\/ -->\n<title>Regione Friuli Venezia Giulia - Obiettivo Competivit\u00e0 Regionale e Occupazione - Article Marketing<\/title>\n<meta name=\"robots\" content=\"index, follow, max-snippet:-1, max-image-preview:large, max-video-preview:-1\" \/>\n<link rel=\"canonical\" href=\"https:\/\/www.article-marketing.eu\/comunicati\/ambiente\/fonti-rinnovabili\/regione-friuli-venezia-giulia-obiettivo-competivit\u00e0-regionale-e-occupazione\/\" \/>\n<meta property=\"og:locale\" content=\"it_IT\" \/>\n<meta property=\"og:type\" content=\"article\" \/>\n<meta property=\"og:title\" content=\"Regione Friuli Venezia Giulia - Obiettivo Competivit\u00e0 Regionale e Occupazione - Article Marketing\" \/>\n<meta property=\"og:description\" content=\"Ecosfera \u00e8 la societ\u00e0 di assistenza tecnica che supporter\u00e0 fino al 2016 la Regione Friui Venezia Giulia nell&#039;attuazione, gestione, monitoraggio e chiusura del Programma Operativo Regionale 2007\/2013\" \/>\n<meta property=\"og:url\" content=\"https:\/\/www.article-marketing.eu\/comunicati\/ambiente\/fonti-rinnovabili\/regione-friuli-venezia-giulia-obiettivo-competivit\u00e0-regionale-e-occupazione\/\" \/>\n<meta property=\"og:site_name\" content=\"Article Marketing\" \/>\n<meta property=\"article:published_time\" content=\"2011-02-17T09:39:08+00:00\" \/>\n<meta name=\"author\" content=\"Redazione Comunicati Stampa\" \/>\n<meta name=\"twitter:card\" content=\"summary_large_image\" \/>\n<meta name=\"twitter:label1\" content=\"Scritto da\" \/>\n\t<meta name=\"twitter:data1\" content=\"Redazione Comunicati Stampa\" \/>\n\t<meta name=\"twitter:label2\" content=\"Tempo di lettura stimato\" \/>\n\t<meta name=\"twitter:data2\" content=\"2 minuti\" \/>\n<script type=\"application\/ld+json\" class=\"yoast-schema-graph\">{\"@context\":\"https:\/\/schema.org\",\"@graph\":[{\"@type\":\"Article\",\"@id\":\"https:\/\/www.article-marketing.eu\/comunicati\/ambiente\/fonti-rinnovabili\/regione-friuli-venezia-giulia-obiettivo-competivit%c3%a0-regionale-e-occupazione\/#article\",\"isPartOf\":{\"@id\":\"https:\/\/www.article-marketing.eu\/comunicati\/ambiente\/fonti-rinnovabili\/regione-friuli-venezia-giulia-obiettivo-competivit%c3%a0-regionale-e-occupazione\/\"},\"author\":{\"name\":\"Redazione Comunicati Stampa\",\"@id\":\"https:\/\/www.article-marketing.eu\/comunicati\/#\/schema\/person\/44372e4d4d0fa797b18e03ed1ace9017\"},\"headline\":\"Regione Friuli Venezia Giulia &#8211; Obiettivo Competivit\u00e0 Regionale e Occupazione\",\"datePublished\":\"2011-02-17T09:39:08+00:00\",\"mainEntityOfPage\":{\"@id\":\"https:\/\/www.article-marketing.eu\/comunicati\/ambiente\/fonti-rinnovabili\/regione-friuli-venezia-giulia-obiettivo-competivit%c3%a0-regionale-e-occupazione\/\"},\"wordCount\":391,\"commentCount\":0,\"keywords\":[\"Ecosfera\",\"sostenibilit\u00e0 ambientale\",\"sviluppo dell\u2019urbanistica\",\"sviluppo infrastrutturale\",\"sviluppo sostenibile\"],\"articleSection\":[\"Fonti rinnovabili\"],\"inLanguage\":\"it-IT\",\"potentialAction\":[{\"@type\":\"CommentAction\",\"name\":\"Comment\",\"target\":[\"https:\/\/www.article-marketing.eu\/comunicati\/ambiente\/fonti-rinnovabili\/regione-friuli-venezia-giulia-obiettivo-competivit%c3%a0-regionale-e-occupazione\/#respond\"]}]},{\"@type\":\"WebPage\",\"@id\":\"https:\/\/www.article-marketing.eu\/comunicati\/ambiente\/fonti-rinnovabili\/regione-friuli-venezia-giulia-obiettivo-competivit%c3%a0-regionale-e-occupazione\/\",\"url\":\"https:\/\/www.article-marketing.eu\/comunicati\/ambiente\/fonti-rinnovabili\/regione-friuli-venezia-giulia-obiettivo-competivit%c3%a0-regionale-e-occupazione\/\",\"name\":\"Regione Friuli Venezia Giulia - Obiettivo Competivit\u00e0 Regionale e Occupazione - Article Marketing\",\"isPartOf\":{\"@id\":\"https:\/\/www.article-marketing.eu\/comunicati\/#website\"},\"datePublished\":\"2011-02-17T09:39:08+00:00\",\"author\":{\"@id\":\"https:\/\/www.article-marketing.eu\/comunicati\/#\/schema\/person\/44372e4d4d0fa797b18e03ed1ace9017\"},\"breadcrumb\":{\"@id\":\"https:\/\/www.article-marketing.eu\/comunicati\/ambiente\/fonti-rinnovabili\/regione-friuli-venezia-giulia-obiettivo-competivit%c3%a0-regionale-e-occupazione\/#breadcrumb\"},\"inLanguage\":\"it-IT\",\"potentialAction\":[{\"@type\":\"ReadAction\",\"target\":[\"https:\/\/www.article-marketing.eu\/comunicati\/ambiente\/fonti-rinnovabili\/regione-friuli-venezia-giulia-obiettivo-competivit%c3%a0-regionale-e-occupazione\/\"]}]},{\"@type\":\"BreadcrumbList\",\"@id\":\"https:\/\/www.article-marketing.eu\/comunicati\/ambiente\/fonti-rinnovabili\/regione-friuli-venezia-giulia-obiettivo-competivit%c3%a0-regionale-e-occupazione\/#breadcrumb\",\"itemListElement\":[{\"@type\":\"ListItem\",\"position\":1,\"name\":\"Home\",\"item\":\"https:\/\/www.article-marketing.eu\/comunicati\/\"},{\"@type\":\"ListItem\",\"position\":2,\"name\":\"Regione Friuli Venezia Giulia &#8211; Obiettivo Competivit\u00e0 Regionale e Occupazione\"}]},{\"@type\":\"WebSite\",\"@id\":\"https:\/\/www.article-marketing.eu\/comunicati\/#website\",\"url\":\"https:\/\/www.article-marketing.eu\/comunicati\/\",\"name\":\"Article Marketing\",\"description\":\"article marketing &amp; press release\",\"potentialAction\":[{\"@type\":\"SearchAction\",\"target\":{\"@type\":\"EntryPoint\",\"urlTemplate\":\"https:\/\/www.article-marketing.eu\/comunicati\/?s={search_term_string}\"},\"query-input\":{\"@type\":\"PropertyValueSpecification\",\"valueRequired\":true,\"valueName\":\"search_term_string\"}}],\"inLanguage\":\"it-IT\"},{\"@type\":\"Person\",\"@id\":\"https:\/\/www.article-marketing.eu\/comunicati\/#\/schema\/person\/44372e4d4d0fa797b18e03ed1ace9017\",\"name\":\"Redazione Comunicati Stampa\",\"image\":{\"@type\":\"ImageObject\",\"inLanguage\":\"it-IT\",\"@id\":\"https:\/\/www.article-marketing.eu\/comunicati\/#\/schema\/person\/image\/\",\"url\":\"https:\/\/secure.gravatar.com\/avatar\/50e5c6421d3072f42e7ace803501602c60d75233d34e29fd05feb91c8760b792?s=96&d=mm&r=g\",\"contentUrl\":\"https:\/\/secure.gravatar.com\/avatar\/50e5c6421d3072f42e7ace803501602c60d75233d34e29fd05feb91c8760b792?s=96&d=mm&r=g\",\"caption\":\"Redazione Comunicati Stampa\"},\"url\":\"https:\/\/www.article-marketing.eu\/comunicati\/author\/redazione-comunicati-stampa\/\"}]}<\/script>\n<!-- \/ Yoast SEO plugin. -->","yoast_head_json":{"title":"Regione Friuli Venezia Giulia - Obiettivo Competivit\u00e0 Regionale e Occupazione - Article Marketing","robots":{"index":"index","follow":"follow","max-snippet":"max-snippet:-1","max-image-preview":"max-image-preview:large","max-video-preview":"max-video-preview:-1"},"canonical":"https:\/\/www.article-marketing.eu\/comunicati\/ambiente\/fonti-rinnovabili\/regione-friuli-venezia-giulia-obiettivo-competivit\u00e0-regionale-e-occupazione\/","og_locale":"it_IT","og_type":"article","og_title":"Regione Friuli Venezia Giulia - Obiettivo Competivit\u00e0 Regionale e Occupazione - Article Marketing","og_description":"Ecosfera \u00e8 la societ\u00e0 di assistenza tecnica che supporter\u00e0 fino al 2016 la Regione Friui Venezia Giulia nell'attuazione, gestione, monitoraggio e chiusura del Programma Operativo Regionale 2007\/2013","og_url":"https:\/\/www.article-marketing.eu\/comunicati\/ambiente\/fonti-rinnovabili\/regione-friuli-venezia-giulia-obiettivo-competivit\u00e0-regionale-e-occupazione\/","og_site_name":"Article Marketing","article_published_time":"2011-02-17T09:39:08+00:00","author":"Redazione Comunicati Stampa","twitter_card":"summary_large_image","twitter_misc":{"Scritto da":"Redazione Comunicati Stampa","Tempo di lettura stimato":"2 minuti"},"schema":{"@context":"https:\/\/schema.org","@graph":[{"@type":"Article","@id":"https:\/\/www.article-marketing.eu\/comunicati\/ambiente\/fonti-rinnovabili\/regione-friuli-venezia-giulia-obiettivo-competivit%c3%a0-regionale-e-occupazione\/#article","isPartOf":{"@id":"https:\/\/www.article-marketing.eu\/comunicati\/ambiente\/fonti-rinnovabili\/regione-friuli-venezia-giulia-obiettivo-competivit%c3%a0-regionale-e-occupazione\/"},"author":{"name":"Redazione Comunicati Stampa","@id":"https:\/\/www.article-marketing.eu\/comunicati\/#\/schema\/person\/44372e4d4d0fa797b18e03ed1ace9017"},"headline":"Regione Friuli Venezia Giulia &#8211; Obiettivo Competivit\u00e0 Regionale e Occupazione","datePublished":"2011-02-17T09:39:08+00:00","mainEntityOfPage":{"@id":"https:\/\/www.article-marketing.eu\/comunicati\/ambiente\/fonti-rinnovabili\/regione-friuli-venezia-giulia-obiettivo-competivit%c3%a0-regionale-e-occupazione\/"},"wordCount":391,"commentCount":0,"keywords":["Ecosfera","sostenibilit\u00e0 ambientale","sviluppo dell\u2019urbanistica","sviluppo infrastrutturale","sviluppo sostenibile"],"articleSection":["Fonti rinnovabili"],"inLanguage":"it-IT","potentialAction":[{"@type":"CommentAction","name":"Comment","target":["https:\/\/www.article-marketing.eu\/comunicati\/ambiente\/fonti-rinnovabili\/regione-friuli-venezia-giulia-obiettivo-competivit%c3%a0-regionale-e-occupazione\/#respond"]}]},{"@type":"WebPage","@id":"https:\/\/www.article-marketing.eu\/comunicati\/ambiente\/fonti-rinnovabili\/regione-friuli-venezia-giulia-obiettivo-competivit%c3%a0-regionale-e-occupazione\/","url":"https:\/\/www.article-marketing.eu\/comunicati\/ambiente\/fonti-rinnovabili\/regione-friuli-venezia-giulia-obiettivo-competivit%c3%a0-regionale-e-occupazione\/","name":"Regione Friuli Venezia Giulia - Obiettivo Competivit\u00e0 Regionale e Occupazione - Article Marketing","isPartOf":{"@id":"https:\/\/www.article-marketing.eu\/comunicati\/#website"},"datePublished":"2011-02-17T09:39:08+00:00","author":{"@id":"https:\/\/www.article-marketing.eu\/comunicati\/#\/schema\/person\/44372e4d4d0fa797b18e03ed1ace9017"},"breadcrumb":{"@id":"https:\/\/www.article-marketing.eu\/comunicati\/ambiente\/fonti-rinnovabili\/regione-friuli-venezia-giulia-obiettivo-competivit%c3%a0-regionale-e-occupazione\/#breadcrumb"},"inLanguage":"it-IT","potentialAction":[{"@type":"ReadAction","target":["https:\/\/www.article-marketing.eu\/comunicati\/ambiente\/fonti-rinnovabili\/regione-friuli-venezia-giulia-obiettivo-competivit%c3%a0-regionale-e-occupazione\/"]}]},{"@type":"BreadcrumbList","@id":"https:\/\/www.article-marketing.eu\/comunicati\/ambiente\/fonti-rinnovabili\/regione-friuli-venezia-giulia-obiettivo-competivit%c3%a0-regionale-e-occupazione\/#breadcrumb","itemListElement":[{"@type":"ListItem","position":1,"name":"Home","item":"https:\/\/www.article-marketing.eu\/comunicati\/"},{"@type":"ListItem","position":2,"name":"Regione Friuli Venezia Giulia &#8211; Obiettivo Competivit\u00e0 Regionale e Occupazione"}]},{"@type":"WebSite","@id":"https:\/\/www.article-marketing.eu\/comunicati\/#website","url":"https:\/\/www.article-marketing.eu\/comunicati\/","name":"Article Marketing","description":"article marketing &amp; press release","potentialAction":[{"@type":"SearchAction","target":{"@type":"EntryPoint","urlTemplate":"https:\/\/www.article-marketing.eu\/comunicati\/?s={search_term_string}"},"query-input":{"@type":"PropertyValueSpecification","valueRequired":true,"valueName":"search_term_string"}}],"inLanguage":"it-IT"},{"@type":"Person","@id":"https:\/\/www.article-marketing.eu\/comunicati\/#\/schema\/person\/44372e4d4d0fa797b18e03ed1ace9017","name":"Redazione Comunicati Stampa","image":{"@type":"ImageObject","inLanguage":"it-IT","@id":"https:\/\/www.article-marketing.eu\/comunicati\/#\/schema\/person\/image\/","url":"https:\/\/secure.gravatar.com\/avatar\/50e5c6421d3072f42e7ace803501602c60d75233d34e29fd05feb91c8760b792?s=96&d=mm&r=g","contentUrl":"https:\/\/secure.gravatar.com\/avatar\/50e5c6421d3072f42e7ace803501602c60d75233d34e29fd05feb91c8760b792?s=96&d=mm&r=g","caption":"Redazione Comunicati Stampa"},"url":"https:\/\/www.article-marketing.eu\/comunicati\/author\/redazione-comunicati-stampa\/"}]}},"_links":{"self":[{"href":"https:\/\/www.article-marketing.eu\/comunicati\/wp-json\/wp\/v2\/posts\/12888","targetHints":{"allow":["GET"]}}],"collection":[{"href":"https:\/\/www.article-marketing.eu\/comunicati\/wp-json\/wp\/v2\/posts"}],"about":[{"href":"https:\/\/www.article-marketing.eu\/comunicati\/wp-json\/wp\/v2\/types\/post"}],"author":[{"embeddable":true,"href":"https:\/\/www.article-marketing.eu\/comunicati\/wp-json\/wp\/v2\/users\/10"}],"replies":[{"embeddable":true,"href":"https:\/\/www.article-marketing.eu\/comunicati\/wp-json\/wp\/v2\/comments?post=12888"}],"version-history":[{"count":0,"href":"https:\/\/www.article-marketing.eu\/comunicati\/wp-json\/wp\/v2\/posts\/12888\/revisions"}],"wp:attachment":[{"href":"https:\/\/www.article-marketing.eu\/comunicati\/wp-json\/wp\/v2\/media?parent=12888"}],"wp:term":[{"taxonomy":"category","embeddable":true,"href":"https:\/\/www.article-marketing.eu\/comunicati\/wp-json\/wp\/v2\/categories?post=12888"},{"taxonomy":"post_tag","embeddable":true,"href":"https:\/\/www.article-marketing.eu\/comunicati\/wp-json\/wp\/v2\/tags?post=12888"}],"curies":[{"name":"wp","href":"https:\/\/api.w.org\/{rel}","templated":true}]}}