{"id":1295,"date":"2009-02-06T13:04:06","date_gmt":"2009-02-06T12:04:06","guid":{"rendered":"http:\/\/www.article-marketing.eu\/comunicati\/senza-categoria\/madrid-francis-bacon-dal-3-febbraio-al-19-aprile-2009\/"},"modified":"2009-02-06T13:04:06","modified_gmt":"2009-02-06T12:04:06","slug":"madrid-francis-bacon-dal-3-febbraio-al-19-aprile-2009","status":"publish","type":"post","link":"https:\/\/www.article-marketing.eu\/comunicati\/comunicati-stampa\/eventi\/madrid-francis-bacon-dal-3-febbraio-al-19-aprile-2009\/","title":{"rendered":"Madrid: Francis Bacon dal 3 Febbraio al 19 Aprile 2009"},"content":{"rendered":"<p>A Madrid, in particolare, il legame con l\u2019artista \u00e8 molto sentito sia perch\u00e9 nelle sue opere si pu\u00f2 riconoscere il suo interesse nei confronti di grandi artisti spagnoli, come Goya e Vel\u00e1zquez (basti considerare i dipinti ispirati al ritratto di Papa Innocente X di Vel\u00e1zquez, che saranno uno dei punti di forza della mostra di Madrid), ma anche perch\u00e9, in particolare negli ultimi anni della sua vita, Bacon visitava di frequente il museo del Prado, chiedendo anche che venisse aperto appositamente per lui durante i giorni di chiusura, per avere modo di studiare attentamente le opere ivi contenute. <\/p>\n<p>Tutti gli appassionati d\u2019arte e per i giovani in vacanza, e di Bacon in particolare, dovrebbero visitare la mostra: verranno infatti presentati oltre 60 lavori, tutti di altissima qualit\u00e0, provenienti da numerosi musei europei e americani, ma anche da varie collezioni private, e divisi in sezioni tematiche che daranno modo ai visitatori di seguire un percorso guidato che li porter\u00e0 a scoprire i temi e le idee maggiormente sviluppati dall\u2019artista, quali lo scorrere del tempo, la morte e la fragilit\u00e0 della natura umana, la violenza e l\u2019isolamento, e ad ammirare la sua tecnica inconfondibile. Le sezioni di cui si compone la mostra sono: animale, zona, apprensione, crocifissione, crisi, archivio, ritratto, memoriale, epica e ultimo.<\/p>\n<p>Oltre alle opere realizzate all\u2019artista, verranno esposti anche importanti documenti trovati nel suo studio, che rivelano quali fossero le sue fonti di ispirazione, e che negli ultimi anni hanno dato un enorme contributo alla conoscenza della sua vita e della sua opera. Inoltre, per fornire un\u2019analisi pi\u00f9 approfondita dell\u2019opera di Bacon, verranno tenute diverse conferenze (sul rapporto tra sacro e profano, sul legame di Bacon con la fotografia, sul suo interesse per l\u2019arte spagnola): la mostra diventa quindi non solo una ricca esposizione di opere, ma anche una concreta possibilit\u00e0 di studio e approfondimento dell\u2019opera di Bacon, anche perch\u00e9 la selezione di lavori esposti comprende tutte le tematiche e le fasi attraversate dall\u2019artista, cosa che non era successa con altre mostre dedicategli negli ultimi tempi, che puntavano solo sulle opere pi\u00f9 recenti o su determinate tematiche. Se siete in <a href=\"http:\/\/it.flashbooking.com\/navigation\/europe_spagna_madrid_all_all.html\">visita a Madrid<\/a>, questa tappa acquista un plusvalore perch\u00e9, mentre Londra e New York avevano gi\u00e0 ospitato regolarmente degli omaggi a Bacon, la capitale della Spagna finora gli aveva dedicato un\u2019unica mostra, comprendente 17 opere, nel 1978. Con questa grande mostra, che si avvale anche di un importante trittico proveniente da una collezione privata, e visibile solo nella tappa di Madrid, la citt\u00e0 rende finalmente omaggio a uno degli artisti pi\u00f9 importanti e influenti del secolo scorso.<\/p>\n<p>Se siete degli appassionati d\u2019arte prenotate subito una<\/p>\n","protected":false},"excerpt":{"rendered":"<p>Nel centenario della nascita di Francis Bacon il Museo del Prado di Madrid ospita, dal 3 febbraio al 19 aprile, una mostra dedicata al grande artista, scomparso nel 1992 proprio nella capitale spagnola. Si tratta di una mostra itinerante, che ha gi\u00e0 toccato Londra e che verr\u00e0 ospitata, dopo Madrid, anche da New York, tutte citt\u00e0 che hanno avuto un\u2019importanza notevole nella vita di Bacon.<\/p>\n","protected":false},"author":10,"featured_media":0,"comment_status":"open","ping_status":"open","sticky":false,"template":"","format":"standard","meta":{"cybocfi_hide_featured_image":"","footnotes":""},"categories":[388],"tags":[171,926,4110,1000,1001],"class_list":["post-1295","post","type-post","status-publish","format-standard","hentry","category-eventi","tag-arte","tag-evento","tag-madrid","tag-mostra","tag-pittura"],"yoast_head":"<!-- This site is optimized with the Yoast SEO plugin v27.0 - https:\/\/yoast.com\/product\/yoast-seo-wordpress\/ -->\n<title>Madrid: Francis Bacon dal 3 Febbraio al 19 Aprile 2009 - Article Marketing<\/title>\n<meta name=\"robots\" content=\"index, follow, max-snippet:-1, max-image-preview:large, max-video-preview:-1\" \/>\n<link rel=\"canonical\" href=\"https:\/\/www.article-marketing.eu\/comunicati\/comunicati-stampa\/eventi\/madrid-francis-bacon-dal-3-febbraio-al-19-aprile-2009\/\" \/>\n<meta property=\"og:locale\" content=\"it_IT\" \/>\n<meta property=\"og:type\" content=\"article\" \/>\n<meta property=\"og:title\" content=\"Madrid: Francis Bacon dal 3 Febbraio al 19 Aprile 2009 - Article Marketing\" \/>\n<meta property=\"og:description\" content=\"Nel centenario della nascita di Francis Bacon il Museo del Prado di Madrid ospita, dal 3 febbraio al 19 aprile, una mostra dedicata al grande artista, scomparso nel 1992 proprio nella capitale spagnola. Si tratta di una mostra itinerante, che ha gi\u00e0 toccato Londra e che verr\u00e0 ospitata, dopo Madrid, anche da New York, tutte citt\u00e0 che hanno avuto un\u2019importanza notevole nella vita di Bacon.\" \/>\n<meta property=\"og:url\" content=\"https:\/\/www.article-marketing.eu\/comunicati\/comunicati-stampa\/eventi\/madrid-francis-bacon-dal-3-febbraio-al-19-aprile-2009\/\" \/>\n<meta property=\"og:site_name\" content=\"Article Marketing\" \/>\n<meta property=\"article:published_time\" content=\"2009-02-06T12:04:06+00:00\" \/>\n<meta name=\"author\" content=\"Redazione Comunicati Stampa\" \/>\n<meta name=\"twitter:card\" content=\"summary_large_image\" \/>\n<meta name=\"twitter:label1\" content=\"Scritto da\" \/>\n\t<meta name=\"twitter:data1\" content=\"Redazione Comunicati Stampa\" \/>\n\t<meta name=\"twitter:label2\" content=\"Tempo di lettura stimato\" \/>\n\t<meta name=\"twitter:data2\" content=\"2 minuti\" \/>\n<script type=\"application\/ld+json\" class=\"yoast-schema-graph\">{\"@context\":\"https:\/\/schema.org\",\"@graph\":[{\"@type\":\"Article\",\"@id\":\"https:\/\/www.article-marketing.eu\/comunicati\/comunicati-stampa\/eventi\/madrid-francis-bacon-dal-3-febbraio-al-19-aprile-2009\/#article\",\"isPartOf\":{\"@id\":\"https:\/\/www.article-marketing.eu\/comunicati\/comunicati-stampa\/eventi\/madrid-francis-bacon-dal-3-febbraio-al-19-aprile-2009\/\"},\"author\":{\"name\":\"Redazione Comunicati Stampa\",\"@id\":\"https:\/\/www.article-marketing.eu\/comunicati\/#\/schema\/person\/44372e4d4d0fa797b18e03ed1ace9017\"},\"headline\":\"Madrid: Francis Bacon dal 3 Febbraio al 19 Aprile 2009\",\"datePublished\":\"2009-02-06T12:04:06+00:00\",\"mainEntityOfPage\":{\"@id\":\"https:\/\/www.article-marketing.eu\/comunicati\/comunicati-stampa\/eventi\/madrid-francis-bacon-dal-3-febbraio-al-19-aprile-2009\/\"},\"wordCount\":453,\"commentCount\":0,\"keywords\":[\"arte\",\"evento\",\"madrid\",\"Mostra\",\"pittura\"],\"articleSection\":[\"Eventi\"],\"inLanguage\":\"it-IT\",\"potentialAction\":[{\"@type\":\"CommentAction\",\"name\":\"Comment\",\"target\":[\"https:\/\/www.article-marketing.eu\/comunicati\/comunicati-stampa\/eventi\/madrid-francis-bacon-dal-3-febbraio-al-19-aprile-2009\/#respond\"]}]},{\"@type\":\"WebPage\",\"@id\":\"https:\/\/www.article-marketing.eu\/comunicati\/comunicati-stampa\/eventi\/madrid-francis-bacon-dal-3-febbraio-al-19-aprile-2009\/\",\"url\":\"https:\/\/www.article-marketing.eu\/comunicati\/comunicati-stampa\/eventi\/madrid-francis-bacon-dal-3-febbraio-al-19-aprile-2009\/\",\"name\":\"Madrid: Francis Bacon dal 3 Febbraio al 19 Aprile 2009 - Article Marketing\",\"isPartOf\":{\"@id\":\"https:\/\/www.article-marketing.eu\/comunicati\/#website\"},\"datePublished\":\"2009-02-06T12:04:06+00:00\",\"author\":{\"@id\":\"https:\/\/www.article-marketing.eu\/comunicati\/#\/schema\/person\/44372e4d4d0fa797b18e03ed1ace9017\"},\"breadcrumb\":{\"@id\":\"https:\/\/www.article-marketing.eu\/comunicati\/comunicati-stampa\/eventi\/madrid-francis-bacon-dal-3-febbraio-al-19-aprile-2009\/#breadcrumb\"},\"inLanguage\":\"it-IT\",\"potentialAction\":[{\"@type\":\"ReadAction\",\"target\":[\"https:\/\/www.article-marketing.eu\/comunicati\/comunicati-stampa\/eventi\/madrid-francis-bacon-dal-3-febbraio-al-19-aprile-2009\/\"]}]},{\"@type\":\"BreadcrumbList\",\"@id\":\"https:\/\/www.article-marketing.eu\/comunicati\/comunicati-stampa\/eventi\/madrid-francis-bacon-dal-3-febbraio-al-19-aprile-2009\/#breadcrumb\",\"itemListElement\":[{\"@type\":\"ListItem\",\"position\":1,\"name\":\"Home\",\"item\":\"https:\/\/www.article-marketing.eu\/comunicati\/\"},{\"@type\":\"ListItem\",\"position\":2,\"name\":\"Madrid: Francis Bacon dal 3 Febbraio al 19 Aprile 2009\"}]},{\"@type\":\"WebSite\",\"@id\":\"https:\/\/www.article-marketing.eu\/comunicati\/#website\",\"url\":\"https:\/\/www.article-marketing.eu\/comunicati\/\",\"name\":\"Article Marketing\",\"description\":\"article marketing &amp; press release\",\"potentialAction\":[{\"@type\":\"SearchAction\",\"target\":{\"@type\":\"EntryPoint\",\"urlTemplate\":\"https:\/\/www.article-marketing.eu\/comunicati\/?s={search_term_string}\"},\"query-input\":{\"@type\":\"PropertyValueSpecification\",\"valueRequired\":true,\"valueName\":\"search_term_string\"}}],\"inLanguage\":\"it-IT\"},{\"@type\":\"Person\",\"@id\":\"https:\/\/www.article-marketing.eu\/comunicati\/#\/schema\/person\/44372e4d4d0fa797b18e03ed1ace9017\",\"name\":\"Redazione Comunicati Stampa\",\"image\":{\"@type\":\"ImageObject\",\"inLanguage\":\"it-IT\",\"@id\":\"https:\/\/www.article-marketing.eu\/comunicati\/#\/schema\/person\/image\/\",\"url\":\"https:\/\/secure.gravatar.com\/avatar\/50e5c6421d3072f42e7ace803501602c60d75233d34e29fd05feb91c8760b792?s=96&d=mm&r=g\",\"contentUrl\":\"https:\/\/secure.gravatar.com\/avatar\/50e5c6421d3072f42e7ace803501602c60d75233d34e29fd05feb91c8760b792?s=96&d=mm&r=g\",\"caption\":\"Redazione Comunicati Stampa\"},\"url\":\"https:\/\/www.article-marketing.eu\/comunicati\/author\/redazione-comunicati-stampa\/\"}]}<\/script>\n<!-- \/ Yoast SEO plugin. -->","yoast_head_json":{"title":"Madrid: Francis Bacon dal 3 Febbraio al 19 Aprile 2009 - Article Marketing","robots":{"index":"index","follow":"follow","max-snippet":"max-snippet:-1","max-image-preview":"max-image-preview:large","max-video-preview":"max-video-preview:-1"},"canonical":"https:\/\/www.article-marketing.eu\/comunicati\/comunicati-stampa\/eventi\/madrid-francis-bacon-dal-3-febbraio-al-19-aprile-2009\/","og_locale":"it_IT","og_type":"article","og_title":"Madrid: Francis Bacon dal 3 Febbraio al 19 Aprile 2009 - Article Marketing","og_description":"Nel centenario della nascita di Francis Bacon il Museo del Prado di Madrid ospita, dal 3 febbraio al 19 aprile, una mostra dedicata al grande artista, scomparso nel 1992 proprio nella capitale spagnola. Si tratta di una mostra itinerante, che ha gi\u00e0 toccato Londra e che verr\u00e0 ospitata, dopo Madrid, anche da New York, tutte citt\u00e0 che hanno avuto un\u2019importanza notevole nella vita di Bacon.","og_url":"https:\/\/www.article-marketing.eu\/comunicati\/comunicati-stampa\/eventi\/madrid-francis-bacon-dal-3-febbraio-al-19-aprile-2009\/","og_site_name":"Article Marketing","article_published_time":"2009-02-06T12:04:06+00:00","author":"Redazione Comunicati Stampa","twitter_card":"summary_large_image","twitter_misc":{"Scritto da":"Redazione Comunicati Stampa","Tempo di lettura stimato":"2 minuti"},"schema":{"@context":"https:\/\/schema.org","@graph":[{"@type":"Article","@id":"https:\/\/www.article-marketing.eu\/comunicati\/comunicati-stampa\/eventi\/madrid-francis-bacon-dal-3-febbraio-al-19-aprile-2009\/#article","isPartOf":{"@id":"https:\/\/www.article-marketing.eu\/comunicati\/comunicati-stampa\/eventi\/madrid-francis-bacon-dal-3-febbraio-al-19-aprile-2009\/"},"author":{"name":"Redazione Comunicati Stampa","@id":"https:\/\/www.article-marketing.eu\/comunicati\/#\/schema\/person\/44372e4d4d0fa797b18e03ed1ace9017"},"headline":"Madrid: Francis Bacon dal 3 Febbraio al 19 Aprile 2009","datePublished":"2009-02-06T12:04:06+00:00","mainEntityOfPage":{"@id":"https:\/\/www.article-marketing.eu\/comunicati\/comunicati-stampa\/eventi\/madrid-francis-bacon-dal-3-febbraio-al-19-aprile-2009\/"},"wordCount":453,"commentCount":0,"keywords":["arte","evento","madrid","Mostra","pittura"],"articleSection":["Eventi"],"inLanguage":"it-IT","potentialAction":[{"@type":"CommentAction","name":"Comment","target":["https:\/\/www.article-marketing.eu\/comunicati\/comunicati-stampa\/eventi\/madrid-francis-bacon-dal-3-febbraio-al-19-aprile-2009\/#respond"]}]},{"@type":"WebPage","@id":"https:\/\/www.article-marketing.eu\/comunicati\/comunicati-stampa\/eventi\/madrid-francis-bacon-dal-3-febbraio-al-19-aprile-2009\/","url":"https:\/\/www.article-marketing.eu\/comunicati\/comunicati-stampa\/eventi\/madrid-francis-bacon-dal-3-febbraio-al-19-aprile-2009\/","name":"Madrid: Francis Bacon dal 3 Febbraio al 19 Aprile 2009 - Article Marketing","isPartOf":{"@id":"https:\/\/www.article-marketing.eu\/comunicati\/#website"},"datePublished":"2009-02-06T12:04:06+00:00","author":{"@id":"https:\/\/www.article-marketing.eu\/comunicati\/#\/schema\/person\/44372e4d4d0fa797b18e03ed1ace9017"},"breadcrumb":{"@id":"https:\/\/www.article-marketing.eu\/comunicati\/comunicati-stampa\/eventi\/madrid-francis-bacon-dal-3-febbraio-al-19-aprile-2009\/#breadcrumb"},"inLanguage":"it-IT","potentialAction":[{"@type":"ReadAction","target":["https:\/\/www.article-marketing.eu\/comunicati\/comunicati-stampa\/eventi\/madrid-francis-bacon-dal-3-febbraio-al-19-aprile-2009\/"]}]},{"@type":"BreadcrumbList","@id":"https:\/\/www.article-marketing.eu\/comunicati\/comunicati-stampa\/eventi\/madrid-francis-bacon-dal-3-febbraio-al-19-aprile-2009\/#breadcrumb","itemListElement":[{"@type":"ListItem","position":1,"name":"Home","item":"https:\/\/www.article-marketing.eu\/comunicati\/"},{"@type":"ListItem","position":2,"name":"Madrid: Francis Bacon dal 3 Febbraio al 19 Aprile 2009"}]},{"@type":"WebSite","@id":"https:\/\/www.article-marketing.eu\/comunicati\/#website","url":"https:\/\/www.article-marketing.eu\/comunicati\/","name":"Article Marketing","description":"article marketing &amp; press release","potentialAction":[{"@type":"SearchAction","target":{"@type":"EntryPoint","urlTemplate":"https:\/\/www.article-marketing.eu\/comunicati\/?s={search_term_string}"},"query-input":{"@type":"PropertyValueSpecification","valueRequired":true,"valueName":"search_term_string"}}],"inLanguage":"it-IT"},{"@type":"Person","@id":"https:\/\/www.article-marketing.eu\/comunicati\/#\/schema\/person\/44372e4d4d0fa797b18e03ed1ace9017","name":"Redazione Comunicati Stampa","image":{"@type":"ImageObject","inLanguage":"it-IT","@id":"https:\/\/www.article-marketing.eu\/comunicati\/#\/schema\/person\/image\/","url":"https:\/\/secure.gravatar.com\/avatar\/50e5c6421d3072f42e7ace803501602c60d75233d34e29fd05feb91c8760b792?s=96&d=mm&r=g","contentUrl":"https:\/\/secure.gravatar.com\/avatar\/50e5c6421d3072f42e7ace803501602c60d75233d34e29fd05feb91c8760b792?s=96&d=mm&r=g","caption":"Redazione Comunicati Stampa"},"url":"https:\/\/www.article-marketing.eu\/comunicati\/author\/redazione-comunicati-stampa\/"}]}},"_links":{"self":[{"href":"https:\/\/www.article-marketing.eu\/comunicati\/wp-json\/wp\/v2\/posts\/1295","targetHints":{"allow":["GET"]}}],"collection":[{"href":"https:\/\/www.article-marketing.eu\/comunicati\/wp-json\/wp\/v2\/posts"}],"about":[{"href":"https:\/\/www.article-marketing.eu\/comunicati\/wp-json\/wp\/v2\/types\/post"}],"author":[{"embeddable":true,"href":"https:\/\/www.article-marketing.eu\/comunicati\/wp-json\/wp\/v2\/users\/10"}],"replies":[{"embeddable":true,"href":"https:\/\/www.article-marketing.eu\/comunicati\/wp-json\/wp\/v2\/comments?post=1295"}],"version-history":[{"count":0,"href":"https:\/\/www.article-marketing.eu\/comunicati\/wp-json\/wp\/v2\/posts\/1295\/revisions"}],"wp:attachment":[{"href":"https:\/\/www.article-marketing.eu\/comunicati\/wp-json\/wp\/v2\/media?parent=1295"}],"wp:term":[{"taxonomy":"category","embeddable":true,"href":"https:\/\/www.article-marketing.eu\/comunicati\/wp-json\/wp\/v2\/categories?post=1295"},{"taxonomy":"post_tag","embeddable":true,"href":"https:\/\/www.article-marketing.eu\/comunicati\/wp-json\/wp\/v2\/tags?post=1295"}],"curies":[{"name":"wp","href":"https:\/\/api.w.org\/{rel}","templated":true}]}}