{"id":1296,"date":"2009-02-06T14:25:27","date_gmt":"2009-02-06T13:25:27","guid":{"rendered":"http:\/\/www.article-marketing.eu\/comunicati\/senza-categoria\/organizzazione-aziendale-persone-e-tecnologie-al-lavoro-per-un-obiettivo-comune\/"},"modified":"2018-06-04T20:12:01","modified_gmt":"2018-06-04T18:12:01","slug":"organizzazione-aziendale-persone-e-tecnologie-al-lavoro-per-un-obiettivo-comune","status":"publish","type":"post","link":"https:\/\/www.article-marketing.eu\/comunicati\/economia-e-lavoro\/organizzazione-aziendale-persone-e-tecnologie-al-lavoro-per-un-obiettivo-comune\/","title":{"rendered":"Organizzazione aziendale: persone e tecnologie al lavoro per un obiettivo comune"},"content":{"rendered":"<p> L\u2019organizzazione aziendale ricopre un ruolo fondamentale in quella che \u00e8 la vita d\u2019ufficio e il lavoro all\u2019interno di un\u2019azienda.<\/p>\n<p>Recarsi<br \/>\nogni giorno in ufficio e partecipare alle attivit\u00e0 dell\u2019azienda,<br \/>\nfornire il proprio lavoro allo sviluppo della produzione insieme agli<br \/>\naltri, d\u00e0 vita a quel sistema costituito da persone e tecnologie che<br \/>\nlavorano al fine di un obiettivo comune. <\/p>\n<p>Il comportamento aziendale<br \/>\nche nasce cos\u00ec dall\u2019interazione tra le tecnologie e le risorse umane, d\u00e0<br \/>\nvita a quella cosiddetta comunemente \u201cvita d\u2019ufficio\u201d che molti di noi conoscono bene perch\u00e8 la vivono sulla loro pelle ogni giorno.<br \/>Si parla quindi dell\u2019organizzazione di pi\u00f9 persone, dell\u2019arredamento delle aziende,<br \/>\ndell\u2019organizzare la divisione del lavoro oltrech\u00e8 della suddivisione delle responsabilit\u00e0.<br \/>\nRientra infatti pienamente nella vita dell\u2019azienda la suddivisione del<br \/>\npotere e del comando con la presenza di ua o pi\u00f9 persone che controllano e<br \/>\norganizzano le direttive da svolgere.<br \/>Ci si prefiggono cos\u00ec degli scopi,<br \/>\ndei risultati comuni, da raggiungere attraverso questa struttura<br \/>\norganizzativa in cui concorrono tutte insieme persone di diverse mentalit\u00e0 e con<br \/>\ndiversi stili di vita. Detto cos\u00ec semra quasi un&#8217;utopia, eppure \u00e8 importante trovare il modo di far funzionare le varie dinamiche in modo efficiente. Anche in questo sta l&#8217;abilit\u00e0 dei superiori.<\/p>\n<p>Logicamente l\u2019organizzazione aziendale<br \/>\nrisulta efficace se riesce a raggiungere gli scopi previsti e nello<br \/>\nstesso tempo deve per\u00f2 anche essere efficiente perch\u00e9 non deve sprecare<br \/>\nrisorse e denaro n\u00e9 il lavoro delle persone attorno ai tavoli da riunione.<\/p>\n<p>Da<br \/>\nqui possiamo dire che un\u2019azienda o una struttura di lavoro \u00e8 ben<br \/>\norganizzata se arriva quindi ai suoi obiettivi e ottiene buoni<br \/>\nrisultati utilizzando le minori energie possibili e sprecando il meno<br \/>\npossibile.<br \/>La convivenza delle ore di lavoro nella collettivit\u00e0 non<br \/>\n\u00e8 mai facile e perseguire l\u2019efficienza dell\u2019azienda porta spesso a<br \/>\ncontrapposizioni e scontri sul luogo di lavoro, che deve possedere<br \/>\ntutti gli accreditamenti sanitari necessari, e a difficolt\u00e0 con cui convivere ogni giorno.<\/p>\n<p>Saper<br \/>\nconvivere non \u00e8 mai facile e la vita d\u2019ufficio \u00e8 fra le pi\u00f9 difficili<br \/>\nproprio perch\u00e9 sorgono rivalit\u00e0 per il comando e la voglia di \u201cfar<br \/>\ncarriera\u201d spesso prende il sopravvento sulle regole del buon vivere<br \/>\ncomune.<\/p>\n<p>E&#8217; importante saper mediare tra le varie aspettative e i diversi caratteri di ognuno. Vivere insieme per otto ore al giorno in un contesto eccessivamente competitivo pu\u00f2 andare anche a discapito della produzione e dell&#8217;organizzazione.<\/p>\n<p>Rimane una corsa verso l\u2019efficienza e la professionalit\u00e0 che<br \/>\nogni giorno si combatte e si persegue nel gruppo di lavoro cercando di<br \/>\nemergere e di non rimanere nell\u2019ombra per uno scopo comune ma anche per<br \/>\nuna meta di vita.<\/p>\n<p>\n <\/p>\n","protected":false},"excerpt":{"rendered":"<p>L\u2019organizzazione aziendale copre un ruolo fondamentale in quella che \u00e8 la vita d\u2019ufficio e il lavoro all\u2019interno di un\u2019azienda.<\/p>\n","protected":false},"author":10,"featured_media":0,"comment_status":"open","ping_status":"open","sticky":false,"template":"","format":"standard","meta":{"cybocfi_hide_featured_image":"","footnotes":""},"categories":[59],"tags":[4396,4399,4400,4398,4397],"class_list":["post-1296","post","type-post","status-publish","format-standard","hentry","category-economia-e-lavoro","tag-arredo-ufficio","tag-divisione-del-lavoro","tag-obiettivi-comuni","tag-organizzazione-aziendale","tag-vita-in-ufficio"],"yoast_head":"<!-- This site is optimized with the Yoast SEO plugin v27.0 - https:\/\/yoast.com\/product\/yoast-seo-wordpress\/ -->\n<title>Organizzazione aziendale: persone e tecnologie al lavoro per un obiettivo comune - Article Marketing<\/title>\n<meta name=\"robots\" content=\"index, follow, max-snippet:-1, max-image-preview:large, max-video-preview:-1\" \/>\n<link rel=\"canonical\" href=\"https:\/\/www.article-marketing.eu\/comunicati\/economia-e-lavoro\/organizzazione-aziendale-persone-e-tecnologie-al-lavoro-per-un-obiettivo-comune\/\" \/>\n<meta property=\"og:locale\" content=\"it_IT\" \/>\n<meta property=\"og:type\" content=\"article\" \/>\n<meta property=\"og:title\" content=\"Organizzazione aziendale: persone e tecnologie al lavoro per un obiettivo comune - Article Marketing\" \/>\n<meta property=\"og:description\" content=\"L\u2019organizzazione aziendale copre un ruolo fondamentale in quella che \u00e8 la vita d\u2019ufficio e il lavoro all\u2019interno di un\u2019azienda.\" \/>\n<meta property=\"og:url\" content=\"https:\/\/www.article-marketing.eu\/comunicati\/economia-e-lavoro\/organizzazione-aziendale-persone-e-tecnologie-al-lavoro-per-un-obiettivo-comune\/\" \/>\n<meta property=\"og:site_name\" content=\"Article Marketing\" \/>\n<meta property=\"article:published_time\" content=\"2009-02-06T13:25:27+00:00\" \/>\n<meta property=\"article:modified_time\" content=\"2018-06-04T18:12:01+00:00\" \/>\n<meta name=\"author\" content=\"Redazione Comunicati Stampa\" \/>\n<meta name=\"twitter:card\" content=\"summary_large_image\" \/>\n<meta name=\"twitter:label1\" content=\"Scritto da\" \/>\n\t<meta name=\"twitter:data1\" content=\"Redazione Comunicati Stampa\" \/>\n\t<meta name=\"twitter:label2\" content=\"Tempo di lettura stimato\" \/>\n\t<meta name=\"twitter:data2\" content=\"2 minuti\" \/>\n<script type=\"application\/ld+json\" class=\"yoast-schema-graph\">{\"@context\":\"https:\/\/schema.org\",\"@graph\":[{\"@type\":\"Article\",\"@id\":\"https:\/\/www.article-marketing.eu\/comunicati\/economia-e-lavoro\/organizzazione-aziendale-persone-e-tecnologie-al-lavoro-per-un-obiettivo-comune\/#article\",\"isPartOf\":{\"@id\":\"https:\/\/www.article-marketing.eu\/comunicati\/economia-e-lavoro\/organizzazione-aziendale-persone-e-tecnologie-al-lavoro-per-un-obiettivo-comune\/\"},\"author\":{\"name\":\"Redazione Comunicati Stampa\",\"@id\":\"https:\/\/www.article-marketing.eu\/comunicati\/#\/schema\/person\/44372e4d4d0fa797b18e03ed1ace9017\"},\"headline\":\"Organizzazione aziendale: persone e tecnologie al lavoro per un obiettivo comune\",\"datePublished\":\"2009-02-06T13:25:27+00:00\",\"dateModified\":\"2018-06-04T18:12:01+00:00\",\"mainEntityOfPage\":{\"@id\":\"https:\/\/www.article-marketing.eu\/comunicati\/economia-e-lavoro\/organizzazione-aziendale-persone-e-tecnologie-al-lavoro-per-un-obiettivo-comune\/\"},\"wordCount\":449,\"commentCount\":0,\"keywords\":[\"arredo ufficio\",\"divisione del lavoro\",\"obiettivi comuni\",\"organizzazione aziendale\",\"vita in ufficio\"],\"articleSection\":[\"Economia e lavoro\"],\"inLanguage\":\"it-IT\",\"potentialAction\":[{\"@type\":\"CommentAction\",\"name\":\"Comment\",\"target\":[\"https:\/\/www.article-marketing.eu\/comunicati\/economia-e-lavoro\/organizzazione-aziendale-persone-e-tecnologie-al-lavoro-per-un-obiettivo-comune\/#respond\"]}]},{\"@type\":\"WebPage\",\"@id\":\"https:\/\/www.article-marketing.eu\/comunicati\/economia-e-lavoro\/organizzazione-aziendale-persone-e-tecnologie-al-lavoro-per-un-obiettivo-comune\/\",\"url\":\"https:\/\/www.article-marketing.eu\/comunicati\/economia-e-lavoro\/organizzazione-aziendale-persone-e-tecnologie-al-lavoro-per-un-obiettivo-comune\/\",\"name\":\"Organizzazione aziendale: persone e tecnologie al lavoro per un obiettivo comune - Article Marketing\",\"isPartOf\":{\"@id\":\"https:\/\/www.article-marketing.eu\/comunicati\/#website\"},\"datePublished\":\"2009-02-06T13:25:27+00:00\",\"dateModified\":\"2018-06-04T18:12:01+00:00\",\"author\":{\"@id\":\"https:\/\/www.article-marketing.eu\/comunicati\/#\/schema\/person\/44372e4d4d0fa797b18e03ed1ace9017\"},\"breadcrumb\":{\"@id\":\"https:\/\/www.article-marketing.eu\/comunicati\/economia-e-lavoro\/organizzazione-aziendale-persone-e-tecnologie-al-lavoro-per-un-obiettivo-comune\/#breadcrumb\"},\"inLanguage\":\"it-IT\",\"potentialAction\":[{\"@type\":\"ReadAction\",\"target\":[\"https:\/\/www.article-marketing.eu\/comunicati\/economia-e-lavoro\/organizzazione-aziendale-persone-e-tecnologie-al-lavoro-per-un-obiettivo-comune\/\"]}]},{\"@type\":\"BreadcrumbList\",\"@id\":\"https:\/\/www.article-marketing.eu\/comunicati\/economia-e-lavoro\/organizzazione-aziendale-persone-e-tecnologie-al-lavoro-per-un-obiettivo-comune\/#breadcrumb\",\"itemListElement\":[{\"@type\":\"ListItem\",\"position\":1,\"name\":\"Home\",\"item\":\"https:\/\/www.article-marketing.eu\/comunicati\/\"},{\"@type\":\"ListItem\",\"position\":2,\"name\":\"Organizzazione aziendale: persone e tecnologie al lavoro per un obiettivo comune\"}]},{\"@type\":\"WebSite\",\"@id\":\"https:\/\/www.article-marketing.eu\/comunicati\/#website\",\"url\":\"https:\/\/www.article-marketing.eu\/comunicati\/\",\"name\":\"Article Marketing\",\"description\":\"article marketing &amp; press release\",\"potentialAction\":[{\"@type\":\"SearchAction\",\"target\":{\"@type\":\"EntryPoint\",\"urlTemplate\":\"https:\/\/www.article-marketing.eu\/comunicati\/?s={search_term_string}\"},\"query-input\":{\"@type\":\"PropertyValueSpecification\",\"valueRequired\":true,\"valueName\":\"search_term_string\"}}],\"inLanguage\":\"it-IT\"},{\"@type\":\"Person\",\"@id\":\"https:\/\/www.article-marketing.eu\/comunicati\/#\/schema\/person\/44372e4d4d0fa797b18e03ed1ace9017\",\"name\":\"Redazione Comunicati Stampa\",\"image\":{\"@type\":\"ImageObject\",\"inLanguage\":\"it-IT\",\"@id\":\"https:\/\/www.article-marketing.eu\/comunicati\/#\/schema\/person\/image\/\",\"url\":\"https:\/\/secure.gravatar.com\/avatar\/50e5c6421d3072f42e7ace803501602c60d75233d34e29fd05feb91c8760b792?s=96&d=mm&r=g\",\"contentUrl\":\"https:\/\/secure.gravatar.com\/avatar\/50e5c6421d3072f42e7ace803501602c60d75233d34e29fd05feb91c8760b792?s=96&d=mm&r=g\",\"caption\":\"Redazione Comunicati Stampa\"},\"url\":\"https:\/\/www.article-marketing.eu\/comunicati\/author\/redazione-comunicati-stampa\/\"}]}<\/script>\n<!-- \/ Yoast SEO plugin. -->","yoast_head_json":{"title":"Organizzazione aziendale: persone e tecnologie al lavoro per un obiettivo comune - Article Marketing","robots":{"index":"index","follow":"follow","max-snippet":"max-snippet:-1","max-image-preview":"max-image-preview:large","max-video-preview":"max-video-preview:-1"},"canonical":"https:\/\/www.article-marketing.eu\/comunicati\/economia-e-lavoro\/organizzazione-aziendale-persone-e-tecnologie-al-lavoro-per-un-obiettivo-comune\/","og_locale":"it_IT","og_type":"article","og_title":"Organizzazione aziendale: persone e tecnologie al lavoro per un obiettivo comune - Article Marketing","og_description":"L\u2019organizzazione aziendale copre un ruolo fondamentale in quella che \u00e8 la vita d\u2019ufficio e il lavoro all\u2019interno di un\u2019azienda.","og_url":"https:\/\/www.article-marketing.eu\/comunicati\/economia-e-lavoro\/organizzazione-aziendale-persone-e-tecnologie-al-lavoro-per-un-obiettivo-comune\/","og_site_name":"Article Marketing","article_published_time":"2009-02-06T13:25:27+00:00","article_modified_time":"2018-06-04T18:12:01+00:00","author":"Redazione Comunicati Stampa","twitter_card":"summary_large_image","twitter_misc":{"Scritto da":"Redazione Comunicati Stampa","Tempo di lettura stimato":"2 minuti"},"schema":{"@context":"https:\/\/schema.org","@graph":[{"@type":"Article","@id":"https:\/\/www.article-marketing.eu\/comunicati\/economia-e-lavoro\/organizzazione-aziendale-persone-e-tecnologie-al-lavoro-per-un-obiettivo-comune\/#article","isPartOf":{"@id":"https:\/\/www.article-marketing.eu\/comunicati\/economia-e-lavoro\/organizzazione-aziendale-persone-e-tecnologie-al-lavoro-per-un-obiettivo-comune\/"},"author":{"name":"Redazione Comunicati Stampa","@id":"https:\/\/www.article-marketing.eu\/comunicati\/#\/schema\/person\/44372e4d4d0fa797b18e03ed1ace9017"},"headline":"Organizzazione aziendale: persone e tecnologie al lavoro per un obiettivo comune","datePublished":"2009-02-06T13:25:27+00:00","dateModified":"2018-06-04T18:12:01+00:00","mainEntityOfPage":{"@id":"https:\/\/www.article-marketing.eu\/comunicati\/economia-e-lavoro\/organizzazione-aziendale-persone-e-tecnologie-al-lavoro-per-un-obiettivo-comune\/"},"wordCount":449,"commentCount":0,"keywords":["arredo ufficio","divisione del lavoro","obiettivi comuni","organizzazione aziendale","vita in ufficio"],"articleSection":["Economia e lavoro"],"inLanguage":"it-IT","potentialAction":[{"@type":"CommentAction","name":"Comment","target":["https:\/\/www.article-marketing.eu\/comunicati\/economia-e-lavoro\/organizzazione-aziendale-persone-e-tecnologie-al-lavoro-per-un-obiettivo-comune\/#respond"]}]},{"@type":"WebPage","@id":"https:\/\/www.article-marketing.eu\/comunicati\/economia-e-lavoro\/organizzazione-aziendale-persone-e-tecnologie-al-lavoro-per-un-obiettivo-comune\/","url":"https:\/\/www.article-marketing.eu\/comunicati\/economia-e-lavoro\/organizzazione-aziendale-persone-e-tecnologie-al-lavoro-per-un-obiettivo-comune\/","name":"Organizzazione aziendale: persone e tecnologie al lavoro per un obiettivo comune - Article Marketing","isPartOf":{"@id":"https:\/\/www.article-marketing.eu\/comunicati\/#website"},"datePublished":"2009-02-06T13:25:27+00:00","dateModified":"2018-06-04T18:12:01+00:00","author":{"@id":"https:\/\/www.article-marketing.eu\/comunicati\/#\/schema\/person\/44372e4d4d0fa797b18e03ed1ace9017"},"breadcrumb":{"@id":"https:\/\/www.article-marketing.eu\/comunicati\/economia-e-lavoro\/organizzazione-aziendale-persone-e-tecnologie-al-lavoro-per-un-obiettivo-comune\/#breadcrumb"},"inLanguage":"it-IT","potentialAction":[{"@type":"ReadAction","target":["https:\/\/www.article-marketing.eu\/comunicati\/economia-e-lavoro\/organizzazione-aziendale-persone-e-tecnologie-al-lavoro-per-un-obiettivo-comune\/"]}]},{"@type":"BreadcrumbList","@id":"https:\/\/www.article-marketing.eu\/comunicati\/economia-e-lavoro\/organizzazione-aziendale-persone-e-tecnologie-al-lavoro-per-un-obiettivo-comune\/#breadcrumb","itemListElement":[{"@type":"ListItem","position":1,"name":"Home","item":"https:\/\/www.article-marketing.eu\/comunicati\/"},{"@type":"ListItem","position":2,"name":"Organizzazione aziendale: persone e tecnologie al lavoro per un obiettivo comune"}]},{"@type":"WebSite","@id":"https:\/\/www.article-marketing.eu\/comunicati\/#website","url":"https:\/\/www.article-marketing.eu\/comunicati\/","name":"Article Marketing","description":"article marketing &amp; press release","potentialAction":[{"@type":"SearchAction","target":{"@type":"EntryPoint","urlTemplate":"https:\/\/www.article-marketing.eu\/comunicati\/?s={search_term_string}"},"query-input":{"@type":"PropertyValueSpecification","valueRequired":true,"valueName":"search_term_string"}}],"inLanguage":"it-IT"},{"@type":"Person","@id":"https:\/\/www.article-marketing.eu\/comunicati\/#\/schema\/person\/44372e4d4d0fa797b18e03ed1ace9017","name":"Redazione Comunicati Stampa","image":{"@type":"ImageObject","inLanguage":"it-IT","@id":"https:\/\/www.article-marketing.eu\/comunicati\/#\/schema\/person\/image\/","url":"https:\/\/secure.gravatar.com\/avatar\/50e5c6421d3072f42e7ace803501602c60d75233d34e29fd05feb91c8760b792?s=96&d=mm&r=g","contentUrl":"https:\/\/secure.gravatar.com\/avatar\/50e5c6421d3072f42e7ace803501602c60d75233d34e29fd05feb91c8760b792?s=96&d=mm&r=g","caption":"Redazione Comunicati Stampa"},"url":"https:\/\/www.article-marketing.eu\/comunicati\/author\/redazione-comunicati-stampa\/"}]}},"_links":{"self":[{"href":"https:\/\/www.article-marketing.eu\/comunicati\/wp-json\/wp\/v2\/posts\/1296","targetHints":{"allow":["GET"]}}],"collection":[{"href":"https:\/\/www.article-marketing.eu\/comunicati\/wp-json\/wp\/v2\/posts"}],"about":[{"href":"https:\/\/www.article-marketing.eu\/comunicati\/wp-json\/wp\/v2\/types\/post"}],"author":[{"embeddable":true,"href":"https:\/\/www.article-marketing.eu\/comunicati\/wp-json\/wp\/v2\/users\/10"}],"replies":[{"embeddable":true,"href":"https:\/\/www.article-marketing.eu\/comunicati\/wp-json\/wp\/v2\/comments?post=1296"}],"version-history":[{"count":1,"href":"https:\/\/www.article-marketing.eu\/comunicati\/wp-json\/wp\/v2\/posts\/1296\/revisions"}],"predecessor-version":[{"id":55313,"href":"https:\/\/www.article-marketing.eu\/comunicati\/wp-json\/wp\/v2\/posts\/1296\/revisions\/55313"}],"wp:attachment":[{"href":"https:\/\/www.article-marketing.eu\/comunicati\/wp-json\/wp\/v2\/media?parent=1296"}],"wp:term":[{"taxonomy":"category","embeddable":true,"href":"https:\/\/www.article-marketing.eu\/comunicati\/wp-json\/wp\/v2\/categories?post=1296"},{"taxonomy":"post_tag","embeddable":true,"href":"https:\/\/www.article-marketing.eu\/comunicati\/wp-json\/wp\/v2\/tags?post=1296"}],"curies":[{"name":"wp","href":"https:\/\/api.w.org\/{rel}","templated":true}]}}