{"id":1299,"date":"2009-02-06T16:49:29","date_gmt":"2009-02-06T15:49:29","guid":{"rendered":"http:\/\/www.article-marketing.eu\/comunicati\/senza-categoria\/14-15-02-sef-car-presenta-la-nuova-yaris-al-prezzo-di-listino-del-2005\/"},"modified":"2009-02-06T16:49:29","modified_gmt":"2009-02-06T15:49:29","slug":"14-15-02-sef-car-presenta-la-nuova-yaris-al-prezzo-di-listino-del-2005","status":"publish","type":"post","link":"https:\/\/www.article-marketing.eu\/comunicati\/comunicati-stampa\/prodotti\/14-15-02-sef-car-presenta-la-nuova-yaris-al-prezzo-di-listino-del-2005\/","title":{"rendered":"14-15\/02: SEF CAR presenta la Nuova Yaris al prezzo di listino del 2005"},"content":{"rendered":"<p>Vorresti cambiare la tua auto ma la situazione incerta del mercato ti frena?<\/p>\n<p>Febbraio \u00e8 il mese di lancio della <a href=\"http:\/\/www.sefcar.it\/\" target=\"_blank\">Nuova Yaris<\/a>, prodotto di punta Toyota: da Sef Car potrai acquistarla <strong>a partire da \u20ac 11000,00 ovvero lo stesso prezzo con cui venne introdotta nel 2005, inoltre il prezzo comprende il climatizzatore in omaggio o uno sconto di \u20ac 900,00 per le versioni che lo hanno di serie.<\/strong> Non solo: in caso di incentivi governativi, il prezzo diminuir\u00e0 di un valore pari all\u2019ecoincentivo di cui beneficer\u00e0 la Nuova Yaris.<\/p>\n<p>Una proposta completata con il <strong>nuovo finanziamento \u2018All inclusive\u2019<\/strong> che include assicurazione incendio e furto, responsabilit\u00e0 civile e kasko, tagliandi di manutenzione ed estensione di garanzia per 1 anno con una struttura semplice divisa in due periodi, con rata pi\u00f9 bassa nel secondo periodo. <\/p>\n<p>Ma le novit\u00e0 su Yaris non si fermano qui, perch\u00e9 di vecchio ha solo il prezzo: tutto il resto \u00e8 novit\u00e0 all\u2019insegna del minimo impatto ambientale.<\/p>\n<p>Non ci credi? Vieni da SefCar e scoprirai tutti i vantaggi della nuova concessionaria Toyota a Milano. www.sefcar.it<\/p>\n<p><strong>Porte Aperte Sef Car per Nuova Yaris&nbsp;<\/strong><\/p>\n<p><strong>Sabato 14 e Domenica 15 febbraio 2009<\/strong><\/p>\n<p><strong>Orari 9:00 &#8211; 12:30 \/ 14:30-19:00<\/strong><\/p>\n<p><strong>Via Pizzoni Alfredo, 14 (ang. V.le De Gasperi) &#8211; Milano.<\/strong><\/p>\n<p>&nbsp;<\/p>\n<p>Nuova Yaris \u00e8:<\/p>\n<p>&#8211;&nbsp;&nbsp;<strong>Nuove motorizzazioni Toyota Optional Drive<\/strong> che abbinano prestazioni superiori a consumi ed emissioni particolarmente ridotti, tra cui spicca il nuovo 1.3 dotato di doppia fasatura variabile e dall\u2019innovativo sistema Stop&amp;Start che eroga 100 CV con un consumo combinato paragonabile a quello del 1.0.<\/p>\n<p>&#8211;&nbsp;&nbsp;&nbsp;<strong>Rinnovo del design esterno<\/strong> dei paraurti anteriori e posteriori che risultano essere ora pi\u00f9 robusti e si integrano con i fari di nuovo disegno e con nuove luci posteriori a LED.<\/p>\n<p>&#8211;&nbsp;&nbsp;&nbsp;<strong>Rinnovo del design interno<\/strong> che vede la consolle centrale, dove una finitura pi\u00f9 sicura si accompagna ad una differente disposizione dei comandi audio e ad un display di maggiori dimensioni per l\u2019impianto audio che ora prevede l\u2019ingresso \u2018AUX-in\u2019 di serie su tutti gli allestimenti.<\/p>\n<p><strong>SEF CAR: storia e futuro nella distribuzione auto e nei servizi di mobilit\u00e0 per il cliente<\/strong>&nbsp;&nbsp;&nbsp;&nbsp;&nbsp;&nbsp;&nbsp;&nbsp;&nbsp;&nbsp;&nbsp;&nbsp;&nbsp;&nbsp;&nbsp;&nbsp;&nbsp;&nbsp;&nbsp;&nbsp;&nbsp;&nbsp;&nbsp;&nbsp;&nbsp;&nbsp;&nbsp;&nbsp;&nbsp;&nbsp;&nbsp;&nbsp;&nbsp;&nbsp;&nbsp;&nbsp;&nbsp;&nbsp;&nbsp;&nbsp;&nbsp;&nbsp;&nbsp;&nbsp;&nbsp;&nbsp;&nbsp;&nbsp;&nbsp;&nbsp;&nbsp;&nbsp;&nbsp;&nbsp;&nbsp;&nbsp;&nbsp;&nbsp;&nbsp;&nbsp;&nbsp;&nbsp;&nbsp;&nbsp;&nbsp;&nbsp;&nbsp;&nbsp;&nbsp;&nbsp;&nbsp; <\/p>\n<p>SEFCAR \u00e8 la nuova Concessionaria Toyota di Milano, a garantirne professionalit\u00e0 e seriet\u00e0 \u00e8 la struttura aziendale collaudata da quasi 50 anni di attivit\u00e0 nel settore automobilistico: in tutte le fasi di vita dell\u2019automobile, dall&#8217;acquisto alla manutenzione. Il cliente \u00e8 il punto focale delle proposte della societ\u00e0 che mira a soddisfare i bisogni dell&#8217;utenza, la concessionaria Toyota SEF CAR ha infatti come missione l&#8217;offerta di servizi di mobilit\u00e0 personale centrati sull&#8217;utente finale: sia esso acquirente individuale, azienda, noleggiatore o altro soggetto. <\/p>\n<p>&nbsp;<\/p>\n<p>Per informazioni:<\/p>\n<p>SEF CAR &#8211; Concessionaria Toyota<br \/>Via Pizzoni Alfredo, 14 &#8211; 20151 &#8211; Milano (Facilmente raggiungibile, da Piazzale Kennedy e dell&#8217;uscita Viale Certosa autostrada MI-VE)<\/p>\n<p>Telefono: &nbsp;02\/39275020&nbsp;&nbsp; Fax: 02\/33431866<\/p>\n<p>Sito: www.sefcar.it <\/p>\n<p>E-mail: info@sefcar.it<\/p>\n<p>&nbsp;<\/p>\n<p>Ufficio Stampa Art\u00e9mida<\/p>\n<p>Per SEF CAR: Emanuela Lodolo &#8211; e.lodolo@artemida.it <\/p>\n","protected":false},"excerpt":{"rendered":"<p>Sabato 14 e Domenica 15 febbraio 2009: Sefcar, concessionaria Toyota di Milano, presenta la nuova Yaris da \u20ac 11000,00 ovvero lo stesso prezzo con cui venne introdotta nel 2005, inoltre il prezzo comprende il climatizzatore in omaggio o uno sconto di \u20ac 900,00 per le versioni che lo hanno di serie.<br \/>\nUna proposta completata con il nuovo finanziamento \u2018All inclusive\u2019.<\/p>\n","protected":false},"author":10,"featured_media":0,"comment_status":"open","ping_status":"open","sticky":false,"template":"","format":"standard","meta":{"cybocfi_hide_featured_image":"","footnotes":""},"categories":[212],"tags":[353,4405,926,783,4406,785,3661,4073,4074],"class_list":["post-1299","post","type-post","status-publish","format-standard","hentry","category-prodotti","tag-auto","tag-concessionaria-toyota-milano","tag-evento","tag-motori","tag-nuova-yaris","tag-promozione","tag-sconti","tag-sef-car","tag-sefcar"],"yoast_head":"<!-- This site is optimized with the Yoast SEO plugin v27.0 - https:\/\/yoast.com\/product\/yoast-seo-wordpress\/ -->\n<title>14-15\/02: SEF CAR presenta la Nuova Yaris al prezzo di listino del 2005 - Article Marketing<\/title>\n<meta name=\"robots\" content=\"index, follow, max-snippet:-1, max-image-preview:large, max-video-preview:-1\" \/>\n<link rel=\"canonical\" href=\"https:\/\/www.article-marketing.eu\/comunicati\/comunicati-stampa\/prodotti\/14-15-02-sef-car-presenta-la-nuova-yaris-al-prezzo-di-listino-del-2005\/\" \/>\n<meta property=\"og:locale\" content=\"it_IT\" \/>\n<meta property=\"og:type\" content=\"article\" \/>\n<meta property=\"og:title\" content=\"14-15\/02: SEF CAR presenta la Nuova Yaris al prezzo di listino del 2005 - Article Marketing\" \/>\n<meta property=\"og:description\" content=\"Sabato 14 e Domenica 15 febbraio 2009: Sefcar, concessionaria Toyota di Milano, presenta la nuova Yaris da \u20ac 11000,00 ovvero lo stesso prezzo con cui venne introdotta nel 2005, inoltre il prezzo comprende il climatizzatore in omaggio o uno sconto di \u20ac 900,00 per le versioni che lo hanno di serie. Una proposta completata con il nuovo finanziamento \u2018All inclusive\u2019.\" \/>\n<meta property=\"og:url\" content=\"https:\/\/www.article-marketing.eu\/comunicati\/comunicati-stampa\/prodotti\/14-15-02-sef-car-presenta-la-nuova-yaris-al-prezzo-di-listino-del-2005\/\" \/>\n<meta property=\"og:site_name\" content=\"Article Marketing\" \/>\n<meta property=\"article:published_time\" content=\"2009-02-06T15:49:29+00:00\" \/>\n<meta name=\"author\" content=\"Redazione Comunicati Stampa\" \/>\n<meta name=\"twitter:card\" content=\"summary_large_image\" \/>\n<meta name=\"twitter:label1\" content=\"Scritto da\" \/>\n\t<meta name=\"twitter:data1\" content=\"Redazione Comunicati Stampa\" \/>\n\t<meta name=\"twitter:label2\" content=\"Tempo di lettura stimato\" \/>\n\t<meta name=\"twitter:data2\" content=\"3 minuti\" \/>\n<script type=\"application\/ld+json\" class=\"yoast-schema-graph\">{\"@context\":\"https:\/\/schema.org\",\"@graph\":[{\"@type\":\"Article\",\"@id\":\"https:\/\/www.article-marketing.eu\/comunicati\/comunicati-stampa\/prodotti\/14-15-02-sef-car-presenta-la-nuova-yaris-al-prezzo-di-listino-del-2005\/#article\",\"isPartOf\":{\"@id\":\"https:\/\/www.article-marketing.eu\/comunicati\/comunicati-stampa\/prodotti\/14-15-02-sef-car-presenta-la-nuova-yaris-al-prezzo-di-listino-del-2005\/\"},\"author\":{\"name\":\"Redazione Comunicati Stampa\",\"@id\":\"https:\/\/www.article-marketing.eu\/comunicati\/#\/schema\/person\/44372e4d4d0fa797b18e03ed1ace9017\"},\"headline\":\"14-15\/02: SEF CAR presenta la Nuova Yaris al prezzo di listino del 2005\",\"datePublished\":\"2009-02-06T15:49:29+00:00\",\"mainEntityOfPage\":{\"@id\":\"https:\/\/www.article-marketing.eu\/comunicati\/comunicati-stampa\/prodotti\/14-15-02-sef-car-presenta-la-nuova-yaris-al-prezzo-di-listino-del-2005\/\"},\"wordCount\":561,\"commentCount\":0,\"keywords\":[\"auto\",\"concessionaria toyota milano\",\"evento\",\"motori\",\"nuova yaris\",\"promozione\",\"sconti\",\"sef car\",\"sefcar\"],\"articleSection\":[\"Prodotti\"],\"inLanguage\":\"it-IT\",\"potentialAction\":[{\"@type\":\"CommentAction\",\"name\":\"Comment\",\"target\":[\"https:\/\/www.article-marketing.eu\/comunicati\/comunicati-stampa\/prodotti\/14-15-02-sef-car-presenta-la-nuova-yaris-al-prezzo-di-listino-del-2005\/#respond\"]}]},{\"@type\":\"WebPage\",\"@id\":\"https:\/\/www.article-marketing.eu\/comunicati\/comunicati-stampa\/prodotti\/14-15-02-sef-car-presenta-la-nuova-yaris-al-prezzo-di-listino-del-2005\/\",\"url\":\"https:\/\/www.article-marketing.eu\/comunicati\/comunicati-stampa\/prodotti\/14-15-02-sef-car-presenta-la-nuova-yaris-al-prezzo-di-listino-del-2005\/\",\"name\":\"14-15\/02: SEF CAR presenta la Nuova Yaris al prezzo di listino del 2005 - Article Marketing\",\"isPartOf\":{\"@id\":\"https:\/\/www.article-marketing.eu\/comunicati\/#website\"},\"datePublished\":\"2009-02-06T15:49:29+00:00\",\"author\":{\"@id\":\"https:\/\/www.article-marketing.eu\/comunicati\/#\/schema\/person\/44372e4d4d0fa797b18e03ed1ace9017\"},\"breadcrumb\":{\"@id\":\"https:\/\/www.article-marketing.eu\/comunicati\/comunicati-stampa\/prodotti\/14-15-02-sef-car-presenta-la-nuova-yaris-al-prezzo-di-listino-del-2005\/#breadcrumb\"},\"inLanguage\":\"it-IT\",\"potentialAction\":[{\"@type\":\"ReadAction\",\"target\":[\"https:\/\/www.article-marketing.eu\/comunicati\/comunicati-stampa\/prodotti\/14-15-02-sef-car-presenta-la-nuova-yaris-al-prezzo-di-listino-del-2005\/\"]}]},{\"@type\":\"BreadcrumbList\",\"@id\":\"https:\/\/www.article-marketing.eu\/comunicati\/comunicati-stampa\/prodotti\/14-15-02-sef-car-presenta-la-nuova-yaris-al-prezzo-di-listino-del-2005\/#breadcrumb\",\"itemListElement\":[{\"@type\":\"ListItem\",\"position\":1,\"name\":\"Home\",\"item\":\"https:\/\/www.article-marketing.eu\/comunicati\/\"},{\"@type\":\"ListItem\",\"position\":2,\"name\":\"14-15\/02: SEF CAR presenta la Nuova Yaris al prezzo di listino del 2005\"}]},{\"@type\":\"WebSite\",\"@id\":\"https:\/\/www.article-marketing.eu\/comunicati\/#website\",\"url\":\"https:\/\/www.article-marketing.eu\/comunicati\/\",\"name\":\"Article Marketing\",\"description\":\"article marketing &amp; press release\",\"potentialAction\":[{\"@type\":\"SearchAction\",\"target\":{\"@type\":\"EntryPoint\",\"urlTemplate\":\"https:\/\/www.article-marketing.eu\/comunicati\/?s={search_term_string}\"},\"query-input\":{\"@type\":\"PropertyValueSpecification\",\"valueRequired\":true,\"valueName\":\"search_term_string\"}}],\"inLanguage\":\"it-IT\"},{\"@type\":\"Person\",\"@id\":\"https:\/\/www.article-marketing.eu\/comunicati\/#\/schema\/person\/44372e4d4d0fa797b18e03ed1ace9017\",\"name\":\"Redazione Comunicati Stampa\",\"image\":{\"@type\":\"ImageObject\",\"inLanguage\":\"it-IT\",\"@id\":\"https:\/\/www.article-marketing.eu\/comunicati\/#\/schema\/person\/image\/\",\"url\":\"https:\/\/secure.gravatar.com\/avatar\/50e5c6421d3072f42e7ace803501602c60d75233d34e29fd05feb91c8760b792?s=96&d=mm&r=g\",\"contentUrl\":\"https:\/\/secure.gravatar.com\/avatar\/50e5c6421d3072f42e7ace803501602c60d75233d34e29fd05feb91c8760b792?s=96&d=mm&r=g\",\"caption\":\"Redazione Comunicati Stampa\"},\"url\":\"https:\/\/www.article-marketing.eu\/comunicati\/author\/redazione-comunicati-stampa\/\"}]}<\/script>\n<!-- \/ Yoast SEO plugin. -->","yoast_head_json":{"title":"14-15\/02: SEF CAR presenta la Nuova Yaris al prezzo di listino del 2005 - Article Marketing","robots":{"index":"index","follow":"follow","max-snippet":"max-snippet:-1","max-image-preview":"max-image-preview:large","max-video-preview":"max-video-preview:-1"},"canonical":"https:\/\/www.article-marketing.eu\/comunicati\/comunicati-stampa\/prodotti\/14-15-02-sef-car-presenta-la-nuova-yaris-al-prezzo-di-listino-del-2005\/","og_locale":"it_IT","og_type":"article","og_title":"14-15\/02: SEF CAR presenta la Nuova Yaris al prezzo di listino del 2005 - Article Marketing","og_description":"Sabato 14 e Domenica 15 febbraio 2009: Sefcar, concessionaria Toyota di Milano, presenta la nuova Yaris da \u20ac 11000,00 ovvero lo stesso prezzo con cui venne introdotta nel 2005, inoltre il prezzo comprende il climatizzatore in omaggio o uno sconto di \u20ac 900,00 per le versioni che lo hanno di serie. Una proposta completata con il nuovo finanziamento \u2018All inclusive\u2019.","og_url":"https:\/\/www.article-marketing.eu\/comunicati\/comunicati-stampa\/prodotti\/14-15-02-sef-car-presenta-la-nuova-yaris-al-prezzo-di-listino-del-2005\/","og_site_name":"Article Marketing","article_published_time":"2009-02-06T15:49:29+00:00","author":"Redazione Comunicati Stampa","twitter_card":"summary_large_image","twitter_misc":{"Scritto da":"Redazione Comunicati Stampa","Tempo di lettura stimato":"3 minuti"},"schema":{"@context":"https:\/\/schema.org","@graph":[{"@type":"Article","@id":"https:\/\/www.article-marketing.eu\/comunicati\/comunicati-stampa\/prodotti\/14-15-02-sef-car-presenta-la-nuova-yaris-al-prezzo-di-listino-del-2005\/#article","isPartOf":{"@id":"https:\/\/www.article-marketing.eu\/comunicati\/comunicati-stampa\/prodotti\/14-15-02-sef-car-presenta-la-nuova-yaris-al-prezzo-di-listino-del-2005\/"},"author":{"name":"Redazione Comunicati Stampa","@id":"https:\/\/www.article-marketing.eu\/comunicati\/#\/schema\/person\/44372e4d4d0fa797b18e03ed1ace9017"},"headline":"14-15\/02: SEF CAR presenta la Nuova Yaris al prezzo di listino del 2005","datePublished":"2009-02-06T15:49:29+00:00","mainEntityOfPage":{"@id":"https:\/\/www.article-marketing.eu\/comunicati\/comunicati-stampa\/prodotti\/14-15-02-sef-car-presenta-la-nuova-yaris-al-prezzo-di-listino-del-2005\/"},"wordCount":561,"commentCount":0,"keywords":["auto","concessionaria toyota milano","evento","motori","nuova yaris","promozione","sconti","sef car","sefcar"],"articleSection":["Prodotti"],"inLanguage":"it-IT","potentialAction":[{"@type":"CommentAction","name":"Comment","target":["https:\/\/www.article-marketing.eu\/comunicati\/comunicati-stampa\/prodotti\/14-15-02-sef-car-presenta-la-nuova-yaris-al-prezzo-di-listino-del-2005\/#respond"]}]},{"@type":"WebPage","@id":"https:\/\/www.article-marketing.eu\/comunicati\/comunicati-stampa\/prodotti\/14-15-02-sef-car-presenta-la-nuova-yaris-al-prezzo-di-listino-del-2005\/","url":"https:\/\/www.article-marketing.eu\/comunicati\/comunicati-stampa\/prodotti\/14-15-02-sef-car-presenta-la-nuova-yaris-al-prezzo-di-listino-del-2005\/","name":"14-15\/02: SEF CAR presenta la Nuova Yaris al prezzo di listino del 2005 - Article Marketing","isPartOf":{"@id":"https:\/\/www.article-marketing.eu\/comunicati\/#website"},"datePublished":"2009-02-06T15:49:29+00:00","author":{"@id":"https:\/\/www.article-marketing.eu\/comunicati\/#\/schema\/person\/44372e4d4d0fa797b18e03ed1ace9017"},"breadcrumb":{"@id":"https:\/\/www.article-marketing.eu\/comunicati\/comunicati-stampa\/prodotti\/14-15-02-sef-car-presenta-la-nuova-yaris-al-prezzo-di-listino-del-2005\/#breadcrumb"},"inLanguage":"it-IT","potentialAction":[{"@type":"ReadAction","target":["https:\/\/www.article-marketing.eu\/comunicati\/comunicati-stampa\/prodotti\/14-15-02-sef-car-presenta-la-nuova-yaris-al-prezzo-di-listino-del-2005\/"]}]},{"@type":"BreadcrumbList","@id":"https:\/\/www.article-marketing.eu\/comunicati\/comunicati-stampa\/prodotti\/14-15-02-sef-car-presenta-la-nuova-yaris-al-prezzo-di-listino-del-2005\/#breadcrumb","itemListElement":[{"@type":"ListItem","position":1,"name":"Home","item":"https:\/\/www.article-marketing.eu\/comunicati\/"},{"@type":"ListItem","position":2,"name":"14-15\/02: SEF CAR presenta la Nuova Yaris al prezzo di listino del 2005"}]},{"@type":"WebSite","@id":"https:\/\/www.article-marketing.eu\/comunicati\/#website","url":"https:\/\/www.article-marketing.eu\/comunicati\/","name":"Article Marketing","description":"article marketing &amp; press release","potentialAction":[{"@type":"SearchAction","target":{"@type":"EntryPoint","urlTemplate":"https:\/\/www.article-marketing.eu\/comunicati\/?s={search_term_string}"},"query-input":{"@type":"PropertyValueSpecification","valueRequired":true,"valueName":"search_term_string"}}],"inLanguage":"it-IT"},{"@type":"Person","@id":"https:\/\/www.article-marketing.eu\/comunicati\/#\/schema\/person\/44372e4d4d0fa797b18e03ed1ace9017","name":"Redazione Comunicati Stampa","image":{"@type":"ImageObject","inLanguage":"it-IT","@id":"https:\/\/www.article-marketing.eu\/comunicati\/#\/schema\/person\/image\/","url":"https:\/\/secure.gravatar.com\/avatar\/50e5c6421d3072f42e7ace803501602c60d75233d34e29fd05feb91c8760b792?s=96&d=mm&r=g","contentUrl":"https:\/\/secure.gravatar.com\/avatar\/50e5c6421d3072f42e7ace803501602c60d75233d34e29fd05feb91c8760b792?s=96&d=mm&r=g","caption":"Redazione Comunicati Stampa"},"url":"https:\/\/www.article-marketing.eu\/comunicati\/author\/redazione-comunicati-stampa\/"}]}},"_links":{"self":[{"href":"https:\/\/www.article-marketing.eu\/comunicati\/wp-json\/wp\/v2\/posts\/1299","targetHints":{"allow":["GET"]}}],"collection":[{"href":"https:\/\/www.article-marketing.eu\/comunicati\/wp-json\/wp\/v2\/posts"}],"about":[{"href":"https:\/\/www.article-marketing.eu\/comunicati\/wp-json\/wp\/v2\/types\/post"}],"author":[{"embeddable":true,"href":"https:\/\/www.article-marketing.eu\/comunicati\/wp-json\/wp\/v2\/users\/10"}],"replies":[{"embeddable":true,"href":"https:\/\/www.article-marketing.eu\/comunicati\/wp-json\/wp\/v2\/comments?post=1299"}],"version-history":[{"count":0,"href":"https:\/\/www.article-marketing.eu\/comunicati\/wp-json\/wp\/v2\/posts\/1299\/revisions"}],"wp:attachment":[{"href":"https:\/\/www.article-marketing.eu\/comunicati\/wp-json\/wp\/v2\/media?parent=1299"}],"wp:term":[{"taxonomy":"category","embeddable":true,"href":"https:\/\/www.article-marketing.eu\/comunicati\/wp-json\/wp\/v2\/categories?post=1299"},{"taxonomy":"post_tag","embeddable":true,"href":"https:\/\/www.article-marketing.eu\/comunicati\/wp-json\/wp\/v2\/tags?post=1299"}],"curies":[{"name":"wp","href":"https:\/\/api.w.org\/{rel}","templated":true}]}}