{"id":1300,"date":"2009-02-06T21:03:56","date_gmt":"2009-02-06T20:03:56","guid":{"rendered":"http:\/\/www.article-marketing.eu\/comunicati\/senza-categoria\/nasce-queno-agenzia-di-servizi-integrati-per-leditoria-e-la-comunicazione\/"},"modified":"2009-02-06T21:03:56","modified_gmt":"2009-02-06T20:03:56","slug":"nasce-queno-agenzia-di-servizi-integrati-per-leditoria-e-la-comunicazione","status":"publish","type":"post","link":"https:\/\/www.article-marketing.eu\/comunicati\/comunicati-stampa\/eventi\/nasce-queno-agenzia-di-servizi-integrati-per-leditoria-e-la-comunicazione\/","title":{"rendered":"Nasce Queno&#8217;, Agenzia di Servizi Integrati per l&#8217;Editoria e la Comunicazione"},"content":{"rendered":"<p style=\"MARGIN: 0in 0in 8pt\" align=\"center\"><strong><em>QUENO&#8217; esercizi di stile<\/em><\/strong><\/p>\n<p style=\"MARGIN: 0in 0in 8pt\" align=\"center\"><strong><em>Servizi editoriali e comunicazione<\/em><\/strong><\/p>\n<p style=\"MARGIN: 0in 0in 8pt\" align=\"justify\">Diceva Ortega Y Gasset che la chiarezza dev\u2019essere la prima cortesia del filosofo. Questo dovrebbe valere per tutti coloro che vogliono o devono comunicare all\u2019esterno se stessi e il proprio lavoro.&nbsp; <\/p>\n<p style=\"MARGIN: 0in 0in 8pt\" align=\"justify\">Per farlo occorrono tempo, competenze e professionalit\u00e0. Tutti sappiamo quanto sia frustrante e fastidioso trovarsi di fronte a un testo astruso e inutilmente lungo. Imprese, Enti Pubblici e Privati, Professionisti: per loro comunicare \u00e8 di fondamentale importanza e comunicare bene \u00e8 uno degli strumenti necessari per attrarre e convincere la pi\u00f9 ampia fetta di pubblico. Con testi semplici e incisivi, preparati con cura a seconda delle circostanze e dei target di riferimento. <\/p>\n<p style=\"MARGIN: 0in 0in 8pt\" align=\"justify\">Rispondere a queste esigenze, \u00e8 l\u2019obiettivo di Quen\u00f2, societ\u00e0 nata per soddisfare i bisogni comunicativi di imprese e privati. <\/p>\n<p style=\"MARGIN: 0in 0in 8pt\" align=\"justify\">Quen\u00f2 offre ai suoi clienti un\u2019ampia gamma di servizi legati al mondo della comunicazione e dell\u2019editoria, dalla redazione di comunicati e cartelle stampa alla cura di intere collane editoriali. <\/p>\n<p style=\"MARGIN: 0in 0in 8pt\">&nbsp;<\/p>\n<p style=\"MARGIN: 0in 0in 8pt\"><strong>Chi siamo<\/strong><\/p>\n<p style=\"MARGIN: 0in 0in 8pt\" align=\"justify\">Alle fondamenta di Quen\u00f2, l\u2019incontro tra giovani professionisti di diversi settori: redattori, copywriters, illustratori e consulenti scientifici, tutti in grado di coniugare estro e competenza, seriet\u00e0 e vena creativa. Con un costante lavoro d\u2019equipe, gli esperti di Quen\u00f2 possono risolvere nel modo migliore i problemi dei loro clienti, garantendo professionalit\u00e0 e competenza. <\/p>\n<p style=\"MARGIN: 0in 0in 8pt\" align=\"justify\">Quen\u00f2 non promette miracoli ma prodotti confezionati con meticolosit\u00e0, non ha \u2013 non ancora \u2013 la presunzione di rivaleggiare con i \u201c colossi \u201c del mercato ma esperienza e passione sufficiente a garantire i migliori risultati con il minimo della spesa. <\/p>\n<p style=\"MARGIN: 0in 0in 8pt\">&nbsp;<\/p>\n<p style=\"MARGIN: 0in 0in 8pt\">&nbsp;<\/p>\n<p style=\"MARGIN: 0in 0in 8pt\"><strong>Cosa facciamo<\/strong><\/p>\n<p style=\"MARGIN: 0in 0in 8pt\">Quen\u00f2 esprime al meglio le vostre idee nel mondo della comunicazione e dell\u2019editoria: una ricca tipologia di servizi mirati per una clientela variegata. <\/p>\n<p style=\"MARGIN: 0in 0in 8pt\">&nbsp;<\/p>\n<p style=\"MARGIN: 0in 0in 8pt\"><u><strong>Area Piccole-Medie Imprese<\/strong><\/u><\/p>\n<p style=\"MARGIN: 0in 0in 8pt\">Redazione Comunicati stampa<\/p>\n<p style=\"MARGIN: 0in 0in 8pt\">Cartelle stampa<\/p>\n<p style=\"MARGIN: 0in 0in 8pt\">Publiredazionali<\/p>\n<p style=\"MARGIN: 0in 0in 8pt\">Profili aziendali<\/p>\n<p style=\"MARGIN: 0in 0in 8pt\">Case History<\/p>\n<p style=\"MARGIN: 0in 0in 8pt\">Libri aziendali<\/p>\n<p style=\"MARGIN: 0in 0in 8pt\">Rassegne stampa<\/p>\n<p style=\"MARGIN: 0in 0in 8pt\">Rassegne stampa tematiche<\/p>\n<p style=\"MARGIN: 0in 0in 8pt\">&nbsp;<\/p>\n<p style=\"MARGIN: 0in 0in 8pt\"><u><strong>Area Enti Pubblici e Privati: <\/strong><\/u><\/p>\n<p style=\"MARGIN: 0in 0in 8pt\">Comunicati stampa<u><\/u><\/p>\n<p style=\"MARGIN: 0in 0in 8pt\">Monografie storiche-artistiche<\/p>\n<p style=\"MARGIN: 0in 0in 8pt\">Redazione e organizzazione contenuti per siti<\/p>\n<p style=\"MARGIN: 0in 0in 8pt\">&nbsp;<\/p>\n<p style=\"MARGIN: 0in 0in 8pt\"><u><strong>Area Case Editrici, scrittori<\/strong>,<\/u><\/p>\n<p style=\"MARGIN: 0in 0in 8pt\">Editing<\/p>\n<p style=\"MARGIN: 0in 0in 8pt\">Correzione bozze<\/p>\n<p style=\"MARGIN: 0in 0in 8pt\">Traduzioni<\/p>\n<p style=\"MARGIN: 0in 0in 8pt\">Cura collana editoriale<\/p>\n<p style=\"MARGIN: 0in 0in 8pt\">&nbsp;<\/p>\n<p style=\"MARGIN: 0in 0in 8pt\"><u><strong>Area Artisti<\/strong><\/u><\/p>\n<p style=\"MARGIN: 0in 0in 8pt\">Organizzazione mostre<\/p>\n<p style=\"MARGIN: 0in 0in 8pt\">Depliant<\/p>\n<p style=\"MARGIN: 0in 0in 8pt\">Cataloghi<\/p>\n<p style=\"MARGIN: 0in 0in 8pt\">&nbsp;<\/p>\n<p style=\"MARGIN: 0in 0in 8pt\">&nbsp;<\/p>\n<p style=\"MARGIN: 0in 0in 8pt\"><strong>Come lavoriamo: <\/strong><\/p>\n<p style=\"MARGIN: 0in 0in 8pt\" align=\"justify\">Quen\u00f2 ascolta le richieste dei suoi clienti. Annota con scrupolo i loro problemi. Accoglie con rispetto ragioni e direttive. Dopodich\u00e9 lascia il campo alla sua equipe di professionisti, che segue ogni fase della realizzazione in maniera coordinata, confrontando le diverse competenze per raggiungere la soluzione migliore. <\/p>\n<p style=\"MARGIN: 0in 0in 8pt\" align=\"justify\">Quen\u00f2 non costa molto, la sua struttura \u00e8 snella ed efficace, estranea da costi superflui e fuori da ogni logica. Per questo scegliere Quen\u00f2 conviene: perch\u00e9 offre prezzi competitivi senza indulgere sulla qualit\u00e0 e l\u2019 eccellenza. E\u2019 il primo valore nella scala filosofica dell\u2019Agenzia: rispettare non solo il gusto ma anche le tasche di ogni cliente. <\/p>\n<p style=\"MARGIN: 0in 0in 8pt\" align=\"justify\">&nbsp;<\/p>\n<p align=\"justify\">&nbsp;<\/p>\n","protected":false},"excerpt":{"rendered":"<p>Queno&#8217; esercizi di stile<\/p>\n<p>Redazione Comunicati stampa &#8211; Cartelle stampa &#8211; Profili aziendali-Case History &#8211; Libri bianchi-Monografie Aziendali &#8211; Editing testi -Correzione Bozze &#8211; Organizzazione contenuti web<\/p>\n","protected":false},"author":10,"featured_media":0,"comment_status":"open","ping_status":"open","sticky":false,"template":"","format":"standard","meta":{"cybocfi_hide_featured_image":"","footnotes":""},"categories":[388],"tags":[383,4407,4408],"class_list":["post-1300","post","type-post","status-publish","format-standard","hentry","category-eventi","tag-agenzia","tag-cartelle-stampa","tag-comunicazione-aziende"],"yoast_head":"<!-- This site is optimized with the Yoast SEO plugin v27.0 - https:\/\/yoast.com\/product\/yoast-seo-wordpress\/ -->\n<title>Nasce Queno&#039;, Agenzia di Servizi Integrati per l&#039;Editoria e la Comunicazione - Article Marketing<\/title>\n<meta name=\"robots\" content=\"index, follow, max-snippet:-1, max-image-preview:large, max-video-preview:-1\" \/>\n<link rel=\"canonical\" href=\"https:\/\/www.article-marketing.eu\/comunicati\/comunicati-stampa\/eventi\/nasce-queno-agenzia-di-servizi-integrati-per-leditoria-e-la-comunicazione\/\" \/>\n<meta property=\"og:locale\" content=\"it_IT\" \/>\n<meta property=\"og:type\" content=\"article\" \/>\n<meta property=\"og:title\" content=\"Nasce Queno&#039;, Agenzia di Servizi Integrati per l&#039;Editoria e la Comunicazione - Article Marketing\" \/>\n<meta property=\"og:description\" content=\"Queno&#039; esercizi di stile Redazione Comunicati stampa - Cartelle stampa - Profili aziendali-Case History - Libri bianchi-Monografie Aziendali - Editing testi -Correzione Bozze - Organizzazione contenuti web\" \/>\n<meta property=\"og:url\" content=\"https:\/\/www.article-marketing.eu\/comunicati\/comunicati-stampa\/eventi\/nasce-queno-agenzia-di-servizi-integrati-per-leditoria-e-la-comunicazione\/\" \/>\n<meta property=\"og:site_name\" content=\"Article Marketing\" \/>\n<meta property=\"article:published_time\" content=\"2009-02-06T20:03:56+00:00\" \/>\n<meta name=\"author\" content=\"Redazione Comunicati Stampa\" \/>\n<meta name=\"twitter:card\" content=\"summary_large_image\" \/>\n<meta name=\"twitter:label1\" content=\"Scritto da\" \/>\n\t<meta name=\"twitter:data1\" content=\"Redazione Comunicati Stampa\" \/>\n\t<meta name=\"twitter:label2\" content=\"Tempo di lettura stimato\" \/>\n\t<meta name=\"twitter:data2\" content=\"2 minuti\" \/>\n<script type=\"application\/ld+json\" class=\"yoast-schema-graph\">{\"@context\":\"https:\/\/schema.org\",\"@graph\":[{\"@type\":\"Article\",\"@id\":\"https:\/\/www.article-marketing.eu\/comunicati\/comunicati-stampa\/eventi\/nasce-queno-agenzia-di-servizi-integrati-per-leditoria-e-la-comunicazione\/#article\",\"isPartOf\":{\"@id\":\"https:\/\/www.article-marketing.eu\/comunicati\/comunicati-stampa\/eventi\/nasce-queno-agenzia-di-servizi-integrati-per-leditoria-e-la-comunicazione\/\"},\"author\":{\"name\":\"Redazione Comunicati Stampa\",\"@id\":\"https:\/\/www.article-marketing.eu\/comunicati\/#\/schema\/person\/44372e4d4d0fa797b18e03ed1ace9017\"},\"headline\":\"Nasce Queno&#8217;, Agenzia di Servizi Integrati per l&#8217;Editoria e la Comunicazione\",\"datePublished\":\"2009-02-06T20:03:56+00:00\",\"mainEntityOfPage\":{\"@id\":\"https:\/\/www.article-marketing.eu\/comunicati\/comunicati-stampa\/eventi\/nasce-queno-agenzia-di-servizi-integrati-per-leditoria-e-la-comunicazione\/\"},\"wordCount\":459,\"commentCount\":0,\"keywords\":[\"agenzia\",\"Cartelle stampa\",\"Comunicazione aziende\"],\"articleSection\":[\"Eventi\"],\"inLanguage\":\"it-IT\",\"potentialAction\":[{\"@type\":\"CommentAction\",\"name\":\"Comment\",\"target\":[\"https:\/\/www.article-marketing.eu\/comunicati\/comunicati-stampa\/eventi\/nasce-queno-agenzia-di-servizi-integrati-per-leditoria-e-la-comunicazione\/#respond\"]}]},{\"@type\":\"WebPage\",\"@id\":\"https:\/\/www.article-marketing.eu\/comunicati\/comunicati-stampa\/eventi\/nasce-queno-agenzia-di-servizi-integrati-per-leditoria-e-la-comunicazione\/\",\"url\":\"https:\/\/www.article-marketing.eu\/comunicati\/comunicati-stampa\/eventi\/nasce-queno-agenzia-di-servizi-integrati-per-leditoria-e-la-comunicazione\/\",\"name\":\"Nasce Queno', Agenzia di Servizi Integrati per l'Editoria e la Comunicazione - Article Marketing\",\"isPartOf\":{\"@id\":\"https:\/\/www.article-marketing.eu\/comunicati\/#website\"},\"datePublished\":\"2009-02-06T20:03:56+00:00\",\"author\":{\"@id\":\"https:\/\/www.article-marketing.eu\/comunicati\/#\/schema\/person\/44372e4d4d0fa797b18e03ed1ace9017\"},\"breadcrumb\":{\"@id\":\"https:\/\/www.article-marketing.eu\/comunicati\/comunicati-stampa\/eventi\/nasce-queno-agenzia-di-servizi-integrati-per-leditoria-e-la-comunicazione\/#breadcrumb\"},\"inLanguage\":\"it-IT\",\"potentialAction\":[{\"@type\":\"ReadAction\",\"target\":[\"https:\/\/www.article-marketing.eu\/comunicati\/comunicati-stampa\/eventi\/nasce-queno-agenzia-di-servizi-integrati-per-leditoria-e-la-comunicazione\/\"]}]},{\"@type\":\"BreadcrumbList\",\"@id\":\"https:\/\/www.article-marketing.eu\/comunicati\/comunicati-stampa\/eventi\/nasce-queno-agenzia-di-servizi-integrati-per-leditoria-e-la-comunicazione\/#breadcrumb\",\"itemListElement\":[{\"@type\":\"ListItem\",\"position\":1,\"name\":\"Home\",\"item\":\"https:\/\/www.article-marketing.eu\/comunicati\/\"},{\"@type\":\"ListItem\",\"position\":2,\"name\":\"Nasce Queno&#8217;, Agenzia di Servizi Integrati per l&#8217;Editoria e la Comunicazione\"}]},{\"@type\":\"WebSite\",\"@id\":\"https:\/\/www.article-marketing.eu\/comunicati\/#website\",\"url\":\"https:\/\/www.article-marketing.eu\/comunicati\/\",\"name\":\"Article Marketing\",\"description\":\"article marketing &amp; press release\",\"potentialAction\":[{\"@type\":\"SearchAction\",\"target\":{\"@type\":\"EntryPoint\",\"urlTemplate\":\"https:\/\/www.article-marketing.eu\/comunicati\/?s={search_term_string}\"},\"query-input\":{\"@type\":\"PropertyValueSpecification\",\"valueRequired\":true,\"valueName\":\"search_term_string\"}}],\"inLanguage\":\"it-IT\"},{\"@type\":\"Person\",\"@id\":\"https:\/\/www.article-marketing.eu\/comunicati\/#\/schema\/person\/44372e4d4d0fa797b18e03ed1ace9017\",\"name\":\"Redazione Comunicati Stampa\",\"image\":{\"@type\":\"ImageObject\",\"inLanguage\":\"it-IT\",\"@id\":\"https:\/\/www.article-marketing.eu\/comunicati\/#\/schema\/person\/image\/\",\"url\":\"https:\/\/secure.gravatar.com\/avatar\/50e5c6421d3072f42e7ace803501602c60d75233d34e29fd05feb91c8760b792?s=96&d=mm&r=g\",\"contentUrl\":\"https:\/\/secure.gravatar.com\/avatar\/50e5c6421d3072f42e7ace803501602c60d75233d34e29fd05feb91c8760b792?s=96&d=mm&r=g\",\"caption\":\"Redazione Comunicati Stampa\"},\"url\":\"https:\/\/www.article-marketing.eu\/comunicati\/author\/redazione-comunicati-stampa\/\"}]}<\/script>\n<!-- \/ Yoast SEO plugin. -->","yoast_head_json":{"title":"Nasce Queno', Agenzia di Servizi Integrati per l'Editoria e la Comunicazione - Article Marketing","robots":{"index":"index","follow":"follow","max-snippet":"max-snippet:-1","max-image-preview":"max-image-preview:large","max-video-preview":"max-video-preview:-1"},"canonical":"https:\/\/www.article-marketing.eu\/comunicati\/comunicati-stampa\/eventi\/nasce-queno-agenzia-di-servizi-integrati-per-leditoria-e-la-comunicazione\/","og_locale":"it_IT","og_type":"article","og_title":"Nasce Queno', Agenzia di Servizi Integrati per l'Editoria e la Comunicazione - Article Marketing","og_description":"Queno' esercizi di stile Redazione Comunicati stampa - Cartelle stampa - Profili aziendali-Case History - Libri bianchi-Monografie Aziendali - Editing testi -Correzione Bozze - Organizzazione contenuti web","og_url":"https:\/\/www.article-marketing.eu\/comunicati\/comunicati-stampa\/eventi\/nasce-queno-agenzia-di-servizi-integrati-per-leditoria-e-la-comunicazione\/","og_site_name":"Article Marketing","article_published_time":"2009-02-06T20:03:56+00:00","author":"Redazione Comunicati Stampa","twitter_card":"summary_large_image","twitter_misc":{"Scritto da":"Redazione Comunicati Stampa","Tempo di lettura stimato":"2 minuti"},"schema":{"@context":"https:\/\/schema.org","@graph":[{"@type":"Article","@id":"https:\/\/www.article-marketing.eu\/comunicati\/comunicati-stampa\/eventi\/nasce-queno-agenzia-di-servizi-integrati-per-leditoria-e-la-comunicazione\/#article","isPartOf":{"@id":"https:\/\/www.article-marketing.eu\/comunicati\/comunicati-stampa\/eventi\/nasce-queno-agenzia-di-servizi-integrati-per-leditoria-e-la-comunicazione\/"},"author":{"name":"Redazione Comunicati Stampa","@id":"https:\/\/www.article-marketing.eu\/comunicati\/#\/schema\/person\/44372e4d4d0fa797b18e03ed1ace9017"},"headline":"Nasce Queno&#8217;, Agenzia di Servizi Integrati per l&#8217;Editoria e la Comunicazione","datePublished":"2009-02-06T20:03:56+00:00","mainEntityOfPage":{"@id":"https:\/\/www.article-marketing.eu\/comunicati\/comunicati-stampa\/eventi\/nasce-queno-agenzia-di-servizi-integrati-per-leditoria-e-la-comunicazione\/"},"wordCount":459,"commentCount":0,"keywords":["agenzia","Cartelle stampa","Comunicazione aziende"],"articleSection":["Eventi"],"inLanguage":"it-IT","potentialAction":[{"@type":"CommentAction","name":"Comment","target":["https:\/\/www.article-marketing.eu\/comunicati\/comunicati-stampa\/eventi\/nasce-queno-agenzia-di-servizi-integrati-per-leditoria-e-la-comunicazione\/#respond"]}]},{"@type":"WebPage","@id":"https:\/\/www.article-marketing.eu\/comunicati\/comunicati-stampa\/eventi\/nasce-queno-agenzia-di-servizi-integrati-per-leditoria-e-la-comunicazione\/","url":"https:\/\/www.article-marketing.eu\/comunicati\/comunicati-stampa\/eventi\/nasce-queno-agenzia-di-servizi-integrati-per-leditoria-e-la-comunicazione\/","name":"Nasce Queno', Agenzia di Servizi Integrati per l'Editoria e la Comunicazione - Article Marketing","isPartOf":{"@id":"https:\/\/www.article-marketing.eu\/comunicati\/#website"},"datePublished":"2009-02-06T20:03:56+00:00","author":{"@id":"https:\/\/www.article-marketing.eu\/comunicati\/#\/schema\/person\/44372e4d4d0fa797b18e03ed1ace9017"},"breadcrumb":{"@id":"https:\/\/www.article-marketing.eu\/comunicati\/comunicati-stampa\/eventi\/nasce-queno-agenzia-di-servizi-integrati-per-leditoria-e-la-comunicazione\/#breadcrumb"},"inLanguage":"it-IT","potentialAction":[{"@type":"ReadAction","target":["https:\/\/www.article-marketing.eu\/comunicati\/comunicati-stampa\/eventi\/nasce-queno-agenzia-di-servizi-integrati-per-leditoria-e-la-comunicazione\/"]}]},{"@type":"BreadcrumbList","@id":"https:\/\/www.article-marketing.eu\/comunicati\/comunicati-stampa\/eventi\/nasce-queno-agenzia-di-servizi-integrati-per-leditoria-e-la-comunicazione\/#breadcrumb","itemListElement":[{"@type":"ListItem","position":1,"name":"Home","item":"https:\/\/www.article-marketing.eu\/comunicati\/"},{"@type":"ListItem","position":2,"name":"Nasce Queno&#8217;, Agenzia di Servizi Integrati per l&#8217;Editoria e la Comunicazione"}]},{"@type":"WebSite","@id":"https:\/\/www.article-marketing.eu\/comunicati\/#website","url":"https:\/\/www.article-marketing.eu\/comunicati\/","name":"Article Marketing","description":"article marketing &amp; press release","potentialAction":[{"@type":"SearchAction","target":{"@type":"EntryPoint","urlTemplate":"https:\/\/www.article-marketing.eu\/comunicati\/?s={search_term_string}"},"query-input":{"@type":"PropertyValueSpecification","valueRequired":true,"valueName":"search_term_string"}}],"inLanguage":"it-IT"},{"@type":"Person","@id":"https:\/\/www.article-marketing.eu\/comunicati\/#\/schema\/person\/44372e4d4d0fa797b18e03ed1ace9017","name":"Redazione Comunicati Stampa","image":{"@type":"ImageObject","inLanguage":"it-IT","@id":"https:\/\/www.article-marketing.eu\/comunicati\/#\/schema\/person\/image\/","url":"https:\/\/secure.gravatar.com\/avatar\/50e5c6421d3072f42e7ace803501602c60d75233d34e29fd05feb91c8760b792?s=96&d=mm&r=g","contentUrl":"https:\/\/secure.gravatar.com\/avatar\/50e5c6421d3072f42e7ace803501602c60d75233d34e29fd05feb91c8760b792?s=96&d=mm&r=g","caption":"Redazione Comunicati Stampa"},"url":"https:\/\/www.article-marketing.eu\/comunicati\/author\/redazione-comunicati-stampa\/"}]}},"_links":{"self":[{"href":"https:\/\/www.article-marketing.eu\/comunicati\/wp-json\/wp\/v2\/posts\/1300","targetHints":{"allow":["GET"]}}],"collection":[{"href":"https:\/\/www.article-marketing.eu\/comunicati\/wp-json\/wp\/v2\/posts"}],"about":[{"href":"https:\/\/www.article-marketing.eu\/comunicati\/wp-json\/wp\/v2\/types\/post"}],"author":[{"embeddable":true,"href":"https:\/\/www.article-marketing.eu\/comunicati\/wp-json\/wp\/v2\/users\/10"}],"replies":[{"embeddable":true,"href":"https:\/\/www.article-marketing.eu\/comunicati\/wp-json\/wp\/v2\/comments?post=1300"}],"version-history":[{"count":0,"href":"https:\/\/www.article-marketing.eu\/comunicati\/wp-json\/wp\/v2\/posts\/1300\/revisions"}],"wp:attachment":[{"href":"https:\/\/www.article-marketing.eu\/comunicati\/wp-json\/wp\/v2\/media?parent=1300"}],"wp:term":[{"taxonomy":"category","embeddable":true,"href":"https:\/\/www.article-marketing.eu\/comunicati\/wp-json\/wp\/v2\/categories?post=1300"},{"taxonomy":"post_tag","embeddable":true,"href":"https:\/\/www.article-marketing.eu\/comunicati\/wp-json\/wp\/v2\/tags?post=1300"}],"curies":[{"name":"wp","href":"https:\/\/api.w.org\/{rel}","templated":true}]}}