{"id":1320,"date":"2009-02-09T22:52:36","date_gmt":"2009-02-09T21:52:36","guid":{"rendered":"http:\/\/www.article-marketing.eu\/comunicati\/senza-categoria\/recensione-del-film-in-dvd-lalba-della-libert%e0\/"},"modified":"2009-02-09T22:52:36","modified_gmt":"2009-02-09T21:52:36","slug":"recensione-del-film-in-dvd-lalba-della-libert%e0","status":"publish","type":"post","link":"https:\/\/www.article-marketing.eu\/comunicati\/arte-e-cultura\/cinema\/recensione-del-film-in-dvd-lalba-della-libert%e0\/","title":{"rendered":"Recensione del  film in dvd \u201cL&#8217;alba della libert\u00e0\u201d"},"content":{"rendered":"<p>&quot;L&#8217;alba della libert\u00e0&quot; si ispira alla vera storia di Dieter Dengler, (Christian Bale), aviatore americano di origine tedesca, mandato in missione nel Laos, all&#8217;alba della guerra in VietNam, nel 1965. <br \/>Nel corso dell&#8217;incursione, il sua aereo viene abbattuto e Dieter viene fatto prigioniero dalla milizia laotiana e trasferito in un campo di detenzione nel mezzo della giungla, dove conosce altri prigionieri, tra i quali due americani: Eugene, (Jeremy Davies) e Duane, (Steve Zahn). <br \/>Subito, Dieter progetta di fuggire con i suoi due connazionali, con l&#8217;arrivo della prossima stagione delle piogge e per molti giorni sopravvive nella giungla, cercando, tra mille difficolt\u00e0 e pericoli,di essere avvistato dalle forze di volo americane. <br \/>Il film, nella sua drammatica trasposizione di un fatto realmente accaduto, riprende il tema sviluppato dal regista Werner Herzog,nel suo documentario del 1997 &quot;Little Dieter Needs To Fly&quot;, (&quot;Il piccolo Dieter vuole volare&quot;), e lo approfondisce, evidenziando gli aspetti caratteriali del protagonista, inserito in un ambiente ostile e minaccioso e trattando la misura della sua intima realt\u00e0 di uomo nella sfera degli accadimenti che lo coinvolgono. <br \/>Herzog ritorna al tema che contraddistingue la creativit\u00e0 della sua carriera dietro la macchina da presa: la ferma determinazione di un uomo &#8211; non &#8211; eroe, il cui obiettivo inderogabile \u00e8 quello di concretizzare il proprio sogno, nel pieno contrasto con la ferocia e crudele indifferenza dell&#8217;ambiente che soffoca il suo profondo desiderio. <br \/>Come l&#8217;ossessione che disegna i tratti di &quot;Fitzcarraldo&quot; e di &quot;Aguirre, furore di Dio&quot;, la caparbia ostinazione di Dieter lo guida nella sua ricerca di salvezza, spingendolo agli estremi delle potenzialit\u00e0 umane e sfiorando i lembi di una follia compressa. <br \/>La scena della fuga dall&#8217;aereo abbattuto, in territorio nemico, condensa angosciosa inquietudine e paura ed evoca la sensazione di smarrimento in una solitudine di un uomo abbandonato ad un destino che presagisce echi di morte. <br \/>Herzog intesse e presenta gli eventi di questa prima porzione di pellicola lavorando con taglio documentaristico e configurando uno scarno resoconto di fatti essenziali ed impoveriti da tutto ci\u00f2 che possa distogliere l&#8217;attenzione da quella che \u00e8 la situazione nella quale il protagonista \u00e8 inserito. <br \/>Quello che caratterizza le sequenze dei primi 30 minuti di film \u00e8 riconducibile alla condizione di tragica ed isolata solitudine e la precariet\u00e0 che grava sul destino di Dieter,come la minaccia di un&#8217;ombra che possa togliere ogni possibilit\u00e0 di salvezza al protagonista che scivola da una situazione di soldato attivo in missione, alla successiva configurazione di prigioniero alla merc\u00e8 del nemico. <br \/>Ma in questo contesto,colpisce l&#8217;atteggiamento di Bale, che regala al suo personaggio un atteggiamento di serafica arrendevolezza,quasi un infantile stupore di fronte ad eventi dei quali non realizza la reale gravit\u00e0. <br \/>Dieter attinge dalla sua naturale purezza, nell&#8217;interrogatorio con l&#8217;ufficiale laotiano, che con una perfetta padronanza della lingua inglese, (pi\u00f9 credibile nelle legg\u00e8re inflessioni dell&#8217;originale), induce il prigioniero a firmare un documento che attesta e condanna l&#8217;aggressione del sistema imperialistico americano e la corrotta e traviata politica intrapresa ai danni delle pacifiche classi lavorative. <br \/>Ma Dieter manifesta un comportamento di sconcertante tranquillit\u00e0 reagendo all&#8217;imposizione con disincarnata purezza ed una disposizione d&#8217;animo che sfiora l&#8217;incoscienza. <br \/>Interrogato sul perch\u00e8 lui, personalmente, fosse in guerra contro il Laos, Dieter risponde con disarmante serenit\u00e0 che &quot;lui non voleva andare in guerra, ne aveva vista abbastanza ,quand&#8217;era bambino.<br \/>Lui voleva soltanto volare!&quot; <br \/>Dieter aggiunge che ama l&#8217;America, che gli &quot;ha dato le ali ! &quot; <br \/>Qui si intrecciano due aspetti primari della persona, che presenta la sua intima essenza. <br \/>Per due volte sucessive, nel contesto di pochi secondi, Dieter parla di ali e di volare, quasi fosse lo scopo ultimo del suo agire, il gioco pi\u00f9 prezioso in suo possesso ed il regista richiama il suo precedente lavoro del &#8217;97,dove Dieter, piccolo, voleva volare (ha bisogno, di volare, nell&#8217;originale inglese). <br \/>Ma il soldato parla anche dell&#8217;America, del suo Paese, che ama, pur non essendovi nato. <br \/>Sono due aspetti complementari ed esaurienti di una stessa persona, che li mette in evidenza con la leggerezza quasi incosciente di un bimbo non consapevole della sua situazione, ma fermo e deciso nella sua volont\u00e0.<\/p>\n<p>L&#8217;incontro con i compagni di prigionia procede sulla stessa linea,con il ritmo lieve di una candida ingenuit\u00e0 che aggrazia uno scenario di una prevedibile certezza: la speranza come dato di fatto. <br \/>Herzog non mira al racconto di un uomo -mito ed erigerlo a paladino di una eroica giustizia. <br \/>La sua intenzione in &quot;L&#8217;alba della libert\u00e0&quot;, \u00e8 quella di mettere insieme tre personaggi, riuniti in una situazione estrema,ed osservare il loro comportamento. <br \/>Ne risulta, che il film \u00e8 uno studio sull&#8217;atteggiamento umano, un attento esame sulle particolarit\u00e0 che portano ad un interazione fra diverse personalit\u00e0. <br \/>Gene, Dietere Davies, giocano il loro ruolo, creando un dramma di un microcosmo saturato di una condizione di pericolo,con un differente approccio reattivo alla dimensione nella quale sono inseriti. <br \/>Gene \u00e8 una persona docile e remissiva, convinta dell&#8217;approssimarsi della salvezza, che verr\u00e0, in ogni caso. <br \/>Fiducioso dell&#8217;intervento dell&#8217;esercito, che li salver\u00e0, resta ai margini di Dieter e nutre sospetto verso i suoi progetti di fuga, che ritiene superflui e pericolosi. <br \/>Al contrario, Duane si allea con Dieter e lo segue fiducioso, riponendo in lui le sue speranze di sopravvivere. <br \/>Nel procedere della vicenda Dieter e Duane restano uniti e protesi verso una meta che li unisce e li accomune,formando un binomio di due personait\u00e0 opposte ma inscindibili. <br \/>Dieter si apre all&#8217;amico e gli racconta di come, da bambino s&#8217;innamor\u00f2 del volo, quando,durante un bombardamento, un caccia vol\u00f2 cos\u00ec vicino a lui, da permettergli di vedere gli occhi del pilota. <br \/>Questa esperienza segn\u00f2 cos\u00ec profondamente l&#8217;animo del ragazzo,che ne rest\u00f2 condizionato per tutta la vita. <br \/>E cos\u00ec, in un momento di confessione liberatoria, Dieter, raccontando di s\u00e8 stesso, confida all&#8217;amico che&quot;&#8230;da quel momento in poi,il piccolo Dieter ha deciso di volare&#8230;&quot; <br \/>L&#8217;enfasi con la quale Dieter racconta il suo episodio di fanciullo,che lo mise per la prima volta di fronte ad una condizione di morte imminente,aiuta a comprendere la visione infantile che un bimbo ha del proprio futuro,che d&#8217;ora in poi lo porter\u00e0 a vedere la propria vita sulle ali di un aeroplano sul quale voler\u00e0 in una vita fantastica,vissuta nella gioiosa atmosfera di un sogno illusorio. <br \/>E,peraltro,\u00e8 bellissima la risposta di Gene,che replica:&quot;Sei uno strano uccello,Dieter.Quello cerca di uccidertie tu vuoi rubargli il lavoro!&quot; <br \/>All&#8217;ostinata decisione di Dieter di fuggire, fa riscontro la tenace convinzione di Gene che la liberazione \u00e8 prossima,vicina e non per loro merito. <br \/>E&#8217; vano per Gene,ogni tentativo di procurarsi la libert\u00e0 con i propri mezzi,perch\u00e8 la scarcerazione verr\u00e0, in ogni caso, per l&#8217;intervento esterno dell&#8217;esercito, che egli rifiuta pensare possa averli dimenticati.<br \/>Il regista&nbsp; insiste ossessivamente sulle estreme condizioni di vita dei prigionieri,sia nella fase di reclusione nel campo, che durante la fuga nella giungla e fissa ostinatamente l&#8217;attenzione sull&#8217;interazione fra i personaggi e sul reciproco rapporto che si instaura nelle diverse situazioni, evidenziando i tratti dei rispettivi caratteri e le natura del temperamento che li contraddistingue. <br \/>La forza della determinazione di Dieter si rivela sorprendentemente risoluta,nell&#8217;episodio dell&#8217;organizzazione della fuga,quando il protagonista manifesta il suo rabbioso anelito alla libert\u00e0,confermando la sua posizione di leader all&#8217;interno della compagnia. <br \/>Herzog sottolinea che la sopravvivenza richiede una attenta combinazione di attenzione ai dettagli e di vigilanza,non disgiunta da una pronta immaginazione,abilit\u00e0 e fede e Dieter sembra essere un maestro di questa arte.<\/p>\n<p>Il suo atteggiamento vaporoso e stupito di uomo che stenta a coniugare la propria fantasia con la realt\u00e0 che sta vivendo, viene scalzata con risoluta veemenza da una ferrea volont\u00e0 protesa al raggiungimento del fine ultimo: eliminare i ceppi che gli impediscono di volare nel cielo liberamente,come un uccello o un aeroplano. <br \/>Scritto e diretto da Herzog, come suo primo lavoro a Hollywood, prodotto a basso costo, nonostante il buon cast,&quot;L&#8217;alba della libert\u00e0&quot;, \u00e8 passato inosservato in Italia e non ha mai conosciuto il grande schermo, uscendo solo in versione DVD. <br \/>Accolto, invece in USA da una critica favorevole e ben disposta a riconoscerne i valori, la pellicola reclama a pieni polmoni il suo diritto all&#8217;elogio al valore militare americano, in un&#8217;ottica patriotica divergente da una visione interventistica che decret\u00f2 allora ed oggi un&#8217;immagine triste di un Paese coinvolto in una sconfitta politica a livello planetario.<\/p>\n","protected":false},"excerpt":{"rendered":"<p>Ecco un\u2019idea per chi vuole vedere un bel film che non \u00e8 uscito al cinema in italia ma \u00e8 appena stato publicato in dvd, il film \u00e8 &#8220;L&#8217;alba della libert\u00e0&#8221;<\/p>\n","protected":false},"author":10,"featured_media":0,"comment_status":"open","ping_status":"open","sticky":false,"template":"","format":"standard","meta":{"cybocfi_hide_featured_image":"","footnotes":""},"categories":[202],"tags":[17,2603,3050,4461,544],"class_list":["post-1320","post","type-post","status-publish","format-standard","hentry","category-cinema","tag-cinema","tag-dvd","tag-film","tag-lalba-della-liberta","tag-recensione"],"yoast_head":"<!-- This site is optimized with the Yoast SEO plugin v27.0 - https:\/\/yoast.com\/product\/yoast-seo-wordpress\/ -->\n<title>Recensione del film in dvd \u201cL&#039;alba della libert\u00e0\u201d - Article Marketing<\/title>\n<meta name=\"robots\" content=\"index, follow, max-snippet:-1, max-image-preview:large, max-video-preview:-1\" \/>\n<link rel=\"canonical\" href=\"https:\/\/www.article-marketing.eu\/comunicati\/arte-e-cultura\/cinema\/recensione-del-film-in-dvd-lalba-della-libert?\/\" \/>\n<meta property=\"og:locale\" content=\"it_IT\" \/>\n<meta property=\"og:type\" content=\"article\" \/>\n<meta property=\"og:title\" content=\"Recensione del film in dvd \u201cL&#039;alba della libert\u00e0\u201d - Article Marketing\" \/>\n<meta property=\"og:description\" content=\"Ecco un\u2019idea per chi vuole vedere un bel film che non \u00e8 uscito al cinema in italia ma \u00e8 appena stato publicato in dvd, il film \u00e8 &quot;L&#039;alba della libert\u00e0&quot;\" \/>\n<meta property=\"og:url\" content=\"\" \/>\n<meta property=\"og:site_name\" content=\"Article Marketing\" \/>\n<meta property=\"article:published_time\" content=\"2009-02-09T21:52:36+00:00\" \/>\n<meta name=\"author\" content=\"Redazione Comunicati Stampa\" \/>\n<meta name=\"twitter:card\" content=\"summary_large_image\" \/>\n<meta name=\"twitter:label1\" content=\"Scritto da\" \/>\n\t<meta name=\"twitter:data1\" content=\"Redazione Comunicati Stampa\" \/>\n\t<meta name=\"twitter:label2\" content=\"Tempo di lettura stimato\" \/>\n\t<meta name=\"twitter:data2\" content=\"7 minuti\" \/>\n<script type=\"application\/ld+json\" class=\"yoast-schema-graph\">{\"@context\":\"https:\/\/schema.org\",\"@graph\":[{\"@type\":\"Article\",\"@id\":\"https:\/\/www.article-marketing.eu\/comunicati\/arte-e-cultura\/cinema\/recensione-del-film-in-dvd-lalba-della-libert%e0\/#article\",\"isPartOf\":{\"@id\":\"https:\/\/www.article-marketing.eu\/comunicati\/arte-e-cultura\/cinema\/recensione-del-film-in-dvd-lalba-della-libert%e0\/\"},\"author\":{\"name\":\"Redazione Comunicati Stampa\",\"@id\":\"https:\/\/www.article-marketing.eu\/comunicati\/#\/schema\/person\/44372e4d4d0fa797b18e03ed1ace9017\"},\"headline\":\"Recensione del film in dvd \u201cL&#8217;alba della libert\u00e0\u201d\",\"datePublished\":\"2009-02-09T21:52:36+00:00\",\"mainEntityOfPage\":{\"@id\":\"https:\/\/www.article-marketing.eu\/comunicati\/arte-e-cultura\/cinema\/recensione-del-film-in-dvd-lalba-della-libert%e0\/\"},\"wordCount\":1411,\"commentCount\":0,\"keywords\":[\"cinema\",\"dvd\",\"film\",\"L'alba della libert\u00e0\",\"recensione\"],\"articleSection\":[\"Cinema\"],\"inLanguage\":\"it-IT\",\"potentialAction\":[{\"@type\":\"CommentAction\",\"name\":\"Comment\",\"target\":[\"https:\/\/www.article-marketing.eu\/comunicati\/arte-e-cultura\/cinema\/recensione-del-film-in-dvd-lalba-della-libert%e0\/#respond\"]}]},{\"@type\":\"WebPage\",\"@id\":\"https:\/\/www.article-marketing.eu\/comunicati\/arte-e-cultura\/cinema\/recensione-del-film-in-dvd-lalba-della-libert%e0\/\",\"url\":\"https:\/\/www.article-marketing.eu\/comunicati\/arte-e-cultura\/cinema\/recensione-del-film-in-dvd-lalba-della-libert%e0\/\",\"name\":\"Recensione del film in dvd \u201cL'alba della libert\u00e0\u201d - Article Marketing\",\"isPartOf\":{\"@id\":\"https:\/\/www.article-marketing.eu\/comunicati\/#website\"},\"datePublished\":\"2009-02-09T21:52:36+00:00\",\"author\":{\"@id\":\"https:\/\/www.article-marketing.eu\/comunicati\/#\/schema\/person\/44372e4d4d0fa797b18e03ed1ace9017\"},\"breadcrumb\":{\"@id\":\"https:\/\/www.article-marketing.eu\/comunicati\/arte-e-cultura\/cinema\/recensione-del-film-in-dvd-lalba-della-libert%e0\/#breadcrumb\"},\"inLanguage\":\"it-IT\",\"potentialAction\":[{\"@type\":\"ReadAction\",\"target\":[\"https:\/\/www.article-marketing.eu\/comunicati\/arte-e-cultura\/cinema\/recensione-del-film-in-dvd-lalba-della-libert%e0\/\"]}]},{\"@type\":\"BreadcrumbList\",\"@id\":\"https:\/\/www.article-marketing.eu\/comunicati\/arte-e-cultura\/cinema\/recensione-del-film-in-dvd-lalba-della-libert%e0\/#breadcrumb\",\"itemListElement\":[{\"@type\":\"ListItem\",\"position\":1,\"name\":\"Home\",\"item\":\"https:\/\/www.article-marketing.eu\/comunicati\/\"},{\"@type\":\"ListItem\",\"position\":2,\"name\":\"Recensione del film in dvd \u201cL&#8217;alba della libert\u00e0\u201d\"}]},{\"@type\":\"WebSite\",\"@id\":\"https:\/\/www.article-marketing.eu\/comunicati\/#website\",\"url\":\"https:\/\/www.article-marketing.eu\/comunicati\/\",\"name\":\"Article Marketing\",\"description\":\"article marketing &amp; press release\",\"potentialAction\":[{\"@type\":\"SearchAction\",\"target\":{\"@type\":\"EntryPoint\",\"urlTemplate\":\"https:\/\/www.article-marketing.eu\/comunicati\/?s={search_term_string}\"},\"query-input\":{\"@type\":\"PropertyValueSpecification\",\"valueRequired\":true,\"valueName\":\"search_term_string\"}}],\"inLanguage\":\"it-IT\"},{\"@type\":\"Person\",\"@id\":\"https:\/\/www.article-marketing.eu\/comunicati\/#\/schema\/person\/44372e4d4d0fa797b18e03ed1ace9017\",\"name\":\"Redazione Comunicati Stampa\",\"image\":{\"@type\":\"ImageObject\",\"inLanguage\":\"it-IT\",\"@id\":\"https:\/\/www.article-marketing.eu\/comunicati\/#\/schema\/person\/image\/\",\"url\":\"https:\/\/secure.gravatar.com\/avatar\/50e5c6421d3072f42e7ace803501602c60d75233d34e29fd05feb91c8760b792?s=96&d=mm&r=g\",\"contentUrl\":\"https:\/\/secure.gravatar.com\/avatar\/50e5c6421d3072f42e7ace803501602c60d75233d34e29fd05feb91c8760b792?s=96&d=mm&r=g\",\"caption\":\"Redazione Comunicati Stampa\"},\"url\":\"https:\/\/www.article-marketing.eu\/comunicati\/author\/redazione-comunicati-stampa\/\"}]}<\/script>\n<!-- \/ Yoast SEO plugin. -->","yoast_head_json":{"title":"Recensione del film in dvd \u201cL'alba della libert\u00e0\u201d - Article Marketing","robots":{"index":"index","follow":"follow","max-snippet":"max-snippet:-1","max-image-preview":"max-image-preview:large","max-video-preview":"max-video-preview:-1"},"canonical":"https:\/\/www.article-marketing.eu\/comunicati\/arte-e-cultura\/cinema\/recensione-del-film-in-dvd-lalba-della-libert?\/","og_locale":"it_IT","og_type":"article","og_title":"Recensione del film in dvd \u201cL'alba della libert\u00e0\u201d - Article Marketing","og_description":"Ecco un\u2019idea per chi vuole vedere un bel film che non \u00e8 uscito al cinema in italia ma \u00e8 appena stato publicato in dvd, il film \u00e8 \"L'alba della libert\u00e0\"","og_url":"https:\/\/www.article-marketing.eu\/comunicati\/arte-e-cultura\/cinema\/recensione-del-film-in-dvd-lalba-della-libert?\/","og_site_name":"Article Marketing","article_published_time":"2009-02-09T21:52:36+00:00","author":"Redazione Comunicati Stampa","twitter_card":"summary_large_image","twitter_misc":{"Scritto da":"Redazione Comunicati Stampa","Tempo di lettura stimato":"7 minuti"},"schema":{"@context":"https:\/\/schema.org","@graph":[{"@type":"Article","@id":"https:\/\/www.article-marketing.eu\/comunicati\/arte-e-cultura\/cinema\/recensione-del-film-in-dvd-lalba-della-libert%e0\/#article","isPartOf":{"@id":"https:\/\/www.article-marketing.eu\/comunicati\/arte-e-cultura\/cinema\/recensione-del-film-in-dvd-lalba-della-libert%e0\/"},"author":{"name":"Redazione Comunicati Stampa","@id":"https:\/\/www.article-marketing.eu\/comunicati\/#\/schema\/person\/44372e4d4d0fa797b18e03ed1ace9017"},"headline":"Recensione del film in dvd \u201cL&#8217;alba della libert\u00e0\u201d","datePublished":"2009-02-09T21:52:36+00:00","mainEntityOfPage":{"@id":"https:\/\/www.article-marketing.eu\/comunicati\/arte-e-cultura\/cinema\/recensione-del-film-in-dvd-lalba-della-libert%e0\/"},"wordCount":1411,"commentCount":0,"keywords":["cinema","dvd","film","L'alba della libert\u00e0","recensione"],"articleSection":["Cinema"],"inLanguage":"it-IT","potentialAction":[{"@type":"CommentAction","name":"Comment","target":["https:\/\/www.article-marketing.eu\/comunicati\/arte-e-cultura\/cinema\/recensione-del-film-in-dvd-lalba-della-libert%e0\/#respond"]}]},{"@type":"WebPage","@id":"https:\/\/www.article-marketing.eu\/comunicati\/arte-e-cultura\/cinema\/recensione-del-film-in-dvd-lalba-della-libert%e0\/","url":"https:\/\/www.article-marketing.eu\/comunicati\/arte-e-cultura\/cinema\/recensione-del-film-in-dvd-lalba-della-libert%e0\/","name":"Recensione del film in dvd \u201cL'alba della libert\u00e0\u201d - Article Marketing","isPartOf":{"@id":"https:\/\/www.article-marketing.eu\/comunicati\/#website"},"datePublished":"2009-02-09T21:52:36+00:00","author":{"@id":"https:\/\/www.article-marketing.eu\/comunicati\/#\/schema\/person\/44372e4d4d0fa797b18e03ed1ace9017"},"breadcrumb":{"@id":"https:\/\/www.article-marketing.eu\/comunicati\/arte-e-cultura\/cinema\/recensione-del-film-in-dvd-lalba-della-libert%e0\/#breadcrumb"},"inLanguage":"it-IT","potentialAction":[{"@type":"ReadAction","target":["https:\/\/www.article-marketing.eu\/comunicati\/arte-e-cultura\/cinema\/recensione-del-film-in-dvd-lalba-della-libert%e0\/"]}]},{"@type":"BreadcrumbList","@id":"https:\/\/www.article-marketing.eu\/comunicati\/arte-e-cultura\/cinema\/recensione-del-film-in-dvd-lalba-della-libert%e0\/#breadcrumb","itemListElement":[{"@type":"ListItem","position":1,"name":"Home","item":"https:\/\/www.article-marketing.eu\/comunicati\/"},{"@type":"ListItem","position":2,"name":"Recensione del film in dvd \u201cL&#8217;alba della libert\u00e0\u201d"}]},{"@type":"WebSite","@id":"https:\/\/www.article-marketing.eu\/comunicati\/#website","url":"https:\/\/www.article-marketing.eu\/comunicati\/","name":"Article Marketing","description":"article marketing &amp; press release","potentialAction":[{"@type":"SearchAction","target":{"@type":"EntryPoint","urlTemplate":"https:\/\/www.article-marketing.eu\/comunicati\/?s={search_term_string}"},"query-input":{"@type":"PropertyValueSpecification","valueRequired":true,"valueName":"search_term_string"}}],"inLanguage":"it-IT"},{"@type":"Person","@id":"https:\/\/www.article-marketing.eu\/comunicati\/#\/schema\/person\/44372e4d4d0fa797b18e03ed1ace9017","name":"Redazione Comunicati Stampa","image":{"@type":"ImageObject","inLanguage":"it-IT","@id":"https:\/\/www.article-marketing.eu\/comunicati\/#\/schema\/person\/image\/","url":"https:\/\/secure.gravatar.com\/avatar\/50e5c6421d3072f42e7ace803501602c60d75233d34e29fd05feb91c8760b792?s=96&d=mm&r=g","contentUrl":"https:\/\/secure.gravatar.com\/avatar\/50e5c6421d3072f42e7ace803501602c60d75233d34e29fd05feb91c8760b792?s=96&d=mm&r=g","caption":"Redazione Comunicati Stampa"},"url":"https:\/\/www.article-marketing.eu\/comunicati\/author\/redazione-comunicati-stampa\/"}]}},"_links":{"self":[{"href":"https:\/\/www.article-marketing.eu\/comunicati\/wp-json\/wp\/v2\/posts\/1320","targetHints":{"allow":["GET"]}}],"collection":[{"href":"https:\/\/www.article-marketing.eu\/comunicati\/wp-json\/wp\/v2\/posts"}],"about":[{"href":"https:\/\/www.article-marketing.eu\/comunicati\/wp-json\/wp\/v2\/types\/post"}],"author":[{"embeddable":true,"href":"https:\/\/www.article-marketing.eu\/comunicati\/wp-json\/wp\/v2\/users\/10"}],"replies":[{"embeddable":true,"href":"https:\/\/www.article-marketing.eu\/comunicati\/wp-json\/wp\/v2\/comments?post=1320"}],"version-history":[{"count":0,"href":"https:\/\/www.article-marketing.eu\/comunicati\/wp-json\/wp\/v2\/posts\/1320\/revisions"}],"wp:attachment":[{"href":"https:\/\/www.article-marketing.eu\/comunicati\/wp-json\/wp\/v2\/media?parent=1320"}],"wp:term":[{"taxonomy":"category","embeddable":true,"href":"https:\/\/www.article-marketing.eu\/comunicati\/wp-json\/wp\/v2\/categories?post=1320"},{"taxonomy":"post_tag","embeddable":true,"href":"https:\/\/www.article-marketing.eu\/comunicati\/wp-json\/wp\/v2\/tags?post=1320"}],"curies":[{"name":"wp","href":"https:\/\/api.w.org\/{rel}","templated":true}]}}