{"id":1323,"date":"2009-02-11T12:46:06","date_gmt":"2009-02-11T11:46:06","guid":{"rendered":"http:\/\/www.article-marketing.eu\/comunicati\/senza-categoria\/fordfiesta-sponsor-ufficiale-del-musical-hair\/"},"modified":"2020-08-10T01:16:24","modified_gmt":"2020-08-09T23:16:24","slug":"fordfiesta-sponsor-ufficiale-del-musical-hair","status":"publish","type":"post","link":"https:\/\/www.article-marketing.eu\/comunicati\/economia-e-lavoro\/aziende\/fordfiesta-sponsor-ufficiale-del-musical-hair\/","title":{"rendered":"FordFiesta sponsor ufficiale del musical Hair"},"content":{"rendered":"<p>Dirompente, trasgressivo e innovativo: riparte \u201cHAIR\u201d.<\/p>\n<p>Il musical padre dell\u2019opera-rock, prodotto in italiano dal TEATRO DELLE ERBE, percorre l\u2019Italia con la FordFiesta per la seconda parte del tour 2008-2009, che vede il cast calcare i palcoscenici di 27 citt\u00e0 lungo tutto lo stivale. <\/p>\n<p>FordFiesta, \u00e8 l&#8217;ultima interpretazione della filosofia del &#8220;kinetic design&#8221; di Ford, trasmette emozione e dinamicit\u00e0 e rappresenta il moderno e dinamico look della famiglia Ford nel segmento delle vetture compatte. Dopo aver conquistato il mercato confermandosi la vettura estera pi\u00f9 venduta in Italia, \u00e8 la compagna di viaggio di HAIR.<\/p>\n<p>\u201cHAIR\u201d rivisto rispetto all\u2019edizione precedente e con il cast rinnovato, \u00e8 partito a fine novembre dal teatro Traiano di Civitavecchia e al termine del prima parte del tour pu\u00f2 dire numeri di tutto rispetto. <\/p>\n<p>Il riscontro positivo di pubblico e critica \u00e8 confermato dal grande pregio di aver registrato il tutto esaurito nei teatri comunali, inoltre dall&#8217;inizio del tour a dicembre sono state numerose le doppie richieste.<br \/>\nIl sold out \u00e8 stato infatti registrato in quasi tutte le tredici tappe della prima parte del tour italiano, repliche comprese. <\/p>\n<p>Anche oggi, ai suoi primi quarant\u2019anni dal debutto, \u201cHAIR\u201d trascende ogni barriera generazionale o culturale per diventare messaggio universale.<br \/>\nMessaggio sapientemente espresso sia dall\u2019abilit\u00e0 della recitazione e del canto, sia dalla scelta di una scenografia moderna che vede l\u2019utilizzo di video wall, su cui testi e immagini proiettati rendono pi\u00f9 vivo il messaggio.<\/p>\n<p>\u201cHAIR\u201d in versione italiana \u00e8 uno spettacolo che fa battere il cuore al ritmo di un sound corale che investe, riempie e appaga ogni senso: per chi desidera vivere il teatro e non solo esserne mero spettatore.<br \/>\nTravolgente, grazie all\u2019abile recitazione in italiano dei protagonisti sul palco, \u00e8 forte di parallelismi e incursioni contemporanee con videoclip proiettati sul fondo della scena, che si sovrappongono alla trama senza snaturarla. Le immagini passano della polizia americana che sgombera le universit\u00e0 occupate dai pacifisti negli Anni 60, agli scontri al G8 di Genova toccando la ferocia della guerra in Vietnam. <\/p>\n<p>Tra voci potenti e corpi sinuosi che si intrecciano, l\u2019atmosfera si scalda con il passare dei minuti e diventa incandescente sulle note della conclusiva Let The Sunshine In, un rock gospel dirompente, scandito dal battimani del pubblico che diventa parte integrante dello show quando la comune hippie si trasferisce dal palco alla platea nei momenti pi\u00f9 caldi e travolgenti della colonna sonora cantata dal vivo rigorosamente in lingua originale. <\/p>\n<p>Elisa alla direzione musicale, David Parsons per le coreografie, Giampiero Solari alla regia insieme a Luca Tommassini: quattro grandi nomi dello spettacolo per la nuova versione italiana di \u201cHAIR\u201d, la produzione di questa nuova stagione \u00e8 firmata dal Teatro delle Erbe srl. www.hairthemusical.it<\/p>\n<p>Il Cast \u00e8 composto da:<br \/>\nGIANLUCA MEROLLI, from Italy, \u00e8 CLAUDE<br \/>\nATTILIO FONTANA, from Italy, \u00e8 BERGER<br \/>\nVALERIO DI ROCCO, from Italy, \u00e8 WOOF<br \/>\nBIANCA ARNDT, from Germany, \u00e8 SHEILA<br \/>\nKATE KELLY, from USA, \u00e8 CRISSY<br \/>\nCINDY CATTARUZZA, from Italy, \u00e8 DIONNE<br \/>\nFRANCESCA I. CIAMPA, from Italy, \u00e8 JEANNIE<\/p>\n<p>La TRIBE \u00e8 composta da:<br \/>\nGAETANO CARUSO, from Italy<br \/>\nELISA MARCANTONIO, from Italy<br \/>\nROBERTO CARROZZINO, from Italy<br \/>\nMAYA EVELINE SHARPE, from USA<br \/>\nMARTINA GRILLI, from Italy<br \/>\nGREGORY MARLOW, from USA<br \/>\nSAMUEL J. JACKSON, from USA, \u00e8 HUD<\/p>\n","protected":false},"excerpt":{"rendered":"<p>Il musical HAIR padre dell\u2019opera-rock, prodotto in italiano dal TEATRO DELLE ERBE, percorre l\u2019Italia con la FordFiesta per la seconda parte del tour 2008-2009, che vede il cast calcare i palcoscenici di 27 citt\u00e0 lungo tutto lo stivale.<br \/>\nFordFiesta, \u00e8 l&#8217;ultima interpretazione della filosofia del &#8220;kinetic design&#8221; di Ford, trasmette emozione e dinamicit\u00e0 e rappresenta il moderno e dinamico look della famiglia Ford nel segmento delle vetture compatte. Dopo aver conquistato il mercato confermandosi la vettura estera pi\u00f9 venduta in Italia, \u00e8 la compagna di viaggio di HAIR.<\/p>\n","protected":false},"author":10,"featured_media":0,"comment_status":"open","ping_status":"open","sticky":false,"template":"","format":"standard","meta":{"cybocfi_hide_featured_image":"","footnotes":""},"categories":[129],"tags":[353,483,1928,4470,4468,4467,4472,245,45,28,4471,16,4469,1468,2955],"class_list":["post-1323","post","type-post","status-publish","format-standard","hentry","category-aziende","tag-auto","tag-aziende","tag-danza","tag-elisa","tag-ford-fiesta","tag-hair","tag-luca-tommassini","tag-marketing","tag-musica","tag-musical","tag-solari","tag-spettacolo","tag-sponsor","tag-teatro","tag-tour"],"yoast_head":"<!-- This site is optimized with the Yoast SEO plugin v27.0 - https:\/\/yoast.com\/product\/yoast-seo-wordpress\/ -->\n<title>FordFiesta sponsor ufficiale del musical Hair - Article Marketing<\/title>\n<meta name=\"robots\" content=\"index, follow, max-snippet:-1, max-image-preview:large, max-video-preview:-1\" \/>\n<link rel=\"canonical\" href=\"https:\/\/www.article-marketing.eu\/comunicati\/economia-e-lavoro\/aziende\/fordfiesta-sponsor-ufficiale-del-musical-hair\/\" \/>\n<meta property=\"og:locale\" content=\"it_IT\" \/>\n<meta property=\"og:type\" content=\"article\" \/>\n<meta property=\"og:title\" content=\"FordFiesta sponsor ufficiale del musical Hair - Article Marketing\" \/>\n<meta property=\"og:description\" content=\"Il musical HAIR padre dell\u2019opera-rock, prodotto in italiano dal TEATRO DELLE ERBE, percorre l\u2019Italia con la FordFiesta per la seconda parte del tour 2008-2009, che vede il cast calcare i palcoscenici di 27 citt\u00e0 lungo tutto lo stivale. FordFiesta, \u00e8 l&#039;ultima interpretazione della filosofia del &quot;kinetic design&quot; di Ford, trasmette emozione e dinamicit\u00e0 e rappresenta il moderno e dinamico look della famiglia Ford nel segmento delle vetture compatte. Dopo aver conquistato il mercato confermandosi la vettura estera pi\u00f9 venduta in Italia, \u00e8 la compagna di viaggio di HAIR.\" \/>\n<meta property=\"og:url\" content=\"https:\/\/www.article-marketing.eu\/comunicati\/economia-e-lavoro\/aziende\/fordfiesta-sponsor-ufficiale-del-musical-hair\/\" \/>\n<meta property=\"og:site_name\" content=\"Article Marketing\" \/>\n<meta property=\"article:published_time\" content=\"2009-02-11T11:46:06+00:00\" \/>\n<meta property=\"article:modified_time\" content=\"2020-08-09T23:16:24+00:00\" \/>\n<meta name=\"author\" content=\"Redazione Comunicati Stampa\" \/>\n<meta name=\"twitter:card\" content=\"summary_large_image\" \/>\n<meta name=\"twitter:label1\" content=\"Scritto da\" \/>\n\t<meta name=\"twitter:data1\" content=\"Redazione Comunicati Stampa\" \/>\n\t<meta name=\"twitter:label2\" content=\"Tempo di lettura stimato\" \/>\n\t<meta name=\"twitter:data2\" content=\"3 minuti\" \/>\n<script type=\"application\/ld+json\" class=\"yoast-schema-graph\">{\"@context\":\"https:\/\/schema.org\",\"@graph\":[{\"@type\":\"Article\",\"@id\":\"https:\/\/www.article-marketing.eu\/comunicati\/economia-e-lavoro\/aziende\/fordfiesta-sponsor-ufficiale-del-musical-hair\/#article\",\"isPartOf\":{\"@id\":\"https:\/\/www.article-marketing.eu\/comunicati\/economia-e-lavoro\/aziende\/fordfiesta-sponsor-ufficiale-del-musical-hair\/\"},\"author\":{\"name\":\"Redazione Comunicati Stampa\",\"@id\":\"https:\/\/www.article-marketing.eu\/comunicati\/#\/schema\/person\/44372e4d4d0fa797b18e03ed1ace9017\"},\"headline\":\"FordFiesta sponsor ufficiale del musical Hair\",\"datePublished\":\"2009-02-11T11:46:06+00:00\",\"dateModified\":\"2020-08-09T23:16:24+00:00\",\"mainEntityOfPage\":{\"@id\":\"https:\/\/www.article-marketing.eu\/comunicati\/economia-e-lavoro\/aziende\/fordfiesta-sponsor-ufficiale-del-musical-hair\/\"},\"wordCount\":525,\"commentCount\":0,\"keywords\":[\"auto\",\"aziende\",\"danza\",\"elisa\",\"Ford fiesta\",\"Hair\",\"Luca Tommassini\",\"marketing\",\"musica\",\"musical\",\"solari\",\"spettacolo\",\"sponsor\",\"teatro\",\"tour\"],\"articleSection\":[\"Aziende\"],\"inLanguage\":\"it-IT\",\"potentialAction\":[{\"@type\":\"CommentAction\",\"name\":\"Comment\",\"target\":[\"https:\/\/www.article-marketing.eu\/comunicati\/economia-e-lavoro\/aziende\/fordfiesta-sponsor-ufficiale-del-musical-hair\/#respond\"]}]},{\"@type\":\"WebPage\",\"@id\":\"https:\/\/www.article-marketing.eu\/comunicati\/economia-e-lavoro\/aziende\/fordfiesta-sponsor-ufficiale-del-musical-hair\/\",\"url\":\"https:\/\/www.article-marketing.eu\/comunicati\/economia-e-lavoro\/aziende\/fordfiesta-sponsor-ufficiale-del-musical-hair\/\",\"name\":\"FordFiesta sponsor ufficiale del musical Hair - Article Marketing\",\"isPartOf\":{\"@id\":\"https:\/\/www.article-marketing.eu\/comunicati\/#website\"},\"datePublished\":\"2009-02-11T11:46:06+00:00\",\"dateModified\":\"2020-08-09T23:16:24+00:00\",\"author\":{\"@id\":\"https:\/\/www.article-marketing.eu\/comunicati\/#\/schema\/person\/44372e4d4d0fa797b18e03ed1ace9017\"},\"breadcrumb\":{\"@id\":\"https:\/\/www.article-marketing.eu\/comunicati\/economia-e-lavoro\/aziende\/fordfiesta-sponsor-ufficiale-del-musical-hair\/#breadcrumb\"},\"inLanguage\":\"it-IT\",\"potentialAction\":[{\"@type\":\"ReadAction\",\"target\":[\"https:\/\/www.article-marketing.eu\/comunicati\/economia-e-lavoro\/aziende\/fordfiesta-sponsor-ufficiale-del-musical-hair\/\"]}]},{\"@type\":\"BreadcrumbList\",\"@id\":\"https:\/\/www.article-marketing.eu\/comunicati\/economia-e-lavoro\/aziende\/fordfiesta-sponsor-ufficiale-del-musical-hair\/#breadcrumb\",\"itemListElement\":[{\"@type\":\"ListItem\",\"position\":1,\"name\":\"Home\",\"item\":\"https:\/\/www.article-marketing.eu\/comunicati\/\"},{\"@type\":\"ListItem\",\"position\":2,\"name\":\"FordFiesta sponsor ufficiale del musical Hair\"}]},{\"@type\":\"WebSite\",\"@id\":\"https:\/\/www.article-marketing.eu\/comunicati\/#website\",\"url\":\"https:\/\/www.article-marketing.eu\/comunicati\/\",\"name\":\"Article Marketing\",\"description\":\"article marketing &amp; press release\",\"potentialAction\":[{\"@type\":\"SearchAction\",\"target\":{\"@type\":\"EntryPoint\",\"urlTemplate\":\"https:\/\/www.article-marketing.eu\/comunicati\/?s={search_term_string}\"},\"query-input\":{\"@type\":\"PropertyValueSpecification\",\"valueRequired\":true,\"valueName\":\"search_term_string\"}}],\"inLanguage\":\"it-IT\"},{\"@type\":\"Person\",\"@id\":\"https:\/\/www.article-marketing.eu\/comunicati\/#\/schema\/person\/44372e4d4d0fa797b18e03ed1ace9017\",\"name\":\"Redazione Comunicati Stampa\",\"image\":{\"@type\":\"ImageObject\",\"inLanguage\":\"it-IT\",\"@id\":\"https:\/\/www.article-marketing.eu\/comunicati\/#\/schema\/person\/image\/\",\"url\":\"https:\/\/secure.gravatar.com\/avatar\/50e5c6421d3072f42e7ace803501602c60d75233d34e29fd05feb91c8760b792?s=96&d=mm&r=g\",\"contentUrl\":\"https:\/\/secure.gravatar.com\/avatar\/50e5c6421d3072f42e7ace803501602c60d75233d34e29fd05feb91c8760b792?s=96&d=mm&r=g\",\"caption\":\"Redazione Comunicati Stampa\"},\"url\":\"https:\/\/www.article-marketing.eu\/comunicati\/author\/redazione-comunicati-stampa\/\"}]}<\/script>\n<!-- \/ Yoast SEO plugin. -->","yoast_head_json":{"title":"FordFiesta sponsor ufficiale del musical Hair - Article Marketing","robots":{"index":"index","follow":"follow","max-snippet":"max-snippet:-1","max-image-preview":"max-image-preview:large","max-video-preview":"max-video-preview:-1"},"canonical":"https:\/\/www.article-marketing.eu\/comunicati\/economia-e-lavoro\/aziende\/fordfiesta-sponsor-ufficiale-del-musical-hair\/","og_locale":"it_IT","og_type":"article","og_title":"FordFiesta sponsor ufficiale del musical Hair - Article Marketing","og_description":"Il musical HAIR padre dell\u2019opera-rock, prodotto in italiano dal TEATRO DELLE ERBE, percorre l\u2019Italia con la FordFiesta per la seconda parte del tour 2008-2009, che vede il cast calcare i palcoscenici di 27 citt\u00e0 lungo tutto lo stivale. FordFiesta, \u00e8 l'ultima interpretazione della filosofia del \"kinetic design\" di Ford, trasmette emozione e dinamicit\u00e0 e rappresenta il moderno e dinamico look della famiglia Ford nel segmento delle vetture compatte. Dopo aver conquistato il mercato confermandosi la vettura estera pi\u00f9 venduta in Italia, \u00e8 la compagna di viaggio di HAIR.","og_url":"https:\/\/www.article-marketing.eu\/comunicati\/economia-e-lavoro\/aziende\/fordfiesta-sponsor-ufficiale-del-musical-hair\/","og_site_name":"Article Marketing","article_published_time":"2009-02-11T11:46:06+00:00","article_modified_time":"2020-08-09T23:16:24+00:00","author":"Redazione Comunicati Stampa","twitter_card":"summary_large_image","twitter_misc":{"Scritto da":"Redazione Comunicati Stampa","Tempo di lettura stimato":"3 minuti"},"schema":{"@context":"https:\/\/schema.org","@graph":[{"@type":"Article","@id":"https:\/\/www.article-marketing.eu\/comunicati\/economia-e-lavoro\/aziende\/fordfiesta-sponsor-ufficiale-del-musical-hair\/#article","isPartOf":{"@id":"https:\/\/www.article-marketing.eu\/comunicati\/economia-e-lavoro\/aziende\/fordfiesta-sponsor-ufficiale-del-musical-hair\/"},"author":{"name":"Redazione Comunicati Stampa","@id":"https:\/\/www.article-marketing.eu\/comunicati\/#\/schema\/person\/44372e4d4d0fa797b18e03ed1ace9017"},"headline":"FordFiesta sponsor ufficiale del musical Hair","datePublished":"2009-02-11T11:46:06+00:00","dateModified":"2020-08-09T23:16:24+00:00","mainEntityOfPage":{"@id":"https:\/\/www.article-marketing.eu\/comunicati\/economia-e-lavoro\/aziende\/fordfiesta-sponsor-ufficiale-del-musical-hair\/"},"wordCount":525,"commentCount":0,"keywords":["auto","aziende","danza","elisa","Ford fiesta","Hair","Luca Tommassini","marketing","musica","musical","solari","spettacolo","sponsor","teatro","tour"],"articleSection":["Aziende"],"inLanguage":"it-IT","potentialAction":[{"@type":"CommentAction","name":"Comment","target":["https:\/\/www.article-marketing.eu\/comunicati\/economia-e-lavoro\/aziende\/fordfiesta-sponsor-ufficiale-del-musical-hair\/#respond"]}]},{"@type":"WebPage","@id":"https:\/\/www.article-marketing.eu\/comunicati\/economia-e-lavoro\/aziende\/fordfiesta-sponsor-ufficiale-del-musical-hair\/","url":"https:\/\/www.article-marketing.eu\/comunicati\/economia-e-lavoro\/aziende\/fordfiesta-sponsor-ufficiale-del-musical-hair\/","name":"FordFiesta sponsor ufficiale del musical Hair - Article Marketing","isPartOf":{"@id":"https:\/\/www.article-marketing.eu\/comunicati\/#website"},"datePublished":"2009-02-11T11:46:06+00:00","dateModified":"2020-08-09T23:16:24+00:00","author":{"@id":"https:\/\/www.article-marketing.eu\/comunicati\/#\/schema\/person\/44372e4d4d0fa797b18e03ed1ace9017"},"breadcrumb":{"@id":"https:\/\/www.article-marketing.eu\/comunicati\/economia-e-lavoro\/aziende\/fordfiesta-sponsor-ufficiale-del-musical-hair\/#breadcrumb"},"inLanguage":"it-IT","potentialAction":[{"@type":"ReadAction","target":["https:\/\/www.article-marketing.eu\/comunicati\/economia-e-lavoro\/aziende\/fordfiesta-sponsor-ufficiale-del-musical-hair\/"]}]},{"@type":"BreadcrumbList","@id":"https:\/\/www.article-marketing.eu\/comunicati\/economia-e-lavoro\/aziende\/fordfiesta-sponsor-ufficiale-del-musical-hair\/#breadcrumb","itemListElement":[{"@type":"ListItem","position":1,"name":"Home","item":"https:\/\/www.article-marketing.eu\/comunicati\/"},{"@type":"ListItem","position":2,"name":"FordFiesta sponsor ufficiale del musical Hair"}]},{"@type":"WebSite","@id":"https:\/\/www.article-marketing.eu\/comunicati\/#website","url":"https:\/\/www.article-marketing.eu\/comunicati\/","name":"Article Marketing","description":"article marketing &amp; press release","potentialAction":[{"@type":"SearchAction","target":{"@type":"EntryPoint","urlTemplate":"https:\/\/www.article-marketing.eu\/comunicati\/?s={search_term_string}"},"query-input":{"@type":"PropertyValueSpecification","valueRequired":true,"valueName":"search_term_string"}}],"inLanguage":"it-IT"},{"@type":"Person","@id":"https:\/\/www.article-marketing.eu\/comunicati\/#\/schema\/person\/44372e4d4d0fa797b18e03ed1ace9017","name":"Redazione Comunicati Stampa","image":{"@type":"ImageObject","inLanguage":"it-IT","@id":"https:\/\/www.article-marketing.eu\/comunicati\/#\/schema\/person\/image\/","url":"https:\/\/secure.gravatar.com\/avatar\/50e5c6421d3072f42e7ace803501602c60d75233d34e29fd05feb91c8760b792?s=96&d=mm&r=g","contentUrl":"https:\/\/secure.gravatar.com\/avatar\/50e5c6421d3072f42e7ace803501602c60d75233d34e29fd05feb91c8760b792?s=96&d=mm&r=g","caption":"Redazione Comunicati Stampa"},"url":"https:\/\/www.article-marketing.eu\/comunicati\/author\/redazione-comunicati-stampa\/"}]}},"_links":{"self":[{"href":"https:\/\/www.article-marketing.eu\/comunicati\/wp-json\/wp\/v2\/posts\/1323","targetHints":{"allow":["GET"]}}],"collection":[{"href":"https:\/\/www.article-marketing.eu\/comunicati\/wp-json\/wp\/v2\/posts"}],"about":[{"href":"https:\/\/www.article-marketing.eu\/comunicati\/wp-json\/wp\/v2\/types\/post"}],"author":[{"embeddable":true,"href":"https:\/\/www.article-marketing.eu\/comunicati\/wp-json\/wp\/v2\/users\/10"}],"replies":[{"embeddable":true,"href":"https:\/\/www.article-marketing.eu\/comunicati\/wp-json\/wp\/v2\/comments?post=1323"}],"version-history":[{"count":1,"href":"https:\/\/www.article-marketing.eu\/comunicati\/wp-json\/wp\/v2\/posts\/1323\/revisions"}],"predecessor-version":[{"id":67216,"href":"https:\/\/www.article-marketing.eu\/comunicati\/wp-json\/wp\/v2\/posts\/1323\/revisions\/67216"}],"wp:attachment":[{"href":"https:\/\/www.article-marketing.eu\/comunicati\/wp-json\/wp\/v2\/media?parent=1323"}],"wp:term":[{"taxonomy":"category","embeddable":true,"href":"https:\/\/www.article-marketing.eu\/comunicati\/wp-json\/wp\/v2\/categories?post=1323"},{"taxonomy":"post_tag","embeddable":true,"href":"https:\/\/www.article-marketing.eu\/comunicati\/wp-json\/wp\/v2\/tags?post=1323"}],"curies":[{"name":"wp","href":"https:\/\/api.w.org\/{rel}","templated":true}]}}