{"id":1326,"date":"2009-02-10T16:44:21","date_gmt":"2009-02-10T15:44:21","guid":{"rendered":"http:\/\/www.article-marketing.eu\/comunicati\/senza-categoria\/ospedale-maggiore-di-bologna-inaugurato-oggi-l-edificio-d\/"},"modified":"2009-02-10T16:44:21","modified_gmt":"2009-02-10T15:44:21","slug":"ospedale-maggiore-di-bologna-inaugurato-oggi-l-edificio-d","status":"publish","type":"post","link":"https:\/\/www.article-marketing.eu\/comunicati\/salute-e-benessere\/medicina\/ospedale-maggiore-di-bologna-inaugurato-oggi-l-edificio-d\/","title":{"rendered":"Ospedale Maggiore di Bologna: inaugurato oggi l\u2019 Edificio D"},"content":{"rendered":"<p style=\"TEXT-ALIGN: justify\">E\u2019 stato inaugurata oggi la nuova ala dell\u2019Ospedale Maggiore di Bologna &#8211; Edificio D &#8211; alla presenza di numerose autorit\u00e0, tra cui Vasco Errani, Governatore della Regione Emilia Romagna, Giovanni Bissoni, assessore regionale alla Salute, Giuliano Barigazzi, assessore provinciale alla Sanit\u00e0, Giuseppe Paruolo, vicesindaco di Bologna, Francesco Ripa di Meana, direttore generale dell\u2019Azienda Usl di Bologna alla quale l\u2019Ospedale Maggiore fa capo. <\/p>\n<p style=\"TEXT-ALIGN: justify\">I lavori per la costruzione della nuova torre sono durati 5 anni e mezzo con un investimento di <strong>94 milioni <\/strong>di euro, oltre 57 dei quali da fondi regionali e statali. <\/p>\n<p style=\"TEXT-ALIGN: justify\">Durante tutto il periodo della sua realizzazione non \u00e8 mai stata interrotta o limitata l\u2019attivit\u00e0 dell\u2019Ospedale Maggiore che ha continuato a&nbsp; erogare servizi sanitari&nbsp; al pieno delle sue potenzialit\u00e0. La nuova torre dell\u2019Ospedale Maggiore di Bologna<strong>, <\/strong>l\u2019Edificio D, conta <strong>16 piani<\/strong> distribuiti su 60 metri di altezza, sormontati da una moderna elisuperficie di oltre 700 metri quadrati per l\u2019atterraggio e il decollo degli elicotteri del 118, sorretti da <strong>7.000 <\/strong>tonnellate di acciaio, quante quelle utilizzate per la costruzione della Tour Eiffel. Con una superficie di 44.000 metri quadrati complessivi, <strong>227 <\/strong>posti letto, <strong>18<\/strong> sale operatorie in via di ultimazione, si configura come uno dei pi\u00f9 importanti interventi di riqualificazione ospedaliera in Italia, in linea con una concezione dell\u2019ospedale centrata sui diversi gradi di intensit\u00e0 di cura. \u201cLa struttura del nuovo edificio supporta in maniera pi\u00f9 efficace il nostro modello organizzativo \u2013 dichiara Francesco Ripa di Meana, direttore generale dell\u2019AUSL di Bologna &#8211; che ruota intorno ai bisogni dei pazienti, con reparti organizzati secondo criteri di complessit\u00e0 clinico-assistenziale, in maniera da garantire risposte mirate e personalizzate attraverso modelli flessibili di utilizzazione di personale e tecnologie. Oggi consegnamo alla citt\u00e0 un ospedale pi\u00f9 moderno e tecnologico, con l\u2019emozione e l\u2019orgoglio che derivano dalla consapevolezza che si tratta di un obiettivo colto grazie alla determinazione, al sacrificio e alla dedizione di una intera comunit\u00e0 per il bene comune.\u201d<\/p>\n<p style=\"MARGIN: 6pt 0cm\"><strong>L\u2019Ospedale Maggiore, tra eccellenza clinica e integrazione con il territorio,<\/strong><strong> uno dei primi ospedali italiani nell\u2019area dell\u2019emergenza-urgenza<\/strong><strong> <\/strong><\/p>\n<p style=\"MARGIN: 6pt 0cm\"><strong><\/strong>L\u2019Ospedale Maggiore di Bologna, da sempre l\u2019ospedale dei bolognesi, \u00e8 sede&nbsp; di alcune aree di eccellenza come il Trauma Center, la Stroke Unit e la Cardiologia, che ne fanno uno dei maggiori ospedali italiani nelle aree dell\u2019emergenza-urgenza per casistica trattata, qualit\u00e0 della assistenza e risultati. Una attivit\u00e0 condotta in rete con l\u2019Istituto Ortopedico Rizzoli, l\u2019Ospedale S. Orsola Malpighi, l\u2019Ospedale Bellaria e tutti i presidi ospedalieri dell\u2019area metropolitana. Questa spiccata vocazione al trattamento della emergenza-urgenza non ha impedito al Maggiore di sviluppare, progressivamente, una forte integrazione con le strutture assistenziali del territorio realizzando percorsi di presa in carico del cittadino che vanno dall\u2019intervento del 118 sino al ritorno a casa o all\u2019affidamento alle strutture distrettuali. Un itinerario del quale sono parte strutturale le dimissioni protette, l\u2019assistenza a domicilio, i percorsi riabilitativi, il rapporto stretto con i medici di medicina generale, tutti i servizi di teleassistenza, come \u00e8 tradizione del modello del Servizio sanitario della Regione Emilia-Romagna.<\/p>\n<p>L\u2019ospedale moderno e tecnologico di oggi \u00e8 il risultato di mille cambiamenti che si sono succeduti negli anni mantenendo costante il legame forte con il territorio, con la sua comunit\u00e0, con i suoi bisogni. <em>Un radicamento che ha origini antiche: nel 2010 si celebreranno, infatti, i 750 anni della sua fondazione.<\/em><\/p>\n<p style=\"MARGIN: 6pt 0cm\"><strong>Il Maggiore, un ospedale in continua evoluzione: previsti pi\u00f9 di 37 milioni di nuovi investimenti&nbsp; <\/strong><\/p>\n<p style=\"TEXT-ALIGN: justify\">Il piano di ammodernamento dell\u2019ospedale Maggiore \u00e8 stato avviato nel 1997 e si \u00e8 sviluppato senza mai interrompere l\u2019attivit\u00e0 assistenziale. Sono previsti, per i prossimi anni, nuovi interventi per un valore complessivo di 37.700.000 euro, che si aggiungono ai 94 milioni gi\u00e0 impegnati per la realizzazione dell\u2019<em>Edificio D<\/em>.<\/p>\n<p style=\"TEXT-ALIGN: justify\">Attualmente \u00e8 in costruzione la nuova Centrale Operativa del 118, il cui completamento \u00e8 previsto per la fine del 2009. Questo intervento, per il quale sono stati investiti pi\u00f9 di 3 milioni di Euro, oltre a dotare il 118 di una centrale operativa all\u2019avanguardia, permetter\u00e0 di liberare un\u2019area che sar\u00e0 destinata successivamente alla costruzione del nuovo edificio di ingresso. Realizzato in convenzione con il Comune di Bologna, la nuova entrata cambier\u00e0 in maniera significativa fruibilit\u00e0 e funzionalit\u00e0 delle strutture di accoglienza e, pi\u00f9 in generale, dell\u2019intero ospedale.<\/p>\n<p style=\"TEXT-ALIGN: justify\">Accanto al nuovo ingresso sar\u00e0 realizzato un parcheggio interrato a 3 livelli per pi\u00f9 di 550 posti auto. Grazie ad un sistema di tapis roulant si acceder\u00e0 direttamente al primo piano dell\u2019ospedale, nell\u2019area degli ascensori. In questo modo si realizzer\u00e0 una netta distinzione tra i percorsi dei visitatori e quelli degli operatori dell\u2019ospedale.<\/p>\n<p>Completeranno l\u2019intervento un minimarket, un centro convegni, esercizi commerciali, bar, ristorante e un albergo con 30 stanze per i parenti dei degenti, per un investimento complessivo di oltre 34 milioni di euro. <\/p>\n<p>  Il nuovo edificio D, 16 piani di comfort e tecnologia<\/p>\n<p>L\u2019edificio D dell\u2019Ospedale Maggiore ospita stanze per il ricovero, singole o a due letti, ma progettate per rispettare gli standard per 3 letti, ognuna con un grande bagno dedicato, accessibile alle persone disabili. Le stanze sono dotate dei pi\u00f9 moderni standard di comfort alberghiero e dei sistemi pi\u00f9 evoluti di comunicazione: ogni letto \u00e8 infatti dotato di un unico pannello di controllo per la gestione della chiamata, dell\u2019illuminazione, della televisione e del telefono e ogni stanza \u00e8 predisposta per il collegamento internet. L\u2019infermiere pu\u00f2 parlare in viva voce con qualsiasi ospite da qualsiasi punto del reparto. <\/p>\n<p>&nbsp;<\/p>\n","protected":false},"excerpt":{"rendered":"<p>Dopo 5 anni di lavori e un investimento di 94 milioni di euro<br \/>\nrealizzata una delle maggiori riqualificazioni ospedaliere in Italia senza interruzione del servizio ai cittadini<\/p>\n","protected":false},"author":10,"featured_media":0,"comment_status":"open","ping_status":"open","sticky":false,"template":"","format":"standard","meta":{"cybocfi_hide_featured_image":"","footnotes":""},"categories":[70],"tags":[4479,4403,4478,4477],"class_list":["post-1326","post","type-post","status-publish","format-standard","hentry","category-medicina","tag-azienda-usl-di-bologna","tag-edificio-d","tag-elisuperficie","tag-ospedale-maggiore-bologna"],"yoast_head":"<!-- This site is optimized with the Yoast SEO plugin v27.0 - https:\/\/yoast.com\/product\/yoast-seo-wordpress\/ -->\n<title>Ospedale Maggiore di Bologna: inaugurato oggi l\u2019 Edificio D - Article Marketing<\/title>\n<meta name=\"robots\" content=\"index, follow, max-snippet:-1, max-image-preview:large, max-video-preview:-1\" \/>\n<link rel=\"canonical\" href=\"https:\/\/www.article-marketing.eu\/comunicati\/salute-e-benessere\/medicina\/ospedale-maggiore-di-bologna-inaugurato-oggi-l-edificio-d\/\" \/>\n<meta property=\"og:locale\" content=\"it_IT\" \/>\n<meta property=\"og:type\" content=\"article\" \/>\n<meta property=\"og:title\" content=\"Ospedale Maggiore di Bologna: inaugurato oggi l\u2019 Edificio D - Article Marketing\" \/>\n<meta property=\"og:description\" content=\"Dopo 5 anni di lavori e un investimento di 94 milioni di euro realizzata una delle maggiori riqualificazioni ospedaliere in Italia senza interruzione del servizio ai cittadini\" \/>\n<meta property=\"og:url\" content=\"https:\/\/www.article-marketing.eu\/comunicati\/salute-e-benessere\/medicina\/ospedale-maggiore-di-bologna-inaugurato-oggi-l-edificio-d\/\" \/>\n<meta property=\"og:site_name\" content=\"Article Marketing\" \/>\n<meta property=\"article:published_time\" content=\"2009-02-10T15:44:21+00:00\" \/>\n<meta name=\"author\" content=\"Redazione Comunicati Stampa\" \/>\n<meta name=\"twitter:card\" content=\"summary_large_image\" \/>\n<meta name=\"twitter:label1\" content=\"Scritto da\" \/>\n\t<meta name=\"twitter:data1\" content=\"Redazione Comunicati Stampa\" \/>\n\t<meta name=\"twitter:label2\" content=\"Tempo di lettura stimato\" \/>\n\t<meta name=\"twitter:data2\" content=\"4 minuti\" \/>\n<script type=\"application\/ld+json\" class=\"yoast-schema-graph\">{\"@context\":\"https:\/\/schema.org\",\"@graph\":[{\"@type\":\"Article\",\"@id\":\"https:\/\/www.article-marketing.eu\/comunicati\/salute-e-benessere\/medicina\/ospedale-maggiore-di-bologna-inaugurato-oggi-l-edificio-d\/#article\",\"isPartOf\":{\"@id\":\"https:\/\/www.article-marketing.eu\/comunicati\/salute-e-benessere\/medicina\/ospedale-maggiore-di-bologna-inaugurato-oggi-l-edificio-d\/\"},\"author\":{\"name\":\"Redazione Comunicati Stampa\",\"@id\":\"https:\/\/www.article-marketing.eu\/comunicati\/#\/schema\/person\/44372e4d4d0fa797b18e03ed1ace9017\"},\"headline\":\"Ospedale Maggiore di Bologna: inaugurato oggi l\u2019 Edificio D\",\"datePublished\":\"2009-02-10T15:44:21+00:00\",\"mainEntityOfPage\":{\"@id\":\"https:\/\/www.article-marketing.eu\/comunicati\/salute-e-benessere\/medicina\/ospedale-maggiore-di-bologna-inaugurato-oggi-l-edificio-d\/\"},\"wordCount\":897,\"commentCount\":0,\"keywords\":[\"azienda usl di bologna\",\"edificio d\",\"elisuperficie\",\"ospedale maggiore bologna\"],\"articleSection\":[\"Medicina\"],\"inLanguage\":\"it-IT\",\"potentialAction\":[{\"@type\":\"CommentAction\",\"name\":\"Comment\",\"target\":[\"https:\/\/www.article-marketing.eu\/comunicati\/salute-e-benessere\/medicina\/ospedale-maggiore-di-bologna-inaugurato-oggi-l-edificio-d\/#respond\"]}]},{\"@type\":\"WebPage\",\"@id\":\"https:\/\/www.article-marketing.eu\/comunicati\/salute-e-benessere\/medicina\/ospedale-maggiore-di-bologna-inaugurato-oggi-l-edificio-d\/\",\"url\":\"https:\/\/www.article-marketing.eu\/comunicati\/salute-e-benessere\/medicina\/ospedale-maggiore-di-bologna-inaugurato-oggi-l-edificio-d\/\",\"name\":\"Ospedale Maggiore di Bologna: inaugurato oggi l\u2019 Edificio D - Article Marketing\",\"isPartOf\":{\"@id\":\"https:\/\/www.article-marketing.eu\/comunicati\/#website\"},\"datePublished\":\"2009-02-10T15:44:21+00:00\",\"author\":{\"@id\":\"https:\/\/www.article-marketing.eu\/comunicati\/#\/schema\/person\/44372e4d4d0fa797b18e03ed1ace9017\"},\"breadcrumb\":{\"@id\":\"https:\/\/www.article-marketing.eu\/comunicati\/salute-e-benessere\/medicina\/ospedale-maggiore-di-bologna-inaugurato-oggi-l-edificio-d\/#breadcrumb\"},\"inLanguage\":\"it-IT\",\"potentialAction\":[{\"@type\":\"ReadAction\",\"target\":[\"https:\/\/www.article-marketing.eu\/comunicati\/salute-e-benessere\/medicina\/ospedale-maggiore-di-bologna-inaugurato-oggi-l-edificio-d\/\"]}]},{\"@type\":\"BreadcrumbList\",\"@id\":\"https:\/\/www.article-marketing.eu\/comunicati\/salute-e-benessere\/medicina\/ospedale-maggiore-di-bologna-inaugurato-oggi-l-edificio-d\/#breadcrumb\",\"itemListElement\":[{\"@type\":\"ListItem\",\"position\":1,\"name\":\"Home\",\"item\":\"https:\/\/www.article-marketing.eu\/comunicati\/\"},{\"@type\":\"ListItem\",\"position\":2,\"name\":\"Ospedale Maggiore di Bologna: inaugurato oggi l\u2019 Edificio D\"}]},{\"@type\":\"WebSite\",\"@id\":\"https:\/\/www.article-marketing.eu\/comunicati\/#website\",\"url\":\"https:\/\/www.article-marketing.eu\/comunicati\/\",\"name\":\"Article Marketing\",\"description\":\"article marketing &amp; press release\",\"potentialAction\":[{\"@type\":\"SearchAction\",\"target\":{\"@type\":\"EntryPoint\",\"urlTemplate\":\"https:\/\/www.article-marketing.eu\/comunicati\/?s={search_term_string}\"},\"query-input\":{\"@type\":\"PropertyValueSpecification\",\"valueRequired\":true,\"valueName\":\"search_term_string\"}}],\"inLanguage\":\"it-IT\"},{\"@type\":\"Person\",\"@id\":\"https:\/\/www.article-marketing.eu\/comunicati\/#\/schema\/person\/44372e4d4d0fa797b18e03ed1ace9017\",\"name\":\"Redazione Comunicati Stampa\",\"image\":{\"@type\":\"ImageObject\",\"inLanguage\":\"it-IT\",\"@id\":\"https:\/\/www.article-marketing.eu\/comunicati\/#\/schema\/person\/image\/\",\"url\":\"https:\/\/secure.gravatar.com\/avatar\/50e5c6421d3072f42e7ace803501602c60d75233d34e29fd05feb91c8760b792?s=96&d=mm&r=g\",\"contentUrl\":\"https:\/\/secure.gravatar.com\/avatar\/50e5c6421d3072f42e7ace803501602c60d75233d34e29fd05feb91c8760b792?s=96&d=mm&r=g\",\"caption\":\"Redazione Comunicati Stampa\"},\"url\":\"https:\/\/www.article-marketing.eu\/comunicati\/author\/redazione-comunicati-stampa\/\"}]}<\/script>\n<!-- \/ Yoast SEO plugin. -->","yoast_head_json":{"title":"Ospedale Maggiore di Bologna: inaugurato oggi l\u2019 Edificio D - Article Marketing","robots":{"index":"index","follow":"follow","max-snippet":"max-snippet:-1","max-image-preview":"max-image-preview:large","max-video-preview":"max-video-preview:-1"},"canonical":"https:\/\/www.article-marketing.eu\/comunicati\/salute-e-benessere\/medicina\/ospedale-maggiore-di-bologna-inaugurato-oggi-l-edificio-d\/","og_locale":"it_IT","og_type":"article","og_title":"Ospedale Maggiore di Bologna: inaugurato oggi l\u2019 Edificio D - Article Marketing","og_description":"Dopo 5 anni di lavori e un investimento di 94 milioni di euro realizzata una delle maggiori riqualificazioni ospedaliere in Italia senza interruzione del servizio ai cittadini","og_url":"https:\/\/www.article-marketing.eu\/comunicati\/salute-e-benessere\/medicina\/ospedale-maggiore-di-bologna-inaugurato-oggi-l-edificio-d\/","og_site_name":"Article Marketing","article_published_time":"2009-02-10T15:44:21+00:00","author":"Redazione Comunicati Stampa","twitter_card":"summary_large_image","twitter_misc":{"Scritto da":"Redazione Comunicati Stampa","Tempo di lettura stimato":"4 minuti"},"schema":{"@context":"https:\/\/schema.org","@graph":[{"@type":"Article","@id":"https:\/\/www.article-marketing.eu\/comunicati\/salute-e-benessere\/medicina\/ospedale-maggiore-di-bologna-inaugurato-oggi-l-edificio-d\/#article","isPartOf":{"@id":"https:\/\/www.article-marketing.eu\/comunicati\/salute-e-benessere\/medicina\/ospedale-maggiore-di-bologna-inaugurato-oggi-l-edificio-d\/"},"author":{"name":"Redazione Comunicati Stampa","@id":"https:\/\/www.article-marketing.eu\/comunicati\/#\/schema\/person\/44372e4d4d0fa797b18e03ed1ace9017"},"headline":"Ospedale Maggiore di Bologna: inaugurato oggi l\u2019 Edificio D","datePublished":"2009-02-10T15:44:21+00:00","mainEntityOfPage":{"@id":"https:\/\/www.article-marketing.eu\/comunicati\/salute-e-benessere\/medicina\/ospedale-maggiore-di-bologna-inaugurato-oggi-l-edificio-d\/"},"wordCount":897,"commentCount":0,"keywords":["azienda usl di bologna","edificio d","elisuperficie","ospedale maggiore bologna"],"articleSection":["Medicina"],"inLanguage":"it-IT","potentialAction":[{"@type":"CommentAction","name":"Comment","target":["https:\/\/www.article-marketing.eu\/comunicati\/salute-e-benessere\/medicina\/ospedale-maggiore-di-bologna-inaugurato-oggi-l-edificio-d\/#respond"]}]},{"@type":"WebPage","@id":"https:\/\/www.article-marketing.eu\/comunicati\/salute-e-benessere\/medicina\/ospedale-maggiore-di-bologna-inaugurato-oggi-l-edificio-d\/","url":"https:\/\/www.article-marketing.eu\/comunicati\/salute-e-benessere\/medicina\/ospedale-maggiore-di-bologna-inaugurato-oggi-l-edificio-d\/","name":"Ospedale Maggiore di Bologna: inaugurato oggi l\u2019 Edificio D - Article Marketing","isPartOf":{"@id":"https:\/\/www.article-marketing.eu\/comunicati\/#website"},"datePublished":"2009-02-10T15:44:21+00:00","author":{"@id":"https:\/\/www.article-marketing.eu\/comunicati\/#\/schema\/person\/44372e4d4d0fa797b18e03ed1ace9017"},"breadcrumb":{"@id":"https:\/\/www.article-marketing.eu\/comunicati\/salute-e-benessere\/medicina\/ospedale-maggiore-di-bologna-inaugurato-oggi-l-edificio-d\/#breadcrumb"},"inLanguage":"it-IT","potentialAction":[{"@type":"ReadAction","target":["https:\/\/www.article-marketing.eu\/comunicati\/salute-e-benessere\/medicina\/ospedale-maggiore-di-bologna-inaugurato-oggi-l-edificio-d\/"]}]},{"@type":"BreadcrumbList","@id":"https:\/\/www.article-marketing.eu\/comunicati\/salute-e-benessere\/medicina\/ospedale-maggiore-di-bologna-inaugurato-oggi-l-edificio-d\/#breadcrumb","itemListElement":[{"@type":"ListItem","position":1,"name":"Home","item":"https:\/\/www.article-marketing.eu\/comunicati\/"},{"@type":"ListItem","position":2,"name":"Ospedale Maggiore di Bologna: inaugurato oggi l\u2019 Edificio D"}]},{"@type":"WebSite","@id":"https:\/\/www.article-marketing.eu\/comunicati\/#website","url":"https:\/\/www.article-marketing.eu\/comunicati\/","name":"Article Marketing","description":"article marketing &amp; press release","potentialAction":[{"@type":"SearchAction","target":{"@type":"EntryPoint","urlTemplate":"https:\/\/www.article-marketing.eu\/comunicati\/?s={search_term_string}"},"query-input":{"@type":"PropertyValueSpecification","valueRequired":true,"valueName":"search_term_string"}}],"inLanguage":"it-IT"},{"@type":"Person","@id":"https:\/\/www.article-marketing.eu\/comunicati\/#\/schema\/person\/44372e4d4d0fa797b18e03ed1ace9017","name":"Redazione Comunicati Stampa","image":{"@type":"ImageObject","inLanguage":"it-IT","@id":"https:\/\/www.article-marketing.eu\/comunicati\/#\/schema\/person\/image\/","url":"https:\/\/secure.gravatar.com\/avatar\/50e5c6421d3072f42e7ace803501602c60d75233d34e29fd05feb91c8760b792?s=96&d=mm&r=g","contentUrl":"https:\/\/secure.gravatar.com\/avatar\/50e5c6421d3072f42e7ace803501602c60d75233d34e29fd05feb91c8760b792?s=96&d=mm&r=g","caption":"Redazione Comunicati Stampa"},"url":"https:\/\/www.article-marketing.eu\/comunicati\/author\/redazione-comunicati-stampa\/"}]}},"_links":{"self":[{"href":"https:\/\/www.article-marketing.eu\/comunicati\/wp-json\/wp\/v2\/posts\/1326","targetHints":{"allow":["GET"]}}],"collection":[{"href":"https:\/\/www.article-marketing.eu\/comunicati\/wp-json\/wp\/v2\/posts"}],"about":[{"href":"https:\/\/www.article-marketing.eu\/comunicati\/wp-json\/wp\/v2\/types\/post"}],"author":[{"embeddable":true,"href":"https:\/\/www.article-marketing.eu\/comunicati\/wp-json\/wp\/v2\/users\/10"}],"replies":[{"embeddable":true,"href":"https:\/\/www.article-marketing.eu\/comunicati\/wp-json\/wp\/v2\/comments?post=1326"}],"version-history":[{"count":0,"href":"https:\/\/www.article-marketing.eu\/comunicati\/wp-json\/wp\/v2\/posts\/1326\/revisions"}],"wp:attachment":[{"href":"https:\/\/www.article-marketing.eu\/comunicati\/wp-json\/wp\/v2\/media?parent=1326"}],"wp:term":[{"taxonomy":"category","embeddable":true,"href":"https:\/\/www.article-marketing.eu\/comunicati\/wp-json\/wp\/v2\/categories?post=1326"},{"taxonomy":"post_tag","embeddable":true,"href":"https:\/\/www.article-marketing.eu\/comunicati\/wp-json\/wp\/v2\/tags?post=1326"}],"curies":[{"name":"wp","href":"https:\/\/api.w.org\/{rel}","templated":true}]}}