{"id":1349,"date":"2009-02-14T11:34:57","date_gmt":"2009-02-14T10:34:57","guid":{"rendered":"http:\/\/www.article-marketing.eu\/comunicati\/senza-categoria\/marche-centro-darte-marco-bernacchia-francesca-gentili\/"},"modified":"2009-02-14T11:34:57","modified_gmt":"2009-02-14T10:34:57","slug":"marche-centro-darte-marco-bernacchia-francesca-gentili","status":"publish","type":"post","link":"https:\/\/www.article-marketing.eu\/comunicati\/arte-e-cultura\/marche-centro-darte-marco-bernacchia-francesca-gentili\/","title":{"rendered":"Marche Centro d&#8217;Arte: Marco Bernacchia &#8211; Francesca Gentili"},"content":{"rendered":"<p>Dopo il successo del primo appuntamento di Marche Centro d\u2019Arte, con la collettiva che ha presentato i lavori di Roberto Cicchin\u00e8, Daniele Duranti, nardiescopetta e Rita Soccio, alla Galleria Marconi di Cupra Marittima proseguono gli appuntamenti del ciclo sull\u2019arte marchigiana, all\u2019interno della rassegna Gallerista sull\u2019orlo di una crisi di nervi.<br \/>\nMarche Centro d\u2019Arte prosegue domenica 22 febbraio alle 18.00 con la doppia personale di Marco Bernacchia e Francesca Gentili, che saranno curati, rispettivamente da Elvira Vannini e Maurizio Coccia.<br \/>\nLa doppia personale \u00e8 la seconda tappa di un ciclo di tre mostre dedicate ai fermenti dell\u2019arte marchigiana intitolato: Marche Centro d\u2019Arte. Lo scopo della rassegna \u00e8 mostrare la vivacit\u00e0 delle produzioni artistiche che ci sono nella regione, una regione in cui convivono pluralit\u00e0 e singolarit\u00e0, a partire dallo stesso nome, Ogni artista ha una sua peculiarit\u00e0, che rende interessante il suo percorso di ricerca, una voce che unendosi alle altre, che emergono dal territorio, d\u00e0 vita a un mosaico ricco vivo e vivace.<\/p>\n<p>\u201cFotografia, scultura e installazioni ambientali come dispositivi per sondare le zone di interazione tra lo spazio, l\u2019architettura naturale e gli interstizi della realt\u00e0, spesso articolati in una dimensione performativa: cos\u00ec si sviluppa la pratica artistica di Marco Bernacchia, intrecciata alla ricerca sonora della scena indipendente che attraversa la sua attivit\u00e0 musicale. Le sue installazioni sono quasi degli oggetti d\u2019affezione, degli assemblages innestati con elementi naturali e artificiali in una commistione eterogenea: quasi una post-natura contaminata dal sonoro che si intreccia col dato naturale fino ad assorbirlo. Ogni progetto di Marco Bernacchia che lavora sempre in termini site-specific, assume gli estremi del linguaggio plastico: \u00e8 micro ma con una declinazione ambientale, \u00e8 modulare e al tempo stesso non mai \u00e8 riproducibile.<br \/>\nL&#8217;impiego del suono come strategia di spazializzazione diventa un processo di appropriazione del tempo, dello spazio, della realt\u00e0: la natura \u00e8 assorbita come ambiente primario mentre amplifica la nostra zona d\u2019ascolto. I prelievi naturali, il verde, le piante, i rami mixati con oggetti defunzionalizzati cambiano il senso delle cose: la post-natura, creata dall\u2019artista, diventa allora una presenza oggettuale, un campo d&#8217;azione, reale o immaginario, che pu\u00f2 innescare un processo di cambiamento della struttura sociale in una nuova forma di autoproduzione parallela ai circuiti mainstream dell\u2019arte e della scena musicale\u201d. (Elvira Vannini)<\/p>\n<p>\u201cLa ricerca di Fratesca Gentili si \u00e8 sviluppata in due direzioni complementari: l\u2019analisi della figura umana e l\u2019esame del linguaggio scelto per rappresentarla, la pittura. Ad una progressiva riduzione formale corrisponde l\u2019affinamento dei mezzi stilistici. Qui la rappresentazione si concentra sugli sguardi. La frontalit\u00e0 dei soggetti conferisce loro solennit\u00e0 ieratica. La figura umana si impone allo spazio. L\u2019atmosfera \u00e8 asettica e gli sfondi anonimi. Resta lo sguardo. La linearit\u00e0, ancora animale, dello sguardo. Un misto di natura e sentimento, amplificata dal trattamento pittorico, vibrante, sonoro, dai toni perlacei.<br \/>\nSono lavori impostati su un riuscito bilanciamento\/contrasto di storia e progetto, di austerit\u00e0 iconografica e intensificazione emotiva. Volti assorti, prossimi all\u2019evanescenza; effigi appannate dal tempo. Monito doloroso, presa d\u2019atto di una scadenza irrimediabile\u201d. (Maurizio Coccia)<\/p>\n<p>Gallerista sull\u2019orlo di una crisi di nervi<br \/>\nChe cosa accade quando all\u2019improvviso dalla galleria scompare la bevanda caratteristica, quando si cominciano a cercare bibite alternative, perch\u00e9 nel punto vendita dove ci si rifornisce, quella preferita \u00e8 scomparsa? Quando il gallerista torna con la spesa e la faccia sconsolata, perch\u00e9 sa che anche stavolta non \u00e8 riuscito a trovare il ginger.<br \/>\nUn senso di vuoto e tristezza riempie la galleria e quanti l\u00ec passano anche solo per un saluto cinque minuti di chiacchiere una sigaretta.<br \/>\nIntanto il giorno della mostra si avvicina e il panico diventa generale, perch\u00e9 si avverte che senza ginger non sar\u00e0 la stessa cosa. Una fredda sera di gennaio, per\u00f2, arriva la soluzione e una bottiglia di ginger acquistata in un altro negozio, frizzante amaro rinfrancante.<br \/>\nAllo stress di una mostra, collaboratori di vario tipo aggiungono stress, ritardi, piccole\/grandi inefficienze che un povero gallerista si trova a dover affrontare, perdendo i capelli e\/o facendosi venire i capelli bianchi. Eccolo buttarsi su massicce dosi di tachipirina per affrontare l\u2019immancabile febbre pre-mostra, mettersi ai fornelli per preparare pasti con innumerevoli portate e quantit\u00e0 capaci di sfamare interi reggimenti, eccolo infine perdere l\u2019attimo atteso ogni giorno come la manna dal cielo: il riposino pomeridiano. Una vita dura fatta dalle piccole insoddisfazioni di ogni giorno e dalle grandi soddisfazioni di ogni mese.<br \/>\nGallerista sull\u2019orlo di una crisi di nervi \u00e8 l\u2019omaggio a quella cosa bellissima ed entusiasmante che \u00e8 l\u2019organizzazione di una mostra, cosa bellissima, ma anche snervante e stancante. Ecco che aumenta il numero delle sigarette fumate fuori dalla porta, ecco che i chiodi e le viti si accumulano sul pavimento. Poi si inaugura, si parla, si ride e il giorno dopo si pulisce. Questa \u00e8 la \u201ctragica\u201d routine che accompagna la vita di un gallerista. Ma non bisogna dimenticare per\u00f2 la bellezza di una mostra, il piacere di una chiacchierata con gli amici, l\u2019emozionarsi sempre nuovo che ripaga da ogni affanno. I rapporti umani, e non solo professionali, con artisti, critici e curatori, sono il vero collante dell\u2019attivit\u00e0 e il motore che rende sempre nuova la voglia di andare avanti.<br \/>\nSolo un grazie a chi ci permette di poter seguire ed apprezzare il mondo dell\u2019arte nel suo continuo movimento.<\/p>\n<p>scheda tecnica\/technical card<br \/>\ncuratore\/curator by Maurizio Coccia \u2013 Elvira Vannini<br \/>\ntesto critico\/art critic by Massimo Coccia \u2013 Elvira Vannini<\/p>\n<p>ufficio stampa\/ press agent Dario Ciferri<br \/>\ntraduzione di\/translation by Patrizia Isidori<\/p>\n<p>relazioni esterne e promozione delle attivit\u00e0\/ external relationship and promotion of activities Stefania Palanca<br \/>\nfotografia\/photography Marco Biancucci\u00a9<br \/>\nriprese video\/video shooting Stefano Abbadini<br \/>\nallestimenti\/preparation Marco Croci<br \/>\nprogetto grafico\/graphic project maicol e mirco<br \/>\nwebmaster www.siscom.it<\/p>\n<p>dal 22 febbraio al 22 marzo<br \/>\nfrom 22th february to 22th march<br \/>\norario: luned\u00ec-sabato dalle 16 alle 20<br \/>\nopening time: Mon-Sat 4 to 8 p.m.<\/p>\n<p>Galleria Marconi di Franco Marconi<br \/>\nC.so Vittorio Emanuele, 70<br \/>\n63012 Cupra Marittima (AP)<br \/>\ntel 0735778703<br \/>\ne-mail galmarconi@siscom.it<br \/>\nweb www.siscom.it\/marconi<\/p>\n","protected":false},"excerpt":{"rendered":"<p>Alla Galleria Marconi di Cupra Marittima proseguono gli appuntamenti del ciclo sull\u2019arte marchigiana, all\u2019interno della rassegna Gallerista sull\u2019orlo di una crisi di nervi.<br \/>\nMarche Centro d\u2019Arte prosegue domenica 22 febbraio alle 18.00 con la doppia personale di Marco Bernacchia e Francesca Gentili, che saranno curati, rispettivamente da Elvira Vannini e Maurizio Coccia.<\/p>\n","protected":false},"author":10,"featured_media":0,"comment_status":"open","ping_status":"open","sticky":false,"template":"","format":"standard","meta":{"cybocfi_hide_featured_image":"","footnotes":""},"categories":[27],"tags":[171,1024,1000],"class_list":["post-1349","post","type-post","status-publish","format-standard","hentry","category-arte-e-cultura","tag-arte","tag-arte-contemporanea","tag-mostra"],"yoast_head":"<!-- This site is optimized with the Yoast SEO plugin v27.0 - https:\/\/yoast.com\/product\/yoast-seo-wordpress\/ -->\n<title>Marche Centro d&#039;Arte: Marco Bernacchia - Francesca Gentili - Article Marketing<\/title>\n<meta name=\"robots\" content=\"index, follow, max-snippet:-1, max-image-preview:large, max-video-preview:-1\" \/>\n<link rel=\"canonical\" href=\"https:\/\/www.article-marketing.eu\/comunicati\/arte-e-cultura\/marche-centro-darte-marco-bernacchia-francesca-gentili\/\" \/>\n<meta property=\"og:locale\" content=\"it_IT\" \/>\n<meta property=\"og:type\" content=\"article\" \/>\n<meta property=\"og:title\" content=\"Marche Centro d&#039;Arte: Marco Bernacchia - Francesca Gentili - Article Marketing\" \/>\n<meta property=\"og:description\" content=\"Alla Galleria Marconi di Cupra Marittima proseguono gli appuntamenti del ciclo sull\u2019arte marchigiana, all\u2019interno della rassegna Gallerista sull\u2019orlo di una crisi di nervi. Marche Centro d\u2019Arte prosegue domenica 22 febbraio alle 18.00 con la doppia personale di Marco Bernacchia e Francesca Gentili, che saranno curati, rispettivamente da Elvira Vannini e Maurizio Coccia.\" \/>\n<meta property=\"og:url\" content=\"https:\/\/www.article-marketing.eu\/comunicati\/arte-e-cultura\/marche-centro-darte-marco-bernacchia-francesca-gentili\/\" \/>\n<meta property=\"og:site_name\" content=\"Article Marketing\" \/>\n<meta property=\"article:published_time\" content=\"2009-02-14T10:34:57+00:00\" \/>\n<meta name=\"author\" content=\"Redazione Comunicati Stampa\" \/>\n<meta name=\"twitter:card\" content=\"summary_large_image\" \/>\n<meta name=\"twitter:label1\" content=\"Scritto da\" \/>\n\t<meta name=\"twitter:data1\" content=\"Redazione Comunicati Stampa\" \/>\n\t<meta name=\"twitter:label2\" content=\"Tempo di lettura stimato\" \/>\n\t<meta name=\"twitter:data2\" content=\"5 minuti\" \/>\n<script type=\"application\/ld+json\" class=\"yoast-schema-graph\">{\"@context\":\"https:\/\/schema.org\",\"@graph\":[{\"@type\":\"Article\",\"@id\":\"https:\/\/www.article-marketing.eu\/comunicati\/arte-e-cultura\/marche-centro-darte-marco-bernacchia-francesca-gentili\/#article\",\"isPartOf\":{\"@id\":\"https:\/\/www.article-marketing.eu\/comunicati\/arte-e-cultura\/marche-centro-darte-marco-bernacchia-francesca-gentili\/\"},\"author\":{\"name\":\"Redazione Comunicati Stampa\",\"@id\":\"https:\/\/www.article-marketing.eu\/comunicati\/#\/schema\/person\/44372e4d4d0fa797b18e03ed1ace9017\"},\"headline\":\"Marche Centro d&#8217;Arte: Marco Bernacchia &#8211; Francesca Gentili\",\"datePublished\":\"2009-02-14T10:34:57+00:00\",\"mainEntityOfPage\":{\"@id\":\"https:\/\/www.article-marketing.eu\/comunicati\/arte-e-cultura\/marche-centro-darte-marco-bernacchia-francesca-gentili\/\"},\"wordCount\":1005,\"commentCount\":0,\"keywords\":[\"arte\",\"arte contemporanea\",\"Mostra\"],\"articleSection\":[\"Arte e cultura\"],\"inLanguage\":\"it-IT\",\"potentialAction\":[{\"@type\":\"CommentAction\",\"name\":\"Comment\",\"target\":[\"https:\/\/www.article-marketing.eu\/comunicati\/arte-e-cultura\/marche-centro-darte-marco-bernacchia-francesca-gentili\/#respond\"]}]},{\"@type\":\"WebPage\",\"@id\":\"https:\/\/www.article-marketing.eu\/comunicati\/arte-e-cultura\/marche-centro-darte-marco-bernacchia-francesca-gentili\/\",\"url\":\"https:\/\/www.article-marketing.eu\/comunicati\/arte-e-cultura\/marche-centro-darte-marco-bernacchia-francesca-gentili\/\",\"name\":\"Marche Centro d'Arte: Marco Bernacchia - Francesca Gentili - Article Marketing\",\"isPartOf\":{\"@id\":\"https:\/\/www.article-marketing.eu\/comunicati\/#website\"},\"datePublished\":\"2009-02-14T10:34:57+00:00\",\"author\":{\"@id\":\"https:\/\/www.article-marketing.eu\/comunicati\/#\/schema\/person\/44372e4d4d0fa797b18e03ed1ace9017\"},\"breadcrumb\":{\"@id\":\"https:\/\/www.article-marketing.eu\/comunicati\/arte-e-cultura\/marche-centro-darte-marco-bernacchia-francesca-gentili\/#breadcrumb\"},\"inLanguage\":\"it-IT\",\"potentialAction\":[{\"@type\":\"ReadAction\",\"target\":[\"https:\/\/www.article-marketing.eu\/comunicati\/arte-e-cultura\/marche-centro-darte-marco-bernacchia-francesca-gentili\/\"]}]},{\"@type\":\"BreadcrumbList\",\"@id\":\"https:\/\/www.article-marketing.eu\/comunicati\/arte-e-cultura\/marche-centro-darte-marco-bernacchia-francesca-gentili\/#breadcrumb\",\"itemListElement\":[{\"@type\":\"ListItem\",\"position\":1,\"name\":\"Home\",\"item\":\"https:\/\/www.article-marketing.eu\/comunicati\/\"},{\"@type\":\"ListItem\",\"position\":2,\"name\":\"Marche Centro d&#8217;Arte: Marco Bernacchia &#8211; Francesca Gentili\"}]},{\"@type\":\"WebSite\",\"@id\":\"https:\/\/www.article-marketing.eu\/comunicati\/#website\",\"url\":\"https:\/\/www.article-marketing.eu\/comunicati\/\",\"name\":\"Article Marketing\",\"description\":\"article marketing &amp; press release\",\"potentialAction\":[{\"@type\":\"SearchAction\",\"target\":{\"@type\":\"EntryPoint\",\"urlTemplate\":\"https:\/\/www.article-marketing.eu\/comunicati\/?s={search_term_string}\"},\"query-input\":{\"@type\":\"PropertyValueSpecification\",\"valueRequired\":true,\"valueName\":\"search_term_string\"}}],\"inLanguage\":\"it-IT\"},{\"@type\":\"Person\",\"@id\":\"https:\/\/www.article-marketing.eu\/comunicati\/#\/schema\/person\/44372e4d4d0fa797b18e03ed1ace9017\",\"name\":\"Redazione Comunicati Stampa\",\"image\":{\"@type\":\"ImageObject\",\"inLanguage\":\"it-IT\",\"@id\":\"https:\/\/www.article-marketing.eu\/comunicati\/#\/schema\/person\/image\/\",\"url\":\"https:\/\/secure.gravatar.com\/avatar\/50e5c6421d3072f42e7ace803501602c60d75233d34e29fd05feb91c8760b792?s=96&d=mm&r=g\",\"contentUrl\":\"https:\/\/secure.gravatar.com\/avatar\/50e5c6421d3072f42e7ace803501602c60d75233d34e29fd05feb91c8760b792?s=96&d=mm&r=g\",\"caption\":\"Redazione Comunicati Stampa\"},\"url\":\"https:\/\/www.article-marketing.eu\/comunicati\/author\/redazione-comunicati-stampa\/\"}]}<\/script>\n<!-- \/ Yoast SEO plugin. -->","yoast_head_json":{"title":"Marche Centro d'Arte: Marco Bernacchia - Francesca Gentili - Article Marketing","robots":{"index":"index","follow":"follow","max-snippet":"max-snippet:-1","max-image-preview":"max-image-preview:large","max-video-preview":"max-video-preview:-1"},"canonical":"https:\/\/www.article-marketing.eu\/comunicati\/arte-e-cultura\/marche-centro-darte-marco-bernacchia-francesca-gentili\/","og_locale":"it_IT","og_type":"article","og_title":"Marche Centro d'Arte: Marco Bernacchia - Francesca Gentili - Article Marketing","og_description":"Alla Galleria Marconi di Cupra Marittima proseguono gli appuntamenti del ciclo sull\u2019arte marchigiana, all\u2019interno della rassegna Gallerista sull\u2019orlo di una crisi di nervi. Marche Centro d\u2019Arte prosegue domenica 22 febbraio alle 18.00 con la doppia personale di Marco Bernacchia e Francesca Gentili, che saranno curati, rispettivamente da Elvira Vannini e Maurizio Coccia.","og_url":"https:\/\/www.article-marketing.eu\/comunicati\/arte-e-cultura\/marche-centro-darte-marco-bernacchia-francesca-gentili\/","og_site_name":"Article Marketing","article_published_time":"2009-02-14T10:34:57+00:00","author":"Redazione Comunicati Stampa","twitter_card":"summary_large_image","twitter_misc":{"Scritto da":"Redazione Comunicati Stampa","Tempo di lettura stimato":"5 minuti"},"schema":{"@context":"https:\/\/schema.org","@graph":[{"@type":"Article","@id":"https:\/\/www.article-marketing.eu\/comunicati\/arte-e-cultura\/marche-centro-darte-marco-bernacchia-francesca-gentili\/#article","isPartOf":{"@id":"https:\/\/www.article-marketing.eu\/comunicati\/arte-e-cultura\/marche-centro-darte-marco-bernacchia-francesca-gentili\/"},"author":{"name":"Redazione Comunicati Stampa","@id":"https:\/\/www.article-marketing.eu\/comunicati\/#\/schema\/person\/44372e4d4d0fa797b18e03ed1ace9017"},"headline":"Marche Centro d&#8217;Arte: Marco Bernacchia &#8211; Francesca Gentili","datePublished":"2009-02-14T10:34:57+00:00","mainEntityOfPage":{"@id":"https:\/\/www.article-marketing.eu\/comunicati\/arte-e-cultura\/marche-centro-darte-marco-bernacchia-francesca-gentili\/"},"wordCount":1005,"commentCount":0,"keywords":["arte","arte contemporanea","Mostra"],"articleSection":["Arte e cultura"],"inLanguage":"it-IT","potentialAction":[{"@type":"CommentAction","name":"Comment","target":["https:\/\/www.article-marketing.eu\/comunicati\/arte-e-cultura\/marche-centro-darte-marco-bernacchia-francesca-gentili\/#respond"]}]},{"@type":"WebPage","@id":"https:\/\/www.article-marketing.eu\/comunicati\/arte-e-cultura\/marche-centro-darte-marco-bernacchia-francesca-gentili\/","url":"https:\/\/www.article-marketing.eu\/comunicati\/arte-e-cultura\/marche-centro-darte-marco-bernacchia-francesca-gentili\/","name":"Marche Centro d'Arte: Marco Bernacchia - Francesca Gentili - Article Marketing","isPartOf":{"@id":"https:\/\/www.article-marketing.eu\/comunicati\/#website"},"datePublished":"2009-02-14T10:34:57+00:00","author":{"@id":"https:\/\/www.article-marketing.eu\/comunicati\/#\/schema\/person\/44372e4d4d0fa797b18e03ed1ace9017"},"breadcrumb":{"@id":"https:\/\/www.article-marketing.eu\/comunicati\/arte-e-cultura\/marche-centro-darte-marco-bernacchia-francesca-gentili\/#breadcrumb"},"inLanguage":"it-IT","potentialAction":[{"@type":"ReadAction","target":["https:\/\/www.article-marketing.eu\/comunicati\/arte-e-cultura\/marche-centro-darte-marco-bernacchia-francesca-gentili\/"]}]},{"@type":"BreadcrumbList","@id":"https:\/\/www.article-marketing.eu\/comunicati\/arte-e-cultura\/marche-centro-darte-marco-bernacchia-francesca-gentili\/#breadcrumb","itemListElement":[{"@type":"ListItem","position":1,"name":"Home","item":"https:\/\/www.article-marketing.eu\/comunicati\/"},{"@type":"ListItem","position":2,"name":"Marche Centro d&#8217;Arte: Marco Bernacchia &#8211; Francesca Gentili"}]},{"@type":"WebSite","@id":"https:\/\/www.article-marketing.eu\/comunicati\/#website","url":"https:\/\/www.article-marketing.eu\/comunicati\/","name":"Article Marketing","description":"article marketing &amp; press release","potentialAction":[{"@type":"SearchAction","target":{"@type":"EntryPoint","urlTemplate":"https:\/\/www.article-marketing.eu\/comunicati\/?s={search_term_string}"},"query-input":{"@type":"PropertyValueSpecification","valueRequired":true,"valueName":"search_term_string"}}],"inLanguage":"it-IT"},{"@type":"Person","@id":"https:\/\/www.article-marketing.eu\/comunicati\/#\/schema\/person\/44372e4d4d0fa797b18e03ed1ace9017","name":"Redazione Comunicati Stampa","image":{"@type":"ImageObject","inLanguage":"it-IT","@id":"https:\/\/www.article-marketing.eu\/comunicati\/#\/schema\/person\/image\/","url":"https:\/\/secure.gravatar.com\/avatar\/50e5c6421d3072f42e7ace803501602c60d75233d34e29fd05feb91c8760b792?s=96&d=mm&r=g","contentUrl":"https:\/\/secure.gravatar.com\/avatar\/50e5c6421d3072f42e7ace803501602c60d75233d34e29fd05feb91c8760b792?s=96&d=mm&r=g","caption":"Redazione Comunicati Stampa"},"url":"https:\/\/www.article-marketing.eu\/comunicati\/author\/redazione-comunicati-stampa\/"}]}},"_links":{"self":[{"href":"https:\/\/www.article-marketing.eu\/comunicati\/wp-json\/wp\/v2\/posts\/1349","targetHints":{"allow":["GET"]}}],"collection":[{"href":"https:\/\/www.article-marketing.eu\/comunicati\/wp-json\/wp\/v2\/posts"}],"about":[{"href":"https:\/\/www.article-marketing.eu\/comunicati\/wp-json\/wp\/v2\/types\/post"}],"author":[{"embeddable":true,"href":"https:\/\/www.article-marketing.eu\/comunicati\/wp-json\/wp\/v2\/users\/10"}],"replies":[{"embeddable":true,"href":"https:\/\/www.article-marketing.eu\/comunicati\/wp-json\/wp\/v2\/comments?post=1349"}],"version-history":[{"count":0,"href":"https:\/\/www.article-marketing.eu\/comunicati\/wp-json\/wp\/v2\/posts\/1349\/revisions"}],"wp:attachment":[{"href":"https:\/\/www.article-marketing.eu\/comunicati\/wp-json\/wp\/v2\/media?parent=1349"}],"wp:term":[{"taxonomy":"category","embeddable":true,"href":"https:\/\/www.article-marketing.eu\/comunicati\/wp-json\/wp\/v2\/categories?post=1349"},{"taxonomy":"post_tag","embeddable":true,"href":"https:\/\/www.article-marketing.eu\/comunicati\/wp-json\/wp\/v2\/tags?post=1349"}],"curies":[{"name":"wp","href":"https:\/\/api.w.org\/{rel}","templated":true}]}}