{"id":1357,"date":"2009-02-16T18:14:54","date_gmt":"2009-02-16T17:14:54","guid":{"rendered":"http:\/\/www.article-marketing.eu\/comunicati\/senza-categoria\/una-bandiera-a-propria-immagine\/"},"modified":"2009-02-16T18:14:54","modified_gmt":"2009-02-16T17:14:54","slug":"una-bandiera-a-propria-immagine","status":"publish","type":"post","link":"https:\/\/www.article-marketing.eu\/comunicati\/economia-e-lavoro\/marketing\/una-bandiera-a-propria-immagine\/","title":{"rendered":"Una bandiera a propria immagine"},"content":{"rendered":"<p>In tempi di Facebook e di sviluppo di internet, qualcuno potrebbe forse pensare che la bandiera sia un mezzo d\u00e9mod\u00e9. Non \u00e8 cos\u00ec, un mezzo tanto antico quanto attuale pu\u00f2 invece rivelarsi un ottimo strumento di promozione.<\/p>\n<p>Da secoli le bandiere vengono utilizzate per veicolare messaggi, rappresentare simboli, condividere significati e anche oggi continuano a rivelarsi degli strumenti di comunicazione molto duttili ed efficaci. Le abdniere sono state, anzi, le prime vere forme di comunicazione universali, i primi vessilli pubblicitari in un certo senso.<\/p>\n<p>La bandiera \u00e8 un mezzo molto semplice, ampiamente condiviso e riconosciuto da tutti, che fa leva sulla comunicazione visiva e principalmente sulla componente emotiva e simbolica che lo stesso strumento incarna.<br \/>\nProvate a pensarci: se diciamo &#8220;bandiera&#8221; a cosa pensiamo subito?<br \/>\nAl tricolore italiano, alla bandiera della nostra squadra del cuore, alla bandiera americana sulla Luna,<br \/>\npensiamo subito al suo significato e alle emozioni che ci trasmette. La bandiera \u00e8 uno strumento che associamo alla storia, alle istituzioni, un mezzo che riconosciamo come parte della nostra vita sociale e non come un mezzo meramente pubblicitario. Un vessillo che sventola in cielo animato dal vento, ci trasmette tranquillit\u00e0, armonia, ilarit\u00e0 e non lo rapporteremmo mai a un cartellone pubblicitario, ma a suo modo la bandiera sa comunicare tanto quanto e forse anche meglio di un cartellone della pubblicit\u00e0.<\/p>\n<p>Proprio per questi motivi molte aziende decidono sempre pi\u00f9 spesso di inserire le bandiere tra i loro mezzi di comunicazione, principalmente per veicolare il logo aziendale o quello di qualche prodotto specifico. Sempre pi\u00f9 spesso la bandiera viene utilizzata per veicolare la propria immagine e proprio come accadeva nella storia la bandiera ripropone la sua funzionalit\u00e0 di simbolo e rappresentanza adattandosi ai tempi e alle esigenze di comunicazione di oggi. Mantenendo i pregi del passato, si evolve grazie ai materiali e alle tecnologie del presente, per mantenersi utile e funzionale anche nel prossimo futuro, candidandosi come uno dei migliori strumenti di comunicazione visiva localizzata nel rapporto tra prezzo ed efficacia.<\/p>\n<p>Numerose aziende in Italia si sono gi\u00e0 accorte di tutto questo e hanno deciso di utilizzare anche la bandiera come mezzo di promozione. Alcune aziende hanno addirittura anticipato i tempi e fatto delle scelte che si stanno rivelando vincenti. A invitare le azienda alla riscoperto del potere comunicativo delle bandiere \u00e8 per esempio AP Promotion, da oltre 20 anni si occupa di promozione e pubblicit\u00e0, che ha deciso di investire in un progetto dal nome AP Bandiere che si occupa esclusivamente di realizzazione di <a href=\"http:\/\/www.apbandiere.com\" title=\"vendita bandiere\">bandiere<\/a> e accessori per bandiere destinati ad applicazioni di promozione.<\/p>\n<p>Sul sito possiamo scegliere tra bandiere &#8220;ready made&#8221; delle regioni e degli stati, come anche optare per bandiere completamente personalizzate e dedite alla comunicazione aziendale. Clienti ottimali sono ad esempio le pubbliche amministrazioni, le fiere, gli hotel, gli autosaloni, gli organizzatori di eventi, le societ\u00e0 sportive&#8230; ma in fondo, quale azienda non ha un logo da esibire in pubblico?<\/p>\n","protected":false},"excerpt":{"rendered":"<p>Da secoli le bandiere vengono utilizzate per veicolare messaggi, rappresentare simboli, condividere significati e anche oggi continuano a rivelarsi degli strumenti di comunicazione molto duttili ed efficaci.<\/p>\n","protected":false},"author":10,"featured_media":0,"comment_status":"open","ping_status":"open","sticky":false,"template":"","format":"standard","meta":{"cybocfi_hide_featured_image":"","footnotes":""},"categories":[103],"tags":[4542,4543],"class_list":["post-1357","post","type-post","status-publish","format-standard","hentry","category-marketing","tag-bandiere","tag-bandiere-pubblicitarie"],"yoast_head":"<!-- This site is optimized with the Yoast SEO plugin v27.0 - https:\/\/yoast.com\/product\/yoast-seo-wordpress\/ -->\n<title>Una bandiera a propria immagine - Article Marketing<\/title>\n<meta name=\"robots\" content=\"index, follow, max-snippet:-1, max-image-preview:large, max-video-preview:-1\" \/>\n<link rel=\"canonical\" href=\"https:\/\/www.article-marketing.eu\/comunicati\/economia-e-lavoro\/marketing\/una-bandiera-a-propria-immagine\/\" \/>\n<meta property=\"og:locale\" content=\"it_IT\" \/>\n<meta property=\"og:type\" content=\"article\" \/>\n<meta property=\"og:title\" content=\"Una bandiera a propria immagine - Article Marketing\" \/>\n<meta property=\"og:description\" content=\"Da secoli le bandiere vengono utilizzate per veicolare messaggi, rappresentare simboli, condividere significati e anche oggi continuano a rivelarsi degli strumenti di comunicazione molto duttili ed efficaci.\" \/>\n<meta property=\"og:url\" content=\"https:\/\/www.article-marketing.eu\/comunicati\/economia-e-lavoro\/marketing\/una-bandiera-a-propria-immagine\/\" \/>\n<meta property=\"og:site_name\" content=\"Article Marketing\" \/>\n<meta property=\"article:published_time\" content=\"2009-02-16T17:14:54+00:00\" \/>\n<meta name=\"author\" content=\"Redazione Comunicati Stampa\" \/>\n<meta name=\"twitter:card\" content=\"summary_large_image\" \/>\n<meta name=\"twitter:label1\" content=\"Scritto da\" \/>\n\t<meta name=\"twitter:data1\" content=\"Redazione Comunicati Stampa\" \/>\n\t<meta name=\"twitter:label2\" content=\"Tempo di lettura stimato\" \/>\n\t<meta name=\"twitter:data2\" content=\"2 minuti\" \/>\n<script type=\"application\/ld+json\" class=\"yoast-schema-graph\">{\"@context\":\"https:\/\/schema.org\",\"@graph\":[{\"@type\":\"Article\",\"@id\":\"https:\/\/www.article-marketing.eu\/comunicati\/economia-e-lavoro\/marketing\/una-bandiera-a-propria-immagine\/#article\",\"isPartOf\":{\"@id\":\"https:\/\/www.article-marketing.eu\/comunicati\/economia-e-lavoro\/marketing\/una-bandiera-a-propria-immagine\/\"},\"author\":{\"name\":\"Redazione Comunicati Stampa\",\"@id\":\"https:\/\/www.article-marketing.eu\/comunicati\/#\/schema\/person\/44372e4d4d0fa797b18e03ed1ace9017\"},\"headline\":\"Una bandiera a propria immagine\",\"datePublished\":\"2009-02-16T17:14:54+00:00\",\"mainEntityOfPage\":{\"@id\":\"https:\/\/www.article-marketing.eu\/comunicati\/economia-e-lavoro\/marketing\/una-bandiera-a-propria-immagine\/\"},\"wordCount\":485,\"commentCount\":0,\"keywords\":[\"bandiere\",\"bandiere pubblicitarie\"],\"articleSection\":[\"Marketing\"],\"inLanguage\":\"it-IT\",\"potentialAction\":[{\"@type\":\"CommentAction\",\"name\":\"Comment\",\"target\":[\"https:\/\/www.article-marketing.eu\/comunicati\/economia-e-lavoro\/marketing\/una-bandiera-a-propria-immagine\/#respond\"]}]},{\"@type\":\"WebPage\",\"@id\":\"https:\/\/www.article-marketing.eu\/comunicati\/economia-e-lavoro\/marketing\/una-bandiera-a-propria-immagine\/\",\"url\":\"https:\/\/www.article-marketing.eu\/comunicati\/economia-e-lavoro\/marketing\/una-bandiera-a-propria-immagine\/\",\"name\":\"Una bandiera a propria immagine - Article Marketing\",\"isPartOf\":{\"@id\":\"https:\/\/www.article-marketing.eu\/comunicati\/#website\"},\"datePublished\":\"2009-02-16T17:14:54+00:00\",\"author\":{\"@id\":\"https:\/\/www.article-marketing.eu\/comunicati\/#\/schema\/person\/44372e4d4d0fa797b18e03ed1ace9017\"},\"breadcrumb\":{\"@id\":\"https:\/\/www.article-marketing.eu\/comunicati\/economia-e-lavoro\/marketing\/una-bandiera-a-propria-immagine\/#breadcrumb\"},\"inLanguage\":\"it-IT\",\"potentialAction\":[{\"@type\":\"ReadAction\",\"target\":[\"https:\/\/www.article-marketing.eu\/comunicati\/economia-e-lavoro\/marketing\/una-bandiera-a-propria-immagine\/\"]}]},{\"@type\":\"BreadcrumbList\",\"@id\":\"https:\/\/www.article-marketing.eu\/comunicati\/economia-e-lavoro\/marketing\/una-bandiera-a-propria-immagine\/#breadcrumb\",\"itemListElement\":[{\"@type\":\"ListItem\",\"position\":1,\"name\":\"Home\",\"item\":\"https:\/\/www.article-marketing.eu\/comunicati\/\"},{\"@type\":\"ListItem\",\"position\":2,\"name\":\"Una bandiera a propria immagine\"}]},{\"@type\":\"WebSite\",\"@id\":\"https:\/\/www.article-marketing.eu\/comunicati\/#website\",\"url\":\"https:\/\/www.article-marketing.eu\/comunicati\/\",\"name\":\"Article Marketing\",\"description\":\"article marketing &amp; press release\",\"potentialAction\":[{\"@type\":\"SearchAction\",\"target\":{\"@type\":\"EntryPoint\",\"urlTemplate\":\"https:\/\/www.article-marketing.eu\/comunicati\/?s={search_term_string}\"},\"query-input\":{\"@type\":\"PropertyValueSpecification\",\"valueRequired\":true,\"valueName\":\"search_term_string\"}}],\"inLanguage\":\"it-IT\"},{\"@type\":\"Person\",\"@id\":\"https:\/\/www.article-marketing.eu\/comunicati\/#\/schema\/person\/44372e4d4d0fa797b18e03ed1ace9017\",\"name\":\"Redazione Comunicati Stampa\",\"image\":{\"@type\":\"ImageObject\",\"inLanguage\":\"it-IT\",\"@id\":\"https:\/\/www.article-marketing.eu\/comunicati\/#\/schema\/person\/image\/\",\"url\":\"https:\/\/secure.gravatar.com\/avatar\/50e5c6421d3072f42e7ace803501602c60d75233d34e29fd05feb91c8760b792?s=96&d=mm&r=g\",\"contentUrl\":\"https:\/\/secure.gravatar.com\/avatar\/50e5c6421d3072f42e7ace803501602c60d75233d34e29fd05feb91c8760b792?s=96&d=mm&r=g\",\"caption\":\"Redazione Comunicati Stampa\"},\"url\":\"https:\/\/www.article-marketing.eu\/comunicati\/author\/redazione-comunicati-stampa\/\"}]}<\/script>\n<!-- \/ Yoast SEO plugin. -->","yoast_head_json":{"title":"Una bandiera a propria immagine - Article Marketing","robots":{"index":"index","follow":"follow","max-snippet":"max-snippet:-1","max-image-preview":"max-image-preview:large","max-video-preview":"max-video-preview:-1"},"canonical":"https:\/\/www.article-marketing.eu\/comunicati\/economia-e-lavoro\/marketing\/una-bandiera-a-propria-immagine\/","og_locale":"it_IT","og_type":"article","og_title":"Una bandiera a propria immagine - Article Marketing","og_description":"Da secoli le bandiere vengono utilizzate per veicolare messaggi, rappresentare simboli, condividere significati e anche oggi continuano a rivelarsi degli strumenti di comunicazione molto duttili ed efficaci.","og_url":"https:\/\/www.article-marketing.eu\/comunicati\/economia-e-lavoro\/marketing\/una-bandiera-a-propria-immagine\/","og_site_name":"Article Marketing","article_published_time":"2009-02-16T17:14:54+00:00","author":"Redazione Comunicati Stampa","twitter_card":"summary_large_image","twitter_misc":{"Scritto da":"Redazione Comunicati Stampa","Tempo di lettura stimato":"2 minuti"},"schema":{"@context":"https:\/\/schema.org","@graph":[{"@type":"Article","@id":"https:\/\/www.article-marketing.eu\/comunicati\/economia-e-lavoro\/marketing\/una-bandiera-a-propria-immagine\/#article","isPartOf":{"@id":"https:\/\/www.article-marketing.eu\/comunicati\/economia-e-lavoro\/marketing\/una-bandiera-a-propria-immagine\/"},"author":{"name":"Redazione Comunicati Stampa","@id":"https:\/\/www.article-marketing.eu\/comunicati\/#\/schema\/person\/44372e4d4d0fa797b18e03ed1ace9017"},"headline":"Una bandiera a propria immagine","datePublished":"2009-02-16T17:14:54+00:00","mainEntityOfPage":{"@id":"https:\/\/www.article-marketing.eu\/comunicati\/economia-e-lavoro\/marketing\/una-bandiera-a-propria-immagine\/"},"wordCount":485,"commentCount":0,"keywords":["bandiere","bandiere pubblicitarie"],"articleSection":["Marketing"],"inLanguage":"it-IT","potentialAction":[{"@type":"CommentAction","name":"Comment","target":["https:\/\/www.article-marketing.eu\/comunicati\/economia-e-lavoro\/marketing\/una-bandiera-a-propria-immagine\/#respond"]}]},{"@type":"WebPage","@id":"https:\/\/www.article-marketing.eu\/comunicati\/economia-e-lavoro\/marketing\/una-bandiera-a-propria-immagine\/","url":"https:\/\/www.article-marketing.eu\/comunicati\/economia-e-lavoro\/marketing\/una-bandiera-a-propria-immagine\/","name":"Una bandiera a propria immagine - Article Marketing","isPartOf":{"@id":"https:\/\/www.article-marketing.eu\/comunicati\/#website"},"datePublished":"2009-02-16T17:14:54+00:00","author":{"@id":"https:\/\/www.article-marketing.eu\/comunicati\/#\/schema\/person\/44372e4d4d0fa797b18e03ed1ace9017"},"breadcrumb":{"@id":"https:\/\/www.article-marketing.eu\/comunicati\/economia-e-lavoro\/marketing\/una-bandiera-a-propria-immagine\/#breadcrumb"},"inLanguage":"it-IT","potentialAction":[{"@type":"ReadAction","target":["https:\/\/www.article-marketing.eu\/comunicati\/economia-e-lavoro\/marketing\/una-bandiera-a-propria-immagine\/"]}]},{"@type":"BreadcrumbList","@id":"https:\/\/www.article-marketing.eu\/comunicati\/economia-e-lavoro\/marketing\/una-bandiera-a-propria-immagine\/#breadcrumb","itemListElement":[{"@type":"ListItem","position":1,"name":"Home","item":"https:\/\/www.article-marketing.eu\/comunicati\/"},{"@type":"ListItem","position":2,"name":"Una bandiera a propria immagine"}]},{"@type":"WebSite","@id":"https:\/\/www.article-marketing.eu\/comunicati\/#website","url":"https:\/\/www.article-marketing.eu\/comunicati\/","name":"Article Marketing","description":"article marketing &amp; press release","potentialAction":[{"@type":"SearchAction","target":{"@type":"EntryPoint","urlTemplate":"https:\/\/www.article-marketing.eu\/comunicati\/?s={search_term_string}"},"query-input":{"@type":"PropertyValueSpecification","valueRequired":true,"valueName":"search_term_string"}}],"inLanguage":"it-IT"},{"@type":"Person","@id":"https:\/\/www.article-marketing.eu\/comunicati\/#\/schema\/person\/44372e4d4d0fa797b18e03ed1ace9017","name":"Redazione Comunicati Stampa","image":{"@type":"ImageObject","inLanguage":"it-IT","@id":"https:\/\/www.article-marketing.eu\/comunicati\/#\/schema\/person\/image\/","url":"https:\/\/secure.gravatar.com\/avatar\/50e5c6421d3072f42e7ace803501602c60d75233d34e29fd05feb91c8760b792?s=96&d=mm&r=g","contentUrl":"https:\/\/secure.gravatar.com\/avatar\/50e5c6421d3072f42e7ace803501602c60d75233d34e29fd05feb91c8760b792?s=96&d=mm&r=g","caption":"Redazione Comunicati Stampa"},"url":"https:\/\/www.article-marketing.eu\/comunicati\/author\/redazione-comunicati-stampa\/"}]}},"_links":{"self":[{"href":"https:\/\/www.article-marketing.eu\/comunicati\/wp-json\/wp\/v2\/posts\/1357","targetHints":{"allow":["GET"]}}],"collection":[{"href":"https:\/\/www.article-marketing.eu\/comunicati\/wp-json\/wp\/v2\/posts"}],"about":[{"href":"https:\/\/www.article-marketing.eu\/comunicati\/wp-json\/wp\/v2\/types\/post"}],"author":[{"embeddable":true,"href":"https:\/\/www.article-marketing.eu\/comunicati\/wp-json\/wp\/v2\/users\/10"}],"replies":[{"embeddable":true,"href":"https:\/\/www.article-marketing.eu\/comunicati\/wp-json\/wp\/v2\/comments?post=1357"}],"version-history":[{"count":0,"href":"https:\/\/www.article-marketing.eu\/comunicati\/wp-json\/wp\/v2\/posts\/1357\/revisions"}],"wp:attachment":[{"href":"https:\/\/www.article-marketing.eu\/comunicati\/wp-json\/wp\/v2\/media?parent=1357"}],"wp:term":[{"taxonomy":"category","embeddable":true,"href":"https:\/\/www.article-marketing.eu\/comunicati\/wp-json\/wp\/v2\/categories?post=1357"},{"taxonomy":"post_tag","embeddable":true,"href":"https:\/\/www.article-marketing.eu\/comunicati\/wp-json\/wp\/v2\/tags?post=1357"}],"curies":[{"name":"wp","href":"https:\/\/api.w.org\/{rel}","templated":true}]}}