{"id":1358,"date":"2009-03-10T11:50:16","date_gmt":"2009-03-10T10:50:16","guid":{"rendered":"http:\/\/www.article-marketing.eu\/comunicati\/senza-categoria\/nascita-e-sviluppo-del-caffe-espresso\/"},"modified":"2009-03-10T11:50:16","modified_gmt":"2009-03-10T10:50:16","slug":"nascita-e-sviluppo-del-caffe-espresso","status":"publish","type":"post","link":"https:\/\/www.article-marketing.eu\/comunicati\/casa\/cucina\/nascita-e-sviluppo-del-caffe-espresso\/","title":{"rendered":"Nascita e sviluppo del caff\u00e8 espresso"},"content":{"rendered":"<p>La pausa caff\u00e8 \u00e8 da sempre la benedizione di tutti i lavoratori. Serve a rilassarsi, a scambiare quattro chiacchiere con i colleghi e a fare uno spuntino.<\/p>\n<p>Il caff\u00e8 \u00e8 ormai da secoli la bevanda preferita dagli italiani. Come il t\u00e8 \u00e8 considerata la bevanda tipica degli inglesi, con la loro famosa ora del t\u00e8, gli italiani sono famosi nel mondo per il caff\u00e8 espresso. Il caff\u00e8 espresso \u00e8 una bevanda ottenuta dalla torrefazione e macinazione dei semi della Coffea arabica e Coffea robusta, preparata secondo un procedimento di infusione sotto alta pressione di vapore acqueo per mezzo di un&#8217;apposita macchina.<\/p>\n<p>Ma il caff\u00e8 non \u00e8 solo un semplice procedimento fisico. Fare il caff\u00e8 \u00e8 anche un arte e soprattutto uno stile di vita. Ogni paese ha un suo modo particolare di preparare il caff\u00e8 e ognuno \u00e8 convinto che gli altri facciano solo caff\u00e8 imbevibili. Come per esempio il caff\u00e8 americano che noi italiano consideriamo una sbobba insapore. Ci sono molti modi anche di bere il caff\u00e8 espresso, c\u2019\u00e8 chi beve solo l\u2019espresso del bar, chi invece passa molte ore della giornata alle famose <a href=\"http:\/\/www.adimac.it\/vending-machines\/\">coffee machine<\/a> dell\u2019ufficio, chi preferisce farlo a casa con la caffettiera.<\/p>\n<p>Se il caff\u00e8, importato dall\u2019America del Sud era bevuto fin dall\u2019\u2019600, le prime botteghe del caff\u00e8 furono aperte a Venezia nel 1645. Da l\u00ec a poco l\u2019uso di questa bevanda si diffuse rapidamente dapprima in Inghilterra, ma poi i caff\u00e8 divennero presto luoghi di nascita e diffusione di idee liberali, e furono frequentati da letterati, politici e filosofi, diffondendone l&#8217;uso in tutta Europa.<br \/>\nInvece il caff\u00e8 espresso come noi lo conosciamo \u00e8 nato nei primi del \u2018900 a Milano, dall\u2019invenzione della macchina per produrlo, brevettata dall\u2019ing., Giuseppe Bezzera nel 1902. Il brevetto venne acquistato da Desiderio Pavoni che inizi\u00f2, con la sua ditta, La Pavoni, nel 1905, la produzione in serie (una al giorno), in una piccola officina di via Parini a Milano. Questa fu la prima macchina per il caff\u00e8 espresso da bar, ed era denominata Ideale. <\/p>\n<p>A questa prima macchina come sappiamo ne sono seguite moltissime altre, dalle caffettiere casalinghe ai distributori  di caff\u00e8, che oggi sono ormai divenuti anche hot drinks machine. Insomma decisamente un notevole sviluppo commerciale!<\/p>\n<p>Oggi il mercato globale di settore consta di circa 90.000 milioni di dollari. Il Brasile, da solo, produce quasi un terzo del caff\u00e8 nel mondo. A livello mondiale, non mancano le voci preoccupate per quella che \u00e8 una delle merci pi\u00f9 scambiate insieme a petrolio e acciaio. Periodicamente i raccolti hanno quantit\u00e0 molto fluttuanti, a seconda delle condizioni meteorologiche e delle fluttuazioni dei prezzi.<br \/>\nI maggiori produttori mondiali sono, nell&#8217;ordine, il Brasile, il Vietnam, la Colombia e l&#8217;Indonesia. Seguono, con ordine variabile secondo le annate, Messico, Guatemala, Honduras, Per\u00f9, Etiopia, India. <\/p>\n<p>Eppure il caff\u00e8 resta sempre uno dei prodotti pi\u00f9 scambiati e pi\u00f9 importanti dell\u2019economia mondiale. Nessuno si sognerebbe mai di rinunciare alla propria pausa caff\u00e8, che sia a casa o sul lavoro o aspettando il treno, magari con insieme un piccolo snack dalle food vending machine, in tutti i momenti della giornata siamo riconoscenti per il lungo viaggio che il caff\u00e8 continua a fare.<\/p>\n","protected":false},"excerpt":{"rendered":"<p>La pausa caff\u00e8 \u00e8 da sempre la benedizione di tutti i lavoratori. Serve a rilassarsi, a scambiare quattro chiacchiere con i colleghi e a fare uno spuntino.<\/p>\n","protected":false},"author":10,"featured_media":0,"comment_status":"open","ping_status":"open","sticky":false,"template":"","format":"standard","meta":{"cybocfi_hide_featured_image":"","footnotes":""},"categories":[944],"tags":[4164,4547,4545,4546,4544,4167],"class_list":["post-1358","post","type-post","status-publish","format-standard","hentry","category-cucina","tag-caffe","tag-coffee-machine","tag-coffee-vending-machine","tag-distributori-caffe","tag-espresso","tag-pausa-caffe"],"yoast_head":"<!-- This site is optimized with the Yoast SEO plugin v27.0 - https:\/\/yoast.com\/product\/yoast-seo-wordpress\/ -->\n<title>Nascita e sviluppo del caff\u00e8 espresso - Article Marketing<\/title>\n<meta name=\"robots\" content=\"index, follow, max-snippet:-1, max-image-preview:large, max-video-preview:-1\" \/>\n<link rel=\"canonical\" href=\"https:\/\/www.article-marketing.eu\/comunicati\/casa\/cucina\/nascita-e-sviluppo-del-caffe-espresso\/\" \/>\n<meta property=\"og:locale\" content=\"it_IT\" \/>\n<meta property=\"og:type\" content=\"article\" \/>\n<meta property=\"og:title\" content=\"Nascita e sviluppo del caff\u00e8 espresso - Article Marketing\" \/>\n<meta property=\"og:description\" content=\"La pausa caff\u00e8 \u00e8 da sempre la benedizione di tutti i lavoratori. Serve a rilassarsi, a scambiare quattro chiacchiere con i colleghi e a fare uno spuntino.\" \/>\n<meta property=\"og:url\" content=\"https:\/\/www.article-marketing.eu\/comunicati\/casa\/cucina\/nascita-e-sviluppo-del-caffe-espresso\/\" \/>\n<meta property=\"og:site_name\" content=\"Article Marketing\" \/>\n<meta property=\"article:published_time\" content=\"2009-03-10T10:50:16+00:00\" \/>\n<meta name=\"author\" content=\"Redazione Comunicati Stampa\" \/>\n<meta name=\"twitter:card\" content=\"summary_large_image\" \/>\n<meta name=\"twitter:label1\" content=\"Scritto da\" \/>\n\t<meta name=\"twitter:data1\" content=\"Redazione Comunicati Stampa\" \/>\n\t<meta name=\"twitter:label2\" content=\"Tempo di lettura stimato\" \/>\n\t<meta name=\"twitter:data2\" content=\"3 minuti\" \/>\n<script type=\"application\/ld+json\" class=\"yoast-schema-graph\">{\"@context\":\"https:\/\/schema.org\",\"@graph\":[{\"@type\":\"Article\",\"@id\":\"https:\/\/www.article-marketing.eu\/comunicati\/casa\/cucina\/nascita-e-sviluppo-del-caffe-espresso\/#article\",\"isPartOf\":{\"@id\":\"https:\/\/www.article-marketing.eu\/comunicati\/casa\/cucina\/nascita-e-sviluppo-del-caffe-espresso\/\"},\"author\":{\"name\":\"Redazione Comunicati Stampa\",\"@id\":\"https:\/\/www.article-marketing.eu\/comunicati\/#\/schema\/person\/44372e4d4d0fa797b18e03ed1ace9017\"},\"headline\":\"Nascita e sviluppo del caff\u00e8 espresso\",\"datePublished\":\"2009-03-10T10:50:16+00:00\",\"mainEntityOfPage\":{\"@id\":\"https:\/\/www.article-marketing.eu\/comunicati\/casa\/cucina\/nascita-e-sviluppo-del-caffe-espresso\/\"},\"wordCount\":521,\"commentCount\":0,\"keywords\":[\"caff\u00e8\",\"coffee machine\",\"coffee vending machine\",\"distributori caff\u00e8\",\"espresso\",\"pausa caff\u00e8\"],\"articleSection\":[\"Cucina\"],\"inLanguage\":\"it-IT\",\"potentialAction\":[{\"@type\":\"CommentAction\",\"name\":\"Comment\",\"target\":[\"https:\/\/www.article-marketing.eu\/comunicati\/casa\/cucina\/nascita-e-sviluppo-del-caffe-espresso\/#respond\"]}]},{\"@type\":\"WebPage\",\"@id\":\"https:\/\/www.article-marketing.eu\/comunicati\/casa\/cucina\/nascita-e-sviluppo-del-caffe-espresso\/\",\"url\":\"https:\/\/www.article-marketing.eu\/comunicati\/casa\/cucina\/nascita-e-sviluppo-del-caffe-espresso\/\",\"name\":\"Nascita e sviluppo del caff\u00e8 espresso - Article Marketing\",\"isPartOf\":{\"@id\":\"https:\/\/www.article-marketing.eu\/comunicati\/#website\"},\"datePublished\":\"2009-03-10T10:50:16+00:00\",\"author\":{\"@id\":\"https:\/\/www.article-marketing.eu\/comunicati\/#\/schema\/person\/44372e4d4d0fa797b18e03ed1ace9017\"},\"breadcrumb\":{\"@id\":\"https:\/\/www.article-marketing.eu\/comunicati\/casa\/cucina\/nascita-e-sviluppo-del-caffe-espresso\/#breadcrumb\"},\"inLanguage\":\"it-IT\",\"potentialAction\":[{\"@type\":\"ReadAction\",\"target\":[\"https:\/\/www.article-marketing.eu\/comunicati\/casa\/cucina\/nascita-e-sviluppo-del-caffe-espresso\/\"]}]},{\"@type\":\"BreadcrumbList\",\"@id\":\"https:\/\/www.article-marketing.eu\/comunicati\/casa\/cucina\/nascita-e-sviluppo-del-caffe-espresso\/#breadcrumb\",\"itemListElement\":[{\"@type\":\"ListItem\",\"position\":1,\"name\":\"Home\",\"item\":\"https:\/\/www.article-marketing.eu\/comunicati\/\"},{\"@type\":\"ListItem\",\"position\":2,\"name\":\"Nascita e sviluppo del caff\u00e8 espresso\"}]},{\"@type\":\"WebSite\",\"@id\":\"https:\/\/www.article-marketing.eu\/comunicati\/#website\",\"url\":\"https:\/\/www.article-marketing.eu\/comunicati\/\",\"name\":\"Article Marketing\",\"description\":\"article marketing &amp; press release\",\"potentialAction\":[{\"@type\":\"SearchAction\",\"target\":{\"@type\":\"EntryPoint\",\"urlTemplate\":\"https:\/\/www.article-marketing.eu\/comunicati\/?s={search_term_string}\"},\"query-input\":{\"@type\":\"PropertyValueSpecification\",\"valueRequired\":true,\"valueName\":\"search_term_string\"}}],\"inLanguage\":\"it-IT\"},{\"@type\":\"Person\",\"@id\":\"https:\/\/www.article-marketing.eu\/comunicati\/#\/schema\/person\/44372e4d4d0fa797b18e03ed1ace9017\",\"name\":\"Redazione Comunicati Stampa\",\"image\":{\"@type\":\"ImageObject\",\"inLanguage\":\"it-IT\",\"@id\":\"https:\/\/www.article-marketing.eu\/comunicati\/#\/schema\/person\/image\/\",\"url\":\"https:\/\/secure.gravatar.com\/avatar\/50e5c6421d3072f42e7ace803501602c60d75233d34e29fd05feb91c8760b792?s=96&d=mm&r=g\",\"contentUrl\":\"https:\/\/secure.gravatar.com\/avatar\/50e5c6421d3072f42e7ace803501602c60d75233d34e29fd05feb91c8760b792?s=96&d=mm&r=g\",\"caption\":\"Redazione Comunicati Stampa\"},\"url\":\"https:\/\/www.article-marketing.eu\/comunicati\/author\/redazione-comunicati-stampa\/\"}]}<\/script>\n<!-- \/ Yoast SEO plugin. -->","yoast_head_json":{"title":"Nascita e sviluppo del caff\u00e8 espresso - Article Marketing","robots":{"index":"index","follow":"follow","max-snippet":"max-snippet:-1","max-image-preview":"max-image-preview:large","max-video-preview":"max-video-preview:-1"},"canonical":"https:\/\/www.article-marketing.eu\/comunicati\/casa\/cucina\/nascita-e-sviluppo-del-caffe-espresso\/","og_locale":"it_IT","og_type":"article","og_title":"Nascita e sviluppo del caff\u00e8 espresso - Article Marketing","og_description":"La pausa caff\u00e8 \u00e8 da sempre la benedizione di tutti i lavoratori. Serve a rilassarsi, a scambiare quattro chiacchiere con i colleghi e a fare uno spuntino.","og_url":"https:\/\/www.article-marketing.eu\/comunicati\/casa\/cucina\/nascita-e-sviluppo-del-caffe-espresso\/","og_site_name":"Article Marketing","article_published_time":"2009-03-10T10:50:16+00:00","author":"Redazione Comunicati Stampa","twitter_card":"summary_large_image","twitter_misc":{"Scritto da":"Redazione Comunicati Stampa","Tempo di lettura stimato":"3 minuti"},"schema":{"@context":"https:\/\/schema.org","@graph":[{"@type":"Article","@id":"https:\/\/www.article-marketing.eu\/comunicati\/casa\/cucina\/nascita-e-sviluppo-del-caffe-espresso\/#article","isPartOf":{"@id":"https:\/\/www.article-marketing.eu\/comunicati\/casa\/cucina\/nascita-e-sviluppo-del-caffe-espresso\/"},"author":{"name":"Redazione Comunicati Stampa","@id":"https:\/\/www.article-marketing.eu\/comunicati\/#\/schema\/person\/44372e4d4d0fa797b18e03ed1ace9017"},"headline":"Nascita e sviluppo del caff\u00e8 espresso","datePublished":"2009-03-10T10:50:16+00:00","mainEntityOfPage":{"@id":"https:\/\/www.article-marketing.eu\/comunicati\/casa\/cucina\/nascita-e-sviluppo-del-caffe-espresso\/"},"wordCount":521,"commentCount":0,"keywords":["caff\u00e8","coffee machine","coffee vending machine","distributori caff\u00e8","espresso","pausa caff\u00e8"],"articleSection":["Cucina"],"inLanguage":"it-IT","potentialAction":[{"@type":"CommentAction","name":"Comment","target":["https:\/\/www.article-marketing.eu\/comunicati\/casa\/cucina\/nascita-e-sviluppo-del-caffe-espresso\/#respond"]}]},{"@type":"WebPage","@id":"https:\/\/www.article-marketing.eu\/comunicati\/casa\/cucina\/nascita-e-sviluppo-del-caffe-espresso\/","url":"https:\/\/www.article-marketing.eu\/comunicati\/casa\/cucina\/nascita-e-sviluppo-del-caffe-espresso\/","name":"Nascita e sviluppo del caff\u00e8 espresso - Article Marketing","isPartOf":{"@id":"https:\/\/www.article-marketing.eu\/comunicati\/#website"},"datePublished":"2009-03-10T10:50:16+00:00","author":{"@id":"https:\/\/www.article-marketing.eu\/comunicati\/#\/schema\/person\/44372e4d4d0fa797b18e03ed1ace9017"},"breadcrumb":{"@id":"https:\/\/www.article-marketing.eu\/comunicati\/casa\/cucina\/nascita-e-sviluppo-del-caffe-espresso\/#breadcrumb"},"inLanguage":"it-IT","potentialAction":[{"@type":"ReadAction","target":["https:\/\/www.article-marketing.eu\/comunicati\/casa\/cucina\/nascita-e-sviluppo-del-caffe-espresso\/"]}]},{"@type":"BreadcrumbList","@id":"https:\/\/www.article-marketing.eu\/comunicati\/casa\/cucina\/nascita-e-sviluppo-del-caffe-espresso\/#breadcrumb","itemListElement":[{"@type":"ListItem","position":1,"name":"Home","item":"https:\/\/www.article-marketing.eu\/comunicati\/"},{"@type":"ListItem","position":2,"name":"Nascita e sviluppo del caff\u00e8 espresso"}]},{"@type":"WebSite","@id":"https:\/\/www.article-marketing.eu\/comunicati\/#website","url":"https:\/\/www.article-marketing.eu\/comunicati\/","name":"Article Marketing","description":"article marketing &amp; press release","potentialAction":[{"@type":"SearchAction","target":{"@type":"EntryPoint","urlTemplate":"https:\/\/www.article-marketing.eu\/comunicati\/?s={search_term_string}"},"query-input":{"@type":"PropertyValueSpecification","valueRequired":true,"valueName":"search_term_string"}}],"inLanguage":"it-IT"},{"@type":"Person","@id":"https:\/\/www.article-marketing.eu\/comunicati\/#\/schema\/person\/44372e4d4d0fa797b18e03ed1ace9017","name":"Redazione Comunicati Stampa","image":{"@type":"ImageObject","inLanguage":"it-IT","@id":"https:\/\/www.article-marketing.eu\/comunicati\/#\/schema\/person\/image\/","url":"https:\/\/secure.gravatar.com\/avatar\/50e5c6421d3072f42e7ace803501602c60d75233d34e29fd05feb91c8760b792?s=96&d=mm&r=g","contentUrl":"https:\/\/secure.gravatar.com\/avatar\/50e5c6421d3072f42e7ace803501602c60d75233d34e29fd05feb91c8760b792?s=96&d=mm&r=g","caption":"Redazione Comunicati Stampa"},"url":"https:\/\/www.article-marketing.eu\/comunicati\/author\/redazione-comunicati-stampa\/"}]}},"_links":{"self":[{"href":"https:\/\/www.article-marketing.eu\/comunicati\/wp-json\/wp\/v2\/posts\/1358","targetHints":{"allow":["GET"]}}],"collection":[{"href":"https:\/\/www.article-marketing.eu\/comunicati\/wp-json\/wp\/v2\/posts"}],"about":[{"href":"https:\/\/www.article-marketing.eu\/comunicati\/wp-json\/wp\/v2\/types\/post"}],"author":[{"embeddable":true,"href":"https:\/\/www.article-marketing.eu\/comunicati\/wp-json\/wp\/v2\/users\/10"}],"replies":[{"embeddable":true,"href":"https:\/\/www.article-marketing.eu\/comunicati\/wp-json\/wp\/v2\/comments?post=1358"}],"version-history":[{"count":0,"href":"https:\/\/www.article-marketing.eu\/comunicati\/wp-json\/wp\/v2\/posts\/1358\/revisions"}],"wp:attachment":[{"href":"https:\/\/www.article-marketing.eu\/comunicati\/wp-json\/wp\/v2\/media?parent=1358"}],"wp:term":[{"taxonomy":"category","embeddable":true,"href":"https:\/\/www.article-marketing.eu\/comunicati\/wp-json\/wp\/v2\/categories?post=1358"},{"taxonomy":"post_tag","embeddable":true,"href":"https:\/\/www.article-marketing.eu\/comunicati\/wp-json\/wp\/v2\/tags?post=1358"}],"curies":[{"name":"wp","href":"https:\/\/api.w.org\/{rel}","templated":true}]}}