{"id":1364,"date":"2009-02-17T15:01:46","date_gmt":"2009-02-17T14:01:46","guid":{"rendered":"http:\/\/www.article-marketing.eu\/comunicati\/senza-categoria\/anche-lallattamento-al-seno-puo-avere-i-suoi-rischi\/"},"modified":"2009-02-17T15:01:46","modified_gmt":"2009-02-17T14:01:46","slug":"anche-lallattamento-al-seno-puo-avere-i-suoi-rischi","status":"publish","type":"post","link":"https:\/\/www.article-marketing.eu\/comunicati\/salute-e-benessere\/anche-lallattamento-al-seno-puo-avere-i-suoi-rischi\/","title":{"rendered":"Anche l&#8217;allattamento al seno pu\u00f2 avere i suoi rischi"},"content":{"rendered":"<p style=\"LINE-HEIGHT: 18pt\">Uno studio davvero controcorrente quello che hanno deciso di affrontare i ricercatori del Sunderland Royal Hospital britannico. Sul banco degli imputati sale \u2013 udite, udite \u2013 l\u2019allattamento al seno. L\u2019Organizzazione Mondiale della Sanit\u00e0 consiglia di allattare elusivamente al seno per i primi sei mesi, l\u2019allattamento esclusivo viene promosso in ogni dove e le propriet\u00e0 nutritive del latte materno, assolutamente indubbie, diventano baluardo di ogni discussione o dibattito che abbia come oggetto l\u2019allattamento.<br \/>Negli ultimi decenni si \u00e8 assistito ad un\u2019autentica crociata in favore dell\u2019allattamento al seno e contro quello artificiale, tanto che molte mamme che non riescono o non se la sentono di allattare finiscono col dover fare i conti non solo con la depressione post-parto, i dolori, la stanchezza, la paura del nuovo compito di mamma e mille altri sentimenti contrastanti, ma anche con un senso di colpa nuovo di zecca perch\u00e9 come il latte di mamma non c\u2019\u00e8 nulla e se non riesci a nutrire il tuo bambino con il tuo latte quasi quasi sei una mamma di serie B (un po\u2019 come se non hai partorito spontaneamente).<br \/>Ora questo ricercatore britannico, Sam Richmond, in collaborazione con un team di scienziati irlandesi, sta studiando l\u2019incidenza di un disturbo chiamato disidratazione ipernatremica, che si verifica quando la perdita di acqua \u00e8 superiore a quella dei sali, un disturbo che sembra stia interessando un numero sempre maggiore di neonati.<br \/>In pratica se il piccolo non assume una quantit\u00e0 sufficiente di latte nei primi giorni di vita i livelli di sodio nel sangue salgono drammaticamente e se non si interviene tempestivamente possono verificarsi danni piuttosto seri, come problemi neurologici, cancrena e nei casi pi\u00f9 gravi anche la morte. Naturalmente si tratta di una circostanza molto rara che, per\u00f2, secondo i ricercatori si sta verificando un po\u2019 pi\u00f9 spesso negli ultimi tempi ed \u00e8 ricollegabile proprio alla volont\u00e0 di allattare al seno ad ogni costo.<br \/>Per indagare sulla questione gli studiosi hanno chiesto all\u2019Unit\u00e0 di Sorveglianza Pediatrica britannica di compilare un rapporto ogni quattro settimane per segnalare il numero di bambini soggetti a disidratazione grave. Lo studio durer\u00e0 13 mesi al termine dei quali sar\u00e0 possibile fare il punto sulla situazione e agire di conseguenza.<\/p>\n<p style=\"LINE-HEIGHT: 18pt\">\u201cLa maggior parte delle persone \u00e8 sempre pi\u00f9 ferma nel sottolineare che nulla di negativo potrebbe venire dall\u2019allattamento al seno \u2013 ha spiegato lo studioso alla BBC \u2013 ma spesso questo attaccamento quasi religioso al latte materno pu\u00f2 provocare danni anche gravi\u201d. <br \/>La risposta al problema non \u00e8 per forza il ricorso al latte artificiale.<br \/>Forse basterebbe aumentare la rete di sostegno alle mamme nei reparti di ostetricia, oppure sarebbe sufficiente offrire un supporto a quelle che hanno difficolt\u00e0 ad allattare e che troppo spesso vengono lasciate sole con frasi di circostanza che ribadiscono quanto \u201cil latte fa bene e quanto sia importante\u201d, senza che ricevano alcun sostegno concreto per far s\u00ec che l\u2019allattamento al seno diventi una esperienza appagante e sana per mamma e beb\u00e8. <\/p>\n<p style=\"LINE-HEIGHT: 18pt\">Tratto da <a href=\"http:\/\/mammanews.blogspot.com\/\">http:\/\/mammanews.blogspot.com\/<\/a><\/p>\n","protected":false},"excerpt":{"rendered":"<p>Sta per partire in Gran Bretagna una ricerca sui possibili danni causati dall&#8217;ossessione di allattare al seno<\/p>\n","protected":false},"author":10,"featured_media":0,"comment_status":"open","ping_status":"open","sticky":false,"template":"","format":"standard","meta":{"cybocfi_hide_featured_image":"","footnotes":""},"categories":[265],"tags":[4560,4562,4561],"class_list":["post-1364","post","type-post","status-publish","format-standard","hentry","category-salute-e-benessere","tag-allattamento","tag-disidratazione","tag-neonato"],"yoast_head":"<!-- This site is optimized with the Yoast SEO plugin v27.0 - https:\/\/yoast.com\/product\/yoast-seo-wordpress\/ -->\n<title>Anche l&#039;allattamento al seno pu\u00f2 avere i suoi rischi - Article Marketing<\/title>\n<meta name=\"robots\" content=\"index, follow, max-snippet:-1, max-image-preview:large, max-video-preview:-1\" \/>\n<link rel=\"canonical\" href=\"https:\/\/www.article-marketing.eu\/comunicati\/salute-e-benessere\/anche-lallattamento-al-seno-puo-avere-i-suoi-rischi\/\" \/>\n<meta property=\"og:locale\" content=\"it_IT\" \/>\n<meta property=\"og:type\" content=\"article\" \/>\n<meta property=\"og:title\" content=\"Anche l&#039;allattamento al seno pu\u00f2 avere i suoi rischi - Article Marketing\" \/>\n<meta property=\"og:description\" content=\"Sta per partire in Gran Bretagna una ricerca sui possibili danni causati dall&#039;ossessione di allattare al seno\" \/>\n<meta property=\"og:url\" content=\"https:\/\/www.article-marketing.eu\/comunicati\/salute-e-benessere\/anche-lallattamento-al-seno-puo-avere-i-suoi-rischi\/\" \/>\n<meta property=\"og:site_name\" content=\"Article Marketing\" \/>\n<meta property=\"article:published_time\" content=\"2009-02-17T14:01:46+00:00\" \/>\n<meta name=\"author\" content=\"Redazione Comunicati Stampa\" \/>\n<meta name=\"twitter:card\" content=\"summary_large_image\" \/>\n<meta name=\"twitter:label1\" content=\"Scritto da\" \/>\n\t<meta name=\"twitter:data1\" content=\"Redazione Comunicati Stampa\" \/>\n\t<meta name=\"twitter:label2\" content=\"Tempo di lettura stimato\" \/>\n\t<meta name=\"twitter:data2\" content=\"2 minuti\" \/>\n<script type=\"application\/ld+json\" class=\"yoast-schema-graph\">{\"@context\":\"https:\/\/schema.org\",\"@graph\":[{\"@type\":\"Article\",\"@id\":\"https:\/\/www.article-marketing.eu\/comunicati\/salute-e-benessere\/anche-lallattamento-al-seno-puo-avere-i-suoi-rischi\/#article\",\"isPartOf\":{\"@id\":\"https:\/\/www.article-marketing.eu\/comunicati\/salute-e-benessere\/anche-lallattamento-al-seno-puo-avere-i-suoi-rischi\/\"},\"author\":{\"name\":\"Redazione Comunicati Stampa\",\"@id\":\"https:\/\/www.article-marketing.eu\/comunicati\/#\/schema\/person\/44372e4d4d0fa797b18e03ed1ace9017\"},\"headline\":\"Anche l&#8217;allattamento al seno pu\u00f2 avere i suoi rischi\",\"datePublished\":\"2009-02-17T14:01:46+00:00\",\"mainEntityOfPage\":{\"@id\":\"https:\/\/www.article-marketing.eu\/comunicati\/salute-e-benessere\/anche-lallattamento-al-seno-puo-avere-i-suoi-rischi\/\"},\"wordCount\":504,\"commentCount\":0,\"keywords\":[\"allattamento\",\"disidratazione\",\"neonato\"],\"articleSection\":[\"Salute e benessere\"],\"inLanguage\":\"it-IT\",\"potentialAction\":[{\"@type\":\"CommentAction\",\"name\":\"Comment\",\"target\":[\"https:\/\/www.article-marketing.eu\/comunicati\/salute-e-benessere\/anche-lallattamento-al-seno-puo-avere-i-suoi-rischi\/#respond\"]}]},{\"@type\":\"WebPage\",\"@id\":\"https:\/\/www.article-marketing.eu\/comunicati\/salute-e-benessere\/anche-lallattamento-al-seno-puo-avere-i-suoi-rischi\/\",\"url\":\"https:\/\/www.article-marketing.eu\/comunicati\/salute-e-benessere\/anche-lallattamento-al-seno-puo-avere-i-suoi-rischi\/\",\"name\":\"Anche l'allattamento al seno pu\u00f2 avere i suoi rischi - Article Marketing\",\"isPartOf\":{\"@id\":\"https:\/\/www.article-marketing.eu\/comunicati\/#website\"},\"datePublished\":\"2009-02-17T14:01:46+00:00\",\"author\":{\"@id\":\"https:\/\/www.article-marketing.eu\/comunicati\/#\/schema\/person\/44372e4d4d0fa797b18e03ed1ace9017\"},\"breadcrumb\":{\"@id\":\"https:\/\/www.article-marketing.eu\/comunicati\/salute-e-benessere\/anche-lallattamento-al-seno-puo-avere-i-suoi-rischi\/#breadcrumb\"},\"inLanguage\":\"it-IT\",\"potentialAction\":[{\"@type\":\"ReadAction\",\"target\":[\"https:\/\/www.article-marketing.eu\/comunicati\/salute-e-benessere\/anche-lallattamento-al-seno-puo-avere-i-suoi-rischi\/\"]}]},{\"@type\":\"BreadcrumbList\",\"@id\":\"https:\/\/www.article-marketing.eu\/comunicati\/salute-e-benessere\/anche-lallattamento-al-seno-puo-avere-i-suoi-rischi\/#breadcrumb\",\"itemListElement\":[{\"@type\":\"ListItem\",\"position\":1,\"name\":\"Home\",\"item\":\"https:\/\/www.article-marketing.eu\/comunicati\/\"},{\"@type\":\"ListItem\",\"position\":2,\"name\":\"Anche l&#8217;allattamento al seno pu\u00f2 avere i suoi rischi\"}]},{\"@type\":\"WebSite\",\"@id\":\"https:\/\/www.article-marketing.eu\/comunicati\/#website\",\"url\":\"https:\/\/www.article-marketing.eu\/comunicati\/\",\"name\":\"Article Marketing\",\"description\":\"article marketing &amp; press release\",\"potentialAction\":[{\"@type\":\"SearchAction\",\"target\":{\"@type\":\"EntryPoint\",\"urlTemplate\":\"https:\/\/www.article-marketing.eu\/comunicati\/?s={search_term_string}\"},\"query-input\":{\"@type\":\"PropertyValueSpecification\",\"valueRequired\":true,\"valueName\":\"search_term_string\"}}],\"inLanguage\":\"it-IT\"},{\"@type\":\"Person\",\"@id\":\"https:\/\/www.article-marketing.eu\/comunicati\/#\/schema\/person\/44372e4d4d0fa797b18e03ed1ace9017\",\"name\":\"Redazione Comunicati Stampa\",\"image\":{\"@type\":\"ImageObject\",\"inLanguage\":\"it-IT\",\"@id\":\"https:\/\/www.article-marketing.eu\/comunicati\/#\/schema\/person\/image\/\",\"url\":\"https:\/\/secure.gravatar.com\/avatar\/50e5c6421d3072f42e7ace803501602c60d75233d34e29fd05feb91c8760b792?s=96&d=mm&r=g\",\"contentUrl\":\"https:\/\/secure.gravatar.com\/avatar\/50e5c6421d3072f42e7ace803501602c60d75233d34e29fd05feb91c8760b792?s=96&d=mm&r=g\",\"caption\":\"Redazione Comunicati Stampa\"},\"url\":\"https:\/\/www.article-marketing.eu\/comunicati\/author\/redazione-comunicati-stampa\/\"}]}<\/script>\n<!-- \/ Yoast SEO plugin. -->","yoast_head_json":{"title":"Anche l'allattamento al seno pu\u00f2 avere i suoi rischi - Article Marketing","robots":{"index":"index","follow":"follow","max-snippet":"max-snippet:-1","max-image-preview":"max-image-preview:large","max-video-preview":"max-video-preview:-1"},"canonical":"https:\/\/www.article-marketing.eu\/comunicati\/salute-e-benessere\/anche-lallattamento-al-seno-puo-avere-i-suoi-rischi\/","og_locale":"it_IT","og_type":"article","og_title":"Anche l'allattamento al seno pu\u00f2 avere i suoi rischi - Article Marketing","og_description":"Sta per partire in Gran Bretagna una ricerca sui possibili danni causati dall'ossessione di allattare al seno","og_url":"https:\/\/www.article-marketing.eu\/comunicati\/salute-e-benessere\/anche-lallattamento-al-seno-puo-avere-i-suoi-rischi\/","og_site_name":"Article Marketing","article_published_time":"2009-02-17T14:01:46+00:00","author":"Redazione Comunicati Stampa","twitter_card":"summary_large_image","twitter_misc":{"Scritto da":"Redazione Comunicati Stampa","Tempo di lettura stimato":"2 minuti"},"schema":{"@context":"https:\/\/schema.org","@graph":[{"@type":"Article","@id":"https:\/\/www.article-marketing.eu\/comunicati\/salute-e-benessere\/anche-lallattamento-al-seno-puo-avere-i-suoi-rischi\/#article","isPartOf":{"@id":"https:\/\/www.article-marketing.eu\/comunicati\/salute-e-benessere\/anche-lallattamento-al-seno-puo-avere-i-suoi-rischi\/"},"author":{"name":"Redazione Comunicati Stampa","@id":"https:\/\/www.article-marketing.eu\/comunicati\/#\/schema\/person\/44372e4d4d0fa797b18e03ed1ace9017"},"headline":"Anche l&#8217;allattamento al seno pu\u00f2 avere i suoi rischi","datePublished":"2009-02-17T14:01:46+00:00","mainEntityOfPage":{"@id":"https:\/\/www.article-marketing.eu\/comunicati\/salute-e-benessere\/anche-lallattamento-al-seno-puo-avere-i-suoi-rischi\/"},"wordCount":504,"commentCount":0,"keywords":["allattamento","disidratazione","neonato"],"articleSection":["Salute e benessere"],"inLanguage":"it-IT","potentialAction":[{"@type":"CommentAction","name":"Comment","target":["https:\/\/www.article-marketing.eu\/comunicati\/salute-e-benessere\/anche-lallattamento-al-seno-puo-avere-i-suoi-rischi\/#respond"]}]},{"@type":"WebPage","@id":"https:\/\/www.article-marketing.eu\/comunicati\/salute-e-benessere\/anche-lallattamento-al-seno-puo-avere-i-suoi-rischi\/","url":"https:\/\/www.article-marketing.eu\/comunicati\/salute-e-benessere\/anche-lallattamento-al-seno-puo-avere-i-suoi-rischi\/","name":"Anche l'allattamento al seno pu\u00f2 avere i suoi rischi - Article Marketing","isPartOf":{"@id":"https:\/\/www.article-marketing.eu\/comunicati\/#website"},"datePublished":"2009-02-17T14:01:46+00:00","author":{"@id":"https:\/\/www.article-marketing.eu\/comunicati\/#\/schema\/person\/44372e4d4d0fa797b18e03ed1ace9017"},"breadcrumb":{"@id":"https:\/\/www.article-marketing.eu\/comunicati\/salute-e-benessere\/anche-lallattamento-al-seno-puo-avere-i-suoi-rischi\/#breadcrumb"},"inLanguage":"it-IT","potentialAction":[{"@type":"ReadAction","target":["https:\/\/www.article-marketing.eu\/comunicati\/salute-e-benessere\/anche-lallattamento-al-seno-puo-avere-i-suoi-rischi\/"]}]},{"@type":"BreadcrumbList","@id":"https:\/\/www.article-marketing.eu\/comunicati\/salute-e-benessere\/anche-lallattamento-al-seno-puo-avere-i-suoi-rischi\/#breadcrumb","itemListElement":[{"@type":"ListItem","position":1,"name":"Home","item":"https:\/\/www.article-marketing.eu\/comunicati\/"},{"@type":"ListItem","position":2,"name":"Anche l&#8217;allattamento al seno pu\u00f2 avere i suoi rischi"}]},{"@type":"WebSite","@id":"https:\/\/www.article-marketing.eu\/comunicati\/#website","url":"https:\/\/www.article-marketing.eu\/comunicati\/","name":"Article Marketing","description":"article marketing &amp; press release","potentialAction":[{"@type":"SearchAction","target":{"@type":"EntryPoint","urlTemplate":"https:\/\/www.article-marketing.eu\/comunicati\/?s={search_term_string}"},"query-input":{"@type":"PropertyValueSpecification","valueRequired":true,"valueName":"search_term_string"}}],"inLanguage":"it-IT"},{"@type":"Person","@id":"https:\/\/www.article-marketing.eu\/comunicati\/#\/schema\/person\/44372e4d4d0fa797b18e03ed1ace9017","name":"Redazione Comunicati Stampa","image":{"@type":"ImageObject","inLanguage":"it-IT","@id":"https:\/\/www.article-marketing.eu\/comunicati\/#\/schema\/person\/image\/","url":"https:\/\/secure.gravatar.com\/avatar\/50e5c6421d3072f42e7ace803501602c60d75233d34e29fd05feb91c8760b792?s=96&d=mm&r=g","contentUrl":"https:\/\/secure.gravatar.com\/avatar\/50e5c6421d3072f42e7ace803501602c60d75233d34e29fd05feb91c8760b792?s=96&d=mm&r=g","caption":"Redazione Comunicati Stampa"},"url":"https:\/\/www.article-marketing.eu\/comunicati\/author\/redazione-comunicati-stampa\/"}]}},"_links":{"self":[{"href":"https:\/\/www.article-marketing.eu\/comunicati\/wp-json\/wp\/v2\/posts\/1364","targetHints":{"allow":["GET"]}}],"collection":[{"href":"https:\/\/www.article-marketing.eu\/comunicati\/wp-json\/wp\/v2\/posts"}],"about":[{"href":"https:\/\/www.article-marketing.eu\/comunicati\/wp-json\/wp\/v2\/types\/post"}],"author":[{"embeddable":true,"href":"https:\/\/www.article-marketing.eu\/comunicati\/wp-json\/wp\/v2\/users\/10"}],"replies":[{"embeddable":true,"href":"https:\/\/www.article-marketing.eu\/comunicati\/wp-json\/wp\/v2\/comments?post=1364"}],"version-history":[{"count":0,"href":"https:\/\/www.article-marketing.eu\/comunicati\/wp-json\/wp\/v2\/posts\/1364\/revisions"}],"wp:attachment":[{"href":"https:\/\/www.article-marketing.eu\/comunicati\/wp-json\/wp\/v2\/media?parent=1364"}],"wp:term":[{"taxonomy":"category","embeddable":true,"href":"https:\/\/www.article-marketing.eu\/comunicati\/wp-json\/wp\/v2\/categories?post=1364"},{"taxonomy":"post_tag","embeddable":true,"href":"https:\/\/www.article-marketing.eu\/comunicati\/wp-json\/wp\/v2\/tags?post=1364"}],"curies":[{"name":"wp","href":"https:\/\/api.w.org\/{rel}","templated":true}]}}