{"id":137,"date":"2008-01-10T11:27:48","date_gmt":"2008-01-10T10:27:48","guid":{"rendered":"http:\/\/www.article-marketing.eu\/comunicati\/senza-categoria\/certificazione-energetica-lombardia-second-fase\/"},"modified":"2008-01-10T11:27:48","modified_gmt":"2008-01-10T10:27:48","slug":"certificazione-energetica-lombardia-second-fase","status":"publish","type":"post","link":"https:\/\/www.article-marketing.eu\/comunicati\/comunicati-stampa\/prodotti\/certificazione-energetica-lombardia-second-fase\/","title":{"rendered":"Certificazione energetica: Lombardia second fase"},"content":{"rendered":"<p><a href=\"http:\/\/bp3.blogger.com\/_Y-imhcXPDvI\/R4UHBjga-BI\/AAAAAAAAA_Y\/x_19PAAaZWc\/s1600-h\/CertificatoreEnergetico-com-logo.gif\"><img decoding=\"async\" border=\"0\" src=\"http:\/\/bp3.blogger.com\/_Y-imhcXPDvI\/R4UHBjga-BI\/AAAAAAAAA_Y\/x_19PAAaZWc\/s320\/CertificatoreEnergetico-com-logo.gif\" alt=\"CertificatoreEnergetico.com logo\" style=\"margin: 0px 0px 10px 10px; float: right;\" title=\"CertificatoreEnergetico.com logo\" id=\"BLOGGER_PHOTO_ID_5153533071887890450\" \/><\/a> <\/p>\n<p>La certificazione energetica (di seguito anche \u201cCE\u201d o \u201cACE\u201d), come certamente noto, \u00e8 un documento attestante il valore di consumo energetico del sistema edificio-impianti e che assegna ad un edificio (o appartamento), formalmente e per la durata di dieci anni, una classe energetica di appartenenza in funzione del consumo dell\u2019immobile.<br \/>Se vogliamo trovare un semplice e quanto mai attuale paragone si deve avere come riferimento il mercato automobilistico. Una casa a basso impatto ambientale sar\u00e0 paragonabile ad una autovettura Euro4 mentre una casa ad alto impatto ambientale sar\u00e0 una auto definita Euro0.<br \/>Alla data di redazione del presente articolo l\u2019esito della valutazione non ha alcuna implicazione in termini fiscali: non esistono quindi maggiorazioni ICI per le case che consumano di pi\u00f9 e non esistono sgravi per le case che consumano di meno (1). Si tratta quindi di un\u2019opera di censimento del patrimonio immobiliare che deve essere eseguita, secondo determinate tempistiche, solo da professionisti abilitati dalla regione di competenza che ha lo scopo di sensibilizzare le popolazione ad un uso razionale delle risorse e che mira a migliorare l\u2019efficienza del sistema edificio-impianti attraverso il suggerimento di interventi di riqualificazione energetica (oggetto oggi di detrazione del 55% sul reddito IRPEF). La certificazione energetica degli edifici si presta quindi a migliorare la trasparenza e l&#8217;efficienza del mercato immobiliare, fornendo ai potenziali acquirenti una informazione oggettiva della prestazione energetica dell&#8217;immobile.<br \/>Una maggiore cultura sul consumo razionale delle risorse energetiche rientra negli obiettivi strategici della Nazione e delle singole regioni (Lombardia <em>in primis<\/em>).<\/p>\n<p>Fatte le doverose introduzioni generali vediamo di comprendere, al 1 gennaio 2008, lo stato dei lavori per la Regione Lombardia e perch\u00e9 si pu\u00f2 parlare di \u201cseconda fase\u201d (2).<\/p>\n<p>Il DGR VIII\/5773 (disposizioni inerenti all\u2019efficienza energetica in edilizia) ha stabilito la seguente gradualit\u00e0 temporale (art. 6, comma 2) circa la necessit\u00e0 di produrre la certificazione energetica all\u2019atto del rogito:<br \/>a) a decorrere dal 1\u00b0 settembre 2007, per tutti gli edifici, nel caso di trasferimento a titolo oneroso dell\u2019intero che avvenga mediante la vendita di tutte le unit\u00e0 immobiliari che lo compongono, effettuata con un unico contratto. Qualora l\u2019edificio oggetto di vendita sia costituito da pi\u00f9 unit\u00e0 immobiliari, servite da impianti termici autonomi, \u00e8 previsto l\u2019obbligo della certificazione energetica di ciascuna unit\u00e0; <br \/>b) a decorrere dal 1\u00b0 gennaio 2008, nel caso di contratti \u201cservizio energia\u201d, nuovi o rinnovati, relativi ad edifici pubblici o privati.<br \/>Entra quindi in vigore l\u2019obbligo di certificazione energetica di tutti gli edifici e dei singoli appartamenti oggetto di compravendita che sono serviti da contratti \u201cservizio energia\u201d (di seguito anche \u201cCSE\u201d).<\/p>\n<p><strong>Cos\u2019\u00e8 un CSE e come capire se il venditore \u00e8 servito da questo tipo di contratto ?<\/strong><br \/>Il contratto servizio energia \u00e8 l&#8217;atto contrattuale, disciplinato dal DPR 412\/93, che disciplina l&#8217;erogazione dei beni e servizi necessari a mantenere le condizioni di comfort negli edifici nel rispetto delle vigenti leggi in materia di uso razionale dell&#8217;energia, di sicurezza e di salvaguardia dell&#8217;ambiente, provvedendo nel contempo al miglioramento del processo di trasformazione e di utilizzo dell&#8217;energia (cfr. DGR VIII\/5773, art. 2, lettera f). Di norma i CSE sono stipulati in grandi condomini o in grandi complessi residenziali nei quali la gestione del calore viene affidata ad aziende esterne. Il teleriscaldamento \u00e8 una forma di CSE.<br \/>In assenza di informazioni da parte del venditore il modo migliore (e talvolta anche l\u2019unico) per sapere se lo stabile \u00e8 servito da una centrale termica in CSE \u00e8 quindi chiedere all\u2019amministratore di condominio.<\/p>\n<p><strong>Quali sono i tempi necessari per eseguire una certificazione energetica ?<\/strong><br \/>I tempi per la redazione di un ACE sono variabili e vanno da un minimo di 5 giorni ad un massimo di 15 giorni. La variabilit\u00e0 dipende, principalmente, dal Comune in cui si trova l\u2019immobile oggetto di certificazione.<br \/>La procedura per redigere un ACE \u00e8 la seguente:<br \/>1. si fissa un sopralluogo presso l\u2019immobile del Cliente la fine di eseguire i rilievi utili per la stesura dell\u2019Atto;<br \/>2. dopo aver pagato in posta (o a mezzo B\/B) il bollettino di \u20ac 10,00 quale contributo per le spese di gestione della pratica, il soggetto certificatore apre un numero di protocollo presso il catasto energetico, redige l\u2019Atto, lo invia telematicamente al catasto e stampa la ricevuta;<br \/>3. dopo aver stampato l\u2019Atto il certificatore si deve recare presso il Comune di competenza per la vidimazione del documento da parte dell\u2019ufficio competente. Nei casi migliori \u00e8 necessario un solo sopralluogo, nei casi peggiori il Comune trattiene il documento e lo restituisce vidimato solo dopo diverso tempo ed \u00e8 quindi necessario un secondo sopralluogo.<br \/>Il principale scoglio, in termini di tempo, \u00e8 rappresentato quindi dal Comune in quanto i tempi per l\u2019evasione della pratica <em>possono essere variabili da Comune a Comune<\/em>.<\/p>\n<p><strong>Qual \u00e8 il costo approssimativo della perizia ?<\/strong><br \/>In un\u2019ottica di libero mercato non sono stati stabiliti dei prezzi da parte della regione Lombardia. Riteniamo pertanto giusto parlare anche di questo argomento.<br \/>Prendendo come riferimento un immobile delle dimensioni fino a 100 mq il costo per la stesura dell\u2019Atto varia da un minimo di 500,00 euro ad un massimo di 1.000,00 euro (si parla sempre di prezzi al netto di IVA) in funzione del materiale che viene messo a disposizione del soggetto certificatore (e dell\u2019ubicazione dello stabile). Maggiore \u00e8 la quantit\u00e0 di informazioni disponibili minori saranno i rilievi necessari e minore sar\u00e0 quindi il costo per il Cliente che deve vendere l\u2019immobile. Per appartamenti di dimensioni minori non \u00e8 comunque possibile scendere sotto la cifra minima in quanto vi sono dei costi \u201ctecnici\u201d indipendenti dalla dimensione e dalla tipologia di immobile da certificare.<br \/>Preme molto evidenziare che, nonostante l\u2019Atto serva per adempiere ad un bisogno \u201cistantaneo\u201d (il rogito), lo stesso ha una validit\u00e0 di dieci anni e pertanto rimane associato all\u2019immobile per molto tempo. L\u2019esecuzione di una perizia professionale ed effettivamente rispondente alle prestazioni energetiche dell\u2019edificio, in un mercato che sempre pi\u00f9 andr\u00e0 verso gli immobili a basso consumo energetico, assume, in un ottica di lungo termine, un ruolo assai importante. Per questo motivo ci preme sempre suggerire di affidare la perizia a professionisti di comprovata esperienza in grado di eseguire prestazioni professionali serie. PLS S.r.l., per mezzo dei propri certificatori abilitati (affiancati da ingegneri edili junior e senior e da consulenti legali), \u00e8 in grado di adempiere a questa incombenza in maniera rapida e professionale.<\/p>\n<p><strong>Chi \u00e8 tenuto a pagare l\u2019Atto ?<\/strong><br \/>L\u2019ACE deve essere messo a disposizione dell\u2019acquirente da parte del venditore. Si ritiene pertanto che spetti a questi il pagamento dell\u2019onorario del professionista. \u00c8 ragionevole pensare che, nell\u2019ambito di un rogito, nulla vieti un accordo tra le parti. <\/p>\n<p>Ing. Alessio Sanavio<\/p>\n<p>PLS S.r.l. \u00e8 una societ\u00e0 composta da professionisti e specializzata nella redazione di certificazioni energetiche che opera nel territorio di Milano ed in tutta la Lombardia. La stessa opera offrendo al Cliente un\u2019assistenza completa per il tramite di geometri, ingegneri junior, ingegneri senior, ingegneri dominus, certificatori energetici abilitati e consulenti legali. Tra i servizi offerti vi \u00e8 anche la nomina di certificatore energetico di cantiere e le consulenze energetiche.<\/p>\n<p>Per maggiori informazioni:<br \/><strong>PLS S.r.l.<\/strong><br \/>via Donizetti, 4 <br \/>20122 Milano<br \/>Tel. 02.40707180 \u2013 fax 02.70039991<br \/>Mobile: 333.9272538<br \/>Web: www.certificatoreenergetico.com<br \/>Referente di progetto: ing. Alessio Sanavio<\/p>\n<p>(1) Per completezza si rende noto che la finanziaria 2008 conferisce ai Comuni il potere di fissare, a decorrere dall&#8217;anno di imposta 2009, un aliquota agevolata inferiore al 4 per mille per chi installi &quot;impianti a fonte rinnovabile per la produzione di energia elettrica e\/o termica per uso domestico&quot; per la durata massima di tre anni per gli impianti solari termici e di cinque anni per tutte le altre tipologie di fonti rinnovabili). \u201c\u2026conferisce il potere\u2026\u201d non implica il fatto che il Comune recepisca tale facolt\u00e0.<\/p>\n<p>(2) Altre regioni hanno emanato Leggi Regionali in materia di certificazione energetica ma l\u2019entrata in vigore di detti decreti \u00e8, alla data di redazione del presente articolo, troppo recente per poter parlare di \u201cfasi\u201d.<\/p>\n<p>Questo \u201cMemorandum operativo\u201d ha il solo scopo di fornire indicazioni generiche in materia di certificazione energetica, pertanto, il documento in menzione non ha alcuna valenza giuridica e le informazioni in esso riportate rappresentano esclusivamente una estrema \u201csintesi\u201d della vigente normativa cui, necessariamente, ci si deve riferire per qualsiasi ulteriore valutazione e chiarimento interpretativo, anche di natura giuridica. Pertanto tutti i lettori e\/o utilizzatori sono invitati ad affiancare al presente \u201cMemorandum operativo\u201d i testi di Legge di riferimento ed i relativi allegati nella loro integrale pubblicazione.<\/p>\n<p>Distribuzione comunicati stampa internet<br \/>Maleva srl<br \/>www.maleva.it\/marketing\/<br \/>fabrizio.pivari (at) maleva.it<\/p>\n<p>CS<\/p>\n","protected":false},"excerpt":{"rendered":"<p>Per la certificazione energetica dal 1 gennaio 2008 in Lombardia scatta la seconda fase<\/p>\n","protected":false},"author":10,"featured_media":0,"comment_status":"open","ping_status":"open","sticky":false,"template":"","format":"standard","meta":{"cybocfi_hide_featured_image":"","footnotes":""},"categories":[212],"tags":[541],"class_list":["post-137","post","type-post","status-publish","format-standard","hentry","category-prodotti","tag-certificatoreenergetico"],"yoast_head":"<!-- This site is optimized with the Yoast SEO plugin v27.0 - https:\/\/yoast.com\/product\/yoast-seo-wordpress\/ -->\n<title>Certificazione energetica: Lombardia second fase - Article Marketing<\/title>\n<meta name=\"robots\" content=\"index, follow, max-snippet:-1, max-image-preview:large, max-video-preview:-1\" \/>\n<link rel=\"canonical\" href=\"https:\/\/www.article-marketing.eu\/comunicati\/comunicati-stampa\/prodotti\/certificazione-energetica-lombardia-second-fase\/\" \/>\n<meta property=\"og:locale\" content=\"it_IT\" \/>\n<meta property=\"og:type\" content=\"article\" \/>\n<meta property=\"og:title\" content=\"Certificazione energetica: Lombardia second fase - Article Marketing\" \/>\n<meta property=\"og:description\" content=\"Per la certificazione energetica dal 1 gennaio 2008 in Lombardia scatta la seconda fase\" \/>\n<meta property=\"og:url\" content=\"https:\/\/www.article-marketing.eu\/comunicati\/comunicati-stampa\/prodotti\/certificazione-energetica-lombardia-second-fase\/\" \/>\n<meta property=\"og:site_name\" content=\"Article Marketing\" \/>\n<meta property=\"article:published_time\" content=\"2008-01-10T10:27:48+00:00\" \/>\n<meta property=\"og:image\" content=\"http:\/\/bp3.blogger.com\/_Y-imhcXPDvI\/R4UHBjga-BI\/AAAAAAAAA_Y\/x_19PAAaZWc\/s320\/CertificatoreEnergetico-com-logo.gif\" \/>\n<meta name=\"author\" content=\"Redazione Comunicati Stampa\" \/>\n<meta name=\"twitter:card\" content=\"summary_large_image\" \/>\n<meta name=\"twitter:label1\" content=\"Scritto da\" \/>\n\t<meta name=\"twitter:data1\" content=\"Redazione Comunicati Stampa\" \/>\n\t<meta name=\"twitter:label2\" content=\"Tempo di lettura stimato\" \/>\n\t<meta name=\"twitter:data2\" content=\"7 minuti\" \/>\n<script type=\"application\/ld+json\" class=\"yoast-schema-graph\">{\"@context\":\"https:\/\/schema.org\",\"@graph\":[{\"@type\":\"Article\",\"@id\":\"https:\/\/www.article-marketing.eu\/comunicati\/comunicati-stampa\/prodotti\/certificazione-energetica-lombardia-second-fase\/#article\",\"isPartOf\":{\"@id\":\"https:\/\/www.article-marketing.eu\/comunicati\/comunicati-stampa\/prodotti\/certificazione-energetica-lombardia-second-fase\/\"},\"author\":{\"name\":\"Redazione Comunicati Stampa\",\"@id\":\"https:\/\/www.article-marketing.eu\/comunicati\/#\/schema\/person\/44372e4d4d0fa797b18e03ed1ace9017\"},\"headline\":\"Certificazione energetica: Lombardia second fase\",\"datePublished\":\"2008-01-10T10:27:48+00:00\",\"mainEntityOfPage\":{\"@id\":\"https:\/\/www.article-marketing.eu\/comunicati\/comunicati-stampa\/prodotti\/certificazione-energetica-lombardia-second-fase\/\"},\"wordCount\":1394,\"commentCount\":0,\"image\":{\"@id\":\"https:\/\/www.article-marketing.eu\/comunicati\/comunicati-stampa\/prodotti\/certificazione-energetica-lombardia-second-fase\/#primaryimage\"},\"thumbnailUrl\":\"http:\/\/bp3.blogger.com\/_Y-imhcXPDvI\/R4UHBjga-BI\/AAAAAAAAA_Y\/x_19PAAaZWc\/s320\/CertificatoreEnergetico-com-logo.gif\",\"keywords\":[\"CertificatoreEnergetico\"],\"articleSection\":[\"Prodotti\"],\"inLanguage\":\"it-IT\",\"potentialAction\":[{\"@type\":\"CommentAction\",\"name\":\"Comment\",\"target\":[\"https:\/\/www.article-marketing.eu\/comunicati\/comunicati-stampa\/prodotti\/certificazione-energetica-lombardia-second-fase\/#respond\"]}]},{\"@type\":\"WebPage\",\"@id\":\"https:\/\/www.article-marketing.eu\/comunicati\/comunicati-stampa\/prodotti\/certificazione-energetica-lombardia-second-fase\/\",\"url\":\"https:\/\/www.article-marketing.eu\/comunicati\/comunicati-stampa\/prodotti\/certificazione-energetica-lombardia-second-fase\/\",\"name\":\"Certificazione energetica: Lombardia second fase - Article Marketing\",\"isPartOf\":{\"@id\":\"https:\/\/www.article-marketing.eu\/comunicati\/#website\"},\"primaryImageOfPage\":{\"@id\":\"https:\/\/www.article-marketing.eu\/comunicati\/comunicati-stampa\/prodotti\/certificazione-energetica-lombardia-second-fase\/#primaryimage\"},\"image\":{\"@id\":\"https:\/\/www.article-marketing.eu\/comunicati\/comunicati-stampa\/prodotti\/certificazione-energetica-lombardia-second-fase\/#primaryimage\"},\"thumbnailUrl\":\"http:\/\/bp3.blogger.com\/_Y-imhcXPDvI\/R4UHBjga-BI\/AAAAAAAAA_Y\/x_19PAAaZWc\/s320\/CertificatoreEnergetico-com-logo.gif\",\"datePublished\":\"2008-01-10T10:27:48+00:00\",\"author\":{\"@id\":\"https:\/\/www.article-marketing.eu\/comunicati\/#\/schema\/person\/44372e4d4d0fa797b18e03ed1ace9017\"},\"breadcrumb\":{\"@id\":\"https:\/\/www.article-marketing.eu\/comunicati\/comunicati-stampa\/prodotti\/certificazione-energetica-lombardia-second-fase\/#breadcrumb\"},\"inLanguage\":\"it-IT\",\"potentialAction\":[{\"@type\":\"ReadAction\",\"target\":[\"https:\/\/www.article-marketing.eu\/comunicati\/comunicati-stampa\/prodotti\/certificazione-energetica-lombardia-second-fase\/\"]}]},{\"@type\":\"ImageObject\",\"inLanguage\":\"it-IT\",\"@id\":\"https:\/\/www.article-marketing.eu\/comunicati\/comunicati-stampa\/prodotti\/certificazione-energetica-lombardia-second-fase\/#primaryimage\",\"url\":\"http:\/\/bp3.blogger.com\/_Y-imhcXPDvI\/R4UHBjga-BI\/AAAAAAAAA_Y\/x_19PAAaZWc\/s320\/CertificatoreEnergetico-com-logo.gif\",\"contentUrl\":\"http:\/\/bp3.blogger.com\/_Y-imhcXPDvI\/R4UHBjga-BI\/AAAAAAAAA_Y\/x_19PAAaZWc\/s320\/CertificatoreEnergetico-com-logo.gif\"},{\"@type\":\"BreadcrumbList\",\"@id\":\"https:\/\/www.article-marketing.eu\/comunicati\/comunicati-stampa\/prodotti\/certificazione-energetica-lombardia-second-fase\/#breadcrumb\",\"itemListElement\":[{\"@type\":\"ListItem\",\"position\":1,\"name\":\"Home\",\"item\":\"https:\/\/www.article-marketing.eu\/comunicati\/\"},{\"@type\":\"ListItem\",\"position\":2,\"name\":\"Certificazione energetica: Lombardia second fase\"}]},{\"@type\":\"WebSite\",\"@id\":\"https:\/\/www.article-marketing.eu\/comunicati\/#website\",\"url\":\"https:\/\/www.article-marketing.eu\/comunicati\/\",\"name\":\"Article Marketing\",\"description\":\"article marketing &amp; press release\",\"potentialAction\":[{\"@type\":\"SearchAction\",\"target\":{\"@type\":\"EntryPoint\",\"urlTemplate\":\"https:\/\/www.article-marketing.eu\/comunicati\/?s={search_term_string}\"},\"query-input\":{\"@type\":\"PropertyValueSpecification\",\"valueRequired\":true,\"valueName\":\"search_term_string\"}}],\"inLanguage\":\"it-IT\"},{\"@type\":\"Person\",\"@id\":\"https:\/\/www.article-marketing.eu\/comunicati\/#\/schema\/person\/44372e4d4d0fa797b18e03ed1ace9017\",\"name\":\"Redazione Comunicati Stampa\",\"image\":{\"@type\":\"ImageObject\",\"inLanguage\":\"it-IT\",\"@id\":\"https:\/\/www.article-marketing.eu\/comunicati\/#\/schema\/person\/image\/\",\"url\":\"https:\/\/secure.gravatar.com\/avatar\/50e5c6421d3072f42e7ace803501602c60d75233d34e29fd05feb91c8760b792?s=96&d=mm&r=g\",\"contentUrl\":\"https:\/\/secure.gravatar.com\/avatar\/50e5c6421d3072f42e7ace803501602c60d75233d34e29fd05feb91c8760b792?s=96&d=mm&r=g\",\"caption\":\"Redazione Comunicati Stampa\"},\"url\":\"https:\/\/www.article-marketing.eu\/comunicati\/author\/redazione-comunicati-stampa\/\"}]}<\/script>\n<!-- \/ Yoast SEO plugin. -->","yoast_head_json":{"title":"Certificazione energetica: Lombardia second fase - Article Marketing","robots":{"index":"index","follow":"follow","max-snippet":"max-snippet:-1","max-image-preview":"max-image-preview:large","max-video-preview":"max-video-preview:-1"},"canonical":"https:\/\/www.article-marketing.eu\/comunicati\/comunicati-stampa\/prodotti\/certificazione-energetica-lombardia-second-fase\/","og_locale":"it_IT","og_type":"article","og_title":"Certificazione energetica: Lombardia second fase - Article Marketing","og_description":"Per la certificazione energetica dal 1 gennaio 2008 in Lombardia scatta la seconda fase","og_url":"https:\/\/www.article-marketing.eu\/comunicati\/comunicati-stampa\/prodotti\/certificazione-energetica-lombardia-second-fase\/","og_site_name":"Article Marketing","article_published_time":"2008-01-10T10:27:48+00:00","og_image":[{"url":"http:\/\/bp3.blogger.com\/_Y-imhcXPDvI\/R4UHBjga-BI\/AAAAAAAAA_Y\/x_19PAAaZWc\/s320\/CertificatoreEnergetico-com-logo.gif","type":"","width":"","height":""}],"author":"Redazione Comunicati Stampa","twitter_card":"summary_large_image","twitter_misc":{"Scritto da":"Redazione Comunicati Stampa","Tempo di lettura stimato":"7 minuti"},"schema":{"@context":"https:\/\/schema.org","@graph":[{"@type":"Article","@id":"https:\/\/www.article-marketing.eu\/comunicati\/comunicati-stampa\/prodotti\/certificazione-energetica-lombardia-second-fase\/#article","isPartOf":{"@id":"https:\/\/www.article-marketing.eu\/comunicati\/comunicati-stampa\/prodotti\/certificazione-energetica-lombardia-second-fase\/"},"author":{"name":"Redazione Comunicati Stampa","@id":"https:\/\/www.article-marketing.eu\/comunicati\/#\/schema\/person\/44372e4d4d0fa797b18e03ed1ace9017"},"headline":"Certificazione energetica: Lombardia second fase","datePublished":"2008-01-10T10:27:48+00:00","mainEntityOfPage":{"@id":"https:\/\/www.article-marketing.eu\/comunicati\/comunicati-stampa\/prodotti\/certificazione-energetica-lombardia-second-fase\/"},"wordCount":1394,"commentCount":0,"image":{"@id":"https:\/\/www.article-marketing.eu\/comunicati\/comunicati-stampa\/prodotti\/certificazione-energetica-lombardia-second-fase\/#primaryimage"},"thumbnailUrl":"http:\/\/bp3.blogger.com\/_Y-imhcXPDvI\/R4UHBjga-BI\/AAAAAAAAA_Y\/x_19PAAaZWc\/s320\/CertificatoreEnergetico-com-logo.gif","keywords":["CertificatoreEnergetico"],"articleSection":["Prodotti"],"inLanguage":"it-IT","potentialAction":[{"@type":"CommentAction","name":"Comment","target":["https:\/\/www.article-marketing.eu\/comunicati\/comunicati-stampa\/prodotti\/certificazione-energetica-lombardia-second-fase\/#respond"]}]},{"@type":"WebPage","@id":"https:\/\/www.article-marketing.eu\/comunicati\/comunicati-stampa\/prodotti\/certificazione-energetica-lombardia-second-fase\/","url":"https:\/\/www.article-marketing.eu\/comunicati\/comunicati-stampa\/prodotti\/certificazione-energetica-lombardia-second-fase\/","name":"Certificazione energetica: Lombardia second fase - Article Marketing","isPartOf":{"@id":"https:\/\/www.article-marketing.eu\/comunicati\/#website"},"primaryImageOfPage":{"@id":"https:\/\/www.article-marketing.eu\/comunicati\/comunicati-stampa\/prodotti\/certificazione-energetica-lombardia-second-fase\/#primaryimage"},"image":{"@id":"https:\/\/www.article-marketing.eu\/comunicati\/comunicati-stampa\/prodotti\/certificazione-energetica-lombardia-second-fase\/#primaryimage"},"thumbnailUrl":"http:\/\/bp3.blogger.com\/_Y-imhcXPDvI\/R4UHBjga-BI\/AAAAAAAAA_Y\/x_19PAAaZWc\/s320\/CertificatoreEnergetico-com-logo.gif","datePublished":"2008-01-10T10:27:48+00:00","author":{"@id":"https:\/\/www.article-marketing.eu\/comunicati\/#\/schema\/person\/44372e4d4d0fa797b18e03ed1ace9017"},"breadcrumb":{"@id":"https:\/\/www.article-marketing.eu\/comunicati\/comunicati-stampa\/prodotti\/certificazione-energetica-lombardia-second-fase\/#breadcrumb"},"inLanguage":"it-IT","potentialAction":[{"@type":"ReadAction","target":["https:\/\/www.article-marketing.eu\/comunicati\/comunicati-stampa\/prodotti\/certificazione-energetica-lombardia-second-fase\/"]}]},{"@type":"ImageObject","inLanguage":"it-IT","@id":"https:\/\/www.article-marketing.eu\/comunicati\/comunicati-stampa\/prodotti\/certificazione-energetica-lombardia-second-fase\/#primaryimage","url":"http:\/\/bp3.blogger.com\/_Y-imhcXPDvI\/R4UHBjga-BI\/AAAAAAAAA_Y\/x_19PAAaZWc\/s320\/CertificatoreEnergetico-com-logo.gif","contentUrl":"http:\/\/bp3.blogger.com\/_Y-imhcXPDvI\/R4UHBjga-BI\/AAAAAAAAA_Y\/x_19PAAaZWc\/s320\/CertificatoreEnergetico-com-logo.gif"},{"@type":"BreadcrumbList","@id":"https:\/\/www.article-marketing.eu\/comunicati\/comunicati-stampa\/prodotti\/certificazione-energetica-lombardia-second-fase\/#breadcrumb","itemListElement":[{"@type":"ListItem","position":1,"name":"Home","item":"https:\/\/www.article-marketing.eu\/comunicati\/"},{"@type":"ListItem","position":2,"name":"Certificazione energetica: Lombardia second fase"}]},{"@type":"WebSite","@id":"https:\/\/www.article-marketing.eu\/comunicati\/#website","url":"https:\/\/www.article-marketing.eu\/comunicati\/","name":"Article Marketing","description":"article marketing &amp; press release","potentialAction":[{"@type":"SearchAction","target":{"@type":"EntryPoint","urlTemplate":"https:\/\/www.article-marketing.eu\/comunicati\/?s={search_term_string}"},"query-input":{"@type":"PropertyValueSpecification","valueRequired":true,"valueName":"search_term_string"}}],"inLanguage":"it-IT"},{"@type":"Person","@id":"https:\/\/www.article-marketing.eu\/comunicati\/#\/schema\/person\/44372e4d4d0fa797b18e03ed1ace9017","name":"Redazione Comunicati Stampa","image":{"@type":"ImageObject","inLanguage":"it-IT","@id":"https:\/\/www.article-marketing.eu\/comunicati\/#\/schema\/person\/image\/","url":"https:\/\/secure.gravatar.com\/avatar\/50e5c6421d3072f42e7ace803501602c60d75233d34e29fd05feb91c8760b792?s=96&d=mm&r=g","contentUrl":"https:\/\/secure.gravatar.com\/avatar\/50e5c6421d3072f42e7ace803501602c60d75233d34e29fd05feb91c8760b792?s=96&d=mm&r=g","caption":"Redazione Comunicati Stampa"},"url":"https:\/\/www.article-marketing.eu\/comunicati\/author\/redazione-comunicati-stampa\/"}]}},"_links":{"self":[{"href":"https:\/\/www.article-marketing.eu\/comunicati\/wp-json\/wp\/v2\/posts\/137","targetHints":{"allow":["GET"]}}],"collection":[{"href":"https:\/\/www.article-marketing.eu\/comunicati\/wp-json\/wp\/v2\/posts"}],"about":[{"href":"https:\/\/www.article-marketing.eu\/comunicati\/wp-json\/wp\/v2\/types\/post"}],"author":[{"embeddable":true,"href":"https:\/\/www.article-marketing.eu\/comunicati\/wp-json\/wp\/v2\/users\/10"}],"replies":[{"embeddable":true,"href":"https:\/\/www.article-marketing.eu\/comunicati\/wp-json\/wp\/v2\/comments?post=137"}],"version-history":[{"count":0,"href":"https:\/\/www.article-marketing.eu\/comunicati\/wp-json\/wp\/v2\/posts\/137\/revisions"}],"wp:attachment":[{"href":"https:\/\/www.article-marketing.eu\/comunicati\/wp-json\/wp\/v2\/media?parent=137"}],"wp:term":[{"taxonomy":"category","embeddable":true,"href":"https:\/\/www.article-marketing.eu\/comunicati\/wp-json\/wp\/v2\/categories?post=137"},{"taxonomy":"post_tag","embeddable":true,"href":"https:\/\/www.article-marketing.eu\/comunicati\/wp-json\/wp\/v2\/tags?post=137"}],"curies":[{"name":"wp","href":"https:\/\/api.w.org\/{rel}","templated":true}]}}