{"id":1388,"date":"2009-02-20T16:31:21","date_gmt":"2009-02-20T15:31:21","guid":{"rendered":"http:\/\/www.article-marketing.eu\/comunicati\/senza-categoria\/vacanze-a-manfredonia-sud-del-gargano\/"},"modified":"2009-02-20T16:31:21","modified_gmt":"2009-02-20T15:31:21","slug":"vacanze-a-manfredonia-sud-del-gargano","status":"publish","type":"post","link":"https:\/\/www.article-marketing.eu\/comunicati\/viaggi-e-vacanze\/viaggi-e-turismo\/vacanze-a-manfredonia-sud-del-gargano\/","title":{"rendered":"Vacanze a Manfredonia, sud del Gargano"},"content":{"rendered":"<p>Chiunque si rechi in <a href=\"http:\/\/it.pugliae.com\/\">vacanza in puglia<\/a>, nello straordinario promontorio del Gargano, non potr\u00e0 fare a meno apprezzare i colori e i profumi che lo contraddistinguono ed ammirare gli scenari suggestivi e affascinanti. Il famoso sperone d&#8217;Italia, per la sua tipica forma proiettata vistosamente nel mare Adriatico, \u00e8 forse la zona della puglia che offre la maggiore variet\u00e0 paesaggistica e biodiversit\u00e0, infatti qui \u00e8 stato istituito il Parco Nazionale del Gargano.<\/p>\n<p>Nel promontorio del Gargano, la Montagna del Sole, l&#8217;altro nome con cui \u00e8 chiamato, la montagna si fonde quasi con il mare, il verde lussureggiante della vegetazione si riversa nelle acque cristalline. Montagne e altopiani da un lato, splendide coste dall&#8217;altro, ora alte e frastagliate, costellate da grotte, ora bianche e sabbiose.<\/p>\n<p>Citt\u00e0 portuale e marittima in provincia di Foggia, Manfredonia si trova nel fianco sud del promontorio garganico, ai margini del Tavoliere. Si sviluppa sul golfo omonimo a met\u00e0 strada tra la bassa costa sabbiosa e il Monte Sant&#8217;Angelo, alle sue spalle. Fino agli anni &#8217;30 erano presenti varie zone paludose, poi bonificate. Attualmente \u00e8 sopravvissuta solo quella di Lago Salso, diventata nel 1999 Oasi Lago Salso in quanto area di elevato valore naturalistico.<\/p>\n<p>Una vacanza a Manfredonia offre tante emozioni: importanti testimonianze del passato, la tradizione della pesca manifestata dal porto e una importante flotta peschereccia, le botteghe artigiane, la gastronomia con i prodotti tipici, le tradizioni, come il carnevale Dauno, proprio in questo periodo. E inoltre la natura del Parco del Gargano tutt&#8217;attorno e 20 km di coste sabbiose, accarezzate da acque limpide, moderne attrezzature balneari e tante e diversificate strutture ricettive.<\/p>\n<p>Manfredonia fu fondata nel 1256 dal re Manfredi, a poca distanza dalla progenitrice Siponto, divenuta un&#8217;immensa palude a seguito del terremoto del 1223 che la distrusse quasi interamente. Siponto fu un importante insediamento dauno della piana a sud del Gargano Tra i reperti pi\u00f9 significativi di questa civilt\u00e0 spiccano senz&#8217;altro le famose stele daunie, lastre funebri (VIII &#8211; VI secolo a.C.).<\/p>\n<p>Oggi Siponto \u00e8 un rinomato centro balneare (Lido di Siponto), ma soprattutto conserva due tra le maggiori attrazioni culturali del territorio: il Santuario di Santa Maria Maggiore (XI sec.), un bellissimo esempio del romanico, con influssi bizantini, e, accanto, i resti di una basilica paleocristiana e catacombe.<\/p>\n<p>Passeggiando per le vie del centro storico si scoprono scorci suggestivi, antiche case, palazzi, chiese di grande pregio, archi gotici. Caratteristico il quartiere Boccolicchio, il borgo marinaro, con le case bianche. Affacciato sul mare, spicca il castello Svevo, ampliato e trasformato nel corso dei secoli, \u00e8 caratterizzato da uno stile architettonico svevo, derivante dalla regolarit\u00e0 geometrica e dalla linearit\u00e0 dell&#8217;intera struttura: lo stesso Manfredi ne avvi\u00f2 i lavori, proseguiti, poi, da Carlo I d&#8217;Angi\u00f2. <\/p>\n<p>Oggi la fortezza ospita il Museo Archeologico Nazionale che raccoglie numerosi reperti tra i quali la straordinaria collezione delle stele daunie. Altri luoghi di interesse storico-artistico sono la chiesa di S. Domenico, con annesso monastero (oggi sede municipale) e la Cattedrale dedicata a S.Lorenzo Majorano, dove sono custodite pregevolissime opere d&#8217;arte: l&#8217;ic\u00f2na della Madonna di Siponto (XII sec.), la statua lignea a lei dedicata (VI sec.), il Crocifisso ligneo (XIII sec.). A circa 10 km, sulla strada per Foggia, si trova S.Leonardo di Siponto, del romanico pugliese.<\/p>\n","protected":false},"excerpt":{"rendered":"<p>Se desiderate scoprire il magnifico promontorio del Gargano, il parco naturale, le sue coste, le isole, i prodotti tipici, venite a visitare Manfredonia e le sue ricchezze.<\/p>\n","protected":false},"author":10,"featured_media":0,"comment_status":"open","ping_status":"open","sticky":false,"template":"","format":"standard","meta":{"cybocfi_hide_featured_image":"","footnotes":""},"categories":[2],"tags":[4630,3918,4629,799,1051,3],"class_list":["post-1388","post","type-post","status-publish","format-standard","hentry","category-viaggi-e-turismo","tag-carnevale","tag-gargano","tag-manfredonia","tag-mare","tag-puglia","tag-vacanze"],"yoast_head":"<!-- This site is optimized with the Yoast SEO plugin v27.0 - https:\/\/yoast.com\/product\/yoast-seo-wordpress\/ -->\n<title>Vacanze a Manfredonia, sud del Gargano - Article Marketing<\/title>\n<meta name=\"robots\" content=\"index, follow, max-snippet:-1, max-image-preview:large, max-video-preview:-1\" \/>\n<link rel=\"canonical\" href=\"https:\/\/www.article-marketing.eu\/comunicati\/viaggi-e-vacanze\/viaggi-e-turismo\/vacanze-a-manfredonia-sud-del-gargano\/\" \/>\n<meta property=\"og:locale\" content=\"it_IT\" \/>\n<meta property=\"og:type\" content=\"article\" \/>\n<meta property=\"og:title\" content=\"Vacanze a Manfredonia, sud del Gargano - Article Marketing\" \/>\n<meta property=\"og:description\" content=\"Se desiderate scoprire il magnifico promontorio del Gargano, il parco naturale, le sue coste, le isole, i prodotti tipici, venite a visitare Manfredonia e le sue ricchezze.\" \/>\n<meta property=\"og:url\" content=\"https:\/\/www.article-marketing.eu\/comunicati\/viaggi-e-vacanze\/viaggi-e-turismo\/vacanze-a-manfredonia-sud-del-gargano\/\" \/>\n<meta property=\"og:site_name\" content=\"Article Marketing\" \/>\n<meta property=\"article:published_time\" content=\"2009-02-20T15:31:21+00:00\" \/>\n<meta name=\"author\" content=\"Redazione Comunicati Stampa\" \/>\n<meta name=\"twitter:card\" content=\"summary_large_image\" \/>\n<meta name=\"twitter:label1\" content=\"Scritto da\" \/>\n\t<meta name=\"twitter:data1\" content=\"Redazione Comunicati Stampa\" \/>\n\t<meta name=\"twitter:label2\" content=\"Tempo di lettura stimato\" \/>\n\t<meta name=\"twitter:data2\" content=\"3 minuti\" \/>\n<script type=\"application\/ld+json\" class=\"yoast-schema-graph\">{\"@context\":\"https:\/\/schema.org\",\"@graph\":[{\"@type\":\"Article\",\"@id\":\"https:\/\/www.article-marketing.eu\/comunicati\/viaggi-e-vacanze\/viaggi-e-turismo\/vacanze-a-manfredonia-sud-del-gargano\/#article\",\"isPartOf\":{\"@id\":\"https:\/\/www.article-marketing.eu\/comunicati\/viaggi-e-vacanze\/viaggi-e-turismo\/vacanze-a-manfredonia-sud-del-gargano\/\"},\"author\":{\"name\":\"Redazione Comunicati Stampa\",\"@id\":\"https:\/\/www.article-marketing.eu\/comunicati\/#\/schema\/person\/44372e4d4d0fa797b18e03ed1ace9017\"},\"headline\":\"Vacanze a Manfredonia, sud del Gargano\",\"datePublished\":\"2009-02-20T15:31:21+00:00\",\"mainEntityOfPage\":{\"@id\":\"https:\/\/www.article-marketing.eu\/comunicati\/viaggi-e-vacanze\/viaggi-e-turismo\/vacanze-a-manfredonia-sud-del-gargano\/\"},\"wordCount\":534,\"commentCount\":0,\"keywords\":[\"carnevale\",\"Gargano\",\"Manfredonia\",\"mare\",\"puglia\",\"vacanze\"],\"articleSection\":[\"Viaggi e Turismo\"],\"inLanguage\":\"it-IT\",\"potentialAction\":[{\"@type\":\"CommentAction\",\"name\":\"Comment\",\"target\":[\"https:\/\/www.article-marketing.eu\/comunicati\/viaggi-e-vacanze\/viaggi-e-turismo\/vacanze-a-manfredonia-sud-del-gargano\/#respond\"]}]},{\"@type\":\"WebPage\",\"@id\":\"https:\/\/www.article-marketing.eu\/comunicati\/viaggi-e-vacanze\/viaggi-e-turismo\/vacanze-a-manfredonia-sud-del-gargano\/\",\"url\":\"https:\/\/www.article-marketing.eu\/comunicati\/viaggi-e-vacanze\/viaggi-e-turismo\/vacanze-a-manfredonia-sud-del-gargano\/\",\"name\":\"Vacanze a Manfredonia, sud del Gargano - Article Marketing\",\"isPartOf\":{\"@id\":\"https:\/\/www.article-marketing.eu\/comunicati\/#website\"},\"datePublished\":\"2009-02-20T15:31:21+00:00\",\"author\":{\"@id\":\"https:\/\/www.article-marketing.eu\/comunicati\/#\/schema\/person\/44372e4d4d0fa797b18e03ed1ace9017\"},\"breadcrumb\":{\"@id\":\"https:\/\/www.article-marketing.eu\/comunicati\/viaggi-e-vacanze\/viaggi-e-turismo\/vacanze-a-manfredonia-sud-del-gargano\/#breadcrumb\"},\"inLanguage\":\"it-IT\",\"potentialAction\":[{\"@type\":\"ReadAction\",\"target\":[\"https:\/\/www.article-marketing.eu\/comunicati\/viaggi-e-vacanze\/viaggi-e-turismo\/vacanze-a-manfredonia-sud-del-gargano\/\"]}]},{\"@type\":\"BreadcrumbList\",\"@id\":\"https:\/\/www.article-marketing.eu\/comunicati\/viaggi-e-vacanze\/viaggi-e-turismo\/vacanze-a-manfredonia-sud-del-gargano\/#breadcrumb\",\"itemListElement\":[{\"@type\":\"ListItem\",\"position\":1,\"name\":\"Home\",\"item\":\"https:\/\/www.article-marketing.eu\/comunicati\/\"},{\"@type\":\"ListItem\",\"position\":2,\"name\":\"Vacanze a Manfredonia, sud del Gargano\"}]},{\"@type\":\"WebSite\",\"@id\":\"https:\/\/www.article-marketing.eu\/comunicati\/#website\",\"url\":\"https:\/\/www.article-marketing.eu\/comunicati\/\",\"name\":\"Article Marketing\",\"description\":\"article marketing &amp; press release\",\"potentialAction\":[{\"@type\":\"SearchAction\",\"target\":{\"@type\":\"EntryPoint\",\"urlTemplate\":\"https:\/\/www.article-marketing.eu\/comunicati\/?s={search_term_string}\"},\"query-input\":{\"@type\":\"PropertyValueSpecification\",\"valueRequired\":true,\"valueName\":\"search_term_string\"}}],\"inLanguage\":\"it-IT\"},{\"@type\":\"Person\",\"@id\":\"https:\/\/www.article-marketing.eu\/comunicati\/#\/schema\/person\/44372e4d4d0fa797b18e03ed1ace9017\",\"name\":\"Redazione Comunicati Stampa\",\"image\":{\"@type\":\"ImageObject\",\"inLanguage\":\"it-IT\",\"@id\":\"https:\/\/www.article-marketing.eu\/comunicati\/#\/schema\/person\/image\/\",\"url\":\"https:\/\/secure.gravatar.com\/avatar\/50e5c6421d3072f42e7ace803501602c60d75233d34e29fd05feb91c8760b792?s=96&d=mm&r=g\",\"contentUrl\":\"https:\/\/secure.gravatar.com\/avatar\/50e5c6421d3072f42e7ace803501602c60d75233d34e29fd05feb91c8760b792?s=96&d=mm&r=g\",\"caption\":\"Redazione Comunicati Stampa\"},\"url\":\"https:\/\/www.article-marketing.eu\/comunicati\/author\/redazione-comunicati-stampa\/\"}]}<\/script>\n<!-- \/ Yoast SEO plugin. -->","yoast_head_json":{"title":"Vacanze a Manfredonia, sud del Gargano - Article Marketing","robots":{"index":"index","follow":"follow","max-snippet":"max-snippet:-1","max-image-preview":"max-image-preview:large","max-video-preview":"max-video-preview:-1"},"canonical":"https:\/\/www.article-marketing.eu\/comunicati\/viaggi-e-vacanze\/viaggi-e-turismo\/vacanze-a-manfredonia-sud-del-gargano\/","og_locale":"it_IT","og_type":"article","og_title":"Vacanze a Manfredonia, sud del Gargano - Article Marketing","og_description":"Se desiderate scoprire il magnifico promontorio del Gargano, il parco naturale, le sue coste, le isole, i prodotti tipici, venite a visitare Manfredonia e le sue ricchezze.","og_url":"https:\/\/www.article-marketing.eu\/comunicati\/viaggi-e-vacanze\/viaggi-e-turismo\/vacanze-a-manfredonia-sud-del-gargano\/","og_site_name":"Article Marketing","article_published_time":"2009-02-20T15:31:21+00:00","author":"Redazione Comunicati Stampa","twitter_card":"summary_large_image","twitter_misc":{"Scritto da":"Redazione Comunicati Stampa","Tempo di lettura stimato":"3 minuti"},"schema":{"@context":"https:\/\/schema.org","@graph":[{"@type":"Article","@id":"https:\/\/www.article-marketing.eu\/comunicati\/viaggi-e-vacanze\/viaggi-e-turismo\/vacanze-a-manfredonia-sud-del-gargano\/#article","isPartOf":{"@id":"https:\/\/www.article-marketing.eu\/comunicati\/viaggi-e-vacanze\/viaggi-e-turismo\/vacanze-a-manfredonia-sud-del-gargano\/"},"author":{"name":"Redazione Comunicati Stampa","@id":"https:\/\/www.article-marketing.eu\/comunicati\/#\/schema\/person\/44372e4d4d0fa797b18e03ed1ace9017"},"headline":"Vacanze a Manfredonia, sud del Gargano","datePublished":"2009-02-20T15:31:21+00:00","mainEntityOfPage":{"@id":"https:\/\/www.article-marketing.eu\/comunicati\/viaggi-e-vacanze\/viaggi-e-turismo\/vacanze-a-manfredonia-sud-del-gargano\/"},"wordCount":534,"commentCount":0,"keywords":["carnevale","Gargano","Manfredonia","mare","puglia","vacanze"],"articleSection":["Viaggi e Turismo"],"inLanguage":"it-IT","potentialAction":[{"@type":"CommentAction","name":"Comment","target":["https:\/\/www.article-marketing.eu\/comunicati\/viaggi-e-vacanze\/viaggi-e-turismo\/vacanze-a-manfredonia-sud-del-gargano\/#respond"]}]},{"@type":"WebPage","@id":"https:\/\/www.article-marketing.eu\/comunicati\/viaggi-e-vacanze\/viaggi-e-turismo\/vacanze-a-manfredonia-sud-del-gargano\/","url":"https:\/\/www.article-marketing.eu\/comunicati\/viaggi-e-vacanze\/viaggi-e-turismo\/vacanze-a-manfredonia-sud-del-gargano\/","name":"Vacanze a Manfredonia, sud del Gargano - Article Marketing","isPartOf":{"@id":"https:\/\/www.article-marketing.eu\/comunicati\/#website"},"datePublished":"2009-02-20T15:31:21+00:00","author":{"@id":"https:\/\/www.article-marketing.eu\/comunicati\/#\/schema\/person\/44372e4d4d0fa797b18e03ed1ace9017"},"breadcrumb":{"@id":"https:\/\/www.article-marketing.eu\/comunicati\/viaggi-e-vacanze\/viaggi-e-turismo\/vacanze-a-manfredonia-sud-del-gargano\/#breadcrumb"},"inLanguage":"it-IT","potentialAction":[{"@type":"ReadAction","target":["https:\/\/www.article-marketing.eu\/comunicati\/viaggi-e-vacanze\/viaggi-e-turismo\/vacanze-a-manfredonia-sud-del-gargano\/"]}]},{"@type":"BreadcrumbList","@id":"https:\/\/www.article-marketing.eu\/comunicati\/viaggi-e-vacanze\/viaggi-e-turismo\/vacanze-a-manfredonia-sud-del-gargano\/#breadcrumb","itemListElement":[{"@type":"ListItem","position":1,"name":"Home","item":"https:\/\/www.article-marketing.eu\/comunicati\/"},{"@type":"ListItem","position":2,"name":"Vacanze a Manfredonia, sud del Gargano"}]},{"@type":"WebSite","@id":"https:\/\/www.article-marketing.eu\/comunicati\/#website","url":"https:\/\/www.article-marketing.eu\/comunicati\/","name":"Article Marketing","description":"article marketing &amp; press release","potentialAction":[{"@type":"SearchAction","target":{"@type":"EntryPoint","urlTemplate":"https:\/\/www.article-marketing.eu\/comunicati\/?s={search_term_string}"},"query-input":{"@type":"PropertyValueSpecification","valueRequired":true,"valueName":"search_term_string"}}],"inLanguage":"it-IT"},{"@type":"Person","@id":"https:\/\/www.article-marketing.eu\/comunicati\/#\/schema\/person\/44372e4d4d0fa797b18e03ed1ace9017","name":"Redazione Comunicati Stampa","image":{"@type":"ImageObject","inLanguage":"it-IT","@id":"https:\/\/www.article-marketing.eu\/comunicati\/#\/schema\/person\/image\/","url":"https:\/\/secure.gravatar.com\/avatar\/50e5c6421d3072f42e7ace803501602c60d75233d34e29fd05feb91c8760b792?s=96&d=mm&r=g","contentUrl":"https:\/\/secure.gravatar.com\/avatar\/50e5c6421d3072f42e7ace803501602c60d75233d34e29fd05feb91c8760b792?s=96&d=mm&r=g","caption":"Redazione Comunicati Stampa"},"url":"https:\/\/www.article-marketing.eu\/comunicati\/author\/redazione-comunicati-stampa\/"}]}},"_links":{"self":[{"href":"https:\/\/www.article-marketing.eu\/comunicati\/wp-json\/wp\/v2\/posts\/1388","targetHints":{"allow":["GET"]}}],"collection":[{"href":"https:\/\/www.article-marketing.eu\/comunicati\/wp-json\/wp\/v2\/posts"}],"about":[{"href":"https:\/\/www.article-marketing.eu\/comunicati\/wp-json\/wp\/v2\/types\/post"}],"author":[{"embeddable":true,"href":"https:\/\/www.article-marketing.eu\/comunicati\/wp-json\/wp\/v2\/users\/10"}],"replies":[{"embeddable":true,"href":"https:\/\/www.article-marketing.eu\/comunicati\/wp-json\/wp\/v2\/comments?post=1388"}],"version-history":[{"count":0,"href":"https:\/\/www.article-marketing.eu\/comunicati\/wp-json\/wp\/v2\/posts\/1388\/revisions"}],"wp:attachment":[{"href":"https:\/\/www.article-marketing.eu\/comunicati\/wp-json\/wp\/v2\/media?parent=1388"}],"wp:term":[{"taxonomy":"category","embeddable":true,"href":"https:\/\/www.article-marketing.eu\/comunicati\/wp-json\/wp\/v2\/categories?post=1388"},{"taxonomy":"post_tag","embeddable":true,"href":"https:\/\/www.article-marketing.eu\/comunicati\/wp-json\/wp\/v2\/tags?post=1388"}],"curies":[{"name":"wp","href":"https:\/\/api.w.org\/{rel}","templated":true}]}}