{"id":1389,"date":"2009-02-20T17:03:31","date_gmt":"2009-02-20T16:03:31","guid":{"rendered":"http:\/\/www.article-marketing.eu\/comunicati\/senza-categoria\/mostra-personale-di-arturo-sereni-curata-da-ottobarradieci\/"},"modified":"2009-02-20T17:03:31","modified_gmt":"2009-02-20T16:03:31","slug":"mostra-personale-di-arturo-sereni-curata-da-ottobarradieci","status":"publish","type":"post","link":"https:\/\/www.article-marketing.eu\/comunicati\/arte-e-cultura\/mostra-personale-di-arturo-sereni-curata-da-ottobarradieci\/","title":{"rendered":"MOSTRA PERSONALE DI ARTURO SERENI CURATA DA OTTOBARRADIECI"},"content":{"rendered":"<p>OTTOBARRADIECI<br \/>\u00e8 lieta di presentare <br \/>la mostra personale di<br \/>\n  &nbsp;<br \/>\n  <strong>ARTURO SERENI<\/strong><br \/>\n  &nbsp;<br \/>\n  <strong>Opening <\/strong><br \/>Venerd\u00ec 6 Marzo ore 18:00<br \/>Sar\u00e0 presente l\u2019artista<br \/>\n  <strong>Quando <br \/><\/strong>7 &#8211; 27 Marzo 2009<br \/>Luned\u00ec 15.00\/19.30<br \/>\n  da Marted\u00ec a Sabato: 10.00\/12.00 &#8211; 15.00\/19.30<br \/>chiuso la Domenica<br \/>\n    <strong>Dove <br \/><\/strong>OTTOBARRADIECI<br \/>Via San Bernardino 8\/10<br \/>Bergamo<br \/>\n    <br \/><strong>Info alla Stampa<\/strong><br \/>Nora Bentivoglio&nbsp; Fleisch Agency <br \/>349 4328563<br \/><a href=\"mailto:nora@fleisch-agency.com\">nora@fleisch-agency.com<\/a> &#8211; www.fleisch-agency.com<br \/>\n    &nbsp;<\/p>\n<p>            &nbsp;<\/p>\n<p>            &nbsp;<br \/>\n            &quot;La Cattura di Mandrake&quot;<br \/>\n            &nbsp;<br \/>\n            Arturo Sereni si dedica alla pittura dopo una vita passata nel mondo dell&#8217;alta moda, dove impara a manipolare i colori e a disegnare e inventare uno stile &quot;da indossare&quot;.<br \/>La pittura, scartato l&#8217;ambiente decadente della &quot;fashion&quot; d&#8217;alto bordo, in realt\u00e0 gli offre il modo (in realt\u00e0 due modi complementari) di evadere da una realt\u00e0 insoddisfacente che sente ormai opporglisi: affida quindi agli eroi e alle storie dei fumetti (con l&#8217;inevitabile ironia dei bersagli) la sua parte di riscatto.<br \/>Ma quando subentra una altrettanto inevitabile angoscia, che immediatamente ci trasmette, Arturo reagisce sui fondi bui dei grandi pannelli, con non troppo misteriose formule difensive, che cercano a fatica di mettere ordine, gettate con metafore ben nascoste, negli ingranaggi fuori controllo della vita (nostra).<br \/>\n            &nbsp;<br \/>\n            &nbsp;<br \/>\n            &nbsp;<br \/>\n            BREVE BIOGRAFIA<br \/>Arturo Sereni, nato a Parma nel 1944, compie il ciclo di studi tecnici per geometra, ma la sua grande passione \u00e8 pi\u00f9 decisamente rivolta al mondo della moda e dell\u2019abbigliamento. Fonda nel 1973, con Guido Pellegrini, un marchio che rimarr\u00e0 nella storia dello stile made in Italy &#8230;la \u201cMartin Guy\u201d. L&#8217;amore per il mondo della moda lo porta ad incontrare nuove collaborazioni con Fusco, Pringle e Trussardi. Queste esperienze sfociano successivamente in una grande opportunit\u00e0 in terra scozzese dove \u00e8 chiamato a collaborare con &quot;Todd &amp; Duncan&quot;, leader mondiale del cachemire, dove opera nella scelta qualitativa dei filati e nel ruolo del design di modelli e di scelta dei colori. I colori, proprio loro, sempre e ovunque presenti in ogni momento della sua vita, iniziano a fondersi, unirsi e miscelarsi in una avventura tutta da scoprire e comprendere, la pittura.<br \/>\n            &nbsp;<br \/>\n            <br \/>http:\/\/www.arturosereni.com<\/p>\n","protected":false},"excerpt":{"rendered":"<p>OTTOBARRADIECI<br \/>\n\u00e8 lieta di presentare<br \/>\nla mostra personale di<\/p>\n<p>ARTURO SERENI<\/p>\n","protected":false},"author":10,"featured_media":0,"comment_status":"open","ping_status":"open","sticky":false,"template":"","format":"standard","meta":{"cybocfi_hide_featured_image":"","footnotes":""},"categories":[27],"tags":[4631,1000,4633,4632],"class_list":["post-1389","post","type-post","status-publish","format-standard","hentry","category-arte-e-cultura","tag-arturo","tag-mostra","tag-ottobarradieci","tag-sereni"],"yoast_head":"<!-- This site is optimized with the Yoast SEO plugin v27.0 - https:\/\/yoast.com\/product\/yoast-seo-wordpress\/ -->\n<title>MOSTRA PERSONALE DI ARTURO SERENI CURATA DA OTTOBARRADIECI - Article Marketing<\/title>\n<meta name=\"robots\" content=\"index, follow, max-snippet:-1, max-image-preview:large, max-video-preview:-1\" \/>\n<link rel=\"canonical\" href=\"https:\/\/www.article-marketing.eu\/comunicati\/arte-e-cultura\/mostra-personale-di-arturo-sereni-curata-da-ottobarradieci\/\" \/>\n<meta property=\"og:locale\" content=\"it_IT\" \/>\n<meta property=\"og:type\" content=\"article\" \/>\n<meta property=\"og:title\" content=\"MOSTRA PERSONALE DI ARTURO SERENI CURATA DA OTTOBARRADIECI - Article Marketing\" \/>\n<meta property=\"og:description\" content=\"OTTOBARRADIECI \u00e8 lieta di presentare la mostra personale di  ARTURO SERENI\" \/>\n<meta property=\"og:url\" content=\"https:\/\/www.article-marketing.eu\/comunicati\/arte-e-cultura\/mostra-personale-di-arturo-sereni-curata-da-ottobarradieci\/\" \/>\n<meta property=\"og:site_name\" content=\"Article Marketing\" \/>\n<meta property=\"article:published_time\" content=\"2009-02-20T16:03:31+00:00\" \/>\n<meta name=\"author\" content=\"Redazione Comunicati Stampa\" \/>\n<meta name=\"twitter:card\" content=\"summary_large_image\" \/>\n<meta name=\"twitter:label1\" content=\"Scritto da\" \/>\n\t<meta name=\"twitter:data1\" content=\"Redazione Comunicati Stampa\" \/>\n\t<meta name=\"twitter:label2\" content=\"Tempo di lettura stimato\" \/>\n\t<meta name=\"twitter:data2\" content=\"2 minuti\" \/>\n<script type=\"application\/ld+json\" class=\"yoast-schema-graph\">{\"@context\":\"https:\/\/schema.org\",\"@graph\":[{\"@type\":\"Article\",\"@id\":\"https:\/\/www.article-marketing.eu\/comunicati\/arte-e-cultura\/mostra-personale-di-arturo-sereni-curata-da-ottobarradieci\/#article\",\"isPartOf\":{\"@id\":\"https:\/\/www.article-marketing.eu\/comunicati\/arte-e-cultura\/mostra-personale-di-arturo-sereni-curata-da-ottobarradieci\/\"},\"author\":{\"name\":\"Redazione Comunicati Stampa\",\"@id\":\"https:\/\/www.article-marketing.eu\/comunicati\/#\/schema\/person\/44372e4d4d0fa797b18e03ed1ace9017\"},\"headline\":\"MOSTRA PERSONALE DI ARTURO SERENI CURATA DA OTTOBARRADIECI\",\"datePublished\":\"2009-02-20T16:03:31+00:00\",\"mainEntityOfPage\":{\"@id\":\"https:\/\/www.article-marketing.eu\/comunicati\/arte-e-cultura\/mostra-personale-di-arturo-sereni-curata-da-ottobarradieci\/\"},\"wordCount\":344,\"commentCount\":0,\"keywords\":[\"ARTURO\",\"Mostra\",\"OTTOBARRADIECI\",\"SERENI\"],\"articleSection\":[\"Arte e cultura\"],\"inLanguage\":\"it-IT\",\"potentialAction\":[{\"@type\":\"CommentAction\",\"name\":\"Comment\",\"target\":[\"https:\/\/www.article-marketing.eu\/comunicati\/arte-e-cultura\/mostra-personale-di-arturo-sereni-curata-da-ottobarradieci\/#respond\"]}]},{\"@type\":\"WebPage\",\"@id\":\"https:\/\/www.article-marketing.eu\/comunicati\/arte-e-cultura\/mostra-personale-di-arturo-sereni-curata-da-ottobarradieci\/\",\"url\":\"https:\/\/www.article-marketing.eu\/comunicati\/arte-e-cultura\/mostra-personale-di-arturo-sereni-curata-da-ottobarradieci\/\",\"name\":\"MOSTRA PERSONALE DI ARTURO SERENI CURATA DA OTTOBARRADIECI - Article Marketing\",\"isPartOf\":{\"@id\":\"https:\/\/www.article-marketing.eu\/comunicati\/#website\"},\"datePublished\":\"2009-02-20T16:03:31+00:00\",\"author\":{\"@id\":\"https:\/\/www.article-marketing.eu\/comunicati\/#\/schema\/person\/44372e4d4d0fa797b18e03ed1ace9017\"},\"breadcrumb\":{\"@id\":\"https:\/\/www.article-marketing.eu\/comunicati\/arte-e-cultura\/mostra-personale-di-arturo-sereni-curata-da-ottobarradieci\/#breadcrumb\"},\"inLanguage\":\"it-IT\",\"potentialAction\":[{\"@type\":\"ReadAction\",\"target\":[\"https:\/\/www.article-marketing.eu\/comunicati\/arte-e-cultura\/mostra-personale-di-arturo-sereni-curata-da-ottobarradieci\/\"]}]},{\"@type\":\"BreadcrumbList\",\"@id\":\"https:\/\/www.article-marketing.eu\/comunicati\/arte-e-cultura\/mostra-personale-di-arturo-sereni-curata-da-ottobarradieci\/#breadcrumb\",\"itemListElement\":[{\"@type\":\"ListItem\",\"position\":1,\"name\":\"Home\",\"item\":\"https:\/\/www.article-marketing.eu\/comunicati\/\"},{\"@type\":\"ListItem\",\"position\":2,\"name\":\"MOSTRA PERSONALE DI ARTURO SERENI CURATA DA OTTOBARRADIECI\"}]},{\"@type\":\"WebSite\",\"@id\":\"https:\/\/www.article-marketing.eu\/comunicati\/#website\",\"url\":\"https:\/\/www.article-marketing.eu\/comunicati\/\",\"name\":\"Article Marketing\",\"description\":\"article marketing &amp; press release\",\"potentialAction\":[{\"@type\":\"SearchAction\",\"target\":{\"@type\":\"EntryPoint\",\"urlTemplate\":\"https:\/\/www.article-marketing.eu\/comunicati\/?s={search_term_string}\"},\"query-input\":{\"@type\":\"PropertyValueSpecification\",\"valueRequired\":true,\"valueName\":\"search_term_string\"}}],\"inLanguage\":\"it-IT\"},{\"@type\":\"Person\",\"@id\":\"https:\/\/www.article-marketing.eu\/comunicati\/#\/schema\/person\/44372e4d4d0fa797b18e03ed1ace9017\",\"name\":\"Redazione Comunicati Stampa\",\"image\":{\"@type\":\"ImageObject\",\"inLanguage\":\"it-IT\",\"@id\":\"https:\/\/www.article-marketing.eu\/comunicati\/#\/schema\/person\/image\/\",\"url\":\"https:\/\/secure.gravatar.com\/avatar\/50e5c6421d3072f42e7ace803501602c60d75233d34e29fd05feb91c8760b792?s=96&d=mm&r=g\",\"contentUrl\":\"https:\/\/secure.gravatar.com\/avatar\/50e5c6421d3072f42e7ace803501602c60d75233d34e29fd05feb91c8760b792?s=96&d=mm&r=g\",\"caption\":\"Redazione Comunicati Stampa\"},\"url\":\"https:\/\/www.article-marketing.eu\/comunicati\/author\/redazione-comunicati-stampa\/\"}]}<\/script>\n<!-- \/ Yoast SEO plugin. -->","yoast_head_json":{"title":"MOSTRA PERSONALE DI ARTURO SERENI CURATA DA OTTOBARRADIECI - Article Marketing","robots":{"index":"index","follow":"follow","max-snippet":"max-snippet:-1","max-image-preview":"max-image-preview:large","max-video-preview":"max-video-preview:-1"},"canonical":"https:\/\/www.article-marketing.eu\/comunicati\/arte-e-cultura\/mostra-personale-di-arturo-sereni-curata-da-ottobarradieci\/","og_locale":"it_IT","og_type":"article","og_title":"MOSTRA PERSONALE DI ARTURO SERENI CURATA DA OTTOBARRADIECI - Article Marketing","og_description":"OTTOBARRADIECI \u00e8 lieta di presentare la mostra personale di  ARTURO SERENI","og_url":"https:\/\/www.article-marketing.eu\/comunicati\/arte-e-cultura\/mostra-personale-di-arturo-sereni-curata-da-ottobarradieci\/","og_site_name":"Article Marketing","article_published_time":"2009-02-20T16:03:31+00:00","author":"Redazione Comunicati Stampa","twitter_card":"summary_large_image","twitter_misc":{"Scritto da":"Redazione Comunicati Stampa","Tempo di lettura stimato":"2 minuti"},"schema":{"@context":"https:\/\/schema.org","@graph":[{"@type":"Article","@id":"https:\/\/www.article-marketing.eu\/comunicati\/arte-e-cultura\/mostra-personale-di-arturo-sereni-curata-da-ottobarradieci\/#article","isPartOf":{"@id":"https:\/\/www.article-marketing.eu\/comunicati\/arte-e-cultura\/mostra-personale-di-arturo-sereni-curata-da-ottobarradieci\/"},"author":{"name":"Redazione Comunicati Stampa","@id":"https:\/\/www.article-marketing.eu\/comunicati\/#\/schema\/person\/44372e4d4d0fa797b18e03ed1ace9017"},"headline":"MOSTRA PERSONALE DI ARTURO SERENI CURATA DA OTTOBARRADIECI","datePublished":"2009-02-20T16:03:31+00:00","mainEntityOfPage":{"@id":"https:\/\/www.article-marketing.eu\/comunicati\/arte-e-cultura\/mostra-personale-di-arturo-sereni-curata-da-ottobarradieci\/"},"wordCount":344,"commentCount":0,"keywords":["ARTURO","Mostra","OTTOBARRADIECI","SERENI"],"articleSection":["Arte e cultura"],"inLanguage":"it-IT","potentialAction":[{"@type":"CommentAction","name":"Comment","target":["https:\/\/www.article-marketing.eu\/comunicati\/arte-e-cultura\/mostra-personale-di-arturo-sereni-curata-da-ottobarradieci\/#respond"]}]},{"@type":"WebPage","@id":"https:\/\/www.article-marketing.eu\/comunicati\/arte-e-cultura\/mostra-personale-di-arturo-sereni-curata-da-ottobarradieci\/","url":"https:\/\/www.article-marketing.eu\/comunicati\/arte-e-cultura\/mostra-personale-di-arturo-sereni-curata-da-ottobarradieci\/","name":"MOSTRA PERSONALE DI ARTURO SERENI CURATA DA OTTOBARRADIECI - Article Marketing","isPartOf":{"@id":"https:\/\/www.article-marketing.eu\/comunicati\/#website"},"datePublished":"2009-02-20T16:03:31+00:00","author":{"@id":"https:\/\/www.article-marketing.eu\/comunicati\/#\/schema\/person\/44372e4d4d0fa797b18e03ed1ace9017"},"breadcrumb":{"@id":"https:\/\/www.article-marketing.eu\/comunicati\/arte-e-cultura\/mostra-personale-di-arturo-sereni-curata-da-ottobarradieci\/#breadcrumb"},"inLanguage":"it-IT","potentialAction":[{"@type":"ReadAction","target":["https:\/\/www.article-marketing.eu\/comunicati\/arte-e-cultura\/mostra-personale-di-arturo-sereni-curata-da-ottobarradieci\/"]}]},{"@type":"BreadcrumbList","@id":"https:\/\/www.article-marketing.eu\/comunicati\/arte-e-cultura\/mostra-personale-di-arturo-sereni-curata-da-ottobarradieci\/#breadcrumb","itemListElement":[{"@type":"ListItem","position":1,"name":"Home","item":"https:\/\/www.article-marketing.eu\/comunicati\/"},{"@type":"ListItem","position":2,"name":"MOSTRA PERSONALE DI ARTURO SERENI CURATA DA OTTOBARRADIECI"}]},{"@type":"WebSite","@id":"https:\/\/www.article-marketing.eu\/comunicati\/#website","url":"https:\/\/www.article-marketing.eu\/comunicati\/","name":"Article Marketing","description":"article marketing &amp; press release","potentialAction":[{"@type":"SearchAction","target":{"@type":"EntryPoint","urlTemplate":"https:\/\/www.article-marketing.eu\/comunicati\/?s={search_term_string}"},"query-input":{"@type":"PropertyValueSpecification","valueRequired":true,"valueName":"search_term_string"}}],"inLanguage":"it-IT"},{"@type":"Person","@id":"https:\/\/www.article-marketing.eu\/comunicati\/#\/schema\/person\/44372e4d4d0fa797b18e03ed1ace9017","name":"Redazione Comunicati Stampa","image":{"@type":"ImageObject","inLanguage":"it-IT","@id":"https:\/\/www.article-marketing.eu\/comunicati\/#\/schema\/person\/image\/","url":"https:\/\/secure.gravatar.com\/avatar\/50e5c6421d3072f42e7ace803501602c60d75233d34e29fd05feb91c8760b792?s=96&d=mm&r=g","contentUrl":"https:\/\/secure.gravatar.com\/avatar\/50e5c6421d3072f42e7ace803501602c60d75233d34e29fd05feb91c8760b792?s=96&d=mm&r=g","caption":"Redazione Comunicati Stampa"},"url":"https:\/\/www.article-marketing.eu\/comunicati\/author\/redazione-comunicati-stampa\/"}]}},"_links":{"self":[{"href":"https:\/\/www.article-marketing.eu\/comunicati\/wp-json\/wp\/v2\/posts\/1389","targetHints":{"allow":["GET"]}}],"collection":[{"href":"https:\/\/www.article-marketing.eu\/comunicati\/wp-json\/wp\/v2\/posts"}],"about":[{"href":"https:\/\/www.article-marketing.eu\/comunicati\/wp-json\/wp\/v2\/types\/post"}],"author":[{"embeddable":true,"href":"https:\/\/www.article-marketing.eu\/comunicati\/wp-json\/wp\/v2\/users\/10"}],"replies":[{"embeddable":true,"href":"https:\/\/www.article-marketing.eu\/comunicati\/wp-json\/wp\/v2\/comments?post=1389"}],"version-history":[{"count":0,"href":"https:\/\/www.article-marketing.eu\/comunicati\/wp-json\/wp\/v2\/posts\/1389\/revisions"}],"wp:attachment":[{"href":"https:\/\/www.article-marketing.eu\/comunicati\/wp-json\/wp\/v2\/media?parent=1389"}],"wp:term":[{"taxonomy":"category","embeddable":true,"href":"https:\/\/www.article-marketing.eu\/comunicati\/wp-json\/wp\/v2\/categories?post=1389"},{"taxonomy":"post_tag","embeddable":true,"href":"https:\/\/www.article-marketing.eu\/comunicati\/wp-json\/wp\/v2\/tags?post=1389"}],"curies":[{"name":"wp","href":"https:\/\/api.w.org\/{rel}","templated":true}]}}