{"id":1391,"date":"2009-02-21T10:50:58","date_gmt":"2009-02-21T09:50:58","guid":{"rendered":"http:\/\/www.article-marketing.eu\/comunicati\/senza-categoria\/festa-della-donna-sabato-08-marzo-2008\/"},"modified":"2009-02-21T10:50:58","modified_gmt":"2009-02-21T09:50:58","slug":"festa-della-donna-sabato-08-marzo-2008","status":"publish","type":"post","link":"https:\/\/www.article-marketing.eu\/comunicati\/comunicati-stampa\/eventi\/festa-della-donna-sabato-08-marzo-2008\/","title":{"rendered":"FESTA DELLA DONNA: Sabato 08 Marzo 2008"},"content":{"rendered":"<p>&nbsp; <\/p>\n<p style=\"MARGIN-BOTTOM: 0cm\" align=\"center\"><u><strong>FESTA DELLA DONNA<\/strong><\/u><\/p>\n<p style=\"MARGIN-BOTTOM: 0cm\" align=\"center\"><\/p>\n<p style=\"MARGIN-BOTTOM: 0cm\" align=\"center\"><\/p>\n<p style=\"MARGIN-BOTTOM: 0cm\" align=\"center\"><u>Sabato 08 Marzo 2009, <\/u><u><a href=\"http:\/\/www.papido.it\/\">www.papido.it<\/a><\/u><u> vi stupir\u00e0!<\/u><\/p>\n<p style=\"MARGIN-BOTTOM: 0cm; TEXT-DECORATION: none\" align=\"center\"><\/p>\n<p style=\"MARGIN-BOTTOM: 0cm; TEXT-DECORATION: none\" align=\"left\">Donne \u00e8 arrivato il vostro momento! Lasciate lavoro, fornelli, mariti, fidanzati e bambini <\/p>\n<p style=\"MARGIN-BOTTOM: 0cm; TEXT-DECORATION: none\" align=\"left\">a casa&#8230;Questa \u00e8 la vostra serata di libert\u00e0, di divertimento. Una Serata da trascorrere <\/p>\n<p style=\"MARGIN-BOTTOM: 0cm; TEXT-DECORATION: none\" align=\"left\">solo tra donne, con le amiche di sempre, un momento di svago, via le responsabilit\u00e0, <\/p>\n<p style=\"MARGIN-BOTTOM: 0cm; TEXT-DECORATION: none\" align=\"left\">via la routine&#8230;<\/p>\n<p style=\"MARGIN-BOTTOM: 0cm; TEXT-DECORATION: none\" align=\"left\">Vi Aspetta tanto divertimento e con un tenero pizzico di malizia!<\/p>\n<p style=\"MARGIN-BOTTOM: 0cm; TEXT-DECORATION: none\" align=\"left\">Questo \u00e8 ci\u00f2 che vi propone Papido.it presso il Caf\u00e8 Atlantique di Milano, che vi far\u00e0 <\/p>\n<p style=\"MARGIN-BOTTOM: 0cm; TEXT-DECORATION: none\" align=\"left\">giocare e magari vincere&#8230;o ancora presso il Banus di Torino con la sua musica house <\/p>\n<p style=\"MARGIN-BOTTOM: 0cm; TEXT-DECORATION: none\" align=\"left\">e happy..<\/p>\n<p style=\"MARGIN-BOTTOM: 0cm; TEXT-DECORATION: none\" align=\"left\">Ma Soprattutto donne, aprite gli OCCHI&#8230;.<\/p>\n<p style=\"MARGIN-BOTTOM: 0cm\" align=\"left\">vi aspettano favolosi Strip Maschili!!! <\/p>\n<p style=\"MARGIN-BOTTOM: 0cm\" align=\"left\">Per info e prenotazioni visitate <u>http:\/\/www.papido.it<\/u><\/p>\n<p style=\"MARGIN-BOTTOM: 0cm; TEXT-DECORATION: none\" align=\"left\">&#8230;Il Portale del Divertimento vi aspetta!<\/p>\n<p style=\"MARGIN-BOTTOM: 0cm; TEXT-DECORATION: none\" align=\"left\">&nbsp;<\/p>\n<p style=\"MARGIN-BOTTOM: 0cm; TEXT-DECORATION: none\" align=\"left\">Alcuni Esempi: <\/p>\n<p>          <strong>Domenica 8 Marzo 2009 &#8211; Caf\u00e8 Atlantique<\/strong><\/p>\n<p>                  <strong>SEXY GAME:<\/strong> la pi\u00f9 sensuale vince la bottiglia nel priv\u00e8!!! <br \/>Consolle Dj VICE e Dr FELIX (voice of America)<br \/>Strip Maschili in Main Room e Strip Femminili per gli uomini in sala separata fino 00:00 <\/p>\n<p>                  <strong>BUFFET<br \/>h. 20.30 <\/strong><br \/>\n                  15\u20ac (Ingresso riservato alle sole donne)<\/p>\n<p>                  <strong>Dalle 22.30 <\/strong><br \/>\n                  Omaggio Uomo, 10\u20ac Donna <\/p>\n<p>                  <strong>Musica:<\/strong><br \/>\n                  COMMERCIALE 360\u00b0<\/p>\n<p>                  <strong>Target:<\/strong><br \/>\n                  20\/35<\/p>\n<p>          &nbsp;<\/p>\n<p>          <strong>Cena<\/strong><br \/>\n          Cena servita euro 35,00<br \/>Speciale intrattenimento con stripman durante le cene<\/p>\n<p>          <strong>Tavolo<\/strong><br \/>\n          PISTA 120\u20ac &#8211; 6 pass<br \/>PRIVE 150\u20ac &#8211; 6 pass<\/p>\n","protected":false},"excerpt":{"rendered":"<p>FESTA DELLA DONNA: Sabato 08 Marzo 2008, www.papido.it vi stupir\u00e0<\/p>\n<p>Festa della Donna: Sabato 08 Marzo 2009, www.papido.it vi stupir\u00e0!<\/p>\n","protected":false},"author":10,"featured_media":0,"comment_status":"open","ping_status":"open","sticky":false,"template":"","format":"standard","meta":{"cybocfi_hide_featured_image":"","footnotes":""},"categories":[388],"tags":[4497],"class_list":["post-1391","post","type-post","status-publish","format-standard","hentry","category-eventi","tag-http-www-papido-it"],"yoast_head":"<!-- This site is optimized with the Yoast SEO plugin v27.0 - https:\/\/yoast.com\/product\/yoast-seo-wordpress\/ -->\n<title>FESTA DELLA DONNA: Sabato 08 Marzo 2008 - Article Marketing<\/title>\n<meta name=\"robots\" content=\"index, follow, max-snippet:-1, max-image-preview:large, max-video-preview:-1\" \/>\n<link rel=\"canonical\" href=\"https:\/\/www.article-marketing.eu\/comunicati\/comunicati-stampa\/eventi\/festa-della-donna-sabato-08-marzo-2008\/\" \/>\n<meta property=\"og:locale\" content=\"it_IT\" \/>\n<meta property=\"og:type\" content=\"article\" \/>\n<meta property=\"og:title\" content=\"FESTA DELLA DONNA: Sabato 08 Marzo 2008 - Article Marketing\" \/>\n<meta property=\"og:description\" content=\"FESTA DELLA DONNA: Sabato 08 Marzo 2008, www.papido.it vi stupir\u00e0    Festa della Donna: Sabato 08 Marzo 2009, www.papido.it vi stupir\u00e0!\" \/>\n<meta property=\"og:url\" content=\"https:\/\/www.article-marketing.eu\/comunicati\/comunicati-stampa\/eventi\/festa-della-donna-sabato-08-marzo-2008\/\" \/>\n<meta property=\"og:site_name\" content=\"Article Marketing\" \/>\n<meta property=\"article:published_time\" content=\"2009-02-21T09:50:58+00:00\" \/>\n<meta name=\"author\" content=\"Redazione Comunicati Stampa\" \/>\n<meta name=\"twitter:card\" content=\"summary_large_image\" \/>\n<meta name=\"twitter:label1\" content=\"Scritto da\" \/>\n\t<meta name=\"twitter:data1\" content=\"Redazione Comunicati Stampa\" \/>\n\t<meta name=\"twitter:label2\" content=\"Tempo di lettura stimato\" \/>\n\t<meta name=\"twitter:data2\" content=\"1 minuto\" \/>\n<script type=\"application\/ld+json\" class=\"yoast-schema-graph\">{\"@context\":\"https:\/\/schema.org\",\"@graph\":[{\"@type\":\"Article\",\"@id\":\"https:\/\/www.article-marketing.eu\/comunicati\/comunicati-stampa\/eventi\/festa-della-donna-sabato-08-marzo-2008\/#article\",\"isPartOf\":{\"@id\":\"https:\/\/www.article-marketing.eu\/comunicati\/comunicati-stampa\/eventi\/festa-della-donna-sabato-08-marzo-2008\/\"},\"author\":{\"name\":\"Redazione Comunicati Stampa\",\"@id\":\"https:\/\/www.article-marketing.eu\/comunicati\/#\/schema\/person\/44372e4d4d0fa797b18e03ed1ace9017\"},\"headline\":\"FESTA DELLA DONNA: Sabato 08 Marzo 2008\",\"datePublished\":\"2009-02-21T09:50:58+00:00\",\"mainEntityOfPage\":{\"@id\":\"https:\/\/www.article-marketing.eu\/comunicati\/comunicati-stampa\/eventi\/festa-della-donna-sabato-08-marzo-2008\/\"},\"wordCount\":204,\"commentCount\":0,\"keywords\":[\"http:\/\/www.papido.it\"],\"articleSection\":[\"Eventi\"],\"inLanguage\":\"it-IT\",\"potentialAction\":[{\"@type\":\"CommentAction\",\"name\":\"Comment\",\"target\":[\"https:\/\/www.article-marketing.eu\/comunicati\/comunicati-stampa\/eventi\/festa-della-donna-sabato-08-marzo-2008\/#respond\"]}]},{\"@type\":\"WebPage\",\"@id\":\"https:\/\/www.article-marketing.eu\/comunicati\/comunicati-stampa\/eventi\/festa-della-donna-sabato-08-marzo-2008\/\",\"url\":\"https:\/\/www.article-marketing.eu\/comunicati\/comunicati-stampa\/eventi\/festa-della-donna-sabato-08-marzo-2008\/\",\"name\":\"FESTA DELLA DONNA: Sabato 08 Marzo 2008 - Article Marketing\",\"isPartOf\":{\"@id\":\"https:\/\/www.article-marketing.eu\/comunicati\/#website\"},\"datePublished\":\"2009-02-21T09:50:58+00:00\",\"author\":{\"@id\":\"https:\/\/www.article-marketing.eu\/comunicati\/#\/schema\/person\/44372e4d4d0fa797b18e03ed1ace9017\"},\"breadcrumb\":{\"@id\":\"https:\/\/www.article-marketing.eu\/comunicati\/comunicati-stampa\/eventi\/festa-della-donna-sabato-08-marzo-2008\/#breadcrumb\"},\"inLanguage\":\"it-IT\",\"potentialAction\":[{\"@type\":\"ReadAction\",\"target\":[\"https:\/\/www.article-marketing.eu\/comunicati\/comunicati-stampa\/eventi\/festa-della-donna-sabato-08-marzo-2008\/\"]}]},{\"@type\":\"BreadcrumbList\",\"@id\":\"https:\/\/www.article-marketing.eu\/comunicati\/comunicati-stampa\/eventi\/festa-della-donna-sabato-08-marzo-2008\/#breadcrumb\",\"itemListElement\":[{\"@type\":\"ListItem\",\"position\":1,\"name\":\"Home\",\"item\":\"https:\/\/www.article-marketing.eu\/comunicati\/\"},{\"@type\":\"ListItem\",\"position\":2,\"name\":\"FESTA DELLA DONNA: Sabato 08 Marzo 2008\"}]},{\"@type\":\"WebSite\",\"@id\":\"https:\/\/www.article-marketing.eu\/comunicati\/#website\",\"url\":\"https:\/\/www.article-marketing.eu\/comunicati\/\",\"name\":\"Article Marketing\",\"description\":\"article marketing &amp; press release\",\"potentialAction\":[{\"@type\":\"SearchAction\",\"target\":{\"@type\":\"EntryPoint\",\"urlTemplate\":\"https:\/\/www.article-marketing.eu\/comunicati\/?s={search_term_string}\"},\"query-input\":{\"@type\":\"PropertyValueSpecification\",\"valueRequired\":true,\"valueName\":\"search_term_string\"}}],\"inLanguage\":\"it-IT\"},{\"@type\":\"Person\",\"@id\":\"https:\/\/www.article-marketing.eu\/comunicati\/#\/schema\/person\/44372e4d4d0fa797b18e03ed1ace9017\",\"name\":\"Redazione Comunicati Stampa\",\"image\":{\"@type\":\"ImageObject\",\"inLanguage\":\"it-IT\",\"@id\":\"https:\/\/www.article-marketing.eu\/comunicati\/#\/schema\/person\/image\/\",\"url\":\"https:\/\/secure.gravatar.com\/avatar\/50e5c6421d3072f42e7ace803501602c60d75233d34e29fd05feb91c8760b792?s=96&d=mm&r=g\",\"contentUrl\":\"https:\/\/secure.gravatar.com\/avatar\/50e5c6421d3072f42e7ace803501602c60d75233d34e29fd05feb91c8760b792?s=96&d=mm&r=g\",\"caption\":\"Redazione Comunicati Stampa\"},\"url\":\"https:\/\/www.article-marketing.eu\/comunicati\/author\/redazione-comunicati-stampa\/\"}]}<\/script>\n<!-- \/ Yoast SEO plugin. -->","yoast_head_json":{"title":"FESTA DELLA DONNA: Sabato 08 Marzo 2008 - Article Marketing","robots":{"index":"index","follow":"follow","max-snippet":"max-snippet:-1","max-image-preview":"max-image-preview:large","max-video-preview":"max-video-preview:-1"},"canonical":"https:\/\/www.article-marketing.eu\/comunicati\/comunicati-stampa\/eventi\/festa-della-donna-sabato-08-marzo-2008\/","og_locale":"it_IT","og_type":"article","og_title":"FESTA DELLA DONNA: Sabato 08 Marzo 2008 - Article Marketing","og_description":"FESTA DELLA DONNA: Sabato 08 Marzo 2008, www.papido.it vi stupir\u00e0    Festa della Donna: Sabato 08 Marzo 2009, www.papido.it vi stupir\u00e0!","og_url":"https:\/\/www.article-marketing.eu\/comunicati\/comunicati-stampa\/eventi\/festa-della-donna-sabato-08-marzo-2008\/","og_site_name":"Article Marketing","article_published_time":"2009-02-21T09:50:58+00:00","author":"Redazione Comunicati Stampa","twitter_card":"summary_large_image","twitter_misc":{"Scritto da":"Redazione Comunicati Stampa","Tempo di lettura stimato":"1 minuto"},"schema":{"@context":"https:\/\/schema.org","@graph":[{"@type":"Article","@id":"https:\/\/www.article-marketing.eu\/comunicati\/comunicati-stampa\/eventi\/festa-della-donna-sabato-08-marzo-2008\/#article","isPartOf":{"@id":"https:\/\/www.article-marketing.eu\/comunicati\/comunicati-stampa\/eventi\/festa-della-donna-sabato-08-marzo-2008\/"},"author":{"name":"Redazione Comunicati Stampa","@id":"https:\/\/www.article-marketing.eu\/comunicati\/#\/schema\/person\/44372e4d4d0fa797b18e03ed1ace9017"},"headline":"FESTA DELLA DONNA: Sabato 08 Marzo 2008","datePublished":"2009-02-21T09:50:58+00:00","mainEntityOfPage":{"@id":"https:\/\/www.article-marketing.eu\/comunicati\/comunicati-stampa\/eventi\/festa-della-donna-sabato-08-marzo-2008\/"},"wordCount":204,"commentCount":0,"keywords":["http:\/\/www.papido.it"],"articleSection":["Eventi"],"inLanguage":"it-IT","potentialAction":[{"@type":"CommentAction","name":"Comment","target":["https:\/\/www.article-marketing.eu\/comunicati\/comunicati-stampa\/eventi\/festa-della-donna-sabato-08-marzo-2008\/#respond"]}]},{"@type":"WebPage","@id":"https:\/\/www.article-marketing.eu\/comunicati\/comunicati-stampa\/eventi\/festa-della-donna-sabato-08-marzo-2008\/","url":"https:\/\/www.article-marketing.eu\/comunicati\/comunicati-stampa\/eventi\/festa-della-donna-sabato-08-marzo-2008\/","name":"FESTA DELLA DONNA: Sabato 08 Marzo 2008 - Article Marketing","isPartOf":{"@id":"https:\/\/www.article-marketing.eu\/comunicati\/#website"},"datePublished":"2009-02-21T09:50:58+00:00","author":{"@id":"https:\/\/www.article-marketing.eu\/comunicati\/#\/schema\/person\/44372e4d4d0fa797b18e03ed1ace9017"},"breadcrumb":{"@id":"https:\/\/www.article-marketing.eu\/comunicati\/comunicati-stampa\/eventi\/festa-della-donna-sabato-08-marzo-2008\/#breadcrumb"},"inLanguage":"it-IT","potentialAction":[{"@type":"ReadAction","target":["https:\/\/www.article-marketing.eu\/comunicati\/comunicati-stampa\/eventi\/festa-della-donna-sabato-08-marzo-2008\/"]}]},{"@type":"BreadcrumbList","@id":"https:\/\/www.article-marketing.eu\/comunicati\/comunicati-stampa\/eventi\/festa-della-donna-sabato-08-marzo-2008\/#breadcrumb","itemListElement":[{"@type":"ListItem","position":1,"name":"Home","item":"https:\/\/www.article-marketing.eu\/comunicati\/"},{"@type":"ListItem","position":2,"name":"FESTA DELLA DONNA: Sabato 08 Marzo 2008"}]},{"@type":"WebSite","@id":"https:\/\/www.article-marketing.eu\/comunicati\/#website","url":"https:\/\/www.article-marketing.eu\/comunicati\/","name":"Article Marketing","description":"article marketing &amp; press release","potentialAction":[{"@type":"SearchAction","target":{"@type":"EntryPoint","urlTemplate":"https:\/\/www.article-marketing.eu\/comunicati\/?s={search_term_string}"},"query-input":{"@type":"PropertyValueSpecification","valueRequired":true,"valueName":"search_term_string"}}],"inLanguage":"it-IT"},{"@type":"Person","@id":"https:\/\/www.article-marketing.eu\/comunicati\/#\/schema\/person\/44372e4d4d0fa797b18e03ed1ace9017","name":"Redazione Comunicati Stampa","image":{"@type":"ImageObject","inLanguage":"it-IT","@id":"https:\/\/www.article-marketing.eu\/comunicati\/#\/schema\/person\/image\/","url":"https:\/\/secure.gravatar.com\/avatar\/50e5c6421d3072f42e7ace803501602c60d75233d34e29fd05feb91c8760b792?s=96&d=mm&r=g","contentUrl":"https:\/\/secure.gravatar.com\/avatar\/50e5c6421d3072f42e7ace803501602c60d75233d34e29fd05feb91c8760b792?s=96&d=mm&r=g","caption":"Redazione Comunicati Stampa"},"url":"https:\/\/www.article-marketing.eu\/comunicati\/author\/redazione-comunicati-stampa\/"}]}},"_links":{"self":[{"href":"https:\/\/www.article-marketing.eu\/comunicati\/wp-json\/wp\/v2\/posts\/1391","targetHints":{"allow":["GET"]}}],"collection":[{"href":"https:\/\/www.article-marketing.eu\/comunicati\/wp-json\/wp\/v2\/posts"}],"about":[{"href":"https:\/\/www.article-marketing.eu\/comunicati\/wp-json\/wp\/v2\/types\/post"}],"author":[{"embeddable":true,"href":"https:\/\/www.article-marketing.eu\/comunicati\/wp-json\/wp\/v2\/users\/10"}],"replies":[{"embeddable":true,"href":"https:\/\/www.article-marketing.eu\/comunicati\/wp-json\/wp\/v2\/comments?post=1391"}],"version-history":[{"count":0,"href":"https:\/\/www.article-marketing.eu\/comunicati\/wp-json\/wp\/v2\/posts\/1391\/revisions"}],"wp:attachment":[{"href":"https:\/\/www.article-marketing.eu\/comunicati\/wp-json\/wp\/v2\/media?parent=1391"}],"wp:term":[{"taxonomy":"category","embeddable":true,"href":"https:\/\/www.article-marketing.eu\/comunicati\/wp-json\/wp\/v2\/categories?post=1391"},{"taxonomy":"post_tag","embeddable":true,"href":"https:\/\/www.article-marketing.eu\/comunicati\/wp-json\/wp\/v2\/tags?post=1391"}],"curies":[{"name":"wp","href":"https:\/\/api.w.org\/{rel}","templated":true}]}}