{"id":1406,"date":"2009-02-24T13:17:53","date_gmt":"2009-02-24T12:17:53","guid":{"rendered":"http:\/\/www.article-marketing.eu\/comunicati\/senza-categoria\/professione-informare-la-nuova-collana-di-ebook-della-armando-curcio-editore\/"},"modified":"2009-02-24T13:17:53","modified_gmt":"2009-02-24T12:17:53","slug":"professione-informare-la-nuova-collana-di-ebook-della-armando-curcio-editore","status":"publish","type":"post","link":"https:\/\/www.article-marketing.eu\/comunicati\/arte-e-cultura\/libri\/professione-informare-la-nuova-collana-di-ebook-della-armando-curcio-editore\/","title":{"rendered":"Professione Informare : la nuova collana di ebook della Armando Curcio Editore"},"content":{"rendered":"<p>Sono on-line i due nuovi portali della Armando Curcio Editore, Professione uomo e Professione donna, un progetto dedicato alla manualistica e ai prodotti di informazione digitale. Se serviva qualche ulteriore conferma che i libri elettronici non sono un fenomeno passeggero ma un importante realt\u00e0 editoriale, eccone una dimostrazione, un progetto promosso da una casa editrice \u00abtradizionale\u00bb. I portali sono la piattaforma dalla quale sono distribuiti una serie di infoprodotti, appunto e-book ma anche videocorsi e prodotti multimediali, dedicati alla crescita personale e professionale. Ecco quindi l\u2019attenzione per argomenti quali la psicologia, la sessualit\u00e0, ma anche internet e la tecnologia, le nuove professioni, gli hobby, il fai da te. Un progetto molto ambizioso che parte da queste due piattaforme per espandersi in approfondimenti e aggiornamenti continui, ma anche un progetto con una forte componente di interattivit\u00e0, infatti degli esperti collaboreranno con le loro rubriche, rispondendo alle domande dei lettori e dei navigatori: la dottoressa Milena Milone per la sessualit\u00e0, la dottoressa Maria Pia Sabatini per la vita di coppia, il dottor Marcello Giansanti e il dottor Massimo Mafferi, giornalisti, per attualit\u00e0, politica e televisione. Ma ci sono altre iniziative sulla linea di partenza, come l\u2019oroscopo personalizzato della nostra astrologa e le rubriche sul gossip di Patrizia DeBlank. Insomma, un\u2019iniziativa poliedrica con il contributo di personaggi gi\u00e0 affermati e di giovani di sicuro avvenire, professionisti di grande spessore tecnico che hanno accolto l\u2019iniziativa con entusiasmo. Corsi di scrittura creativa e Workshop per scrivere in rete sono alcune delle iniziative in cantiere, inoltre c\u2019\u00e8 un\u2019intensa attivit\u00e0 di scouting che ci far\u00e0 esaminare le opere di decine di talenti in cerca dell\u2019occasione per farsi conoscere: se avete un progetto di e-book, se avete una professionalit\u00e0 che vi permetta di scrivere un manuale di settore, non esitate a scrivere a <a href=\"mailto:coordinamento@curcioeditore.it\">coordinamento@curcioeditore.it<\/a>, inviando un sommario in almeno 10 capitoli e una sinossi di come volete portare avanti il lavoro. Se i vostri progetti saranno scelti, la nostra redazione si metter\u00e0 in contatto con voi e verrete sostenuti e aiutati a concludere brillantemente il vostro lavoro, che sar\u00e0 poi pubblicato sui nostri portali e vi permetter\u00e0 di guadagnare royalties sulle vendite. Infine, a breve ci sar\u00e0 il lancio di un programma di affiliazione che dar\u00e0 a decine di webmaster l\u2019opportunit\u00e0 di guadagnare rivendendo gli e-book della Armando Curcio Editore. Insomma, tante novit\u00e0 che da oggi sono on-line agli indirizzi web http:\/\/www.professioneuomo.it e http:\/\/www.professionedonna.it. Venite a visitarci e mandateci i vostri progetti.Se risponderanno ai requisiti di originalit\u00e0 e qualit\u00e0 della collana potrete pubblicarli con il nome prestigioso della Armando Curcio Editore<\/p>\n<p>&nbsp;<\/p>\n","protected":false},"excerpt":{"rendered":"<p>Sono online i due portali della Armando Curcio Editore Professione Donna e Professione Uomo.Sono parte di un progetto nel quale ci sar\u00e0 spazio per la pubblicazione dei progetti di quei lettori che vorranno partecipare<\/p>\n","protected":false},"author":10,"featured_media":0,"comment_status":"open","ping_status":"open","sticky":false,"template":"","format":"standard","meta":{"cybocfi_hide_featured_image":"","footnotes":""},"categories":[88],"tags":[127,4624,992,874,1249],"class_list":["post-1406","post","type-post","status-publish","format-standard","hentry","category-libri","tag-ebook","tag-editoria-internet","tag-formazione-personale","tag-formazione-professionale","tag-infoprodotti"],"yoast_head":"<!-- This site is optimized with the Yoast SEO plugin v27.0 - https:\/\/yoast.com\/product\/yoast-seo-wordpress\/ -->\n<title>Professione Informare : la nuova collana di ebook della Armando Curcio Editore - Article Marketing<\/title>\n<meta name=\"robots\" content=\"index, follow, max-snippet:-1, max-image-preview:large, max-video-preview:-1\" \/>\n<link rel=\"canonical\" href=\"https:\/\/www.article-marketing.eu\/comunicati\/arte-e-cultura\/libri\/professione-informare-la-nuova-collana-di-ebook-della-armando-curcio-editore\/\" \/>\n<meta property=\"og:locale\" content=\"it_IT\" \/>\n<meta property=\"og:type\" content=\"article\" \/>\n<meta property=\"og:title\" content=\"Professione Informare : la nuova collana di ebook della Armando Curcio Editore - Article Marketing\" \/>\n<meta property=\"og:description\" content=\"Sono online i due portali della Armando Curcio Editore Professione Donna e Professione Uomo.Sono parte di un progetto nel quale ci sar\u00e0 spazio per la pubblicazione dei progetti di quei lettori che vorranno partecipare\" \/>\n<meta property=\"og:url\" content=\"https:\/\/www.article-marketing.eu\/comunicati\/arte-e-cultura\/libri\/professione-informare-la-nuova-collana-di-ebook-della-armando-curcio-editore\/\" \/>\n<meta property=\"og:site_name\" content=\"Article Marketing\" \/>\n<meta property=\"article:published_time\" content=\"2009-02-24T12:17:53+00:00\" \/>\n<meta name=\"author\" content=\"Redazione Comunicati Stampa\" \/>\n<meta name=\"twitter:card\" content=\"summary_large_image\" \/>\n<meta name=\"twitter:label1\" content=\"Scritto da\" \/>\n\t<meta name=\"twitter:data1\" content=\"Redazione Comunicati Stampa\" \/>\n\t<meta name=\"twitter:label2\" content=\"Tempo di lettura stimato\" \/>\n\t<meta name=\"twitter:data2\" content=\"2 minuti\" \/>\n<script type=\"application\/ld+json\" class=\"yoast-schema-graph\">{\"@context\":\"https:\/\/schema.org\",\"@graph\":[{\"@type\":\"Article\",\"@id\":\"https:\/\/www.article-marketing.eu\/comunicati\/arte-e-cultura\/libri\/professione-informare-la-nuova-collana-di-ebook-della-armando-curcio-editore\/#article\",\"isPartOf\":{\"@id\":\"https:\/\/www.article-marketing.eu\/comunicati\/arte-e-cultura\/libri\/professione-informare-la-nuova-collana-di-ebook-della-armando-curcio-editore\/\"},\"author\":{\"name\":\"Redazione Comunicati Stampa\",\"@id\":\"https:\/\/www.article-marketing.eu\/comunicati\/#\/schema\/person\/44372e4d4d0fa797b18e03ed1ace9017\"},\"headline\":\"Professione Informare : la nuova collana di ebook della Armando Curcio Editore\",\"datePublished\":\"2009-02-24T12:17:53+00:00\",\"mainEntityOfPage\":{\"@id\":\"https:\/\/www.article-marketing.eu\/comunicati\/arte-e-cultura\/libri\/professione-informare-la-nuova-collana-di-ebook-della-armando-curcio-editore\/\"},\"wordCount\":450,\"commentCount\":0,\"keywords\":[\"ebook\",\"editoria internet\",\"formazione personale\",\"formazione professionale\",\"infoprodotti\"],\"articleSection\":[\"Libri\"],\"inLanguage\":\"it-IT\",\"potentialAction\":[{\"@type\":\"CommentAction\",\"name\":\"Comment\",\"target\":[\"https:\/\/www.article-marketing.eu\/comunicati\/arte-e-cultura\/libri\/professione-informare-la-nuova-collana-di-ebook-della-armando-curcio-editore\/#respond\"]}]},{\"@type\":\"WebPage\",\"@id\":\"https:\/\/www.article-marketing.eu\/comunicati\/arte-e-cultura\/libri\/professione-informare-la-nuova-collana-di-ebook-della-armando-curcio-editore\/\",\"url\":\"https:\/\/www.article-marketing.eu\/comunicati\/arte-e-cultura\/libri\/professione-informare-la-nuova-collana-di-ebook-della-armando-curcio-editore\/\",\"name\":\"Professione Informare : la nuova collana di ebook della Armando Curcio Editore - Article Marketing\",\"isPartOf\":{\"@id\":\"https:\/\/www.article-marketing.eu\/comunicati\/#website\"},\"datePublished\":\"2009-02-24T12:17:53+00:00\",\"author\":{\"@id\":\"https:\/\/www.article-marketing.eu\/comunicati\/#\/schema\/person\/44372e4d4d0fa797b18e03ed1ace9017\"},\"breadcrumb\":{\"@id\":\"https:\/\/www.article-marketing.eu\/comunicati\/arte-e-cultura\/libri\/professione-informare-la-nuova-collana-di-ebook-della-armando-curcio-editore\/#breadcrumb\"},\"inLanguage\":\"it-IT\",\"potentialAction\":[{\"@type\":\"ReadAction\",\"target\":[\"https:\/\/www.article-marketing.eu\/comunicati\/arte-e-cultura\/libri\/professione-informare-la-nuova-collana-di-ebook-della-armando-curcio-editore\/\"]}]},{\"@type\":\"BreadcrumbList\",\"@id\":\"https:\/\/www.article-marketing.eu\/comunicati\/arte-e-cultura\/libri\/professione-informare-la-nuova-collana-di-ebook-della-armando-curcio-editore\/#breadcrumb\",\"itemListElement\":[{\"@type\":\"ListItem\",\"position\":1,\"name\":\"Home\",\"item\":\"https:\/\/www.article-marketing.eu\/comunicati\/\"},{\"@type\":\"ListItem\",\"position\":2,\"name\":\"Professione Informare : la nuova collana di ebook della Armando Curcio Editore\"}]},{\"@type\":\"WebSite\",\"@id\":\"https:\/\/www.article-marketing.eu\/comunicati\/#website\",\"url\":\"https:\/\/www.article-marketing.eu\/comunicati\/\",\"name\":\"Article Marketing\",\"description\":\"article marketing &amp; press release\",\"potentialAction\":[{\"@type\":\"SearchAction\",\"target\":{\"@type\":\"EntryPoint\",\"urlTemplate\":\"https:\/\/www.article-marketing.eu\/comunicati\/?s={search_term_string}\"},\"query-input\":{\"@type\":\"PropertyValueSpecification\",\"valueRequired\":true,\"valueName\":\"search_term_string\"}}],\"inLanguage\":\"it-IT\"},{\"@type\":\"Person\",\"@id\":\"https:\/\/www.article-marketing.eu\/comunicati\/#\/schema\/person\/44372e4d4d0fa797b18e03ed1ace9017\",\"name\":\"Redazione Comunicati Stampa\",\"image\":{\"@type\":\"ImageObject\",\"inLanguage\":\"it-IT\",\"@id\":\"https:\/\/www.article-marketing.eu\/comunicati\/#\/schema\/person\/image\/\",\"url\":\"https:\/\/secure.gravatar.com\/avatar\/50e5c6421d3072f42e7ace803501602c60d75233d34e29fd05feb91c8760b792?s=96&d=mm&r=g\",\"contentUrl\":\"https:\/\/secure.gravatar.com\/avatar\/50e5c6421d3072f42e7ace803501602c60d75233d34e29fd05feb91c8760b792?s=96&d=mm&r=g\",\"caption\":\"Redazione Comunicati Stampa\"},\"url\":\"https:\/\/www.article-marketing.eu\/comunicati\/author\/redazione-comunicati-stampa\/\"}]}<\/script>\n<!-- \/ Yoast SEO plugin. -->","yoast_head_json":{"title":"Professione Informare : la nuova collana di ebook della Armando Curcio Editore - Article Marketing","robots":{"index":"index","follow":"follow","max-snippet":"max-snippet:-1","max-image-preview":"max-image-preview:large","max-video-preview":"max-video-preview:-1"},"canonical":"https:\/\/www.article-marketing.eu\/comunicati\/arte-e-cultura\/libri\/professione-informare-la-nuova-collana-di-ebook-della-armando-curcio-editore\/","og_locale":"it_IT","og_type":"article","og_title":"Professione Informare : la nuova collana di ebook della Armando Curcio Editore - Article Marketing","og_description":"Sono online i due portali della Armando Curcio Editore Professione Donna e Professione Uomo.Sono parte di un progetto nel quale ci sar\u00e0 spazio per la pubblicazione dei progetti di quei lettori che vorranno partecipare","og_url":"https:\/\/www.article-marketing.eu\/comunicati\/arte-e-cultura\/libri\/professione-informare-la-nuova-collana-di-ebook-della-armando-curcio-editore\/","og_site_name":"Article Marketing","article_published_time":"2009-02-24T12:17:53+00:00","author":"Redazione Comunicati Stampa","twitter_card":"summary_large_image","twitter_misc":{"Scritto da":"Redazione Comunicati Stampa","Tempo di lettura stimato":"2 minuti"},"schema":{"@context":"https:\/\/schema.org","@graph":[{"@type":"Article","@id":"https:\/\/www.article-marketing.eu\/comunicati\/arte-e-cultura\/libri\/professione-informare-la-nuova-collana-di-ebook-della-armando-curcio-editore\/#article","isPartOf":{"@id":"https:\/\/www.article-marketing.eu\/comunicati\/arte-e-cultura\/libri\/professione-informare-la-nuova-collana-di-ebook-della-armando-curcio-editore\/"},"author":{"name":"Redazione Comunicati Stampa","@id":"https:\/\/www.article-marketing.eu\/comunicati\/#\/schema\/person\/44372e4d4d0fa797b18e03ed1ace9017"},"headline":"Professione Informare : la nuova collana di ebook della Armando Curcio Editore","datePublished":"2009-02-24T12:17:53+00:00","mainEntityOfPage":{"@id":"https:\/\/www.article-marketing.eu\/comunicati\/arte-e-cultura\/libri\/professione-informare-la-nuova-collana-di-ebook-della-armando-curcio-editore\/"},"wordCount":450,"commentCount":0,"keywords":["ebook","editoria internet","formazione personale","formazione professionale","infoprodotti"],"articleSection":["Libri"],"inLanguage":"it-IT","potentialAction":[{"@type":"CommentAction","name":"Comment","target":["https:\/\/www.article-marketing.eu\/comunicati\/arte-e-cultura\/libri\/professione-informare-la-nuova-collana-di-ebook-della-armando-curcio-editore\/#respond"]}]},{"@type":"WebPage","@id":"https:\/\/www.article-marketing.eu\/comunicati\/arte-e-cultura\/libri\/professione-informare-la-nuova-collana-di-ebook-della-armando-curcio-editore\/","url":"https:\/\/www.article-marketing.eu\/comunicati\/arte-e-cultura\/libri\/professione-informare-la-nuova-collana-di-ebook-della-armando-curcio-editore\/","name":"Professione Informare : la nuova collana di ebook della Armando Curcio Editore - Article Marketing","isPartOf":{"@id":"https:\/\/www.article-marketing.eu\/comunicati\/#website"},"datePublished":"2009-02-24T12:17:53+00:00","author":{"@id":"https:\/\/www.article-marketing.eu\/comunicati\/#\/schema\/person\/44372e4d4d0fa797b18e03ed1ace9017"},"breadcrumb":{"@id":"https:\/\/www.article-marketing.eu\/comunicati\/arte-e-cultura\/libri\/professione-informare-la-nuova-collana-di-ebook-della-armando-curcio-editore\/#breadcrumb"},"inLanguage":"it-IT","potentialAction":[{"@type":"ReadAction","target":["https:\/\/www.article-marketing.eu\/comunicati\/arte-e-cultura\/libri\/professione-informare-la-nuova-collana-di-ebook-della-armando-curcio-editore\/"]}]},{"@type":"BreadcrumbList","@id":"https:\/\/www.article-marketing.eu\/comunicati\/arte-e-cultura\/libri\/professione-informare-la-nuova-collana-di-ebook-della-armando-curcio-editore\/#breadcrumb","itemListElement":[{"@type":"ListItem","position":1,"name":"Home","item":"https:\/\/www.article-marketing.eu\/comunicati\/"},{"@type":"ListItem","position":2,"name":"Professione Informare : la nuova collana di ebook della Armando Curcio Editore"}]},{"@type":"WebSite","@id":"https:\/\/www.article-marketing.eu\/comunicati\/#website","url":"https:\/\/www.article-marketing.eu\/comunicati\/","name":"Article Marketing","description":"article marketing &amp; press release","potentialAction":[{"@type":"SearchAction","target":{"@type":"EntryPoint","urlTemplate":"https:\/\/www.article-marketing.eu\/comunicati\/?s={search_term_string}"},"query-input":{"@type":"PropertyValueSpecification","valueRequired":true,"valueName":"search_term_string"}}],"inLanguage":"it-IT"},{"@type":"Person","@id":"https:\/\/www.article-marketing.eu\/comunicati\/#\/schema\/person\/44372e4d4d0fa797b18e03ed1ace9017","name":"Redazione Comunicati Stampa","image":{"@type":"ImageObject","inLanguage":"it-IT","@id":"https:\/\/www.article-marketing.eu\/comunicati\/#\/schema\/person\/image\/","url":"https:\/\/secure.gravatar.com\/avatar\/50e5c6421d3072f42e7ace803501602c60d75233d34e29fd05feb91c8760b792?s=96&d=mm&r=g","contentUrl":"https:\/\/secure.gravatar.com\/avatar\/50e5c6421d3072f42e7ace803501602c60d75233d34e29fd05feb91c8760b792?s=96&d=mm&r=g","caption":"Redazione Comunicati Stampa"},"url":"https:\/\/www.article-marketing.eu\/comunicati\/author\/redazione-comunicati-stampa\/"}]}},"_links":{"self":[{"href":"https:\/\/www.article-marketing.eu\/comunicati\/wp-json\/wp\/v2\/posts\/1406","targetHints":{"allow":["GET"]}}],"collection":[{"href":"https:\/\/www.article-marketing.eu\/comunicati\/wp-json\/wp\/v2\/posts"}],"about":[{"href":"https:\/\/www.article-marketing.eu\/comunicati\/wp-json\/wp\/v2\/types\/post"}],"author":[{"embeddable":true,"href":"https:\/\/www.article-marketing.eu\/comunicati\/wp-json\/wp\/v2\/users\/10"}],"replies":[{"embeddable":true,"href":"https:\/\/www.article-marketing.eu\/comunicati\/wp-json\/wp\/v2\/comments?post=1406"}],"version-history":[{"count":0,"href":"https:\/\/www.article-marketing.eu\/comunicati\/wp-json\/wp\/v2\/posts\/1406\/revisions"}],"wp:attachment":[{"href":"https:\/\/www.article-marketing.eu\/comunicati\/wp-json\/wp\/v2\/media?parent=1406"}],"wp:term":[{"taxonomy":"category","embeddable":true,"href":"https:\/\/www.article-marketing.eu\/comunicati\/wp-json\/wp\/v2\/categories?post=1406"},{"taxonomy":"post_tag","embeddable":true,"href":"https:\/\/www.article-marketing.eu\/comunicati\/wp-json\/wp\/v2\/tags?post=1406"}],"curies":[{"name":"wp","href":"https:\/\/api.w.org\/{rel}","templated":true}]}}