{"id":1409,"date":"2009-02-24T16:39:27","date_gmt":"2009-02-24T15:39:27","guid":{"rendered":"http:\/\/www.article-marketing.eu\/comunicati\/senza-categoria\/a-riva-del-garda-torna-il-16%b0-sympatex-bike-festival-garda-trentino\/"},"modified":"2009-02-24T16:39:27","modified_gmt":"2009-02-24T15:39:27","slug":"a-riva-del-garda-torna-il-16%b0-sympatex-bike-festival-garda-trentino","status":"publish","type":"post","link":"https:\/\/www.article-marketing.eu\/comunicati\/viaggi-e-vacanze\/destinazioni\/a-riva-del-garda-torna-il-16%b0-sympatex-bike-festival-garda-trentino\/","title":{"rendered":"A Riva del Garda torna  il 16\u00b0 SYMPATEX BIKE Festival Garda Trentino"},"content":{"rendered":"<p>Milano, 16 febbraio 2009 &#8211; Il 16\u00b0 SYMPATEX BIKE Festival Garda Trentino powered by Nissan sta per tornare ad animare la cittadina di Riva del Garda (TN): da gioved\u00ec 30 aprile a domenica 3 maggio, oltre 20.000 amanti delle due ruote giungeranno sulle rive del Lago di Garda per quattro giorni di competizioni, spettacoli, tour guidati ed eventi per grandi e piccini. Cuore pulsante dell\u2019evento sar\u00e0 l\u2019area espositiva ad ingresso gratuito in cui 120 fra le pi\u00f9 prestigiose aziende nel mondo dell\u2019MTB metteranno a disposizione del pubblico i prodotti pi\u00f9 nuovi sul mercato.<\/p>\n<p>Organizzato dalla rivista tedesca BIKE in collaborazione con l\u2019agenzia PLAN B e promosso da Ingarda Trentino SpA, il BIKE Festival di Riva del Garda \u00e8 l\u2019evento che d\u00e0 il via alla stagione europea della mountain-bike. <\/p>\n<p>L\u2019inaugurazione ufficiale sar\u00e0 gioved\u00ec 30 aprile (alle h 11); la giornata sar\u00e0 all\u2019insegna delle acrobazie pi\u00f9 incredibili in sella alla mountain bike con il Graub\u00fcnden Sympatex Trial Show. Alle h 21 il King of Dirt, in cui i migliori Dirtjumper si sfideranno con Backflips, Superman, 360\u00b0 e altri salti spettacolari per mostrare le loro capacit\u00e0 e aggiudicarsi il titolo.<\/p>\n<p>Venerd\u00ec 1\u00b0 maggio grandi emozioni con il Nightsprint &#038; Freeride Day: alle h 14, i freerider pi\u00f9 spericolati potranno confrontarsi nello SPECIALIZED Enduro Ride, in una spettacolare discesa del sentiero Marmitte dei Giganti di Torbole. Alle h 21.30 lo SCOTT Nightsprint, uno sprint notturno uomo contro uomo su un itinerario ad ostacoli, sotto la luce delle stelle. Paraboliche alte 5 metri, dossi e altri ostacoli daranno del filo da torcere a chiunque voglia candidarsi a \u201ccombattere\u201d contro i Vip della scena four cross. Al termine lo SCOTT Riders Party per festeggiare vincitori e vinti.<\/p>\n<p>Sabato 2 maggio \u00e8 la volta della famosa maratona dei single trails ROCKY MOUNTAIN BIKE Marathon Garda Trentino powered by Vaude, una delle competizioni pi\u00f9 belle ed impegnative, che nel 2008 ha visto sfidarsi circa 1.800 concorrenti. La gara si arricchisce quest\u2019anno di un ulteriore percorso pi\u00f9 semplice, dedicato ad appassionati meno allenati e famiglie: la nuova Ronda Facile avr\u00e0 una lunghezza di 27 km e circa 510 metri di dislivello. Per i bikers pi\u00f9 esperti, invece, a disposizione i classici 3 percorsi: la Ronda Piccola (55,2 km\/1700 metri di dislivello), la Ronda Grande (88,3 km\/2792 metri di dislivello) e la Ronda Extrema (106,9 km \/ 3581 metri di dislivello).<\/p>\n<p>La giornata conclusiva, domenica 3 maggio, sar\u00e0 dedicata ai piccoli bikers: il Kid\u2019s Day prevede il tradizionale SCOTT Junior Trophy, competizione studiata appositamente per le stelle della mountain-bike di domani. I piccoli eroi delle due ruote tra i 3 e i 15 anni potranno infatti imitare i grandi campioni, misurandosi con i loro coetanei su distanze dall\u2019uno agli otto chilometri, con diversi gradi di difficolt\u00e0. Al termine, premiazione dei partecipanti e chiusura ufficiale della manifestazione.<\/p>\n<p>Durante i quattro giorni, il pubblico potr\u00e0 provare i migliori prodotti sul mercato all\u2019interno dell\u2019area espositiva aperta tutti i giorni dalle h 10 alle 19, con una speciale Open Night sabato 2 maggio, dalle h 19 alle 22; domenica 3 maggio l\u2019esposizione terminer\u00e0 alle h 14, in seguito alla chiusura ufficiale del Festival. Presso lo stand BIKE i visitatori potranno scegliere fra 32 escursioni in MTB realizzate grazie ai partner tecnici Fahrtwind e Garda on Bike.<\/p>\n<p>Pacchetti Soggiorno<\/p>\n<p>In occasione del Bike Festival, il partner Ingarda Trentino SpA, Azienda per il Turismo dell\u2019Alto Garda, propone pacchetti vacanza a prezzo speciale (\u00e8 possibile prenotare i pacchetti o il soggiorno nella singola struttura tramite il sito www.bikefestival.it):<\/p>\n<p>Pacchetto SIMPATEX BIKE FESTIVAL GARDA TRENTINO:<\/p>\n<p>Periodo  30.04 \u2013 03.05: prezzi da \u20ac 149,00 a \u20ac 239,00  (da hotel * a hotel ****), prezzo per persona in camera doppia.<\/p>\n<p>La quota comprende:<br \/>\n&#8211; 3 pernottamenti con colazione a buffet in hotel;<br \/>\n&#8211; Pasta party;<br \/>\n&#8211; 2 escursioni di \u00bd giornata con guida professionale in una delle pi\u00f9 rinomate bike area d&#8217;Europa, selezionate tra le proposte differenti per grado di difficolt\u00e0 e ambientazione;<br \/>\n&#8211; 1 gadget del Garda Trentino.<br \/>\nNote : inizio soggiorno gioved\u00ec; transfer con mezzi propri; transfer da e per aeroporto su richiesta<br \/>\nExtra: noleggio bici professionale \u20ac 20,00 al giorno <\/p>\n<p>Pacchetto \u201cROCKY MOUNTAIN BIKE MARATHON GARDA TRENTINO powered by VAUDE \u201d:<\/p>\n<p>Periodo 30.04 \u2013 03.05: da \u20ac 169,00 a \u20ac 259,00 (da hotel * a hotel ****), prezzo per persona in camera doppia.<\/p>\n<p>La quota comprende:<br \/>\n&#8211; 3 pernottamenti con colazione buffet;<br \/>\n&#8211; 1 escursione di \u00bd giornata con guida professionale in una delle pi\u00f9 rinomate bike area d&#8217;Europa, selezionata tra le proposte differenti per grado di difficolt\u00e0 e ambientazione;<br \/>\n&#8211; Iscrizione alla \u201cRocky Mountain Bike Marathon Garda Trentino\u201d;<br \/>\n&#8211; Pacco gara.<br \/>\nNote : inizio soggiorno gioved\u00ec; transfer con mezzi propri; transfer da e per aeroporto su richiesta<br \/>\nExtra: noleggio bici professionale \u20ac 20,00 al giorno <\/p>\n<p>Per informazioni e prenotazioni pacchetti<\/p>\n<p>Info turistiche<br \/>\nIngarda Trentino &#8211; Azienda per il Turismo SpA<br \/>\nLargo Medaglie d\u2019Oro, 5 \u2013 38066 Riva del Garda (TN)<br \/>\nTel. 0464 554444 \u2013 fax 0464 520308<br \/>\ne-mail: info@gardatrentino.it<\/p>\n","protected":false},"excerpt":{"rendered":"<p>Dal 30 aprile al 3 maggio a Riva del Garda torna uno dei pi\u00f9 grandi Festival di MTB del mondo, il SYMPATEX BIKE Festival Garda Trentino. Evento di punta la ROCKY MOUNTAIN BIKE Marathon Garda Trentino,  con una nuova Ronda Facile per tutti, ma anche tour guidati, contest, accesso gratuito all\u2019area espositiva e pacchetti soggiorno a prezzi speciali.<\/p>\n","protected":false},"author":10,"featured_media":0,"comment_status":"open","ping_status":"open","sticky":false,"template":"","format":"standard","meta":{"cybocfi_hide_featured_image":"","footnotes":""},"categories":[143],"tags":[4662,4663,4661,3424,11],"class_list":["post-1409","post","type-post","status-publish","format-standard","hentry","category-destinazioni","tag-bikefestival","tag-lago-di-garda","tag-mountain-bike","tag-riva-del-garda","tag-sport"],"yoast_head":"<!-- This site is optimized with the Yoast SEO plugin v27.0 - https:\/\/yoast.com\/product\/yoast-seo-wordpress\/ -->\n<title>A Riva del Garda torna il 16\u00b0 SYMPATEX BIKE Festival Garda Trentino - Article Marketing<\/title>\n<meta name=\"robots\" content=\"index, follow, max-snippet:-1, max-image-preview:large, max-video-preview:-1\" \/>\n<link rel=\"canonical\" href=\"https:\/\/www.article-marketing.eu\/comunicati\/viaggi-e-vacanze\/destinazioni\/a-riva-del-garda-torna-il-16?-sympatex-bike-festival-garda-trentino\/\" \/>\n<meta property=\"og:locale\" content=\"it_IT\" \/>\n<meta property=\"og:type\" content=\"article\" \/>\n<meta property=\"og:title\" content=\"A Riva del Garda torna il 16\u00b0 SYMPATEX BIKE Festival Garda Trentino - Article Marketing\" \/>\n<meta property=\"og:description\" content=\"Dal 30 aprile al 3 maggio a Riva del Garda torna uno dei pi\u00f9 grandi Festival di MTB del mondo, il SYMPATEX BIKE Festival Garda Trentino. Evento di punta la ROCKY MOUNTAIN BIKE Marathon Garda Trentino, con una nuova Ronda Facile per tutti, ma anche tour guidati, contest, accesso gratuito all\u2019area espositiva e pacchetti soggiorno a prezzi speciali.\" \/>\n<meta property=\"og:url\" content=\"\" \/>\n<meta property=\"og:site_name\" content=\"Article Marketing\" \/>\n<meta property=\"article:published_time\" content=\"2009-02-24T15:39:27+00:00\" \/>\n<meta name=\"author\" content=\"Redazione Comunicati Stampa\" \/>\n<meta name=\"twitter:card\" content=\"summary_large_image\" \/>\n<meta name=\"twitter:label1\" content=\"Scritto da\" \/>\n\t<meta name=\"twitter:data1\" content=\"Redazione Comunicati Stampa\" \/>\n\t<meta name=\"twitter:label2\" content=\"Tempo di lettura stimato\" \/>\n\t<meta name=\"twitter:data2\" content=\"4 minuti\" \/>\n<script type=\"application\/ld+json\" class=\"yoast-schema-graph\">{\"@context\":\"https:\/\/schema.org\",\"@graph\":[{\"@type\":\"Article\",\"@id\":\"https:\/\/www.article-marketing.eu\/comunicati\/viaggi-e-vacanze\/destinazioni\/a-riva-del-garda-torna-il-16%b0-sympatex-bike-festival-garda-trentino\/#article\",\"isPartOf\":{\"@id\":\"https:\/\/www.article-marketing.eu\/comunicati\/viaggi-e-vacanze\/destinazioni\/a-riva-del-garda-torna-il-16%b0-sympatex-bike-festival-garda-trentino\/\"},\"author\":{\"name\":\"Redazione Comunicati Stampa\",\"@id\":\"https:\/\/www.article-marketing.eu\/comunicati\/#\/schema\/person\/44372e4d4d0fa797b18e03ed1ace9017\"},\"headline\":\"A Riva del Garda torna il 16\u00b0 SYMPATEX BIKE Festival Garda Trentino\",\"datePublished\":\"2009-02-24T15:39:27+00:00\",\"mainEntityOfPage\":{\"@id\":\"https:\/\/www.article-marketing.eu\/comunicati\/viaggi-e-vacanze\/destinazioni\/a-riva-del-garda-torna-il-16%b0-sympatex-bike-festival-garda-trentino\/\"},\"wordCount\":773,\"commentCount\":0,\"keywords\":[\"bikefestival\",\"lago di garda\",\"Mountain bike\",\"riva del garda\",\"sport\"],\"articleSection\":[\"Destinazioni\"],\"inLanguage\":\"it-IT\",\"potentialAction\":[{\"@type\":\"CommentAction\",\"name\":\"Comment\",\"target\":[\"https:\/\/www.article-marketing.eu\/comunicati\/viaggi-e-vacanze\/destinazioni\/a-riva-del-garda-torna-il-16%b0-sympatex-bike-festival-garda-trentino\/#respond\"]}]},{\"@type\":\"WebPage\",\"@id\":\"https:\/\/www.article-marketing.eu\/comunicati\/viaggi-e-vacanze\/destinazioni\/a-riva-del-garda-torna-il-16%b0-sympatex-bike-festival-garda-trentino\/\",\"url\":\"https:\/\/www.article-marketing.eu\/comunicati\/viaggi-e-vacanze\/destinazioni\/a-riva-del-garda-torna-il-16%b0-sympatex-bike-festival-garda-trentino\/\",\"name\":\"A Riva del Garda torna il 16\u00b0 SYMPATEX BIKE Festival Garda Trentino - Article Marketing\",\"isPartOf\":{\"@id\":\"https:\/\/www.article-marketing.eu\/comunicati\/#website\"},\"datePublished\":\"2009-02-24T15:39:27+00:00\",\"author\":{\"@id\":\"https:\/\/www.article-marketing.eu\/comunicati\/#\/schema\/person\/44372e4d4d0fa797b18e03ed1ace9017\"},\"breadcrumb\":{\"@id\":\"https:\/\/www.article-marketing.eu\/comunicati\/viaggi-e-vacanze\/destinazioni\/a-riva-del-garda-torna-il-16%b0-sympatex-bike-festival-garda-trentino\/#breadcrumb\"},\"inLanguage\":\"it-IT\",\"potentialAction\":[{\"@type\":\"ReadAction\",\"target\":[\"https:\/\/www.article-marketing.eu\/comunicati\/viaggi-e-vacanze\/destinazioni\/a-riva-del-garda-torna-il-16%b0-sympatex-bike-festival-garda-trentino\/\"]}]},{\"@type\":\"BreadcrumbList\",\"@id\":\"https:\/\/www.article-marketing.eu\/comunicati\/viaggi-e-vacanze\/destinazioni\/a-riva-del-garda-torna-il-16%b0-sympatex-bike-festival-garda-trentino\/#breadcrumb\",\"itemListElement\":[{\"@type\":\"ListItem\",\"position\":1,\"name\":\"Home\",\"item\":\"https:\/\/www.article-marketing.eu\/comunicati\/\"},{\"@type\":\"ListItem\",\"position\":2,\"name\":\"A Riva del Garda torna il 16\u00b0 SYMPATEX BIKE Festival Garda Trentino\"}]},{\"@type\":\"WebSite\",\"@id\":\"https:\/\/www.article-marketing.eu\/comunicati\/#website\",\"url\":\"https:\/\/www.article-marketing.eu\/comunicati\/\",\"name\":\"Article Marketing\",\"description\":\"article marketing &amp; press release\",\"potentialAction\":[{\"@type\":\"SearchAction\",\"target\":{\"@type\":\"EntryPoint\",\"urlTemplate\":\"https:\/\/www.article-marketing.eu\/comunicati\/?s={search_term_string}\"},\"query-input\":{\"@type\":\"PropertyValueSpecification\",\"valueRequired\":true,\"valueName\":\"search_term_string\"}}],\"inLanguage\":\"it-IT\"},{\"@type\":\"Person\",\"@id\":\"https:\/\/www.article-marketing.eu\/comunicati\/#\/schema\/person\/44372e4d4d0fa797b18e03ed1ace9017\",\"name\":\"Redazione Comunicati Stampa\",\"image\":{\"@type\":\"ImageObject\",\"inLanguage\":\"it-IT\",\"@id\":\"https:\/\/www.article-marketing.eu\/comunicati\/#\/schema\/person\/image\/\",\"url\":\"https:\/\/secure.gravatar.com\/avatar\/50e5c6421d3072f42e7ace803501602c60d75233d34e29fd05feb91c8760b792?s=96&d=mm&r=g\",\"contentUrl\":\"https:\/\/secure.gravatar.com\/avatar\/50e5c6421d3072f42e7ace803501602c60d75233d34e29fd05feb91c8760b792?s=96&d=mm&r=g\",\"caption\":\"Redazione Comunicati Stampa\"},\"url\":\"https:\/\/www.article-marketing.eu\/comunicati\/author\/redazione-comunicati-stampa\/\"}]}<\/script>\n<!-- \/ Yoast SEO plugin. -->","yoast_head_json":{"title":"A Riva del Garda torna il 16\u00b0 SYMPATEX BIKE Festival Garda Trentino - Article Marketing","robots":{"index":"index","follow":"follow","max-snippet":"max-snippet:-1","max-image-preview":"max-image-preview:large","max-video-preview":"max-video-preview:-1"},"canonical":"https:\/\/www.article-marketing.eu\/comunicati\/viaggi-e-vacanze\/destinazioni\/a-riva-del-garda-torna-il-16?-sympatex-bike-festival-garda-trentino\/","og_locale":"it_IT","og_type":"article","og_title":"A Riva del Garda torna il 16\u00b0 SYMPATEX BIKE Festival Garda Trentino - Article Marketing","og_description":"Dal 30 aprile al 3 maggio a Riva del Garda torna uno dei pi\u00f9 grandi Festival di MTB del mondo, il SYMPATEX BIKE Festival Garda Trentino. Evento di punta la ROCKY MOUNTAIN BIKE Marathon Garda Trentino, con una nuova Ronda Facile per tutti, ma anche tour guidati, contest, accesso gratuito all\u2019area espositiva e pacchetti soggiorno a prezzi speciali.","og_url":"https:\/\/www.article-marketing.eu\/comunicati\/viaggi-e-vacanze\/destinazioni\/a-riva-del-garda-torna-il-16?-sympatex-bike-festival-garda-trentino\/","og_site_name":"Article Marketing","article_published_time":"2009-02-24T15:39:27+00:00","author":"Redazione Comunicati Stampa","twitter_card":"summary_large_image","twitter_misc":{"Scritto da":"Redazione Comunicati Stampa","Tempo di lettura stimato":"4 minuti"},"schema":{"@context":"https:\/\/schema.org","@graph":[{"@type":"Article","@id":"https:\/\/www.article-marketing.eu\/comunicati\/viaggi-e-vacanze\/destinazioni\/a-riva-del-garda-torna-il-16%b0-sympatex-bike-festival-garda-trentino\/#article","isPartOf":{"@id":"https:\/\/www.article-marketing.eu\/comunicati\/viaggi-e-vacanze\/destinazioni\/a-riva-del-garda-torna-il-16%b0-sympatex-bike-festival-garda-trentino\/"},"author":{"name":"Redazione Comunicati Stampa","@id":"https:\/\/www.article-marketing.eu\/comunicati\/#\/schema\/person\/44372e4d4d0fa797b18e03ed1ace9017"},"headline":"A Riva del Garda torna il 16\u00b0 SYMPATEX BIKE Festival Garda Trentino","datePublished":"2009-02-24T15:39:27+00:00","mainEntityOfPage":{"@id":"https:\/\/www.article-marketing.eu\/comunicati\/viaggi-e-vacanze\/destinazioni\/a-riva-del-garda-torna-il-16%b0-sympatex-bike-festival-garda-trentino\/"},"wordCount":773,"commentCount":0,"keywords":["bikefestival","lago di garda","Mountain bike","riva del garda","sport"],"articleSection":["Destinazioni"],"inLanguage":"it-IT","potentialAction":[{"@type":"CommentAction","name":"Comment","target":["https:\/\/www.article-marketing.eu\/comunicati\/viaggi-e-vacanze\/destinazioni\/a-riva-del-garda-torna-il-16%b0-sympatex-bike-festival-garda-trentino\/#respond"]}]},{"@type":"WebPage","@id":"https:\/\/www.article-marketing.eu\/comunicati\/viaggi-e-vacanze\/destinazioni\/a-riva-del-garda-torna-il-16%b0-sympatex-bike-festival-garda-trentino\/","url":"https:\/\/www.article-marketing.eu\/comunicati\/viaggi-e-vacanze\/destinazioni\/a-riva-del-garda-torna-il-16%b0-sympatex-bike-festival-garda-trentino\/","name":"A Riva del Garda torna il 16\u00b0 SYMPATEX BIKE Festival Garda Trentino - Article Marketing","isPartOf":{"@id":"https:\/\/www.article-marketing.eu\/comunicati\/#website"},"datePublished":"2009-02-24T15:39:27+00:00","author":{"@id":"https:\/\/www.article-marketing.eu\/comunicati\/#\/schema\/person\/44372e4d4d0fa797b18e03ed1ace9017"},"breadcrumb":{"@id":"https:\/\/www.article-marketing.eu\/comunicati\/viaggi-e-vacanze\/destinazioni\/a-riva-del-garda-torna-il-16%b0-sympatex-bike-festival-garda-trentino\/#breadcrumb"},"inLanguage":"it-IT","potentialAction":[{"@type":"ReadAction","target":["https:\/\/www.article-marketing.eu\/comunicati\/viaggi-e-vacanze\/destinazioni\/a-riva-del-garda-torna-il-16%b0-sympatex-bike-festival-garda-trentino\/"]}]},{"@type":"BreadcrumbList","@id":"https:\/\/www.article-marketing.eu\/comunicati\/viaggi-e-vacanze\/destinazioni\/a-riva-del-garda-torna-il-16%b0-sympatex-bike-festival-garda-trentino\/#breadcrumb","itemListElement":[{"@type":"ListItem","position":1,"name":"Home","item":"https:\/\/www.article-marketing.eu\/comunicati\/"},{"@type":"ListItem","position":2,"name":"A Riva del Garda torna il 16\u00b0 SYMPATEX BIKE Festival Garda Trentino"}]},{"@type":"WebSite","@id":"https:\/\/www.article-marketing.eu\/comunicati\/#website","url":"https:\/\/www.article-marketing.eu\/comunicati\/","name":"Article Marketing","description":"article marketing &amp; press release","potentialAction":[{"@type":"SearchAction","target":{"@type":"EntryPoint","urlTemplate":"https:\/\/www.article-marketing.eu\/comunicati\/?s={search_term_string}"},"query-input":{"@type":"PropertyValueSpecification","valueRequired":true,"valueName":"search_term_string"}}],"inLanguage":"it-IT"},{"@type":"Person","@id":"https:\/\/www.article-marketing.eu\/comunicati\/#\/schema\/person\/44372e4d4d0fa797b18e03ed1ace9017","name":"Redazione Comunicati Stampa","image":{"@type":"ImageObject","inLanguage":"it-IT","@id":"https:\/\/www.article-marketing.eu\/comunicati\/#\/schema\/person\/image\/","url":"https:\/\/secure.gravatar.com\/avatar\/50e5c6421d3072f42e7ace803501602c60d75233d34e29fd05feb91c8760b792?s=96&d=mm&r=g","contentUrl":"https:\/\/secure.gravatar.com\/avatar\/50e5c6421d3072f42e7ace803501602c60d75233d34e29fd05feb91c8760b792?s=96&d=mm&r=g","caption":"Redazione Comunicati Stampa"},"url":"https:\/\/www.article-marketing.eu\/comunicati\/author\/redazione-comunicati-stampa\/"}]}},"_links":{"self":[{"href":"https:\/\/www.article-marketing.eu\/comunicati\/wp-json\/wp\/v2\/posts\/1409","targetHints":{"allow":["GET"]}}],"collection":[{"href":"https:\/\/www.article-marketing.eu\/comunicati\/wp-json\/wp\/v2\/posts"}],"about":[{"href":"https:\/\/www.article-marketing.eu\/comunicati\/wp-json\/wp\/v2\/types\/post"}],"author":[{"embeddable":true,"href":"https:\/\/www.article-marketing.eu\/comunicati\/wp-json\/wp\/v2\/users\/10"}],"replies":[{"embeddable":true,"href":"https:\/\/www.article-marketing.eu\/comunicati\/wp-json\/wp\/v2\/comments?post=1409"}],"version-history":[{"count":0,"href":"https:\/\/www.article-marketing.eu\/comunicati\/wp-json\/wp\/v2\/posts\/1409\/revisions"}],"wp:attachment":[{"href":"https:\/\/www.article-marketing.eu\/comunicati\/wp-json\/wp\/v2\/media?parent=1409"}],"wp:term":[{"taxonomy":"category","embeddable":true,"href":"https:\/\/www.article-marketing.eu\/comunicati\/wp-json\/wp\/v2\/categories?post=1409"},{"taxonomy":"post_tag","embeddable":true,"href":"https:\/\/www.article-marketing.eu\/comunicati\/wp-json\/wp\/v2\/tags?post=1409"}],"curies":[{"name":"wp","href":"https:\/\/api.w.org\/{rel}","templated":true}]}}