{"id":1435,"date":"2009-03-03T09:47:57","date_gmt":"2009-03-03T08:47:57","guid":{"rendered":"http:\/\/www.article-marketing.eu\/comunicati\/senza-categoria\/cagliari-cuore-del-mediterraneo\/"},"modified":"2009-03-03T09:47:57","modified_gmt":"2009-03-03T08:47:57","slug":"cagliari-cuore-del-mediterraneo","status":"publish","type":"post","link":"https:\/\/www.article-marketing.eu\/comunicati\/viaggi-e-vacanze\/cagliari-cuore-del-mediterraneo\/","title":{"rendered":"Cagliari, cuore del Mediterraneo"},"content":{"rendered":"<p>Situata all&#8217;estremit\u00e0 meridionale della pianura del Campidano, la pianura pi\u00f9 estesa nel sud <a href=\"http:\/\/it.sardegne.com\/\">sardegna<\/a>, al centro dell&#8217;ampio golfo omonimo (chiamato anche Golfo degli Angeli), <strong>Cagliari<\/strong> si sviluppa lungo la costa e sui suoi colli calcarei, con importanti zone umide sia ad est sia ad ovest del centro abitato.<\/p>\n<p>Capoluogo dell&#8217;isola, cuore dell&#8217;economia e della politica regionali, \u00e8 una citt\u00e0 poco conosciuta, senza dubbio non una meta tipica delle vacanze in sardegna. Chi decida di fare una vacanza a Cagliari avr\u00e0 per\u00f2 l&#8217;opportunit\u00e0 di scoprire una citt\u00e0 capace di grande fascino posta in un bellissimo angolo del mediterraneo.<\/p>\n<p>La citt\u00e0 fu fondata tra il VII e il VI secolo a.C. dai Fenici. Da allora \u00e8 stata la porta della Sardegna. Karalis o Karales, cos\u00ec come veniva chiamata dai Fenici, ha conosciuto diverse dominazioni, un vero crocevia di popoli diversi che hanno lasciato le loro tracce nelle architetture della citt\u00e0: su tutte, la necropoli fenicio-punica di Tuvixeddu e l&#8217;anfiteatro romano.<\/p>\n<p>Prima i Fenici, poi i Cartaginesi, e naturalmente i romani. Nel 238 a. C. Tiberio Gracco conquist\u00f2 la citt\u00e0 regalando a Cagliari un lungo periodo di prosperit\u00e0. In seguito i bizantini, i giudicati locali, il rilancio pisano e il declino sotto gli aragonesi. Infine i piemontesi (1720), che vi trovarono rifugio in numerose occasioni. Le guerre mondiali hanno significato bombardamenti e la perdita o la rovina di importanti luoghi storici. <\/p>\n<p>La pi\u00f9 suggestiva veduta della citt\u00e0 \u00e8 quella che si apre agli occhi di chi arriva a Cagliari in nave. Gli stessi cagliaritani ogni volta che (ri)tornano si meravigliano di tanta eleganza: dal lungomare di via Roma la citt\u00e0 si arrampica sul colle fino al rione Castello. Chi non gode di questo spettacolo perde una buona percentuale di emozioni che questo luogo \u00e8 in grado di suscitare. <\/p>\n<p>La citt\u00e0 si \u00e8 sviluppata proprio intorno alla collina di <strong>Castello<\/strong>, la cittadella fortificata dai bastioni e dalle torri di San Pancrazio e dell&#8217;Elefante. \u00c8 uno dei quattro quartieri storici, insieme ai gli altri tre che si estendono alle sue pendici, <strong>Marina<\/strong>, <strong>Villanova<\/strong> e <strong>Stampace<\/strong>. La conformazione moderna si \u00e8 arricchita di nuovi spazi urbani, a tratti poco razionali, ma che spesso sono riusciti, e riescono, a valorizzare il preesistente aspetto.<\/p>\n<p>Il tratto caratteristico \u00e8 l&#8217;alternanza di verticalit\u00e0 e orizzontalit\u00e0: a colpo d&#8217;occhio si percepisce che questa non \u00e8 una citt\u00e0 lineare, sotto tutti i punti di vista. Si sviluppa molto in altezza, sui suoi colli intervallati da parti pianeggianti. Al contempo \u00e8 un mix di stili e architetture diverse e di persone dai caratteri che cambiano di quartiere in quartiere. <\/p>\n<p>\u00c8 bello girare a piedi gli angoli della citt\u00e0, tra viuzze, piazzette, scalette, e scoprire le chiese o le antichissime cisterne all&#8217;interno di chiese o dei negozi di antiquariato di cui \u00e8 piena via Lamarmora, a due passi della Cattedrale, nel quartiere Castello. Per comprendere meglio la struttura urbanistica di Cagliari \u00e8 emozionante approfittare delle incomparabili vedute che si possono avere da alcuni punti caratteristici.<\/p>\n<p>Il punto panoramico per eccellenza \u00e8 il bastione di Saint Remy, nel quartiere Castello, nato dalla sistemazione degli antichi bastioni spagnoli nei primi anni del Novecento. Dalle sue due terrazze si gode uno dei pi\u00f9 suggestivi panorami della citt\u00e0, che spazia dai quartieri sottostanti sino al lungomare del Poetto e alla Sella del Diavolo. <\/p>\n<p>Dal belvedere dei bastioni di Santa Croce, sempre a Castello, si ha una vista panoramica dell&#8217;intera citt\u00e0 verso occidente fino allo stagno di Santa Gilla. Una bellissima immagine del quartiere Castello si pu\u00f2 ammirare invece dal belvedere di Monte Urpinu, tra l&#8217;altro sede di uno dei parchi cittadini. Il colle pi\u00f9 a nord \u00e8 quello di San Michele, dove si trova il castello omonimo che ospita varie mostre temporanee.<\/p>\n<p>Cagliari e il mare sono un binomio inscindibile. Il mare circonda l&#8217;abitato ripartendosi in due golfi minori, separati dal promontorio di Capo Sant&#8217;Elia. Il <strong>Poetto<\/strong> \u00e8 la spiaggia nella citt\u00e0 e della citt\u00e0, un luogo storico per i cagliaritani e imperdibile per chiunque voglia trascorrere una vacanza qui.<\/p>\n","protected":false},"excerpt":{"rendered":"<p>Un invito a scoprire il punto pi\u00f9 centrale del Mediterraneo. Un&#8217;altra Sardegna vi aspetta a cagliari.<\/p>\n","protected":false},"author":10,"featured_media":0,"comment_status":"open","ping_status":"open","sticky":false,"template":"","format":"standard","meta":{"cybocfi_hide_featured_image":"","footnotes":""},"categories":[280],"tags":[1400,1086,3,4],"class_list":["post-1435","post","type-post","status-publish","format-standard","hentry","category-viaggi-e-vacanze","tag-cagliari","tag-sardegna","tag-vacanze","tag-viaggi"],"yoast_head":"<!-- This site is optimized with the Yoast SEO plugin v27.0 - https:\/\/yoast.com\/product\/yoast-seo-wordpress\/ -->\n<title>Cagliari, cuore del Mediterraneo - Article Marketing<\/title>\n<meta name=\"robots\" content=\"index, follow, max-snippet:-1, max-image-preview:large, max-video-preview:-1\" \/>\n<link rel=\"canonical\" href=\"https:\/\/www.article-marketing.eu\/comunicati\/viaggi-e-vacanze\/cagliari-cuore-del-mediterraneo\/\" \/>\n<meta property=\"og:locale\" content=\"it_IT\" \/>\n<meta property=\"og:type\" content=\"article\" \/>\n<meta property=\"og:title\" content=\"Cagliari, cuore del Mediterraneo - Article Marketing\" \/>\n<meta property=\"og:description\" content=\"Un invito a scoprire il punto pi\u00f9 centrale del Mediterraneo. Un&#039;altra Sardegna vi aspetta a cagliari.\" \/>\n<meta property=\"og:url\" content=\"https:\/\/www.article-marketing.eu\/comunicati\/viaggi-e-vacanze\/cagliari-cuore-del-mediterraneo\/\" \/>\n<meta property=\"og:site_name\" content=\"Article Marketing\" \/>\n<meta property=\"article:published_time\" content=\"2009-03-03T08:47:57+00:00\" \/>\n<meta name=\"author\" content=\"Redazione Comunicati Stampa\" \/>\n<meta name=\"twitter:card\" content=\"summary_large_image\" \/>\n<meta name=\"twitter:label1\" content=\"Scritto da\" \/>\n\t<meta name=\"twitter:data1\" content=\"Redazione Comunicati Stampa\" \/>\n\t<meta name=\"twitter:label2\" content=\"Tempo di lettura stimato\" \/>\n\t<meta name=\"twitter:data2\" content=\"3 minuti\" \/>\n<script type=\"application\/ld+json\" class=\"yoast-schema-graph\">{\"@context\":\"https:\/\/schema.org\",\"@graph\":[{\"@type\":\"Article\",\"@id\":\"https:\/\/www.article-marketing.eu\/comunicati\/viaggi-e-vacanze\/cagliari-cuore-del-mediterraneo\/#article\",\"isPartOf\":{\"@id\":\"https:\/\/www.article-marketing.eu\/comunicati\/viaggi-e-vacanze\/cagliari-cuore-del-mediterraneo\/\"},\"author\":{\"name\":\"Redazione Comunicati Stampa\",\"@id\":\"https:\/\/www.article-marketing.eu\/comunicati\/#\/schema\/person\/44372e4d4d0fa797b18e03ed1ace9017\"},\"headline\":\"Cagliari, cuore del Mediterraneo\",\"datePublished\":\"2009-03-03T08:47:57+00:00\",\"mainEntityOfPage\":{\"@id\":\"https:\/\/www.article-marketing.eu\/comunicati\/viaggi-e-vacanze\/cagliari-cuore-del-mediterraneo\/\"},\"wordCount\":650,\"commentCount\":0,\"keywords\":[\"cagliari\",\"sardegna\",\"vacanze\",\"viaggi\"],\"articleSection\":[\"Viaggi e vacanze\"],\"inLanguage\":\"it-IT\",\"potentialAction\":[{\"@type\":\"CommentAction\",\"name\":\"Comment\",\"target\":[\"https:\/\/www.article-marketing.eu\/comunicati\/viaggi-e-vacanze\/cagliari-cuore-del-mediterraneo\/#respond\"]}]},{\"@type\":\"WebPage\",\"@id\":\"https:\/\/www.article-marketing.eu\/comunicati\/viaggi-e-vacanze\/cagliari-cuore-del-mediterraneo\/\",\"url\":\"https:\/\/www.article-marketing.eu\/comunicati\/viaggi-e-vacanze\/cagliari-cuore-del-mediterraneo\/\",\"name\":\"Cagliari, cuore del Mediterraneo - Article Marketing\",\"isPartOf\":{\"@id\":\"https:\/\/www.article-marketing.eu\/comunicati\/#website\"},\"datePublished\":\"2009-03-03T08:47:57+00:00\",\"author\":{\"@id\":\"https:\/\/www.article-marketing.eu\/comunicati\/#\/schema\/person\/44372e4d4d0fa797b18e03ed1ace9017\"},\"breadcrumb\":{\"@id\":\"https:\/\/www.article-marketing.eu\/comunicati\/viaggi-e-vacanze\/cagliari-cuore-del-mediterraneo\/#breadcrumb\"},\"inLanguage\":\"it-IT\",\"potentialAction\":[{\"@type\":\"ReadAction\",\"target\":[\"https:\/\/www.article-marketing.eu\/comunicati\/viaggi-e-vacanze\/cagliari-cuore-del-mediterraneo\/\"]}]},{\"@type\":\"BreadcrumbList\",\"@id\":\"https:\/\/www.article-marketing.eu\/comunicati\/viaggi-e-vacanze\/cagliari-cuore-del-mediterraneo\/#breadcrumb\",\"itemListElement\":[{\"@type\":\"ListItem\",\"position\":1,\"name\":\"Home\",\"item\":\"https:\/\/www.article-marketing.eu\/comunicati\/\"},{\"@type\":\"ListItem\",\"position\":2,\"name\":\"Cagliari, cuore del Mediterraneo\"}]},{\"@type\":\"WebSite\",\"@id\":\"https:\/\/www.article-marketing.eu\/comunicati\/#website\",\"url\":\"https:\/\/www.article-marketing.eu\/comunicati\/\",\"name\":\"Article Marketing\",\"description\":\"article marketing &amp; press release\",\"potentialAction\":[{\"@type\":\"SearchAction\",\"target\":{\"@type\":\"EntryPoint\",\"urlTemplate\":\"https:\/\/www.article-marketing.eu\/comunicati\/?s={search_term_string}\"},\"query-input\":{\"@type\":\"PropertyValueSpecification\",\"valueRequired\":true,\"valueName\":\"search_term_string\"}}],\"inLanguage\":\"it-IT\"},{\"@type\":\"Person\",\"@id\":\"https:\/\/www.article-marketing.eu\/comunicati\/#\/schema\/person\/44372e4d4d0fa797b18e03ed1ace9017\",\"name\":\"Redazione Comunicati Stampa\",\"image\":{\"@type\":\"ImageObject\",\"inLanguage\":\"it-IT\",\"@id\":\"https:\/\/www.article-marketing.eu\/comunicati\/#\/schema\/person\/image\/\",\"url\":\"https:\/\/secure.gravatar.com\/avatar\/50e5c6421d3072f42e7ace803501602c60d75233d34e29fd05feb91c8760b792?s=96&d=mm&r=g\",\"contentUrl\":\"https:\/\/secure.gravatar.com\/avatar\/50e5c6421d3072f42e7ace803501602c60d75233d34e29fd05feb91c8760b792?s=96&d=mm&r=g\",\"caption\":\"Redazione Comunicati Stampa\"},\"url\":\"https:\/\/www.article-marketing.eu\/comunicati\/author\/redazione-comunicati-stampa\/\"}]}<\/script>\n<!-- \/ Yoast SEO plugin. -->","yoast_head_json":{"title":"Cagliari, cuore del Mediterraneo - Article Marketing","robots":{"index":"index","follow":"follow","max-snippet":"max-snippet:-1","max-image-preview":"max-image-preview:large","max-video-preview":"max-video-preview:-1"},"canonical":"https:\/\/www.article-marketing.eu\/comunicati\/viaggi-e-vacanze\/cagliari-cuore-del-mediterraneo\/","og_locale":"it_IT","og_type":"article","og_title":"Cagliari, cuore del Mediterraneo - Article Marketing","og_description":"Un invito a scoprire il punto pi\u00f9 centrale del Mediterraneo. Un'altra Sardegna vi aspetta a cagliari.","og_url":"https:\/\/www.article-marketing.eu\/comunicati\/viaggi-e-vacanze\/cagliari-cuore-del-mediterraneo\/","og_site_name":"Article Marketing","article_published_time":"2009-03-03T08:47:57+00:00","author":"Redazione Comunicati Stampa","twitter_card":"summary_large_image","twitter_misc":{"Scritto da":"Redazione Comunicati Stampa","Tempo di lettura stimato":"3 minuti"},"schema":{"@context":"https:\/\/schema.org","@graph":[{"@type":"Article","@id":"https:\/\/www.article-marketing.eu\/comunicati\/viaggi-e-vacanze\/cagliari-cuore-del-mediterraneo\/#article","isPartOf":{"@id":"https:\/\/www.article-marketing.eu\/comunicati\/viaggi-e-vacanze\/cagliari-cuore-del-mediterraneo\/"},"author":{"name":"Redazione Comunicati Stampa","@id":"https:\/\/www.article-marketing.eu\/comunicati\/#\/schema\/person\/44372e4d4d0fa797b18e03ed1ace9017"},"headline":"Cagliari, cuore del Mediterraneo","datePublished":"2009-03-03T08:47:57+00:00","mainEntityOfPage":{"@id":"https:\/\/www.article-marketing.eu\/comunicati\/viaggi-e-vacanze\/cagliari-cuore-del-mediterraneo\/"},"wordCount":650,"commentCount":0,"keywords":["cagliari","sardegna","vacanze","viaggi"],"articleSection":["Viaggi e vacanze"],"inLanguage":"it-IT","potentialAction":[{"@type":"CommentAction","name":"Comment","target":["https:\/\/www.article-marketing.eu\/comunicati\/viaggi-e-vacanze\/cagliari-cuore-del-mediterraneo\/#respond"]}]},{"@type":"WebPage","@id":"https:\/\/www.article-marketing.eu\/comunicati\/viaggi-e-vacanze\/cagliari-cuore-del-mediterraneo\/","url":"https:\/\/www.article-marketing.eu\/comunicati\/viaggi-e-vacanze\/cagliari-cuore-del-mediterraneo\/","name":"Cagliari, cuore del Mediterraneo - Article Marketing","isPartOf":{"@id":"https:\/\/www.article-marketing.eu\/comunicati\/#website"},"datePublished":"2009-03-03T08:47:57+00:00","author":{"@id":"https:\/\/www.article-marketing.eu\/comunicati\/#\/schema\/person\/44372e4d4d0fa797b18e03ed1ace9017"},"breadcrumb":{"@id":"https:\/\/www.article-marketing.eu\/comunicati\/viaggi-e-vacanze\/cagliari-cuore-del-mediterraneo\/#breadcrumb"},"inLanguage":"it-IT","potentialAction":[{"@type":"ReadAction","target":["https:\/\/www.article-marketing.eu\/comunicati\/viaggi-e-vacanze\/cagliari-cuore-del-mediterraneo\/"]}]},{"@type":"BreadcrumbList","@id":"https:\/\/www.article-marketing.eu\/comunicati\/viaggi-e-vacanze\/cagliari-cuore-del-mediterraneo\/#breadcrumb","itemListElement":[{"@type":"ListItem","position":1,"name":"Home","item":"https:\/\/www.article-marketing.eu\/comunicati\/"},{"@type":"ListItem","position":2,"name":"Cagliari, cuore del Mediterraneo"}]},{"@type":"WebSite","@id":"https:\/\/www.article-marketing.eu\/comunicati\/#website","url":"https:\/\/www.article-marketing.eu\/comunicati\/","name":"Article Marketing","description":"article marketing &amp; press release","potentialAction":[{"@type":"SearchAction","target":{"@type":"EntryPoint","urlTemplate":"https:\/\/www.article-marketing.eu\/comunicati\/?s={search_term_string}"},"query-input":{"@type":"PropertyValueSpecification","valueRequired":true,"valueName":"search_term_string"}}],"inLanguage":"it-IT"},{"@type":"Person","@id":"https:\/\/www.article-marketing.eu\/comunicati\/#\/schema\/person\/44372e4d4d0fa797b18e03ed1ace9017","name":"Redazione Comunicati Stampa","image":{"@type":"ImageObject","inLanguage":"it-IT","@id":"https:\/\/www.article-marketing.eu\/comunicati\/#\/schema\/person\/image\/","url":"https:\/\/secure.gravatar.com\/avatar\/50e5c6421d3072f42e7ace803501602c60d75233d34e29fd05feb91c8760b792?s=96&d=mm&r=g","contentUrl":"https:\/\/secure.gravatar.com\/avatar\/50e5c6421d3072f42e7ace803501602c60d75233d34e29fd05feb91c8760b792?s=96&d=mm&r=g","caption":"Redazione Comunicati Stampa"},"url":"https:\/\/www.article-marketing.eu\/comunicati\/author\/redazione-comunicati-stampa\/"}]}},"_links":{"self":[{"href":"https:\/\/www.article-marketing.eu\/comunicati\/wp-json\/wp\/v2\/posts\/1435","targetHints":{"allow":["GET"]}}],"collection":[{"href":"https:\/\/www.article-marketing.eu\/comunicati\/wp-json\/wp\/v2\/posts"}],"about":[{"href":"https:\/\/www.article-marketing.eu\/comunicati\/wp-json\/wp\/v2\/types\/post"}],"author":[{"embeddable":true,"href":"https:\/\/www.article-marketing.eu\/comunicati\/wp-json\/wp\/v2\/users\/10"}],"replies":[{"embeddable":true,"href":"https:\/\/www.article-marketing.eu\/comunicati\/wp-json\/wp\/v2\/comments?post=1435"}],"version-history":[{"count":0,"href":"https:\/\/www.article-marketing.eu\/comunicati\/wp-json\/wp\/v2\/posts\/1435\/revisions"}],"wp:attachment":[{"href":"https:\/\/www.article-marketing.eu\/comunicati\/wp-json\/wp\/v2\/media?parent=1435"}],"wp:term":[{"taxonomy":"category","embeddable":true,"href":"https:\/\/www.article-marketing.eu\/comunicati\/wp-json\/wp\/v2\/categories?post=1435"},{"taxonomy":"post_tag","embeddable":true,"href":"https:\/\/www.article-marketing.eu\/comunicati\/wp-json\/wp\/v2\/tags?post=1435"}],"curies":[{"name":"wp","href":"https:\/\/api.w.org\/{rel}","templated":true}]}}