{"id":1446,"date":"2009-02-27T10:54:58","date_gmt":"2009-02-27T09:54:58","guid":{"rendered":"http:\/\/www.article-marketing.eu\/comunicati\/senza-categoria\/1%b0-concorso-nazionale-di-classificazione-per-bande-da-concerto-terre-di-siena\/"},"modified":"2009-02-27T10:54:58","modified_gmt":"2009-02-27T09:54:58","slug":"1%b0-concorso-nazionale-di-classificazione-per-bande-da-concerto-terre-di-siena","status":"publish","type":"post","link":"https:\/\/www.article-marketing.eu\/comunicati\/comunicati-stampa\/eventi\/1%b0-concorso-nazionale-di-classificazione-per-bande-da-concerto-terre-di-siena\/","title":{"rendered":"1\u00b0 Concorso Nazionale di Classificazione per Bande da Concerto &#8220;Terre di Siena&#8221;"},"content":{"rendered":"<p>Chianciano Terme, 27- 30 Agosto 2009<\/p>\n<p>Il Concorso<br \/>\nChianciano Terme ospiter\u00e0 dal 27 al 30 agosto 2009 il 1\u00b0 Concorso Nazionale di Classificazione per Bande da Concerto \u201cTerre di Siena\u201d. Sar\u00e0 un\u2019opportunit\u00e0 di avere un giudizio espresso da una commissione tecnica qualificata, una valutazione sull\u2019organico e sul repertorio, sulle reali capacit\u00e0 del complesso e le potenzialit\u00e0 in divenire. Lo scopo di una classificazione \u00e8 quello di offrire spunti di riflessione e suggerimenti che possono al meglio determinare la crescita dei complessi partecipanti e una maggiore consapevolezza della propria categoria di appartenenza (per chiarimenti ulteriori: segreteria artistica, indirizzi a fondo pagina).<br \/>\nLa Location<br \/>\nI luoghi dove i gruppi musicali potranno esprimere al meglio le loro performances, sono quelli pi\u00f9 belli della Toscana. E anche i pi\u00f9 accoglienti. La val d\u2019Orcia, che si estende a pochi chilometri, \u00e8 stata censita dall\u2019Unesco come patrimonio dell\u2019Umanit\u00e0; e molti dei paesi vicini sono inseriti a buon titolo nel novero dei \u201cborghi pi\u00f9 belli d\u2019Italia\u201d, o insigniti della bandiera arancione, per la loro intatta bellezza e per la qualit\u00e0 della vita ai massimi livelli nazionali.<br \/>\nChianciano Terme gi\u00e0 nel nome rivela una vocazione al benessere termale antica di secoli. Ma l\u2019evoluzione di questa cittadina continua ancora oggi tanto da essere ormai diventata una delle localit\u00e0 termali pi\u00f9 importanti d\u2019Europa. Incastonata nel verde delle colline, dove il paesaggio \u00e8 uno di quelli toscani pi\u00f9 tipici, Chianciano Terme si presenta con parchi curati, impianti sportivi all\u2019avanguardia, negozi eleganti e un\u2019offerta ricettiva completa, con elevati standard qualitativi. I centri termali sono moderni, altamente innovativi, sotto alcuni aspetti unici in Italia, e riescono a coniugare perfettamente la tradizione pi\u00f9 antica \u2013 derivante direttamente dall\u2019et\u00e0 etrusca e da quella romana, che qui hanno lasciato un numero infinito di reperti &#8211; con i pi\u00f9 moderni criteri dell\u2019idrologia medica e della naturopatia.<br \/>\nTutto attorno la natura rigogliosa e talvolta selvaggia delle Terre di Siena che ritroviamo in tante immagini che girano il mondo; e poi un numero incredibile di piccoli borghi tutto attorno: nomi celebri come Montepulciano, Pienza, Chiusi, e tanti altri, ognuno con il suo grande patrimonio di cultura, di arte, di bello assoluto. Ovunque troverete qualcosa da vedere, ma anche da bere e da mangiare. In questi luoghi \u00e8 nata infatti la cultura del vino, dell\u2019olio, del pane, del cacio, prodotti che costituiscono l\u2019eccellenza dell\u2019enogastronomia italiana, con tutte le loro declinazioni dalle quali \u00e8 derivata una cucina povera ma sana e dai sapori unici, ora rivisitata in piatti che esaltano ancora di pi\u00f9 la loro prelibatezza delle origini.<\/p>\n<p>Info<br \/>\n\u2022\tSegreteria Organizzativa: \u201cPaesaggi Culturali, Termali e Siti Unesco\u201d, Piazza Italia 67, 53042 Chianciano Terme, Siena &#8211; t. 0578 671122\/3 \u2013 f. 0578 63277 \u2013 mail prenota@terresiena.it<br \/>\n\u2022\tSegreteria Artistica: Ist. Musicale \u201cBonaventura Somma\u201d- t. 0578 31001 (pomeriggio) \u2013 mail:  bonaventura.somma@tiscali.it<br \/>\n\u2022\tSiti web:      www.vivichiancianoterme.it<\/p>\n","protected":false},"excerpt":{"rendered":"<p>1\u00b0 Concorso Nazionale di Classificazione per Bande da Concerto &#8220;Terre di Siena&#8221; &#8211; Chianciano Terme, 27\/30 agosto 2009<\/p>\n","protected":false},"author":10,"featured_media":0,"comment_status":"open","ping_status":"open","sticky":false,"template":"","format":"standard","meta":{"cybocfi_hide_featured_image":"","footnotes":""},"categories":[388],"tags":[4768,1069,456,45],"class_list":["post-1446","post","type-post","status-publish","format-standard","hentry","category-eventi","tag-bande","tag-concorsi","tag-eventi","tag-musica"],"yoast_head":"<!-- This site is optimized with the Yoast SEO plugin v27.0 - https:\/\/yoast.com\/product\/yoast-seo-wordpress\/ -->\n<title>1\u00b0 Concorso Nazionale di Classificazione per Bande da Concerto &quot;Terre di Siena&quot; - Article Marketing<\/title>\n<meta name=\"robots\" content=\"index, follow, max-snippet:-1, max-image-preview:large, max-video-preview:-1\" \/>\n<link rel=\"canonical\" href=\"https:\/\/www.article-marketing.eu\/comunicati\/comunicati-stampa\/eventi\/1?-concorso-nazionale-di-classificazione-per-bande-da-concerto-terre-di-siena\/\" \/>\n<meta property=\"og:locale\" content=\"it_IT\" \/>\n<meta property=\"og:type\" content=\"article\" \/>\n<meta property=\"og:title\" content=\"1\u00b0 Concorso Nazionale di Classificazione per Bande da Concerto &quot;Terre di Siena&quot; - Article Marketing\" \/>\n<meta property=\"og:description\" content=\"1\u00b0 Concorso Nazionale di Classificazione per Bande da Concerto &quot;Terre di Siena&quot; - Chianciano Terme, 27\/30 agosto 2009\" \/>\n<meta property=\"og:url\" content=\"\" \/>\n<meta property=\"og:site_name\" content=\"Article Marketing\" \/>\n<meta property=\"article:published_time\" content=\"2009-02-27T09:54:58+00:00\" \/>\n<meta name=\"author\" content=\"Redazione Comunicati Stampa\" \/>\n<meta name=\"twitter:card\" content=\"summary_large_image\" \/>\n<meta name=\"twitter:label1\" content=\"Scritto da\" \/>\n\t<meta name=\"twitter:data1\" content=\"Redazione Comunicati Stampa\" \/>\n\t<meta name=\"twitter:label2\" content=\"Tempo di lettura stimato\" \/>\n\t<meta name=\"twitter:data2\" content=\"2 minuti\" \/>\n<script type=\"application\/ld+json\" class=\"yoast-schema-graph\">{\"@context\":\"https:\/\/schema.org\",\"@graph\":[{\"@type\":\"Article\",\"@id\":\"https:\/\/www.article-marketing.eu\/comunicati\/comunicati-stampa\/eventi\/1%b0-concorso-nazionale-di-classificazione-per-bande-da-concerto-terre-di-siena\/#article\",\"isPartOf\":{\"@id\":\"https:\/\/www.article-marketing.eu\/comunicati\/comunicati-stampa\/eventi\/1%b0-concorso-nazionale-di-classificazione-per-bande-da-concerto-terre-di-siena\/\"},\"author\":{\"name\":\"Redazione Comunicati Stampa\",\"@id\":\"https:\/\/www.article-marketing.eu\/comunicati\/#\/schema\/person\/44372e4d4d0fa797b18e03ed1ace9017\"},\"headline\":\"1\u00b0 Concorso Nazionale di Classificazione per Bande da Concerto &#8220;Terre di Siena&#8221;\",\"datePublished\":\"2009-02-27T09:54:58+00:00\",\"mainEntityOfPage\":{\"@id\":\"https:\/\/www.article-marketing.eu\/comunicati\/comunicati-stampa\/eventi\/1%b0-concorso-nazionale-di-classificazione-per-bande-da-concerto-terre-di-siena\/\"},\"wordCount\":471,\"commentCount\":0,\"keywords\":[\"bande\",\"concorsi\",\"eventi\",\"musica\"],\"articleSection\":[\"Eventi\"],\"inLanguage\":\"it-IT\",\"potentialAction\":[{\"@type\":\"CommentAction\",\"name\":\"Comment\",\"target\":[\"https:\/\/www.article-marketing.eu\/comunicati\/comunicati-stampa\/eventi\/1%b0-concorso-nazionale-di-classificazione-per-bande-da-concerto-terre-di-siena\/#respond\"]}]},{\"@type\":\"WebPage\",\"@id\":\"https:\/\/www.article-marketing.eu\/comunicati\/comunicati-stampa\/eventi\/1%b0-concorso-nazionale-di-classificazione-per-bande-da-concerto-terre-di-siena\/\",\"url\":\"https:\/\/www.article-marketing.eu\/comunicati\/comunicati-stampa\/eventi\/1%b0-concorso-nazionale-di-classificazione-per-bande-da-concerto-terre-di-siena\/\",\"name\":\"1\u00b0 Concorso Nazionale di Classificazione per Bande da Concerto \\\"Terre di Siena\\\" - Article Marketing\",\"isPartOf\":{\"@id\":\"https:\/\/www.article-marketing.eu\/comunicati\/#website\"},\"datePublished\":\"2009-02-27T09:54:58+00:00\",\"author\":{\"@id\":\"https:\/\/www.article-marketing.eu\/comunicati\/#\/schema\/person\/44372e4d4d0fa797b18e03ed1ace9017\"},\"breadcrumb\":{\"@id\":\"https:\/\/www.article-marketing.eu\/comunicati\/comunicati-stampa\/eventi\/1%b0-concorso-nazionale-di-classificazione-per-bande-da-concerto-terre-di-siena\/#breadcrumb\"},\"inLanguage\":\"it-IT\",\"potentialAction\":[{\"@type\":\"ReadAction\",\"target\":[\"https:\/\/www.article-marketing.eu\/comunicati\/comunicati-stampa\/eventi\/1%b0-concorso-nazionale-di-classificazione-per-bande-da-concerto-terre-di-siena\/\"]}]},{\"@type\":\"BreadcrumbList\",\"@id\":\"https:\/\/www.article-marketing.eu\/comunicati\/comunicati-stampa\/eventi\/1%b0-concorso-nazionale-di-classificazione-per-bande-da-concerto-terre-di-siena\/#breadcrumb\",\"itemListElement\":[{\"@type\":\"ListItem\",\"position\":1,\"name\":\"Home\",\"item\":\"https:\/\/www.article-marketing.eu\/comunicati\/\"},{\"@type\":\"ListItem\",\"position\":2,\"name\":\"1\u00b0 Concorso Nazionale di Classificazione per Bande da Concerto &#8220;Terre di Siena&#8221;\"}]},{\"@type\":\"WebSite\",\"@id\":\"https:\/\/www.article-marketing.eu\/comunicati\/#website\",\"url\":\"https:\/\/www.article-marketing.eu\/comunicati\/\",\"name\":\"Article Marketing\",\"description\":\"article marketing &amp; press release\",\"potentialAction\":[{\"@type\":\"SearchAction\",\"target\":{\"@type\":\"EntryPoint\",\"urlTemplate\":\"https:\/\/www.article-marketing.eu\/comunicati\/?s={search_term_string}\"},\"query-input\":{\"@type\":\"PropertyValueSpecification\",\"valueRequired\":true,\"valueName\":\"search_term_string\"}}],\"inLanguage\":\"it-IT\"},{\"@type\":\"Person\",\"@id\":\"https:\/\/www.article-marketing.eu\/comunicati\/#\/schema\/person\/44372e4d4d0fa797b18e03ed1ace9017\",\"name\":\"Redazione Comunicati Stampa\",\"image\":{\"@type\":\"ImageObject\",\"inLanguage\":\"it-IT\",\"@id\":\"https:\/\/www.article-marketing.eu\/comunicati\/#\/schema\/person\/image\/\",\"url\":\"https:\/\/secure.gravatar.com\/avatar\/50e5c6421d3072f42e7ace803501602c60d75233d34e29fd05feb91c8760b792?s=96&d=mm&r=g\",\"contentUrl\":\"https:\/\/secure.gravatar.com\/avatar\/50e5c6421d3072f42e7ace803501602c60d75233d34e29fd05feb91c8760b792?s=96&d=mm&r=g\",\"caption\":\"Redazione Comunicati Stampa\"},\"url\":\"https:\/\/www.article-marketing.eu\/comunicati\/author\/redazione-comunicati-stampa\/\"}]}<\/script>\n<!-- \/ Yoast SEO plugin. -->","yoast_head_json":{"title":"1\u00b0 Concorso Nazionale di Classificazione per Bande da Concerto \"Terre di Siena\" - Article Marketing","robots":{"index":"index","follow":"follow","max-snippet":"max-snippet:-1","max-image-preview":"max-image-preview:large","max-video-preview":"max-video-preview:-1"},"canonical":"https:\/\/www.article-marketing.eu\/comunicati\/comunicati-stampa\/eventi\/1?-concorso-nazionale-di-classificazione-per-bande-da-concerto-terre-di-siena\/","og_locale":"it_IT","og_type":"article","og_title":"1\u00b0 Concorso Nazionale di Classificazione per Bande da Concerto \"Terre di Siena\" - Article Marketing","og_description":"1\u00b0 Concorso Nazionale di Classificazione per Bande da Concerto \"Terre di Siena\" - Chianciano Terme, 27\/30 agosto 2009","og_url":"https:\/\/www.article-marketing.eu\/comunicati\/comunicati-stampa\/eventi\/1?-concorso-nazionale-di-classificazione-per-bande-da-concerto-terre-di-siena\/","og_site_name":"Article Marketing","article_published_time":"2009-02-27T09:54:58+00:00","author":"Redazione Comunicati Stampa","twitter_card":"summary_large_image","twitter_misc":{"Scritto da":"Redazione Comunicati Stampa","Tempo di lettura stimato":"2 minuti"},"schema":{"@context":"https:\/\/schema.org","@graph":[{"@type":"Article","@id":"https:\/\/www.article-marketing.eu\/comunicati\/comunicati-stampa\/eventi\/1%b0-concorso-nazionale-di-classificazione-per-bande-da-concerto-terre-di-siena\/#article","isPartOf":{"@id":"https:\/\/www.article-marketing.eu\/comunicati\/comunicati-stampa\/eventi\/1%b0-concorso-nazionale-di-classificazione-per-bande-da-concerto-terre-di-siena\/"},"author":{"name":"Redazione Comunicati Stampa","@id":"https:\/\/www.article-marketing.eu\/comunicati\/#\/schema\/person\/44372e4d4d0fa797b18e03ed1ace9017"},"headline":"1\u00b0 Concorso Nazionale di Classificazione per Bande da Concerto &#8220;Terre di Siena&#8221;","datePublished":"2009-02-27T09:54:58+00:00","mainEntityOfPage":{"@id":"https:\/\/www.article-marketing.eu\/comunicati\/comunicati-stampa\/eventi\/1%b0-concorso-nazionale-di-classificazione-per-bande-da-concerto-terre-di-siena\/"},"wordCount":471,"commentCount":0,"keywords":["bande","concorsi","eventi","musica"],"articleSection":["Eventi"],"inLanguage":"it-IT","potentialAction":[{"@type":"CommentAction","name":"Comment","target":["https:\/\/www.article-marketing.eu\/comunicati\/comunicati-stampa\/eventi\/1%b0-concorso-nazionale-di-classificazione-per-bande-da-concerto-terre-di-siena\/#respond"]}]},{"@type":"WebPage","@id":"https:\/\/www.article-marketing.eu\/comunicati\/comunicati-stampa\/eventi\/1%b0-concorso-nazionale-di-classificazione-per-bande-da-concerto-terre-di-siena\/","url":"https:\/\/www.article-marketing.eu\/comunicati\/comunicati-stampa\/eventi\/1%b0-concorso-nazionale-di-classificazione-per-bande-da-concerto-terre-di-siena\/","name":"1\u00b0 Concorso Nazionale di Classificazione per Bande da Concerto \"Terre di Siena\" - Article Marketing","isPartOf":{"@id":"https:\/\/www.article-marketing.eu\/comunicati\/#website"},"datePublished":"2009-02-27T09:54:58+00:00","author":{"@id":"https:\/\/www.article-marketing.eu\/comunicati\/#\/schema\/person\/44372e4d4d0fa797b18e03ed1ace9017"},"breadcrumb":{"@id":"https:\/\/www.article-marketing.eu\/comunicati\/comunicati-stampa\/eventi\/1%b0-concorso-nazionale-di-classificazione-per-bande-da-concerto-terre-di-siena\/#breadcrumb"},"inLanguage":"it-IT","potentialAction":[{"@type":"ReadAction","target":["https:\/\/www.article-marketing.eu\/comunicati\/comunicati-stampa\/eventi\/1%b0-concorso-nazionale-di-classificazione-per-bande-da-concerto-terre-di-siena\/"]}]},{"@type":"BreadcrumbList","@id":"https:\/\/www.article-marketing.eu\/comunicati\/comunicati-stampa\/eventi\/1%b0-concorso-nazionale-di-classificazione-per-bande-da-concerto-terre-di-siena\/#breadcrumb","itemListElement":[{"@type":"ListItem","position":1,"name":"Home","item":"https:\/\/www.article-marketing.eu\/comunicati\/"},{"@type":"ListItem","position":2,"name":"1\u00b0 Concorso Nazionale di Classificazione per Bande da Concerto &#8220;Terre di Siena&#8221;"}]},{"@type":"WebSite","@id":"https:\/\/www.article-marketing.eu\/comunicati\/#website","url":"https:\/\/www.article-marketing.eu\/comunicati\/","name":"Article Marketing","description":"article marketing &amp; press release","potentialAction":[{"@type":"SearchAction","target":{"@type":"EntryPoint","urlTemplate":"https:\/\/www.article-marketing.eu\/comunicati\/?s={search_term_string}"},"query-input":{"@type":"PropertyValueSpecification","valueRequired":true,"valueName":"search_term_string"}}],"inLanguage":"it-IT"},{"@type":"Person","@id":"https:\/\/www.article-marketing.eu\/comunicati\/#\/schema\/person\/44372e4d4d0fa797b18e03ed1ace9017","name":"Redazione Comunicati Stampa","image":{"@type":"ImageObject","inLanguage":"it-IT","@id":"https:\/\/www.article-marketing.eu\/comunicati\/#\/schema\/person\/image\/","url":"https:\/\/secure.gravatar.com\/avatar\/50e5c6421d3072f42e7ace803501602c60d75233d34e29fd05feb91c8760b792?s=96&d=mm&r=g","contentUrl":"https:\/\/secure.gravatar.com\/avatar\/50e5c6421d3072f42e7ace803501602c60d75233d34e29fd05feb91c8760b792?s=96&d=mm&r=g","caption":"Redazione Comunicati Stampa"},"url":"https:\/\/www.article-marketing.eu\/comunicati\/author\/redazione-comunicati-stampa\/"}]}},"_links":{"self":[{"href":"https:\/\/www.article-marketing.eu\/comunicati\/wp-json\/wp\/v2\/posts\/1446","targetHints":{"allow":["GET"]}}],"collection":[{"href":"https:\/\/www.article-marketing.eu\/comunicati\/wp-json\/wp\/v2\/posts"}],"about":[{"href":"https:\/\/www.article-marketing.eu\/comunicati\/wp-json\/wp\/v2\/types\/post"}],"author":[{"embeddable":true,"href":"https:\/\/www.article-marketing.eu\/comunicati\/wp-json\/wp\/v2\/users\/10"}],"replies":[{"embeddable":true,"href":"https:\/\/www.article-marketing.eu\/comunicati\/wp-json\/wp\/v2\/comments?post=1446"}],"version-history":[{"count":0,"href":"https:\/\/www.article-marketing.eu\/comunicati\/wp-json\/wp\/v2\/posts\/1446\/revisions"}],"wp:attachment":[{"href":"https:\/\/www.article-marketing.eu\/comunicati\/wp-json\/wp\/v2\/media?parent=1446"}],"wp:term":[{"taxonomy":"category","embeddable":true,"href":"https:\/\/www.article-marketing.eu\/comunicati\/wp-json\/wp\/v2\/categories?post=1446"},{"taxonomy":"post_tag","embeddable":true,"href":"https:\/\/www.article-marketing.eu\/comunicati\/wp-json\/wp\/v2\/tags?post=1446"}],"curies":[{"name":"wp","href":"https:\/\/api.w.org\/{rel}","templated":true}]}}