{"id":1447,"date":"2009-02-27T13:06:28","date_gmt":"2009-02-27T12:06:28","guid":{"rendered":"http:\/\/www.article-marketing.eu\/comunicati\/senza-categoria\/acne-nelladolescenza-quale-la-causa-dellacne-come-si-cura\/"},"modified":"2009-02-27T13:06:28","modified_gmt":"2009-02-27T12:06:28","slug":"acne-nelladolescenza-quale-la-causa-dellacne-come-si-cura","status":"publish","type":"post","link":"https:\/\/www.article-marketing.eu\/comunicati\/salute-e-benessere\/medicina\/acne-nelladolescenza-quale-la-causa-dellacne-come-si-cura\/","title":{"rendered":"Acne nell&#8217;adolescenza&#8230;Qual&#8217;\u00e8 la causa dell&#8217;acne? Come si cura??"},"content":{"rendered":"<p>Acne nell&#8217;adolescenza<\/p>\n<p>Qual&#8217;\u00e8 la causa dell&#8217;acne?<\/p>\n<p>La maggior parte delle persone che soffrono di acne ne avranno fin dall&#8217;inizio dell&#8217;adolescenza. Durante questo periodo, l&#8217;organismo secerne in abbondanza una sostanza grassa chiamata sebo, od olio. Certe persone hanno troppe cellule cutanee &#8220;unte.&#8221;.Queste cellule si \u201cmescolano\u201d all&#8217;olio ed ostruiscono i follicoli piliferi della pelle. I pori ostruiti vengono colonizzati da batteri nei follicoli, causano un&#8217;infiammazione e danno nascita ai brufoli. Nell&#8217;acne, i piccoli brufoli rossi possono diventare delle pustole e stesso delle cisti.<\/p>\n<p>Ci\u00f2 che pu\u00f2 aggravare l&#8217;acne<\/p>\n<p>* I fissatori per capelli a base di olio, lozioni solari, geli e lacche per capelli e gli olii di cottura o di macchina<\/p>\n<p>* Lo stress e le emozioni forti come la colpevolezza, l&#8217;ansiet\u00e0 e la paura<\/p>\n<p>* Le mestruazioni nelle ragazze<\/p>\n<p>* Pinzare o grattare i brufoli<\/p>\n<p>* Strofinarsi troppo la pelle<\/p>\n<p>Ci\u00f2 che non causa l&#8217;acne<\/p>\n<p>* L&#8217;attivit\u00e0 sessuale<\/p>\n<p>* La sporcizia<\/p>\n<p>* Il sole<\/p>\n<p>* Il ruolo dell&#8217;alimentazione nell&#8217;acne rimane controverso. Alcuni studi hanno riportato tuttavia i benefici degli acidi grassi om\u00e9ga-3 e le malefici degli alimenti ricchi in zucchero.<\/p>\n<p>Nell&#8217;acne l&#8217;eredit\u00e0, i geni, gioca un ruolo importante . Se uno dei vostri genitori ha avuto un&#8217;acne severa, \u00e8 probabile che sia anche il vostro caso. Il vostro sistema immunitario gioca anche un ruolo importante. Certe persone sono estremamente sensibili ai batteri che sono incarcerati nei follicoli piliferi. Questo pu\u00f2 causare un&#8217;acne severa. Gli alimenti non sembrano affettare l&#8217;acne. Tuttavia, se pensate che certi alimenti sembrano aggravare la vostra acne, provate ad evitarli.<\/p>\n<p>Quali sono i tipi di brufoli causati dall&#8217;acne?<\/p>\n<p>Un punto bianco si forma quando del sebo e delle cellule di pelle si trovano incarcerati nel follicolo. Se questa infiammazione raggiunge la superficie della pelle ed entra in contatto con l&#8217;aria, d\u00e0 dei punti neri. Non \u00e8 la sporcizia che causa i punti neri. Se la parete del follicolo si rompe, l&#8217;infiammazione dar\u00e0 una gonfiatura rossa. Se la parete del follicolo si rompe vicino alla superficie della pelle, la gonfiatura diventer\u00e0 un brufolo. Se la parete si rompe pi\u00f9 profondamente nella pelle, si formeranno dei noduli ,cisti.\u00c8 questo tipo di acne che lascer\u00e0 spesso delle cicatrici.<\/p>\n<p>Come pu\u00f2 trattarsi l&#8217;acne?<\/p>\n<p>Si pu\u00f2 trattare l&#8217;acne dai differenti modi. Ricordatevi che occorreranno due mesi trattamento alla vostra pelle affinch\u00e9 abbia migliore apparenza.<\/p>\n<p>Il perossido di benzoyle, a differenti dosaggi, basta a trattare l&#8217;acne delle persone. Potete procurarvelo senza prescrizione, sotto forma di crema, di lozione, di gel o di tamponi. Lo stendete su tutta la superficie dove avete dell&#8217;acne, e non solamente su ogni brufolo. Il vostro medico potr\u00e0 consigliarvi di utilizzarlo in principio una volta per giorno per aumentare poi fino a due volte per giorno. Se cominciate ad utilizzare del perossido di benzoyle, iniziate con una crema a debole concentrazione. Utilizzatela una volta per giorno . Prima di applicarlo, lavate dolcemente la pelle con l&#8217;acqua e del sapone. Se il perossido di benzoyle non sembra funzionare dopo due mesi o se vi irrita molto la pelle, chiedete i consigli del vostro medico. Il perossido di benzoyle pu\u00f2 scolorire i vestiti; bisogna utilizzarlo con cura dunque.<\/p>\n<p>Gli antibiotici possono trattare efficacemente l&#8217;acne. Si pu\u00f2 prenderli per la bocca o li si pu\u00f2 applicare sulla pelle sotto forma di lozione, di crema o di gel. Ancora una volta, assicuratevi di coprire bene tutta la superficie dove avete dei brufoli.<\/p>\n<p>La tr\u00e9tino\u00efna, pu\u00f2 trattare molto efficacemente l&#8217;acne. Lo si applica abitualmente sulla pelle una volta per giorno. Evitate di applicare vicino agli occhi, della bocca e sotto il naso. In principio, potrete avere l&#8217;impressione che la tr\u00e9tino\u00efna aggrava la vostra acne. Questo trattamento necessiter\u00e0 parecchie settimane. Se utilizzate la tr\u00e9tino\u00efna, evitate il sole . Le compresse sono utilizzate per trattare le forme pi\u00f9 severe da acne. Parecchi gel e creme contengono una combinazione di trattamenti per l&#8217;acne, come la vitamina A ed un antibiotico.<\/p>\n<p>L&#8217;isotr\u00e9tino\u00efna, per esempio Accutane, potr\u00e0 essere necessario per trattare l&#8217;acne severa. \u00c8 molto efficace per trattare l&#8217;acne e prevenire le cicatrici. La si prende una volta per giorno, per la bocca, durante 15 a 20 settimane. L&#8217;isotr\u00e9tino\u00efna pu\u00f2 avere degli effetti secondari seri. \u00c8 associata alle malformazioni congenite e degli aborti. Non si deve prenderla durante la gravidanza o stesso un mese prima della gravidanza. Tutte le donne devono utilizzare un mezzo contraccettivo durante il mese che precedo il trattamento all&#8217;isotr\u00e9tino\u00efna, durante tutta la durata del trattamento e durante almeno un mese dopo l&#8217;arresto del trattamento.<\/p>\n<p>Se il vostro medico di famiglia vi prescrive un trattamento all&#8217;isotr\u00e9tino\u00efna, discutete delle precauzioni a prendere e seguite le sue istruzioni alla lettera.<\/p>\n<p>Avr\u00f2 delle cicatrici?<\/p>\n<p>Per avvertire le cicatrici, evitate di pinzare o di grattare i vostri brufoli. Evitate anche di strofinarvi troppo la pelle. \u00c8 meglio lavarsi delicatamente la pelle.<\/p>\n<p>Che cosa fare se ho delle cicatrici?<\/p>\n<p>\u00c8 possibile trattare le cicatrici. Parecchi trattamenti sono disponibili; parlate ne col vostro medico di famiglia.<\/p>\n<p>SapereWeb.com<\/p>\n","protected":false},"excerpt":{"rendered":"<p>Qual&#8217;\u00e8 la causa dell&#8217;acne?<br \/>\nCome si cura??<br \/>\nLa maggior parte delle persone che soffrono di acne ne avranno fin dall&#8217;inizio dell&#8217;adolescenza. Durante questo periodo, l&#8217;organismo secerne in abbondanza una sostanza grassa chiamata sebo, od olio. Certe persone hanno troppe cellule cutanee &#8220;unte.&#8221;<\/p>\n","protected":false},"author":10,"featured_media":0,"comment_status":"open","ping_status":"open","sticky":false,"template":"","format":"standard","meta":{"cybocfi_hide_featured_image":"","footnotes":""},"categories":[70],"tags":[4769,4770,4771,2287,4772],"class_list":["post-1447","post","type-post","status-publish","format-standard","hentry","category-medicina","tag-acne","tag-brufoli","tag-cura","tag-pelle","tag-trattamento"],"yoast_head":"<!-- This site is optimized with the Yoast SEO plugin v27.0 - https:\/\/yoast.com\/product\/yoast-seo-wordpress\/ -->\n<title>Acne nell&#039;adolescenza...Qual&#039;\u00e8 la causa dell&#039;acne? Come si cura?? - Article Marketing<\/title>\n<meta name=\"robots\" content=\"index, follow, max-snippet:-1, max-image-preview:large, max-video-preview:-1\" \/>\n<link rel=\"canonical\" href=\"https:\/\/www.article-marketing.eu\/comunicati\/salute-e-benessere\/medicina\/acne-nelladolescenza-quale-la-causa-dellacne-come-si-cura\/\" \/>\n<meta property=\"og:locale\" content=\"it_IT\" \/>\n<meta property=\"og:type\" content=\"article\" \/>\n<meta property=\"og:title\" content=\"Acne nell&#039;adolescenza...Qual&#039;\u00e8 la causa dell&#039;acne? Come si cura?? - Article Marketing\" \/>\n<meta property=\"og:description\" content=\"Qual&#039;\u00e8 la causa dell&#039;acne? Come si cura?? La maggior parte delle persone che soffrono di acne ne avranno fin dall&#039;inizio dell&#039;adolescenza. Durante questo periodo, l&#039;organismo secerne in abbondanza una sostanza grassa chiamata sebo, od olio. Certe persone hanno troppe cellule cutanee &quot;unte.&quot;\" \/>\n<meta property=\"og:url\" content=\"https:\/\/www.article-marketing.eu\/comunicati\/salute-e-benessere\/medicina\/acne-nelladolescenza-quale-la-causa-dellacne-come-si-cura\/\" \/>\n<meta property=\"og:site_name\" content=\"Article Marketing\" \/>\n<meta property=\"article:published_time\" content=\"2009-02-27T12:06:28+00:00\" \/>\n<meta name=\"author\" content=\"Redazione Comunicati Stampa\" \/>\n<meta name=\"twitter:card\" content=\"summary_large_image\" \/>\n<meta name=\"twitter:label1\" content=\"Scritto da\" \/>\n\t<meta name=\"twitter:data1\" content=\"Redazione Comunicati Stampa\" \/>\n\t<meta name=\"twitter:label2\" content=\"Tempo di lettura stimato\" \/>\n\t<meta name=\"twitter:data2\" content=\"4 minuti\" \/>\n<script type=\"application\/ld+json\" class=\"yoast-schema-graph\">{\"@context\":\"https:\/\/schema.org\",\"@graph\":[{\"@type\":\"Article\",\"@id\":\"https:\/\/www.article-marketing.eu\/comunicati\/salute-e-benessere\/medicina\/acne-nelladolescenza-quale-la-causa-dellacne-come-si-cura\/#article\",\"isPartOf\":{\"@id\":\"https:\/\/www.article-marketing.eu\/comunicati\/salute-e-benessere\/medicina\/acne-nelladolescenza-quale-la-causa-dellacne-come-si-cura\/\"},\"author\":{\"name\":\"Redazione Comunicati Stampa\",\"@id\":\"https:\/\/www.article-marketing.eu\/comunicati\/#\/schema\/person\/44372e4d4d0fa797b18e03ed1ace9017\"},\"headline\":\"Acne nell&#8217;adolescenza&#8230;Qual&#8217;\u00e8 la causa dell&#8217;acne? Come si cura??\",\"datePublished\":\"2009-02-27T12:06:28+00:00\",\"mainEntityOfPage\":{\"@id\":\"https:\/\/www.article-marketing.eu\/comunicati\/salute-e-benessere\/medicina\/acne-nelladolescenza-quale-la-causa-dellacne-come-si-cura\/\"},\"wordCount\":821,\"commentCount\":0,\"keywords\":[\"acne\",\"brufoli\",\"cura\",\"pelle\",\"trattamento\"],\"articleSection\":[\"Medicina\"],\"inLanguage\":\"it-IT\",\"potentialAction\":[{\"@type\":\"CommentAction\",\"name\":\"Comment\",\"target\":[\"https:\/\/www.article-marketing.eu\/comunicati\/salute-e-benessere\/medicina\/acne-nelladolescenza-quale-la-causa-dellacne-come-si-cura\/#respond\"]}]},{\"@type\":\"WebPage\",\"@id\":\"https:\/\/www.article-marketing.eu\/comunicati\/salute-e-benessere\/medicina\/acne-nelladolescenza-quale-la-causa-dellacne-come-si-cura\/\",\"url\":\"https:\/\/www.article-marketing.eu\/comunicati\/salute-e-benessere\/medicina\/acne-nelladolescenza-quale-la-causa-dellacne-come-si-cura\/\",\"name\":\"Acne nell'adolescenza...Qual'\u00e8 la causa dell'acne? Come si cura?? - Article Marketing\",\"isPartOf\":{\"@id\":\"https:\/\/www.article-marketing.eu\/comunicati\/#website\"},\"datePublished\":\"2009-02-27T12:06:28+00:00\",\"author\":{\"@id\":\"https:\/\/www.article-marketing.eu\/comunicati\/#\/schema\/person\/44372e4d4d0fa797b18e03ed1ace9017\"},\"breadcrumb\":{\"@id\":\"https:\/\/www.article-marketing.eu\/comunicati\/salute-e-benessere\/medicina\/acne-nelladolescenza-quale-la-causa-dellacne-come-si-cura\/#breadcrumb\"},\"inLanguage\":\"it-IT\",\"potentialAction\":[{\"@type\":\"ReadAction\",\"target\":[\"https:\/\/www.article-marketing.eu\/comunicati\/salute-e-benessere\/medicina\/acne-nelladolescenza-quale-la-causa-dellacne-come-si-cura\/\"]}]},{\"@type\":\"BreadcrumbList\",\"@id\":\"https:\/\/www.article-marketing.eu\/comunicati\/salute-e-benessere\/medicina\/acne-nelladolescenza-quale-la-causa-dellacne-come-si-cura\/#breadcrumb\",\"itemListElement\":[{\"@type\":\"ListItem\",\"position\":1,\"name\":\"Home\",\"item\":\"https:\/\/www.article-marketing.eu\/comunicati\/\"},{\"@type\":\"ListItem\",\"position\":2,\"name\":\"Acne nell&#8217;adolescenza&#8230;Qual&#8217;\u00e8 la causa dell&#8217;acne? Come si cura??\"}]},{\"@type\":\"WebSite\",\"@id\":\"https:\/\/www.article-marketing.eu\/comunicati\/#website\",\"url\":\"https:\/\/www.article-marketing.eu\/comunicati\/\",\"name\":\"Article Marketing\",\"description\":\"article marketing &amp; press release\",\"potentialAction\":[{\"@type\":\"SearchAction\",\"target\":{\"@type\":\"EntryPoint\",\"urlTemplate\":\"https:\/\/www.article-marketing.eu\/comunicati\/?s={search_term_string}\"},\"query-input\":{\"@type\":\"PropertyValueSpecification\",\"valueRequired\":true,\"valueName\":\"search_term_string\"}}],\"inLanguage\":\"it-IT\"},{\"@type\":\"Person\",\"@id\":\"https:\/\/www.article-marketing.eu\/comunicati\/#\/schema\/person\/44372e4d4d0fa797b18e03ed1ace9017\",\"name\":\"Redazione Comunicati Stampa\",\"image\":{\"@type\":\"ImageObject\",\"inLanguage\":\"it-IT\",\"@id\":\"https:\/\/www.article-marketing.eu\/comunicati\/#\/schema\/person\/image\/\",\"url\":\"https:\/\/secure.gravatar.com\/avatar\/50e5c6421d3072f42e7ace803501602c60d75233d34e29fd05feb91c8760b792?s=96&d=mm&r=g\",\"contentUrl\":\"https:\/\/secure.gravatar.com\/avatar\/50e5c6421d3072f42e7ace803501602c60d75233d34e29fd05feb91c8760b792?s=96&d=mm&r=g\",\"caption\":\"Redazione Comunicati Stampa\"},\"url\":\"https:\/\/www.article-marketing.eu\/comunicati\/author\/redazione-comunicati-stampa\/\"}]}<\/script>\n<!-- \/ Yoast SEO plugin. -->","yoast_head_json":{"title":"Acne nell'adolescenza...Qual'\u00e8 la causa dell'acne? Come si cura?? - Article Marketing","robots":{"index":"index","follow":"follow","max-snippet":"max-snippet:-1","max-image-preview":"max-image-preview:large","max-video-preview":"max-video-preview:-1"},"canonical":"https:\/\/www.article-marketing.eu\/comunicati\/salute-e-benessere\/medicina\/acne-nelladolescenza-quale-la-causa-dellacne-come-si-cura\/","og_locale":"it_IT","og_type":"article","og_title":"Acne nell'adolescenza...Qual'\u00e8 la causa dell'acne? Come si cura?? - Article Marketing","og_description":"Qual'\u00e8 la causa dell'acne? Come si cura?? La maggior parte delle persone che soffrono di acne ne avranno fin dall'inizio dell'adolescenza. Durante questo periodo, l'organismo secerne in abbondanza una sostanza grassa chiamata sebo, od olio. Certe persone hanno troppe cellule cutanee \"unte.\"","og_url":"https:\/\/www.article-marketing.eu\/comunicati\/salute-e-benessere\/medicina\/acne-nelladolescenza-quale-la-causa-dellacne-come-si-cura\/","og_site_name":"Article Marketing","article_published_time":"2009-02-27T12:06:28+00:00","author":"Redazione Comunicati Stampa","twitter_card":"summary_large_image","twitter_misc":{"Scritto da":"Redazione Comunicati Stampa","Tempo di lettura stimato":"4 minuti"},"schema":{"@context":"https:\/\/schema.org","@graph":[{"@type":"Article","@id":"https:\/\/www.article-marketing.eu\/comunicati\/salute-e-benessere\/medicina\/acne-nelladolescenza-quale-la-causa-dellacne-come-si-cura\/#article","isPartOf":{"@id":"https:\/\/www.article-marketing.eu\/comunicati\/salute-e-benessere\/medicina\/acne-nelladolescenza-quale-la-causa-dellacne-come-si-cura\/"},"author":{"name":"Redazione Comunicati Stampa","@id":"https:\/\/www.article-marketing.eu\/comunicati\/#\/schema\/person\/44372e4d4d0fa797b18e03ed1ace9017"},"headline":"Acne nell&#8217;adolescenza&#8230;Qual&#8217;\u00e8 la causa dell&#8217;acne? Come si cura??","datePublished":"2009-02-27T12:06:28+00:00","mainEntityOfPage":{"@id":"https:\/\/www.article-marketing.eu\/comunicati\/salute-e-benessere\/medicina\/acne-nelladolescenza-quale-la-causa-dellacne-come-si-cura\/"},"wordCount":821,"commentCount":0,"keywords":["acne","brufoli","cura","pelle","trattamento"],"articleSection":["Medicina"],"inLanguage":"it-IT","potentialAction":[{"@type":"CommentAction","name":"Comment","target":["https:\/\/www.article-marketing.eu\/comunicati\/salute-e-benessere\/medicina\/acne-nelladolescenza-quale-la-causa-dellacne-come-si-cura\/#respond"]}]},{"@type":"WebPage","@id":"https:\/\/www.article-marketing.eu\/comunicati\/salute-e-benessere\/medicina\/acne-nelladolescenza-quale-la-causa-dellacne-come-si-cura\/","url":"https:\/\/www.article-marketing.eu\/comunicati\/salute-e-benessere\/medicina\/acne-nelladolescenza-quale-la-causa-dellacne-come-si-cura\/","name":"Acne nell'adolescenza...Qual'\u00e8 la causa dell'acne? Come si cura?? - Article Marketing","isPartOf":{"@id":"https:\/\/www.article-marketing.eu\/comunicati\/#website"},"datePublished":"2009-02-27T12:06:28+00:00","author":{"@id":"https:\/\/www.article-marketing.eu\/comunicati\/#\/schema\/person\/44372e4d4d0fa797b18e03ed1ace9017"},"breadcrumb":{"@id":"https:\/\/www.article-marketing.eu\/comunicati\/salute-e-benessere\/medicina\/acne-nelladolescenza-quale-la-causa-dellacne-come-si-cura\/#breadcrumb"},"inLanguage":"it-IT","potentialAction":[{"@type":"ReadAction","target":["https:\/\/www.article-marketing.eu\/comunicati\/salute-e-benessere\/medicina\/acne-nelladolescenza-quale-la-causa-dellacne-come-si-cura\/"]}]},{"@type":"BreadcrumbList","@id":"https:\/\/www.article-marketing.eu\/comunicati\/salute-e-benessere\/medicina\/acne-nelladolescenza-quale-la-causa-dellacne-come-si-cura\/#breadcrumb","itemListElement":[{"@type":"ListItem","position":1,"name":"Home","item":"https:\/\/www.article-marketing.eu\/comunicati\/"},{"@type":"ListItem","position":2,"name":"Acne nell&#8217;adolescenza&#8230;Qual&#8217;\u00e8 la causa dell&#8217;acne? Come si cura??"}]},{"@type":"WebSite","@id":"https:\/\/www.article-marketing.eu\/comunicati\/#website","url":"https:\/\/www.article-marketing.eu\/comunicati\/","name":"Article Marketing","description":"article marketing &amp; press release","potentialAction":[{"@type":"SearchAction","target":{"@type":"EntryPoint","urlTemplate":"https:\/\/www.article-marketing.eu\/comunicati\/?s={search_term_string}"},"query-input":{"@type":"PropertyValueSpecification","valueRequired":true,"valueName":"search_term_string"}}],"inLanguage":"it-IT"},{"@type":"Person","@id":"https:\/\/www.article-marketing.eu\/comunicati\/#\/schema\/person\/44372e4d4d0fa797b18e03ed1ace9017","name":"Redazione Comunicati Stampa","image":{"@type":"ImageObject","inLanguage":"it-IT","@id":"https:\/\/www.article-marketing.eu\/comunicati\/#\/schema\/person\/image\/","url":"https:\/\/secure.gravatar.com\/avatar\/50e5c6421d3072f42e7ace803501602c60d75233d34e29fd05feb91c8760b792?s=96&d=mm&r=g","contentUrl":"https:\/\/secure.gravatar.com\/avatar\/50e5c6421d3072f42e7ace803501602c60d75233d34e29fd05feb91c8760b792?s=96&d=mm&r=g","caption":"Redazione Comunicati Stampa"},"url":"https:\/\/www.article-marketing.eu\/comunicati\/author\/redazione-comunicati-stampa\/"}]}},"_links":{"self":[{"href":"https:\/\/www.article-marketing.eu\/comunicati\/wp-json\/wp\/v2\/posts\/1447","targetHints":{"allow":["GET"]}}],"collection":[{"href":"https:\/\/www.article-marketing.eu\/comunicati\/wp-json\/wp\/v2\/posts"}],"about":[{"href":"https:\/\/www.article-marketing.eu\/comunicati\/wp-json\/wp\/v2\/types\/post"}],"author":[{"embeddable":true,"href":"https:\/\/www.article-marketing.eu\/comunicati\/wp-json\/wp\/v2\/users\/10"}],"replies":[{"embeddable":true,"href":"https:\/\/www.article-marketing.eu\/comunicati\/wp-json\/wp\/v2\/comments?post=1447"}],"version-history":[{"count":0,"href":"https:\/\/www.article-marketing.eu\/comunicati\/wp-json\/wp\/v2\/posts\/1447\/revisions"}],"wp:attachment":[{"href":"https:\/\/www.article-marketing.eu\/comunicati\/wp-json\/wp\/v2\/media?parent=1447"}],"wp:term":[{"taxonomy":"category","embeddable":true,"href":"https:\/\/www.article-marketing.eu\/comunicati\/wp-json\/wp\/v2\/categories?post=1447"},{"taxonomy":"post_tag","embeddable":true,"href":"https:\/\/www.article-marketing.eu\/comunicati\/wp-json\/wp\/v2\/tags?post=1447"}],"curies":[{"name":"wp","href":"https:\/\/api.w.org\/{rel}","templated":true}]}}