{"id":1452,"date":"2009-02-27T15:09:40","date_gmt":"2009-02-27T14:09:40","guid":{"rendered":"http:\/\/www.article-marketing.eu\/comunicati\/senza-categoria\/praga-festival-del-cinema-un-solo-mondo-dal-11-al-19-marzo-2009\/"},"modified":"2009-02-27T15:09:40","modified_gmt":"2009-02-27T14:09:40","slug":"praga-festival-del-cinema-un-solo-mondo-dal-11-al-19-marzo-2009","status":"publish","type":"post","link":"https:\/\/www.article-marketing.eu\/comunicati\/arte-e-cultura\/cinema\/praga-festival-del-cinema-un-solo-mondo-dal-11-al-19-marzo-2009\/","title":{"rendered":"Praga: Festival del Cinema Un Solo Mondo dal 11 al 19 Marzo 2009"},"content":{"rendered":"<p style=\"TEXT-ALIGN: justify\">L\u2019obiettivo di un festival del genere, naturalmente, non pu\u00f2 essere solo quello di presentare e premiare opere dal notevole valore artistico, e infatti l\u2019associazione \u201cPeople in Need\u201d, che organizza l\u2019evento entrato a far parte delle attrazioni turistiche di Praga, ribadisce che lo scopo primario di \u201cUn solo mondo\u201d \u00e8 quello di fornire, tramite il cinema documentario, il mezzo di comunicazione che pi\u00f9 si avvicina alla realt\u00e0 e che la rappresenta nel modo pi\u00f9 diretto, delle informazioni sulle questioni pi\u00f9 pressanti della societ\u00e0 mondiale, permettendoci cos\u00ec di ampliare la nostra conoscenza e comprensione di tali problematiche. I temi che da sempre stanno pi\u00f9 a cuore agli organizzatori del festival sono il rispetto dei diritti umani e della libert\u00e0 personale, l\u2019integrazione e la pace tra i popoli, le piaghe della guerra, della fame e della povert\u00e0, temi che vengono trattati durante \u201cUn mondo solo\u201d non solo tramite la proiezione di documentari, ma anche tramite una serie di dibattiti che seguono le proiezioni e che permettono agli spettatori di approfondire tali questioni, ma anche di intervenire attivamente al dibattito. <\/p>\n<p style=\"TEXT-ALIGN: justify\">&nbsp;<\/p>\n<p style=\"TEXT-ALIGN: justify\">L\u2019evento va dunque oltre la semplice definizione di festival del cinema, e diventa invece un terreno di discussione fertile. A testimonianza dell\u2019importanza assunta da \u201cUn solo mondo\u201d nel campo dei diritti umani, basta pensare alla menzione speciale che nel 2007 l\u2019UNESCO ha assegnato al festival per il suo contributo all\u2019educazione alla pace e ai diritti umani.<\/p>\n<p style=\"TEXT-ALIGN: justify\">&nbsp;<\/p>\n<p style=\"TEXT-ALIGN: justify\">I visitatori che ogni anno decidono di fare passare le proprie<strong> <\/strong>vacanze a Praga per assistere alla proiezione di qualche documentario interessante possono scegliere tra molti film e diversi temi. Tre sono le categorie dei film in concorso, che verranno premiati da delle giurie internazionali: categoria principale, corti, \u201c\u00c8 giusto saperlo\u201d (categoria che d\u00e0 spazio a quei lavori che si occupano di problemi non molto conosciuti riguardanti i diritti umani).<\/p>\n<p style=\"TEXT-ALIGN: justify\">&nbsp;<\/p>\n<p style=\"TEXT-ALIGN: justify\">&nbsp;<\/p>\n<p style=\"TEXT-ALIGN: justify\">Oltre alle categorie di film in concorso, quest\u2019anno ci saranno anche le seguenti categorie tematiche: \u201cL\u2019Europa nel (solo) mondo\u201d, che si occuper\u00e0 delle sfide che l\u2019Europa deve affrontare, \u201c20 anni di democrazia al cinema\u201d, con documentari che raccontano gli ultimi 20 anni di storia dopo la caduta del comunismo, \u201cPanorama\u201d, con film in cui le questioni globali si mischiano a delle storie personali, \u201cImmagini dell\u2019Africa\u201d, sezione dedicata ai documentari realizzati da africani o che parlano dell\u2019Africa, \u201cDocumentari Cechi\u201d, \u201cUn solo mondo per i bambini\u201d, con pellicole destinate ad un pubblico di giovanissimi, \u201cTributo a Ross McElwee\u201d, una serie di 4 lavori realizzati dal famoso documentarista americano, e \u201cProiezione speciale\u201d, ossia la presentazione, per la prima volta nella storia del festival, di un lungometraggio, <em>El Paso<\/em> di Zden&#283;k Tyc.<\/p>\n<p style=\"TEXT-ALIGN: justify\">&nbsp;<\/p>\n<p style=\"TEXT-ALIGN: justify\">Se deciderete di prenotare un<strong> <\/strong>&lt;a href=&quot;http:\/\/it.flashbooking.com\/navigation\/europa_repubblica-ceca_praga_ostello_all.html&quot;&gt;alloggio economico a Praga&lt;\/a&gt; durante il festival \u201cUn solo mondo\u201d, vi accorgerete che Praga \u00e8 una citt\u00e0 non solo bellissima, ma anche viva dal punto di vista culturale e impegnata socialmente.&nbsp; <\/p>\n<p style=\"TEXT-ALIGN: justify\">&nbsp;<\/p>\n<p style=\"TEXT-ALIGN: justify\">Biglietti: vari prezzi<\/p>\n<p style=\"TEXT-ALIGN: justify\">Date: 11 \u2013 19 Marzo 2009 <\/p>\n<p style=\"TEXT-ALIGN: justify\">Dove: varie sale cinematografiche, Praga, Repubblica Ceca<\/p>\n<p style=\"TEXT-ALIGN: justify\">&nbsp;<\/p>\n","protected":false},"excerpt":{"rendered":"<p>\u201cUn solo mondo\u201d, festival del cinema documentaristico che si tiene a Praga da pi\u00f9 di un decennio, \u00e8 molto pi\u00f9 che una semplice mostra cinematografica: \u201cUn solo mondo\u201d, infatti, oltre a presentare circa 120 documentari di alta qualit\u00e0 realizzati in ogni parte del mondo, \u00e8 soprattutto un\u2019occasione per riflettere e discutere importantissimi temi di carattere sociale, politico, economico e umanitario. \u201cUn solo mondo\u201d \u00e8 infatti il pi\u00f9 importante festival sui diritti umani d\u2019Europa, oltre ad essere uno degli eventi culturali e mediatici pi\u00f9 apprezzati della Repubblica Ceca.<\/p>\n","protected":false},"author":10,"featured_media":0,"comment_status":"open","ping_status":"open","sticky":false,"template":"","format":"standard","meta":{"cybocfi_hide_featured_image":"","footnotes":""},"categories":[202],"tags":[17,3164,456,3050,2609],"class_list":["post-1452","post","type-post","status-publish","format-standard","hentry","category-cinema","tag-cinema","tag-diritti-umani","tag-eventi","tag-film","tag-praga"],"yoast_head":"<!-- This site is optimized with the Yoast SEO plugin v27.0 - https:\/\/yoast.com\/product\/yoast-seo-wordpress\/ -->\n<title>Praga: Festival del Cinema Un Solo Mondo dal 11 al 19 Marzo 2009 - Article Marketing<\/title>\n<meta name=\"robots\" content=\"index, follow, max-snippet:-1, max-image-preview:large, max-video-preview:-1\" \/>\n<link rel=\"canonical\" href=\"https:\/\/www.article-marketing.eu\/comunicati\/arte-e-cultura\/cinema\/praga-festival-del-cinema-un-solo-mondo-dal-11-al-19-marzo-2009\/\" \/>\n<meta property=\"og:locale\" content=\"it_IT\" \/>\n<meta property=\"og:type\" content=\"article\" \/>\n<meta property=\"og:title\" content=\"Praga: Festival del Cinema Un Solo Mondo dal 11 al 19 Marzo 2009 - Article Marketing\" \/>\n<meta property=\"og:description\" content=\"\u201cUn solo mondo\u201d, festival del cinema documentaristico che si tiene a Praga da pi\u00f9 di un decennio, \u00e8 molto pi\u00f9 che una semplice mostra cinematografica: \u201cUn solo mondo\u201d, infatti, oltre a presentare circa 120 documentari di alta qualit\u00e0 realizzati in ogni parte del mondo, \u00e8 soprattutto un\u2019occasione per riflettere e discutere importantissimi temi di carattere sociale, politico, economico e umanitario. \u201cUn solo mondo\u201d \u00e8 infatti il pi\u00f9 importante festival sui diritti umani d\u2019Europa, oltre ad essere uno degli eventi culturali e mediatici pi\u00f9 apprezzati della Repubblica Ceca.\" \/>\n<meta property=\"og:url\" content=\"https:\/\/www.article-marketing.eu\/comunicati\/arte-e-cultura\/cinema\/praga-festival-del-cinema-un-solo-mondo-dal-11-al-19-marzo-2009\/\" \/>\n<meta property=\"og:site_name\" content=\"Article Marketing\" \/>\n<meta property=\"article:published_time\" content=\"2009-02-27T14:09:40+00:00\" \/>\n<meta name=\"author\" content=\"Redazione Comunicati Stampa\" \/>\n<meta name=\"twitter:card\" content=\"summary_large_image\" \/>\n<meta name=\"twitter:label1\" content=\"Scritto da\" \/>\n\t<meta name=\"twitter:data1\" content=\"Redazione Comunicati Stampa\" \/>\n\t<meta name=\"twitter:label2\" content=\"Tempo di lettura stimato\" \/>\n\t<meta name=\"twitter:data2\" content=\"3 minuti\" \/>\n<script type=\"application\/ld+json\" class=\"yoast-schema-graph\">{\"@context\":\"https:\/\/schema.org\",\"@graph\":[{\"@type\":\"Article\",\"@id\":\"https:\/\/www.article-marketing.eu\/comunicati\/arte-e-cultura\/cinema\/praga-festival-del-cinema-un-solo-mondo-dal-11-al-19-marzo-2009\/#article\",\"isPartOf\":{\"@id\":\"https:\/\/www.article-marketing.eu\/comunicati\/arte-e-cultura\/cinema\/praga-festival-del-cinema-un-solo-mondo-dal-11-al-19-marzo-2009\/\"},\"author\":{\"name\":\"Redazione Comunicati Stampa\",\"@id\":\"https:\/\/www.article-marketing.eu\/comunicati\/#\/schema\/person\/44372e4d4d0fa797b18e03ed1ace9017\"},\"headline\":\"Praga: Festival del Cinema Un Solo Mondo dal 11 al 19 Marzo 2009\",\"datePublished\":\"2009-02-27T14:09:40+00:00\",\"mainEntityOfPage\":{\"@id\":\"https:\/\/www.article-marketing.eu\/comunicati\/arte-e-cultura\/cinema\/praga-festival-del-cinema-un-solo-mondo-dal-11-al-19-marzo-2009\/\"},\"wordCount\":523,\"commentCount\":0,\"keywords\":[\"cinema\",\"diritti umani\",\"eventi\",\"film\",\"praga\"],\"articleSection\":[\"Cinema\"],\"inLanguage\":\"it-IT\",\"potentialAction\":[{\"@type\":\"CommentAction\",\"name\":\"Comment\",\"target\":[\"https:\/\/www.article-marketing.eu\/comunicati\/arte-e-cultura\/cinema\/praga-festival-del-cinema-un-solo-mondo-dal-11-al-19-marzo-2009\/#respond\"]}]},{\"@type\":\"WebPage\",\"@id\":\"https:\/\/www.article-marketing.eu\/comunicati\/arte-e-cultura\/cinema\/praga-festival-del-cinema-un-solo-mondo-dal-11-al-19-marzo-2009\/\",\"url\":\"https:\/\/www.article-marketing.eu\/comunicati\/arte-e-cultura\/cinema\/praga-festival-del-cinema-un-solo-mondo-dal-11-al-19-marzo-2009\/\",\"name\":\"Praga: Festival del Cinema Un Solo Mondo dal 11 al 19 Marzo 2009 - Article Marketing\",\"isPartOf\":{\"@id\":\"https:\/\/www.article-marketing.eu\/comunicati\/#website\"},\"datePublished\":\"2009-02-27T14:09:40+00:00\",\"author\":{\"@id\":\"https:\/\/www.article-marketing.eu\/comunicati\/#\/schema\/person\/44372e4d4d0fa797b18e03ed1ace9017\"},\"breadcrumb\":{\"@id\":\"https:\/\/www.article-marketing.eu\/comunicati\/arte-e-cultura\/cinema\/praga-festival-del-cinema-un-solo-mondo-dal-11-al-19-marzo-2009\/#breadcrumb\"},\"inLanguage\":\"it-IT\",\"potentialAction\":[{\"@type\":\"ReadAction\",\"target\":[\"https:\/\/www.article-marketing.eu\/comunicati\/arte-e-cultura\/cinema\/praga-festival-del-cinema-un-solo-mondo-dal-11-al-19-marzo-2009\/\"]}]},{\"@type\":\"BreadcrumbList\",\"@id\":\"https:\/\/www.article-marketing.eu\/comunicati\/arte-e-cultura\/cinema\/praga-festival-del-cinema-un-solo-mondo-dal-11-al-19-marzo-2009\/#breadcrumb\",\"itemListElement\":[{\"@type\":\"ListItem\",\"position\":1,\"name\":\"Home\",\"item\":\"https:\/\/www.article-marketing.eu\/comunicati\/\"},{\"@type\":\"ListItem\",\"position\":2,\"name\":\"Praga: Festival del Cinema Un Solo Mondo dal 11 al 19 Marzo 2009\"}]},{\"@type\":\"WebSite\",\"@id\":\"https:\/\/www.article-marketing.eu\/comunicati\/#website\",\"url\":\"https:\/\/www.article-marketing.eu\/comunicati\/\",\"name\":\"Article Marketing\",\"description\":\"article marketing &amp; press release\",\"potentialAction\":[{\"@type\":\"SearchAction\",\"target\":{\"@type\":\"EntryPoint\",\"urlTemplate\":\"https:\/\/www.article-marketing.eu\/comunicati\/?s={search_term_string}\"},\"query-input\":{\"@type\":\"PropertyValueSpecification\",\"valueRequired\":true,\"valueName\":\"search_term_string\"}}],\"inLanguage\":\"it-IT\"},{\"@type\":\"Person\",\"@id\":\"https:\/\/www.article-marketing.eu\/comunicati\/#\/schema\/person\/44372e4d4d0fa797b18e03ed1ace9017\",\"name\":\"Redazione Comunicati Stampa\",\"image\":{\"@type\":\"ImageObject\",\"inLanguage\":\"it-IT\",\"@id\":\"https:\/\/www.article-marketing.eu\/comunicati\/#\/schema\/person\/image\/\",\"url\":\"https:\/\/secure.gravatar.com\/avatar\/50e5c6421d3072f42e7ace803501602c60d75233d34e29fd05feb91c8760b792?s=96&d=mm&r=g\",\"contentUrl\":\"https:\/\/secure.gravatar.com\/avatar\/50e5c6421d3072f42e7ace803501602c60d75233d34e29fd05feb91c8760b792?s=96&d=mm&r=g\",\"caption\":\"Redazione Comunicati Stampa\"},\"url\":\"https:\/\/www.article-marketing.eu\/comunicati\/author\/redazione-comunicati-stampa\/\"}]}<\/script>\n<!-- \/ Yoast SEO plugin. -->","yoast_head_json":{"title":"Praga: Festival del Cinema Un Solo Mondo dal 11 al 19 Marzo 2009 - Article Marketing","robots":{"index":"index","follow":"follow","max-snippet":"max-snippet:-1","max-image-preview":"max-image-preview:large","max-video-preview":"max-video-preview:-1"},"canonical":"https:\/\/www.article-marketing.eu\/comunicati\/arte-e-cultura\/cinema\/praga-festival-del-cinema-un-solo-mondo-dal-11-al-19-marzo-2009\/","og_locale":"it_IT","og_type":"article","og_title":"Praga: Festival del Cinema Un Solo Mondo dal 11 al 19 Marzo 2009 - Article Marketing","og_description":"\u201cUn solo mondo\u201d, festival del cinema documentaristico che si tiene a Praga da pi\u00f9 di un decennio, \u00e8 molto pi\u00f9 che una semplice mostra cinematografica: \u201cUn solo mondo\u201d, infatti, oltre a presentare circa 120 documentari di alta qualit\u00e0 realizzati in ogni parte del mondo, \u00e8 soprattutto un\u2019occasione per riflettere e discutere importantissimi temi di carattere sociale, politico, economico e umanitario. \u201cUn solo mondo\u201d \u00e8 infatti il pi\u00f9 importante festival sui diritti umani d\u2019Europa, oltre ad essere uno degli eventi culturali e mediatici pi\u00f9 apprezzati della Repubblica Ceca.","og_url":"https:\/\/www.article-marketing.eu\/comunicati\/arte-e-cultura\/cinema\/praga-festival-del-cinema-un-solo-mondo-dal-11-al-19-marzo-2009\/","og_site_name":"Article Marketing","article_published_time":"2009-02-27T14:09:40+00:00","author":"Redazione Comunicati Stampa","twitter_card":"summary_large_image","twitter_misc":{"Scritto da":"Redazione Comunicati Stampa","Tempo di lettura stimato":"3 minuti"},"schema":{"@context":"https:\/\/schema.org","@graph":[{"@type":"Article","@id":"https:\/\/www.article-marketing.eu\/comunicati\/arte-e-cultura\/cinema\/praga-festival-del-cinema-un-solo-mondo-dal-11-al-19-marzo-2009\/#article","isPartOf":{"@id":"https:\/\/www.article-marketing.eu\/comunicati\/arte-e-cultura\/cinema\/praga-festival-del-cinema-un-solo-mondo-dal-11-al-19-marzo-2009\/"},"author":{"name":"Redazione Comunicati Stampa","@id":"https:\/\/www.article-marketing.eu\/comunicati\/#\/schema\/person\/44372e4d4d0fa797b18e03ed1ace9017"},"headline":"Praga: Festival del Cinema Un Solo Mondo dal 11 al 19 Marzo 2009","datePublished":"2009-02-27T14:09:40+00:00","mainEntityOfPage":{"@id":"https:\/\/www.article-marketing.eu\/comunicati\/arte-e-cultura\/cinema\/praga-festival-del-cinema-un-solo-mondo-dal-11-al-19-marzo-2009\/"},"wordCount":523,"commentCount":0,"keywords":["cinema","diritti umani","eventi","film","praga"],"articleSection":["Cinema"],"inLanguage":"it-IT","potentialAction":[{"@type":"CommentAction","name":"Comment","target":["https:\/\/www.article-marketing.eu\/comunicati\/arte-e-cultura\/cinema\/praga-festival-del-cinema-un-solo-mondo-dal-11-al-19-marzo-2009\/#respond"]}]},{"@type":"WebPage","@id":"https:\/\/www.article-marketing.eu\/comunicati\/arte-e-cultura\/cinema\/praga-festival-del-cinema-un-solo-mondo-dal-11-al-19-marzo-2009\/","url":"https:\/\/www.article-marketing.eu\/comunicati\/arte-e-cultura\/cinema\/praga-festival-del-cinema-un-solo-mondo-dal-11-al-19-marzo-2009\/","name":"Praga: Festival del Cinema Un Solo Mondo dal 11 al 19 Marzo 2009 - Article Marketing","isPartOf":{"@id":"https:\/\/www.article-marketing.eu\/comunicati\/#website"},"datePublished":"2009-02-27T14:09:40+00:00","author":{"@id":"https:\/\/www.article-marketing.eu\/comunicati\/#\/schema\/person\/44372e4d4d0fa797b18e03ed1ace9017"},"breadcrumb":{"@id":"https:\/\/www.article-marketing.eu\/comunicati\/arte-e-cultura\/cinema\/praga-festival-del-cinema-un-solo-mondo-dal-11-al-19-marzo-2009\/#breadcrumb"},"inLanguage":"it-IT","potentialAction":[{"@type":"ReadAction","target":["https:\/\/www.article-marketing.eu\/comunicati\/arte-e-cultura\/cinema\/praga-festival-del-cinema-un-solo-mondo-dal-11-al-19-marzo-2009\/"]}]},{"@type":"BreadcrumbList","@id":"https:\/\/www.article-marketing.eu\/comunicati\/arte-e-cultura\/cinema\/praga-festival-del-cinema-un-solo-mondo-dal-11-al-19-marzo-2009\/#breadcrumb","itemListElement":[{"@type":"ListItem","position":1,"name":"Home","item":"https:\/\/www.article-marketing.eu\/comunicati\/"},{"@type":"ListItem","position":2,"name":"Praga: Festival del Cinema Un Solo Mondo dal 11 al 19 Marzo 2009"}]},{"@type":"WebSite","@id":"https:\/\/www.article-marketing.eu\/comunicati\/#website","url":"https:\/\/www.article-marketing.eu\/comunicati\/","name":"Article Marketing","description":"article marketing &amp; press release","potentialAction":[{"@type":"SearchAction","target":{"@type":"EntryPoint","urlTemplate":"https:\/\/www.article-marketing.eu\/comunicati\/?s={search_term_string}"},"query-input":{"@type":"PropertyValueSpecification","valueRequired":true,"valueName":"search_term_string"}}],"inLanguage":"it-IT"},{"@type":"Person","@id":"https:\/\/www.article-marketing.eu\/comunicati\/#\/schema\/person\/44372e4d4d0fa797b18e03ed1ace9017","name":"Redazione Comunicati Stampa","image":{"@type":"ImageObject","inLanguage":"it-IT","@id":"https:\/\/www.article-marketing.eu\/comunicati\/#\/schema\/person\/image\/","url":"https:\/\/secure.gravatar.com\/avatar\/50e5c6421d3072f42e7ace803501602c60d75233d34e29fd05feb91c8760b792?s=96&d=mm&r=g","contentUrl":"https:\/\/secure.gravatar.com\/avatar\/50e5c6421d3072f42e7ace803501602c60d75233d34e29fd05feb91c8760b792?s=96&d=mm&r=g","caption":"Redazione Comunicati Stampa"},"url":"https:\/\/www.article-marketing.eu\/comunicati\/author\/redazione-comunicati-stampa\/"}]}},"_links":{"self":[{"href":"https:\/\/www.article-marketing.eu\/comunicati\/wp-json\/wp\/v2\/posts\/1452","targetHints":{"allow":["GET"]}}],"collection":[{"href":"https:\/\/www.article-marketing.eu\/comunicati\/wp-json\/wp\/v2\/posts"}],"about":[{"href":"https:\/\/www.article-marketing.eu\/comunicati\/wp-json\/wp\/v2\/types\/post"}],"author":[{"embeddable":true,"href":"https:\/\/www.article-marketing.eu\/comunicati\/wp-json\/wp\/v2\/users\/10"}],"replies":[{"embeddable":true,"href":"https:\/\/www.article-marketing.eu\/comunicati\/wp-json\/wp\/v2\/comments?post=1452"}],"version-history":[{"count":0,"href":"https:\/\/www.article-marketing.eu\/comunicati\/wp-json\/wp\/v2\/posts\/1452\/revisions"}],"wp:attachment":[{"href":"https:\/\/www.article-marketing.eu\/comunicati\/wp-json\/wp\/v2\/media?parent=1452"}],"wp:term":[{"taxonomy":"category","embeddable":true,"href":"https:\/\/www.article-marketing.eu\/comunicati\/wp-json\/wp\/v2\/categories?post=1452"},{"taxonomy":"post_tag","embeddable":true,"href":"https:\/\/www.article-marketing.eu\/comunicati\/wp-json\/wp\/v2\/tags?post=1452"}],"curies":[{"name":"wp","href":"https:\/\/api.w.org\/{rel}","templated":true}]}}