{"id":1460,"date":"2009-02-28T21:38:50","date_gmt":"2009-02-28T20:38:50","guid":{"rendered":"http:\/\/www.article-marketing.eu\/comunicati\/senza-categoria\/vaccini-infantili-ecco-i-sei-falsi-miti-piu-comuni\/"},"modified":"2009-02-28T21:38:50","modified_gmt":"2009-02-28T20:38:50","slug":"vaccini-infantili-ecco-i-sei-falsi-miti-piu-comuni","status":"publish","type":"post","link":"https:\/\/www.article-marketing.eu\/comunicati\/salute-e-benessere\/vaccini-infantili-ecco-i-sei-falsi-miti-piu-comuni\/","title":{"rendered":"Vaccini infantili: ecco i sei falsi miti pi\u00f9 comuni"},"content":{"rendered":"<p>tratto da <a href=\"http:\/\/mammanews.blogspot.com\/\">MammaNew<\/a>s \/ <em>Ricerche scientifiche dall&#8217;Italia e dal mondo&nbsp; su mamma e bambino<\/em><\/p>\n<p>La spinosa questione vaccino s\u00ec \/ vaccino no infiamma da qualche anno la comunit\u00e0 di genitori e pediatri. Serve davvero vaccinare i bambini per tutte le malattie possibili? Un vaccino esavalente rafforza il sistema immunitario dei piccoli o rischia di trasformarsi in un boomerang aprendo la strada ad altri agenti patogeni? La faccenda \u00e8 piuttosto complicata e non sembra che si riesca a trovare il bandolo della matassa in modo da dare soddisfazione a tutti. Risultato: le domande restano le stesse, nessuno si schioda dalle proprie posizioni e quasi tutti vaccinano i bambini mantenendo intatti dubbi e perplessit\u00e0.<br \/>In questo caos sarebbe utile fissare almeno qualche punto fermo e si pu\u00f2 iniziare leggendo un articolo apparso sulle pagine del settimanale statunitense Newsweek che ha chiesto al pediatra texano Ari Borwn di fare il punto sulle pi\u00f9 diffuse \u201cleggende metropolitane\u201d che hanno come protagonisti proprio i vaccini.<br \/>Quello che \u00e8 venuto fuori \u00e8 un interessante elenco dei sei miti pi\u00f9 assurdi che circondano i vaccini e che si diffondo a macchia d\u2019olio attraverso il web, genitori, passaparola alimentando ignoranza e scarsa obiettivit\u00e0.<br \/>Ve li elenco tutti e sei. Liberi tutti di giudicarli verit\u00e0 sacrosante oppure leggende urbane dure a morire :<br \/><strong>vaccinare il bambino per malattie ormai scomparse dalla faccia della terra \u00e8 inutile<\/strong>: \u00e8 invece \u00e8 utile perch\u00e9 se queste patologie non esistono pi\u00f9 \u00e8 proprio perch\u00e9 la vaccinazione di massa ha contribuito significativamente a farle sparire e visto che in alcuni angoli della terra queste malattie ancora esistono non \u00e8 proprio il caso di dichiarare chiusa la guerra;<br \/><strong>i vaccini sono velenosi<\/strong> perch\u00e9 contengono il conservante thimerosal che a sua volta contiene il mercurio: prima di tutto non esiste un parere concorde sulla tossicit\u00e0 di questo conservante, ma in ogni caso dal 2001 questa sostanza non \u00e8 contenuta nei vaccini quindi quelli attuali non ne contengono la minima traccia;<br \/><strong>il vaccino causa l\u2019autismo<\/strong>: falsissimo, non c\u2019\u00e8 una sola prova scientifica di questo collegamento e tutti gli istituti di ricerca scientifica del mondo si sono affannati negli ultimi anni per ribadire l\u2019assoluta inconsistenza di questa teoria<br \/><strong>i vaccini mettono sotto stress il sistema immunitario e ne provocano un\u2019iperattivit\u00e0 dannosa<\/strong>: alcune ricerche hanno fissato in diecimila (!?!) i vaccini che si possono fare nello stesso giorno a un bambino prima che il sistema immunitario inizi a diventare un po\u2019 fiacco nella sua lotta agli antigeni;<br \/><strong>meglio immunizzare naturalmente l\u2019organismo attraverso la varicella<\/strong>: il vaccino anti-varicella \u00e8 assolutamente sicuro e innocuo e non c\u2019\u00e8 nessuna ragione per cui un bambino debba necessariamente ammalarsi di varicella, anzi la varicella \u00e8 una malattia pi\u00f9 pericolosa di quanto non si pensi comunemente e pu\u00f2 portare anche a gravi conseguenze. Quindi addio alle vecchie tradizioni per cui se un bambino ha la varicella il fratello se lo deve sbaciucchiare per prendersela pure lui e via libera a vaccino anti-varicella per entrambi;<br \/><strong>il vaccino antinfluenzale fa venire l\u2019influenza<\/strong>: praticamente impossibile perch\u00e9 questi vaccini contengono virus inattivi e resi innocui, se dopo il vaccino sale un po\u2019 la temperatura \u00e8 solo un effetto temporaneo del vaccino ma nulla a che vedere con l\u2019influenza vera.<\/p>\n","protected":false},"excerpt":{"rendered":"<p>Uno  studioso statunitense elenca le pi\u00f9 comuni leggende metropolitane che alimentano disinformazione in fatto di vaccini<\/p>\n","protected":false},"author":10,"featured_media":0,"comment_status":"open","ping_status":"open","sticky":false,"template":"","format":"standard","meta":{"cybocfi_hide_featured_image":"","footnotes":""},"categories":[265],"tags":[2401,4800,4799,4801],"class_list":["post-1460","post","type-post","status-publish","format-standard","hentry","category-salute-e-benessere","tag-bambini","tag-influenza","tag-vaccini","tag-varicella"],"yoast_head":"<!-- This site is optimized with the Yoast SEO plugin v27.0 - https:\/\/yoast.com\/product\/yoast-seo-wordpress\/ -->\n<title>Vaccini infantili: ecco i sei falsi miti pi\u00f9 comuni - Article Marketing<\/title>\n<meta name=\"robots\" content=\"index, follow, max-snippet:-1, max-image-preview:large, max-video-preview:-1\" \/>\n<link rel=\"canonical\" href=\"https:\/\/www.article-marketing.eu\/comunicati\/salute-e-benessere\/vaccini-infantili-ecco-i-sei-falsi-miti-piu-comuni\/\" \/>\n<meta property=\"og:locale\" content=\"it_IT\" \/>\n<meta property=\"og:type\" content=\"article\" \/>\n<meta property=\"og:title\" content=\"Vaccini infantili: ecco i sei falsi miti pi\u00f9 comuni - Article Marketing\" \/>\n<meta property=\"og:description\" content=\"Uno studioso statunitense elenca le pi\u00f9 comuni leggende metropolitane che alimentano disinformazione in fatto di vaccini\" \/>\n<meta property=\"og:url\" content=\"https:\/\/www.article-marketing.eu\/comunicati\/salute-e-benessere\/vaccini-infantili-ecco-i-sei-falsi-miti-piu-comuni\/\" \/>\n<meta property=\"og:site_name\" content=\"Article Marketing\" \/>\n<meta property=\"article:published_time\" content=\"2009-02-28T20:38:50+00:00\" \/>\n<meta name=\"author\" content=\"Redazione Comunicati Stampa\" \/>\n<meta name=\"twitter:card\" content=\"summary_large_image\" \/>\n<meta name=\"twitter:label1\" content=\"Scritto da\" \/>\n\t<meta name=\"twitter:data1\" content=\"Redazione Comunicati Stampa\" \/>\n\t<meta name=\"twitter:label2\" content=\"Tempo di lettura stimato\" \/>\n\t<meta name=\"twitter:data2\" content=\"3 minuti\" \/>\n<script type=\"application\/ld+json\" class=\"yoast-schema-graph\">{\"@context\":\"https:\/\/schema.org\",\"@graph\":[{\"@type\":\"Article\",\"@id\":\"https:\/\/www.article-marketing.eu\/comunicati\/salute-e-benessere\/vaccini-infantili-ecco-i-sei-falsi-miti-piu-comuni\/#article\",\"isPartOf\":{\"@id\":\"https:\/\/www.article-marketing.eu\/comunicati\/salute-e-benessere\/vaccini-infantili-ecco-i-sei-falsi-miti-piu-comuni\/\"},\"author\":{\"name\":\"Redazione Comunicati Stampa\",\"@id\":\"https:\/\/www.article-marketing.eu\/comunicati\/#\/schema\/person\/44372e4d4d0fa797b18e03ed1ace9017\"},\"headline\":\"Vaccini infantili: ecco i sei falsi miti pi\u00f9 comuni\",\"datePublished\":\"2009-02-28T20:38:50+00:00\",\"mainEntityOfPage\":{\"@id\":\"https:\/\/www.article-marketing.eu\/comunicati\/salute-e-benessere\/vaccini-infantili-ecco-i-sei-falsi-miti-piu-comuni\/\"},\"wordCount\":530,\"commentCount\":0,\"keywords\":[\"bambini\",\"influenza\",\"vaccini\",\"varicella\"],\"articleSection\":[\"Salute e benessere\"],\"inLanguage\":\"it-IT\",\"potentialAction\":[{\"@type\":\"CommentAction\",\"name\":\"Comment\",\"target\":[\"https:\/\/www.article-marketing.eu\/comunicati\/salute-e-benessere\/vaccini-infantili-ecco-i-sei-falsi-miti-piu-comuni\/#respond\"]}]},{\"@type\":\"WebPage\",\"@id\":\"https:\/\/www.article-marketing.eu\/comunicati\/salute-e-benessere\/vaccini-infantili-ecco-i-sei-falsi-miti-piu-comuni\/\",\"url\":\"https:\/\/www.article-marketing.eu\/comunicati\/salute-e-benessere\/vaccini-infantili-ecco-i-sei-falsi-miti-piu-comuni\/\",\"name\":\"Vaccini infantili: ecco i sei falsi miti pi\u00f9 comuni - Article Marketing\",\"isPartOf\":{\"@id\":\"https:\/\/www.article-marketing.eu\/comunicati\/#website\"},\"datePublished\":\"2009-02-28T20:38:50+00:00\",\"author\":{\"@id\":\"https:\/\/www.article-marketing.eu\/comunicati\/#\/schema\/person\/44372e4d4d0fa797b18e03ed1ace9017\"},\"breadcrumb\":{\"@id\":\"https:\/\/www.article-marketing.eu\/comunicati\/salute-e-benessere\/vaccini-infantili-ecco-i-sei-falsi-miti-piu-comuni\/#breadcrumb\"},\"inLanguage\":\"it-IT\",\"potentialAction\":[{\"@type\":\"ReadAction\",\"target\":[\"https:\/\/www.article-marketing.eu\/comunicati\/salute-e-benessere\/vaccini-infantili-ecco-i-sei-falsi-miti-piu-comuni\/\"]}]},{\"@type\":\"BreadcrumbList\",\"@id\":\"https:\/\/www.article-marketing.eu\/comunicati\/salute-e-benessere\/vaccini-infantili-ecco-i-sei-falsi-miti-piu-comuni\/#breadcrumb\",\"itemListElement\":[{\"@type\":\"ListItem\",\"position\":1,\"name\":\"Home\",\"item\":\"https:\/\/www.article-marketing.eu\/comunicati\/\"},{\"@type\":\"ListItem\",\"position\":2,\"name\":\"Vaccini infantili: ecco i sei falsi miti pi\u00f9 comuni\"}]},{\"@type\":\"WebSite\",\"@id\":\"https:\/\/www.article-marketing.eu\/comunicati\/#website\",\"url\":\"https:\/\/www.article-marketing.eu\/comunicati\/\",\"name\":\"Article Marketing\",\"description\":\"article marketing &amp; press release\",\"potentialAction\":[{\"@type\":\"SearchAction\",\"target\":{\"@type\":\"EntryPoint\",\"urlTemplate\":\"https:\/\/www.article-marketing.eu\/comunicati\/?s={search_term_string}\"},\"query-input\":{\"@type\":\"PropertyValueSpecification\",\"valueRequired\":true,\"valueName\":\"search_term_string\"}}],\"inLanguage\":\"it-IT\"},{\"@type\":\"Person\",\"@id\":\"https:\/\/www.article-marketing.eu\/comunicati\/#\/schema\/person\/44372e4d4d0fa797b18e03ed1ace9017\",\"name\":\"Redazione Comunicati Stampa\",\"image\":{\"@type\":\"ImageObject\",\"inLanguage\":\"it-IT\",\"@id\":\"https:\/\/www.article-marketing.eu\/comunicati\/#\/schema\/person\/image\/\",\"url\":\"https:\/\/secure.gravatar.com\/avatar\/50e5c6421d3072f42e7ace803501602c60d75233d34e29fd05feb91c8760b792?s=96&d=mm&r=g\",\"contentUrl\":\"https:\/\/secure.gravatar.com\/avatar\/50e5c6421d3072f42e7ace803501602c60d75233d34e29fd05feb91c8760b792?s=96&d=mm&r=g\",\"caption\":\"Redazione Comunicati Stampa\"},\"url\":\"https:\/\/www.article-marketing.eu\/comunicati\/author\/redazione-comunicati-stampa\/\"}]}<\/script>\n<!-- \/ Yoast SEO plugin. -->","yoast_head_json":{"title":"Vaccini infantili: ecco i sei falsi miti pi\u00f9 comuni - Article Marketing","robots":{"index":"index","follow":"follow","max-snippet":"max-snippet:-1","max-image-preview":"max-image-preview:large","max-video-preview":"max-video-preview:-1"},"canonical":"https:\/\/www.article-marketing.eu\/comunicati\/salute-e-benessere\/vaccini-infantili-ecco-i-sei-falsi-miti-piu-comuni\/","og_locale":"it_IT","og_type":"article","og_title":"Vaccini infantili: ecco i sei falsi miti pi\u00f9 comuni - Article Marketing","og_description":"Uno studioso statunitense elenca le pi\u00f9 comuni leggende metropolitane che alimentano disinformazione in fatto di vaccini","og_url":"https:\/\/www.article-marketing.eu\/comunicati\/salute-e-benessere\/vaccini-infantili-ecco-i-sei-falsi-miti-piu-comuni\/","og_site_name":"Article Marketing","article_published_time":"2009-02-28T20:38:50+00:00","author":"Redazione Comunicati Stampa","twitter_card":"summary_large_image","twitter_misc":{"Scritto da":"Redazione Comunicati Stampa","Tempo di lettura stimato":"3 minuti"},"schema":{"@context":"https:\/\/schema.org","@graph":[{"@type":"Article","@id":"https:\/\/www.article-marketing.eu\/comunicati\/salute-e-benessere\/vaccini-infantili-ecco-i-sei-falsi-miti-piu-comuni\/#article","isPartOf":{"@id":"https:\/\/www.article-marketing.eu\/comunicati\/salute-e-benessere\/vaccini-infantili-ecco-i-sei-falsi-miti-piu-comuni\/"},"author":{"name":"Redazione Comunicati Stampa","@id":"https:\/\/www.article-marketing.eu\/comunicati\/#\/schema\/person\/44372e4d4d0fa797b18e03ed1ace9017"},"headline":"Vaccini infantili: ecco i sei falsi miti pi\u00f9 comuni","datePublished":"2009-02-28T20:38:50+00:00","mainEntityOfPage":{"@id":"https:\/\/www.article-marketing.eu\/comunicati\/salute-e-benessere\/vaccini-infantili-ecco-i-sei-falsi-miti-piu-comuni\/"},"wordCount":530,"commentCount":0,"keywords":["bambini","influenza","vaccini","varicella"],"articleSection":["Salute e benessere"],"inLanguage":"it-IT","potentialAction":[{"@type":"CommentAction","name":"Comment","target":["https:\/\/www.article-marketing.eu\/comunicati\/salute-e-benessere\/vaccini-infantili-ecco-i-sei-falsi-miti-piu-comuni\/#respond"]}]},{"@type":"WebPage","@id":"https:\/\/www.article-marketing.eu\/comunicati\/salute-e-benessere\/vaccini-infantili-ecco-i-sei-falsi-miti-piu-comuni\/","url":"https:\/\/www.article-marketing.eu\/comunicati\/salute-e-benessere\/vaccini-infantili-ecco-i-sei-falsi-miti-piu-comuni\/","name":"Vaccini infantili: ecco i sei falsi miti pi\u00f9 comuni - Article Marketing","isPartOf":{"@id":"https:\/\/www.article-marketing.eu\/comunicati\/#website"},"datePublished":"2009-02-28T20:38:50+00:00","author":{"@id":"https:\/\/www.article-marketing.eu\/comunicati\/#\/schema\/person\/44372e4d4d0fa797b18e03ed1ace9017"},"breadcrumb":{"@id":"https:\/\/www.article-marketing.eu\/comunicati\/salute-e-benessere\/vaccini-infantili-ecco-i-sei-falsi-miti-piu-comuni\/#breadcrumb"},"inLanguage":"it-IT","potentialAction":[{"@type":"ReadAction","target":["https:\/\/www.article-marketing.eu\/comunicati\/salute-e-benessere\/vaccini-infantili-ecco-i-sei-falsi-miti-piu-comuni\/"]}]},{"@type":"BreadcrumbList","@id":"https:\/\/www.article-marketing.eu\/comunicati\/salute-e-benessere\/vaccini-infantili-ecco-i-sei-falsi-miti-piu-comuni\/#breadcrumb","itemListElement":[{"@type":"ListItem","position":1,"name":"Home","item":"https:\/\/www.article-marketing.eu\/comunicati\/"},{"@type":"ListItem","position":2,"name":"Vaccini infantili: ecco i sei falsi miti pi\u00f9 comuni"}]},{"@type":"WebSite","@id":"https:\/\/www.article-marketing.eu\/comunicati\/#website","url":"https:\/\/www.article-marketing.eu\/comunicati\/","name":"Article Marketing","description":"article marketing &amp; press release","potentialAction":[{"@type":"SearchAction","target":{"@type":"EntryPoint","urlTemplate":"https:\/\/www.article-marketing.eu\/comunicati\/?s={search_term_string}"},"query-input":{"@type":"PropertyValueSpecification","valueRequired":true,"valueName":"search_term_string"}}],"inLanguage":"it-IT"},{"@type":"Person","@id":"https:\/\/www.article-marketing.eu\/comunicati\/#\/schema\/person\/44372e4d4d0fa797b18e03ed1ace9017","name":"Redazione Comunicati Stampa","image":{"@type":"ImageObject","inLanguage":"it-IT","@id":"https:\/\/www.article-marketing.eu\/comunicati\/#\/schema\/person\/image\/","url":"https:\/\/secure.gravatar.com\/avatar\/50e5c6421d3072f42e7ace803501602c60d75233d34e29fd05feb91c8760b792?s=96&d=mm&r=g","contentUrl":"https:\/\/secure.gravatar.com\/avatar\/50e5c6421d3072f42e7ace803501602c60d75233d34e29fd05feb91c8760b792?s=96&d=mm&r=g","caption":"Redazione Comunicati Stampa"},"url":"https:\/\/www.article-marketing.eu\/comunicati\/author\/redazione-comunicati-stampa\/"}]}},"_links":{"self":[{"href":"https:\/\/www.article-marketing.eu\/comunicati\/wp-json\/wp\/v2\/posts\/1460","targetHints":{"allow":["GET"]}}],"collection":[{"href":"https:\/\/www.article-marketing.eu\/comunicati\/wp-json\/wp\/v2\/posts"}],"about":[{"href":"https:\/\/www.article-marketing.eu\/comunicati\/wp-json\/wp\/v2\/types\/post"}],"author":[{"embeddable":true,"href":"https:\/\/www.article-marketing.eu\/comunicati\/wp-json\/wp\/v2\/users\/10"}],"replies":[{"embeddable":true,"href":"https:\/\/www.article-marketing.eu\/comunicati\/wp-json\/wp\/v2\/comments?post=1460"}],"version-history":[{"count":0,"href":"https:\/\/www.article-marketing.eu\/comunicati\/wp-json\/wp\/v2\/posts\/1460\/revisions"}],"wp:attachment":[{"href":"https:\/\/www.article-marketing.eu\/comunicati\/wp-json\/wp\/v2\/media?parent=1460"}],"wp:term":[{"taxonomy":"category","embeddable":true,"href":"https:\/\/www.article-marketing.eu\/comunicati\/wp-json\/wp\/v2\/categories?post=1460"},{"taxonomy":"post_tag","embeddable":true,"href":"https:\/\/www.article-marketing.eu\/comunicati\/wp-json\/wp\/v2\/tags?post=1460"}],"curies":[{"name":"wp","href":"https:\/\/api.w.org\/{rel}","templated":true}]}}