{"id":1465,"date":"2009-03-02T10:39:31","date_gmt":"2009-03-02T09:39:31","guid":{"rendered":"http:\/\/www.article-marketing.eu\/comunicati\/senza-categoria\/rimini-non-solo-spiagge-ma-citt%e0-europea-della-cultura\/"},"modified":"2009-03-02T10:39:31","modified_gmt":"2009-03-02T09:39:31","slug":"rimini-non-solo-spiagge-ma-citt%e0-europea-della-cultura","status":"publish","type":"post","link":"https:\/\/www.article-marketing.eu\/comunicati\/arte-e-cultura\/rimini-non-solo-spiagge-ma-citt%e0-europea-della-cultura\/","title":{"rendered":"Rimini: non solo spiagge ma citt\u00e0 europea della cultura"},"content":{"rendered":"<p>Da pochi giorni \u00e8 stato inaugurato a Rimini un nuovo progetto, chiamato Strategic Lab, che si ripromette di coinvolgere i creativi, gli artisti e gli operatori culturali riminesi. <\/p>\n<p>S\u00ec perch\u00e9 al contrario di come molti credono, Rimini non \u00e8 solo uno dei luoghi di villeggiatura pi\u00f9 rinomato e desiderato d&#8217;Europa da tutti i turisti, soprattutto i giovani, che ogni anno non vedono l\u2019ora di approfittare delle numerose offerte di Rimini, ma \u00e8 anche un luogo ricco di cultura e creativit\u00e0. <\/p>\n<p>Questo progetto si propone stimolare la partecipazione di tutti gli artisti e i creativi al processo di programmazione avviato a Rimini con il Piano strategico, che sarebbe sicuramente arricchito da questi contributi. Il progetto \u00e8 ancora agli inizi, ma gi\u00e0 sembra promettere molto bene, con varie iniziative molto interessanti.<\/p>\n<p>Rimini, che da sempre \u00e8 famosa per le sue spiagge e per i locali, \u00e8 considerata soprattutto la capitale italiana del divertimento e dello svago, soprattutto in estate, con frotte di turisti che affollano i numerosi hotel con vista sul mare per potersi tuffare subito in acqua o essere in prima fila per prendere il sole. Ma questo innovativo progetto potrebbe far emergere anche un altro aspetto della citt\u00e0, un aspetto finora sconosciuto agli stessi riminesi.<\/p>\n<p>Lo Strategic Lab avrebbe un ruolo fondamentale nella stimolazione dei processi artistici nella citt\u00e0, sarebbe un contenitore dove le idee, le provocazioni, i sogni di tutti gli artisti potrebbero trovarsi, confrontarsi e svilupparsi. Questo permetterebbe di mettere insieme un patrimonio fondamentale per la citt\u00e0, una ricchezza di risorse che potrebbero in questo modo mettersi in comunicazione con il Piano strategico del comune di Rimini.<br \/>\nCon questo Piano strategico tutti i riminesi sono chiamati ora a ridisegnare il volto futuro della loro citt\u00e0. E proprio dall\u2019istituzione dello Strategic Lab, nel quadro del Piano strategico, \u00e8 nata una nuova proposta che farebbe sognare la nascita di una Rimini diversa, non solo meta di divertimento ma che guardi alla cultura, all\u2019arte come patrimonio irrinunciabile.<\/p>\n<p> Cultura e creativit\u00e0 sono da sempre punti forti del nostro paese, proprio per enfatizzare questi aspetti Rimini vorrebbe anche candidarsi a capitale europea della cultura per il 2019. Sembra un azzardo ma i fatti dicono il contrario. Dai dati emersi in una ricerca dello Strategic Lab, Rimini ha un patrimonio culturale di ampio respiro. A Rimini si trovano moltissime compagnie teatrali, molte di livello europeo, inoltre vi sono anche moltissimi artisti, intellettuali e creativi. <\/p>\n<p>Certo la strada per arrivarci \u00e8 lunga e la meta non \u00e8 facile da raggiungere, ma il comune ha gi\u00e0 iniziato a impegnarsi molto su questo fronte. Eventi, mostre, convegni sono solo alcuni degli appuntamenti che attendono i turisti degli <a href=\"http:\/\/www.hotelaristeo.com\/hotel-rimini\/dormire-rimini-prima-linea-sul-mare-piscina_7.html\">hotel piscina Rimini<\/a>, che tra un tuffo e l\u2019altro possono approfittarne anche per ammirare un po\u2019 di quel patrimonio creativo e culturale che da sempre contraddistingue il belpaese.<br \/>\nSe gi\u00e0 prima Rimini era una delle mete pi\u00f9 ambite, si pu\u00f2 stare certi che d\u2019ora in poi avr\u00e0 sempre pi\u00f9 da offrire, anche ai turisti pi\u00f9 esigenti che non si accontentano di passare tutti i giorni in spiaggia e le serate in discoteca.<\/p>\n","protected":false},"excerpt":{"rendered":"<p>Da pochi giorni \u00e8 stato inaugurato a Rimini un nuovo progetto, chiamato Strategic Lab, che si ripromette di coinvolgere i creativi, gli artisti e gli operatori culturali riminesi.<\/p>\n","protected":false},"author":10,"featured_media":0,"comment_status":"open","ping_status":"open","sticky":false,"template":"","format":"standard","meta":{"cybocfi_hide_featured_image":"","footnotes":""},"categories":[27],"tags":[2925,1341,596,1085,4814,876,4812,4813,253],"class_list":["post-1465","post","type-post","status-publish","format-standard","hentry","category-arte-e-cultura","tag-artisti","tag-creativita","tag-cultura","tag-estate","tag-piano-strategico","tag-rimini","tag-spiagge","tag-strategic-lab","tag-turismo"],"yoast_head":"<!-- This site is optimized with the Yoast SEO plugin v27.0 - https:\/\/yoast.com\/product\/yoast-seo-wordpress\/ -->\n<title>Rimini: non solo spiagge ma citt\u00e0 europea della cultura - Article Marketing<\/title>\n<meta name=\"robots\" content=\"index, follow, max-snippet:-1, max-image-preview:large, max-video-preview:-1\" \/>\n<link rel=\"canonical\" href=\"https:\/\/www.article-marketing.eu\/comunicati\/arte-e-cultura\/rimini-non-solo-spiagge-ma-citt?-europea-della-cultura\/\" \/>\n<meta property=\"og:locale\" content=\"it_IT\" \/>\n<meta property=\"og:type\" content=\"article\" \/>\n<meta property=\"og:title\" content=\"Rimini: non solo spiagge ma citt\u00e0 europea della cultura - Article Marketing\" \/>\n<meta property=\"og:description\" content=\"Da pochi giorni \u00e8 stato inaugurato a Rimini un nuovo progetto, chiamato Strategic Lab, che si ripromette di coinvolgere i creativi, gli artisti e gli operatori culturali riminesi.\" \/>\n<meta property=\"og:url\" content=\"\" \/>\n<meta property=\"og:site_name\" content=\"Article Marketing\" \/>\n<meta property=\"article:published_time\" content=\"2009-03-02T09:39:31+00:00\" \/>\n<meta name=\"author\" content=\"Redazione Comunicati Stampa\" \/>\n<meta name=\"twitter:card\" content=\"summary_large_image\" \/>\n<meta name=\"twitter:label1\" content=\"Scritto da\" \/>\n\t<meta name=\"twitter:data1\" content=\"Redazione Comunicati Stampa\" \/>\n\t<meta name=\"twitter:label2\" content=\"Tempo di lettura stimato\" \/>\n\t<meta name=\"twitter:data2\" content=\"3 minuti\" \/>\n<script type=\"application\/ld+json\" class=\"yoast-schema-graph\">{\"@context\":\"https:\/\/schema.org\",\"@graph\":[{\"@type\":\"Article\",\"@id\":\"https:\/\/www.article-marketing.eu\/comunicati\/arte-e-cultura\/rimini-non-solo-spiagge-ma-citt%e0-europea-della-cultura\/#article\",\"isPartOf\":{\"@id\":\"https:\/\/www.article-marketing.eu\/comunicati\/arte-e-cultura\/rimini-non-solo-spiagge-ma-citt%e0-europea-della-cultura\/\"},\"author\":{\"name\":\"Redazione Comunicati Stampa\",\"@id\":\"https:\/\/www.article-marketing.eu\/comunicati\/#\/schema\/person\/44372e4d4d0fa797b18e03ed1ace9017\"},\"headline\":\"Rimini: non solo spiagge ma citt\u00e0 europea della cultura\",\"datePublished\":\"2009-03-02T09:39:31+00:00\",\"mainEntityOfPage\":{\"@id\":\"https:\/\/www.article-marketing.eu\/comunicati\/arte-e-cultura\/rimini-non-solo-spiagge-ma-citt%e0-europea-della-cultura\/\"},\"wordCount\":516,\"commentCount\":0,\"keywords\":[\"artisti\",\"creativit\u00e0\",\"cultura\",\"estate\",\"piano strategico\",\"rimini\",\"spiagge\",\"strategic lab\",\"turismo\"],\"articleSection\":[\"Arte e cultura\"],\"inLanguage\":\"it-IT\",\"potentialAction\":[{\"@type\":\"CommentAction\",\"name\":\"Comment\",\"target\":[\"https:\/\/www.article-marketing.eu\/comunicati\/arte-e-cultura\/rimini-non-solo-spiagge-ma-citt%e0-europea-della-cultura\/#respond\"]}]},{\"@type\":\"WebPage\",\"@id\":\"https:\/\/www.article-marketing.eu\/comunicati\/arte-e-cultura\/rimini-non-solo-spiagge-ma-citt%e0-europea-della-cultura\/\",\"url\":\"https:\/\/www.article-marketing.eu\/comunicati\/arte-e-cultura\/rimini-non-solo-spiagge-ma-citt%e0-europea-della-cultura\/\",\"name\":\"Rimini: non solo spiagge ma citt\u00e0 europea della cultura - Article Marketing\",\"isPartOf\":{\"@id\":\"https:\/\/www.article-marketing.eu\/comunicati\/#website\"},\"datePublished\":\"2009-03-02T09:39:31+00:00\",\"author\":{\"@id\":\"https:\/\/www.article-marketing.eu\/comunicati\/#\/schema\/person\/44372e4d4d0fa797b18e03ed1ace9017\"},\"breadcrumb\":{\"@id\":\"https:\/\/www.article-marketing.eu\/comunicati\/arte-e-cultura\/rimini-non-solo-spiagge-ma-citt%e0-europea-della-cultura\/#breadcrumb\"},\"inLanguage\":\"it-IT\",\"potentialAction\":[{\"@type\":\"ReadAction\",\"target\":[\"https:\/\/www.article-marketing.eu\/comunicati\/arte-e-cultura\/rimini-non-solo-spiagge-ma-citt%e0-europea-della-cultura\/\"]}]},{\"@type\":\"BreadcrumbList\",\"@id\":\"https:\/\/www.article-marketing.eu\/comunicati\/arte-e-cultura\/rimini-non-solo-spiagge-ma-citt%e0-europea-della-cultura\/#breadcrumb\",\"itemListElement\":[{\"@type\":\"ListItem\",\"position\":1,\"name\":\"Home\",\"item\":\"https:\/\/www.article-marketing.eu\/comunicati\/\"},{\"@type\":\"ListItem\",\"position\":2,\"name\":\"Rimini: non solo spiagge ma citt\u00e0 europea della cultura\"}]},{\"@type\":\"WebSite\",\"@id\":\"https:\/\/www.article-marketing.eu\/comunicati\/#website\",\"url\":\"https:\/\/www.article-marketing.eu\/comunicati\/\",\"name\":\"Article Marketing\",\"description\":\"article marketing &amp; press release\",\"potentialAction\":[{\"@type\":\"SearchAction\",\"target\":{\"@type\":\"EntryPoint\",\"urlTemplate\":\"https:\/\/www.article-marketing.eu\/comunicati\/?s={search_term_string}\"},\"query-input\":{\"@type\":\"PropertyValueSpecification\",\"valueRequired\":true,\"valueName\":\"search_term_string\"}}],\"inLanguage\":\"it-IT\"},{\"@type\":\"Person\",\"@id\":\"https:\/\/www.article-marketing.eu\/comunicati\/#\/schema\/person\/44372e4d4d0fa797b18e03ed1ace9017\",\"name\":\"Redazione Comunicati Stampa\",\"image\":{\"@type\":\"ImageObject\",\"inLanguage\":\"it-IT\",\"@id\":\"https:\/\/www.article-marketing.eu\/comunicati\/#\/schema\/person\/image\/\",\"url\":\"https:\/\/secure.gravatar.com\/avatar\/50e5c6421d3072f42e7ace803501602c60d75233d34e29fd05feb91c8760b792?s=96&d=mm&r=g\",\"contentUrl\":\"https:\/\/secure.gravatar.com\/avatar\/50e5c6421d3072f42e7ace803501602c60d75233d34e29fd05feb91c8760b792?s=96&d=mm&r=g\",\"caption\":\"Redazione Comunicati Stampa\"},\"url\":\"https:\/\/www.article-marketing.eu\/comunicati\/author\/redazione-comunicati-stampa\/\"}]}<\/script>\n<!-- \/ Yoast SEO plugin. -->","yoast_head_json":{"title":"Rimini: non solo spiagge ma citt\u00e0 europea della cultura - Article Marketing","robots":{"index":"index","follow":"follow","max-snippet":"max-snippet:-1","max-image-preview":"max-image-preview:large","max-video-preview":"max-video-preview:-1"},"canonical":"https:\/\/www.article-marketing.eu\/comunicati\/arte-e-cultura\/rimini-non-solo-spiagge-ma-citt?-europea-della-cultura\/","og_locale":"it_IT","og_type":"article","og_title":"Rimini: non solo spiagge ma citt\u00e0 europea della cultura - Article Marketing","og_description":"Da pochi giorni \u00e8 stato inaugurato a Rimini un nuovo progetto, chiamato Strategic Lab, che si ripromette di coinvolgere i creativi, gli artisti e gli operatori culturali riminesi.","og_url":"https:\/\/www.article-marketing.eu\/comunicati\/arte-e-cultura\/rimini-non-solo-spiagge-ma-citt?-europea-della-cultura\/","og_site_name":"Article Marketing","article_published_time":"2009-03-02T09:39:31+00:00","author":"Redazione Comunicati Stampa","twitter_card":"summary_large_image","twitter_misc":{"Scritto da":"Redazione Comunicati Stampa","Tempo di lettura stimato":"3 minuti"},"schema":{"@context":"https:\/\/schema.org","@graph":[{"@type":"Article","@id":"https:\/\/www.article-marketing.eu\/comunicati\/arte-e-cultura\/rimini-non-solo-spiagge-ma-citt%e0-europea-della-cultura\/#article","isPartOf":{"@id":"https:\/\/www.article-marketing.eu\/comunicati\/arte-e-cultura\/rimini-non-solo-spiagge-ma-citt%e0-europea-della-cultura\/"},"author":{"name":"Redazione Comunicati Stampa","@id":"https:\/\/www.article-marketing.eu\/comunicati\/#\/schema\/person\/44372e4d4d0fa797b18e03ed1ace9017"},"headline":"Rimini: non solo spiagge ma citt\u00e0 europea della cultura","datePublished":"2009-03-02T09:39:31+00:00","mainEntityOfPage":{"@id":"https:\/\/www.article-marketing.eu\/comunicati\/arte-e-cultura\/rimini-non-solo-spiagge-ma-citt%e0-europea-della-cultura\/"},"wordCount":516,"commentCount":0,"keywords":["artisti","creativit\u00e0","cultura","estate","piano strategico","rimini","spiagge","strategic lab","turismo"],"articleSection":["Arte e cultura"],"inLanguage":"it-IT","potentialAction":[{"@type":"CommentAction","name":"Comment","target":["https:\/\/www.article-marketing.eu\/comunicati\/arte-e-cultura\/rimini-non-solo-spiagge-ma-citt%e0-europea-della-cultura\/#respond"]}]},{"@type":"WebPage","@id":"https:\/\/www.article-marketing.eu\/comunicati\/arte-e-cultura\/rimini-non-solo-spiagge-ma-citt%e0-europea-della-cultura\/","url":"https:\/\/www.article-marketing.eu\/comunicati\/arte-e-cultura\/rimini-non-solo-spiagge-ma-citt%e0-europea-della-cultura\/","name":"Rimini: non solo spiagge ma citt\u00e0 europea della cultura - Article Marketing","isPartOf":{"@id":"https:\/\/www.article-marketing.eu\/comunicati\/#website"},"datePublished":"2009-03-02T09:39:31+00:00","author":{"@id":"https:\/\/www.article-marketing.eu\/comunicati\/#\/schema\/person\/44372e4d4d0fa797b18e03ed1ace9017"},"breadcrumb":{"@id":"https:\/\/www.article-marketing.eu\/comunicati\/arte-e-cultura\/rimini-non-solo-spiagge-ma-citt%e0-europea-della-cultura\/#breadcrumb"},"inLanguage":"it-IT","potentialAction":[{"@type":"ReadAction","target":["https:\/\/www.article-marketing.eu\/comunicati\/arte-e-cultura\/rimini-non-solo-spiagge-ma-citt%e0-europea-della-cultura\/"]}]},{"@type":"BreadcrumbList","@id":"https:\/\/www.article-marketing.eu\/comunicati\/arte-e-cultura\/rimini-non-solo-spiagge-ma-citt%e0-europea-della-cultura\/#breadcrumb","itemListElement":[{"@type":"ListItem","position":1,"name":"Home","item":"https:\/\/www.article-marketing.eu\/comunicati\/"},{"@type":"ListItem","position":2,"name":"Rimini: non solo spiagge ma citt\u00e0 europea della cultura"}]},{"@type":"WebSite","@id":"https:\/\/www.article-marketing.eu\/comunicati\/#website","url":"https:\/\/www.article-marketing.eu\/comunicati\/","name":"Article Marketing","description":"article marketing &amp; press release","potentialAction":[{"@type":"SearchAction","target":{"@type":"EntryPoint","urlTemplate":"https:\/\/www.article-marketing.eu\/comunicati\/?s={search_term_string}"},"query-input":{"@type":"PropertyValueSpecification","valueRequired":true,"valueName":"search_term_string"}}],"inLanguage":"it-IT"},{"@type":"Person","@id":"https:\/\/www.article-marketing.eu\/comunicati\/#\/schema\/person\/44372e4d4d0fa797b18e03ed1ace9017","name":"Redazione Comunicati Stampa","image":{"@type":"ImageObject","inLanguage":"it-IT","@id":"https:\/\/www.article-marketing.eu\/comunicati\/#\/schema\/person\/image\/","url":"https:\/\/secure.gravatar.com\/avatar\/50e5c6421d3072f42e7ace803501602c60d75233d34e29fd05feb91c8760b792?s=96&d=mm&r=g","contentUrl":"https:\/\/secure.gravatar.com\/avatar\/50e5c6421d3072f42e7ace803501602c60d75233d34e29fd05feb91c8760b792?s=96&d=mm&r=g","caption":"Redazione Comunicati Stampa"},"url":"https:\/\/www.article-marketing.eu\/comunicati\/author\/redazione-comunicati-stampa\/"}]}},"_links":{"self":[{"href":"https:\/\/www.article-marketing.eu\/comunicati\/wp-json\/wp\/v2\/posts\/1465","targetHints":{"allow":["GET"]}}],"collection":[{"href":"https:\/\/www.article-marketing.eu\/comunicati\/wp-json\/wp\/v2\/posts"}],"about":[{"href":"https:\/\/www.article-marketing.eu\/comunicati\/wp-json\/wp\/v2\/types\/post"}],"author":[{"embeddable":true,"href":"https:\/\/www.article-marketing.eu\/comunicati\/wp-json\/wp\/v2\/users\/10"}],"replies":[{"embeddable":true,"href":"https:\/\/www.article-marketing.eu\/comunicati\/wp-json\/wp\/v2\/comments?post=1465"}],"version-history":[{"count":0,"href":"https:\/\/www.article-marketing.eu\/comunicati\/wp-json\/wp\/v2\/posts\/1465\/revisions"}],"wp:attachment":[{"href":"https:\/\/www.article-marketing.eu\/comunicati\/wp-json\/wp\/v2\/media?parent=1465"}],"wp:term":[{"taxonomy":"category","embeddable":true,"href":"https:\/\/www.article-marketing.eu\/comunicati\/wp-json\/wp\/v2\/categories?post=1465"},{"taxonomy":"post_tag","embeddable":true,"href":"https:\/\/www.article-marketing.eu\/comunicati\/wp-json\/wp\/v2\/tags?post=1465"}],"curies":[{"name":"wp","href":"https:\/\/api.w.org\/{rel}","templated":true}]}}