{"id":1468,"date":"2009-03-02T15:15:07","date_gmt":"2009-03-02T14:15:07","guid":{"rendered":"http:\/\/www.article-marketing.eu\/comunicati\/senza-categoria\/cefalu-la-regina-della-costa-tirrenica\/"},"modified":"2009-03-02T15:15:07","modified_gmt":"2009-03-02T14:15:07","slug":"cefalu-la-regina-della-costa-tirrenica","status":"publish","type":"post","link":"https:\/\/www.article-marketing.eu\/comunicati\/viaggi-e-vacanze\/viaggi-e-turismo\/cefalu-la-regina-della-costa-tirrenica\/","title":{"rendered":"Cefal\u00f9, la regina della costa tirrenica"},"content":{"rendered":"<p>Cefal\u00f9 \u00e8 una bella cittadina di mare situata sul promontorio che chiude a est il Golfo di Termini Imerese, nel nord della <a href=\"http:\/\/it.siciliae.com\/\">sicilia<\/a>. Si trova in una posizione privilegiata nella provincia palermitana, costruita ai piedi della Rocca, una rocca massiccia ed imponente che nel corso dei secoli ha sempre svolto un ruolo difensivo. Oggi Cefal\u00f9 \u00e8 presa d&#8217;assalto dai vacanzieri (soprattutto estivi) e ricopre a pieno titolo il ruolo di destinazione pi\u00f9 alla moda della costa tirrenica.<\/p>\n<p>Ma non \u00e8 semplicemente una localit\u00e0 costiera. Grazie alla sua posizione eccezionale, ai suoi vicoli medievali, ai suoi monumenti ben conservati e, non ultimo, l&#8217;essere all&#8217;interno del meraviglioso Parco delle Madonie, ne fa una tappa imperdibile di una vacanza sicilia. Accanto alle sue bellezze offre un ottima organizzazione turistica: numerosi sono gli alberghi Cefal\u00f9, i villaggi, le case, i ristoranti e i luoghi per lo svago.<\/p>\n<p>Ci\u00f2 che colpisce venendo per la prima volta a Cefal\u00f9 \u00e8 il contrasto mare\/montagna, entrambi selvaggi e imponenti. Il suo nome deriva dalla antica citt\u00e0 greca, Kephalodion, termine greco che significa &#8220;capo&#8221;. Il termine fa riferimento alla conformazione naturale della roccia che domina il luogo che ospita la citt\u00e0. <\/p>\n<p>Esistono testimonianze di insediamenti pre-ellenici che attestano la presenza umana in questo territorio sin dalla preistoria, come quelli rinvenuti in alcune grotte e nella cisterna dolmenica inclusa nel Tempio di Diana (IX sec. a. C.), un santuario megalitico di cui rimangono i resti sulla rupe che sovrasta l&#8217;abitato.<\/p>\n<p>Il fascino che esercita Cefal\u00f9 deve molto ai suoi spazi urbani e delle sue architetture. Il centro storico \u00e8 bagnato su due lati dal mare ed \u00e8 attraversato dal corso principale (Corso Ruggero), pieno di negozi. La meravigliosa Cattedrale emerge da un intrico di stradine labirintiche: rappresenta una delle pi\u00f9 belle espressioni di arte arabo-normanna. Scendendo dalla Rocca verso Corso Ruggero si vedono varie costruzioni medievali e piccole ma suggestive strade ed archi che legano i vari edifici.<\/p>\n<p>Tra le stradine del centro storico si incontrano tante chiese, conventi e bei palazzi signorili, tra cui spicca l&#8217;Osterio Magno (XIV sec.). Da vedere nella zona di Piazza Duomo il Museo Mandralisca, che contiene ceramiche greche, terrecotte arabe e varie opere d arte, su tutte Il Ritratto di Ignoto di Antonello da Messina.<\/p>\n<p>Caratteristiche case dei pescatori delimitano Via Vittorio Emanuele e Via Bordonaro, due belle strade che seguono le antiche mura costiere di Cefal\u00f9 di cui rimangono alcuni tratti, come la Porta Pescara, due bastioni panoramici e il lavatoio medievale, alimentato da un corso d&#8217;acqua sotterraneo che dalle montagne giunge sino al mare.<\/p>\n<p>Da via Vittorio Emanuele si arriva a Piazza C. Colombo in corrispondenza della quale si sviluppa la famosa spiaggia di sabbia bianca dalla caratteristica forma a mezzaluna, molto affollata d&#8217;estate. La bella baia a est dominata dalla Rocca del centro ospita un porticciolo turistico. Dal centro parte un sentiero che porta sulla rupe dove ci sono i resti del Tempio di Diana e del Castello Normanno: il panorama su Cefal\u00f9 e la costa \u00e8 mozzafiato.<\/p>\n<p>Perfettamente a met\u00e0 strada tra l&#8217;interno e la costa, \u00e8 un punto di partenza ideale per visitare l&#8217;entroterra e le altre citt\u00e0 della costa tirrenica. Inoltre Cefal\u00f9 \u00e8 uno dei 15 Comuni siciliani che fanno parte del Parco delle Madonie: un paradiso botanico con vette che raggiungono i 1.979 metri di quota. Non \u00e8 solo un importante centro naturalistico ma anche storico perch\u00e9 in esso sono preservate le testimonianza del passaggio umano nella zona nel corso dei millenni, come le masserie, le chiesette rupestri, i mulini, e numerosi paesini ancora integri.<\/p>\n","protected":false},"excerpt":{"rendered":"<p>Un contrasto imperdibile tra montagna e mare: Cefal\u00f9 si trova in una posizione privilegiata sulla costa tirrenica a est di Palermo. Mare, natura e tantissima storia sono gli ingredienti principali di questa localit\u00e0, assolutamente da scoprire.<\/p>\n","protected":false},"author":10,"featured_media":0,"comment_status":"open","ping_status":"open","sticky":false,"template":"","format":"standard","meta":{"cybocfi_hide_featured_image":"","footnotes":""},"categories":[2],"tags":[471,4818,255,799,1740,3,4],"class_list":["post-1468","post","type-post","status-publish","format-standard","hentry","category-viaggi-e-turismo","tag-alberghi","tag-cefalu","tag-hotel","tag-mare","tag-sicilia","tag-vacanze","tag-viaggi"],"yoast_head":"<!-- This site is optimized with the Yoast SEO plugin v27.0 - https:\/\/yoast.com\/product\/yoast-seo-wordpress\/ -->\n<title>Cefal\u00f9, la regina della costa tirrenica - Article Marketing<\/title>\n<meta name=\"robots\" content=\"index, follow, max-snippet:-1, max-image-preview:large, max-video-preview:-1\" \/>\n<link rel=\"canonical\" href=\"https:\/\/www.article-marketing.eu\/comunicati\/viaggi-e-vacanze\/viaggi-e-turismo\/cefalu-la-regina-della-costa-tirrenica\/\" \/>\n<meta property=\"og:locale\" content=\"it_IT\" \/>\n<meta property=\"og:type\" content=\"article\" \/>\n<meta property=\"og:title\" content=\"Cefal\u00f9, la regina della costa tirrenica - Article Marketing\" \/>\n<meta property=\"og:description\" content=\"Un contrasto imperdibile tra montagna e mare: Cefal\u00f9 si trova in una posizione privilegiata sulla costa tirrenica a est di Palermo. Mare, natura e tantissima storia sono gli ingredienti principali di questa localit\u00e0, assolutamente da scoprire.\" \/>\n<meta property=\"og:url\" content=\"https:\/\/www.article-marketing.eu\/comunicati\/viaggi-e-vacanze\/viaggi-e-turismo\/cefalu-la-regina-della-costa-tirrenica\/\" \/>\n<meta property=\"og:site_name\" content=\"Article Marketing\" \/>\n<meta property=\"article:published_time\" content=\"2009-03-02T14:15:07+00:00\" \/>\n<meta name=\"author\" content=\"Redazione Comunicati Stampa\" \/>\n<meta name=\"twitter:card\" content=\"summary_large_image\" \/>\n<meta name=\"twitter:label1\" content=\"Scritto da\" \/>\n\t<meta name=\"twitter:data1\" content=\"Redazione Comunicati Stampa\" \/>\n\t<meta name=\"twitter:label2\" content=\"Tempo di lettura stimato\" \/>\n\t<meta name=\"twitter:data2\" content=\"3 minuti\" \/>\n<script type=\"application\/ld+json\" class=\"yoast-schema-graph\">{\"@context\":\"https:\/\/schema.org\",\"@graph\":[{\"@type\":\"Article\",\"@id\":\"https:\/\/www.article-marketing.eu\/comunicati\/viaggi-e-vacanze\/viaggi-e-turismo\/cefalu-la-regina-della-costa-tirrenica\/#article\",\"isPartOf\":{\"@id\":\"https:\/\/www.article-marketing.eu\/comunicati\/viaggi-e-vacanze\/viaggi-e-turismo\/cefalu-la-regina-della-costa-tirrenica\/\"},\"author\":{\"name\":\"Redazione Comunicati Stampa\",\"@id\":\"https:\/\/www.article-marketing.eu\/comunicati\/#\/schema\/person\/44372e4d4d0fa797b18e03ed1ace9017\"},\"headline\":\"Cefal\u00f9, la regina della costa tirrenica\",\"datePublished\":\"2009-03-02T14:15:07+00:00\",\"mainEntityOfPage\":{\"@id\":\"https:\/\/www.article-marketing.eu\/comunicati\/viaggi-e-vacanze\/viaggi-e-turismo\/cefalu-la-regina-della-costa-tirrenica\/\"},\"wordCount\":583,\"commentCount\":0,\"keywords\":[\"alberghi\",\"cefal\u00f9\",\"hotel\",\"mare\",\"sicilia\",\"vacanze\",\"viaggi\"],\"articleSection\":[\"Viaggi e Turismo\"],\"inLanguage\":\"it-IT\",\"potentialAction\":[{\"@type\":\"CommentAction\",\"name\":\"Comment\",\"target\":[\"https:\/\/www.article-marketing.eu\/comunicati\/viaggi-e-vacanze\/viaggi-e-turismo\/cefalu-la-regina-della-costa-tirrenica\/#respond\"]}]},{\"@type\":\"WebPage\",\"@id\":\"https:\/\/www.article-marketing.eu\/comunicati\/viaggi-e-vacanze\/viaggi-e-turismo\/cefalu-la-regina-della-costa-tirrenica\/\",\"url\":\"https:\/\/www.article-marketing.eu\/comunicati\/viaggi-e-vacanze\/viaggi-e-turismo\/cefalu-la-regina-della-costa-tirrenica\/\",\"name\":\"Cefal\u00f9, la regina della costa tirrenica - Article Marketing\",\"isPartOf\":{\"@id\":\"https:\/\/www.article-marketing.eu\/comunicati\/#website\"},\"datePublished\":\"2009-03-02T14:15:07+00:00\",\"author\":{\"@id\":\"https:\/\/www.article-marketing.eu\/comunicati\/#\/schema\/person\/44372e4d4d0fa797b18e03ed1ace9017\"},\"breadcrumb\":{\"@id\":\"https:\/\/www.article-marketing.eu\/comunicati\/viaggi-e-vacanze\/viaggi-e-turismo\/cefalu-la-regina-della-costa-tirrenica\/#breadcrumb\"},\"inLanguage\":\"it-IT\",\"potentialAction\":[{\"@type\":\"ReadAction\",\"target\":[\"https:\/\/www.article-marketing.eu\/comunicati\/viaggi-e-vacanze\/viaggi-e-turismo\/cefalu-la-regina-della-costa-tirrenica\/\"]}]},{\"@type\":\"BreadcrumbList\",\"@id\":\"https:\/\/www.article-marketing.eu\/comunicati\/viaggi-e-vacanze\/viaggi-e-turismo\/cefalu-la-regina-della-costa-tirrenica\/#breadcrumb\",\"itemListElement\":[{\"@type\":\"ListItem\",\"position\":1,\"name\":\"Home\",\"item\":\"https:\/\/www.article-marketing.eu\/comunicati\/\"},{\"@type\":\"ListItem\",\"position\":2,\"name\":\"Cefal\u00f9, la regina della costa tirrenica\"}]},{\"@type\":\"WebSite\",\"@id\":\"https:\/\/www.article-marketing.eu\/comunicati\/#website\",\"url\":\"https:\/\/www.article-marketing.eu\/comunicati\/\",\"name\":\"Article Marketing\",\"description\":\"article marketing &amp; press release\",\"potentialAction\":[{\"@type\":\"SearchAction\",\"target\":{\"@type\":\"EntryPoint\",\"urlTemplate\":\"https:\/\/www.article-marketing.eu\/comunicati\/?s={search_term_string}\"},\"query-input\":{\"@type\":\"PropertyValueSpecification\",\"valueRequired\":true,\"valueName\":\"search_term_string\"}}],\"inLanguage\":\"it-IT\"},{\"@type\":\"Person\",\"@id\":\"https:\/\/www.article-marketing.eu\/comunicati\/#\/schema\/person\/44372e4d4d0fa797b18e03ed1ace9017\",\"name\":\"Redazione Comunicati Stampa\",\"image\":{\"@type\":\"ImageObject\",\"inLanguage\":\"it-IT\",\"@id\":\"https:\/\/www.article-marketing.eu\/comunicati\/#\/schema\/person\/image\/\",\"url\":\"https:\/\/secure.gravatar.com\/avatar\/50e5c6421d3072f42e7ace803501602c60d75233d34e29fd05feb91c8760b792?s=96&d=mm&r=g\",\"contentUrl\":\"https:\/\/secure.gravatar.com\/avatar\/50e5c6421d3072f42e7ace803501602c60d75233d34e29fd05feb91c8760b792?s=96&d=mm&r=g\",\"caption\":\"Redazione Comunicati Stampa\"},\"url\":\"https:\/\/www.article-marketing.eu\/comunicati\/author\/redazione-comunicati-stampa\/\"}]}<\/script>\n<!-- \/ Yoast SEO plugin. -->","yoast_head_json":{"title":"Cefal\u00f9, la regina della costa tirrenica - Article Marketing","robots":{"index":"index","follow":"follow","max-snippet":"max-snippet:-1","max-image-preview":"max-image-preview:large","max-video-preview":"max-video-preview:-1"},"canonical":"https:\/\/www.article-marketing.eu\/comunicati\/viaggi-e-vacanze\/viaggi-e-turismo\/cefalu-la-regina-della-costa-tirrenica\/","og_locale":"it_IT","og_type":"article","og_title":"Cefal\u00f9, la regina della costa tirrenica - Article Marketing","og_description":"Un contrasto imperdibile tra montagna e mare: Cefal\u00f9 si trova in una posizione privilegiata sulla costa tirrenica a est di Palermo. Mare, natura e tantissima storia sono gli ingredienti principali di questa localit\u00e0, assolutamente da scoprire.","og_url":"https:\/\/www.article-marketing.eu\/comunicati\/viaggi-e-vacanze\/viaggi-e-turismo\/cefalu-la-regina-della-costa-tirrenica\/","og_site_name":"Article Marketing","article_published_time":"2009-03-02T14:15:07+00:00","author":"Redazione Comunicati Stampa","twitter_card":"summary_large_image","twitter_misc":{"Scritto da":"Redazione Comunicati Stampa","Tempo di lettura stimato":"3 minuti"},"schema":{"@context":"https:\/\/schema.org","@graph":[{"@type":"Article","@id":"https:\/\/www.article-marketing.eu\/comunicati\/viaggi-e-vacanze\/viaggi-e-turismo\/cefalu-la-regina-della-costa-tirrenica\/#article","isPartOf":{"@id":"https:\/\/www.article-marketing.eu\/comunicati\/viaggi-e-vacanze\/viaggi-e-turismo\/cefalu-la-regina-della-costa-tirrenica\/"},"author":{"name":"Redazione Comunicati Stampa","@id":"https:\/\/www.article-marketing.eu\/comunicati\/#\/schema\/person\/44372e4d4d0fa797b18e03ed1ace9017"},"headline":"Cefal\u00f9, la regina della costa tirrenica","datePublished":"2009-03-02T14:15:07+00:00","mainEntityOfPage":{"@id":"https:\/\/www.article-marketing.eu\/comunicati\/viaggi-e-vacanze\/viaggi-e-turismo\/cefalu-la-regina-della-costa-tirrenica\/"},"wordCount":583,"commentCount":0,"keywords":["alberghi","cefal\u00f9","hotel","mare","sicilia","vacanze","viaggi"],"articleSection":["Viaggi e Turismo"],"inLanguage":"it-IT","potentialAction":[{"@type":"CommentAction","name":"Comment","target":["https:\/\/www.article-marketing.eu\/comunicati\/viaggi-e-vacanze\/viaggi-e-turismo\/cefalu-la-regina-della-costa-tirrenica\/#respond"]}]},{"@type":"WebPage","@id":"https:\/\/www.article-marketing.eu\/comunicati\/viaggi-e-vacanze\/viaggi-e-turismo\/cefalu-la-regina-della-costa-tirrenica\/","url":"https:\/\/www.article-marketing.eu\/comunicati\/viaggi-e-vacanze\/viaggi-e-turismo\/cefalu-la-regina-della-costa-tirrenica\/","name":"Cefal\u00f9, la regina della costa tirrenica - Article Marketing","isPartOf":{"@id":"https:\/\/www.article-marketing.eu\/comunicati\/#website"},"datePublished":"2009-03-02T14:15:07+00:00","author":{"@id":"https:\/\/www.article-marketing.eu\/comunicati\/#\/schema\/person\/44372e4d4d0fa797b18e03ed1ace9017"},"breadcrumb":{"@id":"https:\/\/www.article-marketing.eu\/comunicati\/viaggi-e-vacanze\/viaggi-e-turismo\/cefalu-la-regina-della-costa-tirrenica\/#breadcrumb"},"inLanguage":"it-IT","potentialAction":[{"@type":"ReadAction","target":["https:\/\/www.article-marketing.eu\/comunicati\/viaggi-e-vacanze\/viaggi-e-turismo\/cefalu-la-regina-della-costa-tirrenica\/"]}]},{"@type":"BreadcrumbList","@id":"https:\/\/www.article-marketing.eu\/comunicati\/viaggi-e-vacanze\/viaggi-e-turismo\/cefalu-la-regina-della-costa-tirrenica\/#breadcrumb","itemListElement":[{"@type":"ListItem","position":1,"name":"Home","item":"https:\/\/www.article-marketing.eu\/comunicati\/"},{"@type":"ListItem","position":2,"name":"Cefal\u00f9, la regina della costa tirrenica"}]},{"@type":"WebSite","@id":"https:\/\/www.article-marketing.eu\/comunicati\/#website","url":"https:\/\/www.article-marketing.eu\/comunicati\/","name":"Article Marketing","description":"article marketing &amp; press release","potentialAction":[{"@type":"SearchAction","target":{"@type":"EntryPoint","urlTemplate":"https:\/\/www.article-marketing.eu\/comunicati\/?s={search_term_string}"},"query-input":{"@type":"PropertyValueSpecification","valueRequired":true,"valueName":"search_term_string"}}],"inLanguage":"it-IT"},{"@type":"Person","@id":"https:\/\/www.article-marketing.eu\/comunicati\/#\/schema\/person\/44372e4d4d0fa797b18e03ed1ace9017","name":"Redazione Comunicati Stampa","image":{"@type":"ImageObject","inLanguage":"it-IT","@id":"https:\/\/www.article-marketing.eu\/comunicati\/#\/schema\/person\/image\/","url":"https:\/\/secure.gravatar.com\/avatar\/50e5c6421d3072f42e7ace803501602c60d75233d34e29fd05feb91c8760b792?s=96&d=mm&r=g","contentUrl":"https:\/\/secure.gravatar.com\/avatar\/50e5c6421d3072f42e7ace803501602c60d75233d34e29fd05feb91c8760b792?s=96&d=mm&r=g","caption":"Redazione Comunicati Stampa"},"url":"https:\/\/www.article-marketing.eu\/comunicati\/author\/redazione-comunicati-stampa\/"}]}},"_links":{"self":[{"href":"https:\/\/www.article-marketing.eu\/comunicati\/wp-json\/wp\/v2\/posts\/1468","targetHints":{"allow":["GET"]}}],"collection":[{"href":"https:\/\/www.article-marketing.eu\/comunicati\/wp-json\/wp\/v2\/posts"}],"about":[{"href":"https:\/\/www.article-marketing.eu\/comunicati\/wp-json\/wp\/v2\/types\/post"}],"author":[{"embeddable":true,"href":"https:\/\/www.article-marketing.eu\/comunicati\/wp-json\/wp\/v2\/users\/10"}],"replies":[{"embeddable":true,"href":"https:\/\/www.article-marketing.eu\/comunicati\/wp-json\/wp\/v2\/comments?post=1468"}],"version-history":[{"count":0,"href":"https:\/\/www.article-marketing.eu\/comunicati\/wp-json\/wp\/v2\/posts\/1468\/revisions"}],"wp:attachment":[{"href":"https:\/\/www.article-marketing.eu\/comunicati\/wp-json\/wp\/v2\/media?parent=1468"}],"wp:term":[{"taxonomy":"category","embeddable":true,"href":"https:\/\/www.article-marketing.eu\/comunicati\/wp-json\/wp\/v2\/categories?post=1468"},{"taxonomy":"post_tag","embeddable":true,"href":"https:\/\/www.article-marketing.eu\/comunicati\/wp-json\/wp\/v2\/tags?post=1468"}],"curies":[{"name":"wp","href":"https:\/\/api.w.org\/{rel}","templated":true}]}}