{"id":1480,"date":"2009-03-13T17:45:53","date_gmt":"2009-03-13T16:45:53","guid":{"rendered":"http:\/\/www.article-marketing.eu\/comunicati\/senza-categoria\/inchiesta-sul-modern-living-allinnovative-day\/"},"modified":"2009-03-13T17:45:53","modified_gmt":"2009-03-13T16:45:53","slug":"inchiesta-sul-modern-living-allinnovative-day","status":"publish","type":"post","link":"https:\/\/www.article-marketing.eu\/comunicati\/comunicati-stampa\/eventi\/inchiesta-sul-modern-living-allinnovative-day\/","title":{"rendered":"Inchiesta sul \u201cmodern living\u201d all\u2019Innovative Day"},"content":{"rendered":"<p style=\"TEXT-ALIGN: justify\">In occasione dell\u2019Innovative Day di Monza, tenuto in collaborazione con Innovhub, \u00e8 stata avviata un\u2019inchiesta sul design e le molteplici necessit\u00e0 del &#8216;Modern Living&#8217;. In particolar modo in questo momento di cambiamenti epocali \u00e8 giusto riconsiderare il ruolo del design come strumento di una nuova concezione del vivere.<\/p>\n<p style=\"TEXT-ALIGN: justify\">Sergio Tonfi, Philips Italy, interviene cos\u00ec sull\u2019argomento: &quot;<em>Il design deve adeguarsi continuamente al lifestyle della societ\u00e0 e mai come in questo momento deve tornare a dare senso e significato ai progetti e agli oggetti che realizza, non privilegiando la ricerca per s\u00e9 (stessi), ma soluzioni \u2018people &#8211; centric\u2019 che sappiano davvero migliorare la qualit\u00e0 della vita<\/em>&quot;<em>.<\/em> Fabrizio Bellavista, Psycho Research e consulente di comunicazione digitale continua: \u201c<em>Il Modern living comporta un salto quantico delle modalit\u00e0 di vita\u2026 Wikinomics parla di nuovo co-munismo (con nessuna parentela con quello politico), un concetto ripreso anche nell\u2019ultimo convegno tenuto da Joy Ito a Milano. In questo contesto la \u2018vita condivisa\u2019 appare totalizzante, quasi si dovesse parlare di un \u2018design of the new living\u2019\u2026<\/em>\u201d.<\/p>\n<p style=\"TEXT-ALIGN: justify\"><strong>&quot;Modern living&quot; o &quot;Post-modern living&quot;?<\/strong><strong> <\/strong><\/p>\n<p style=\"TEXT-ALIGN: justify\">Massimo Giordani, Time&amp;Mind, ritiene che: \u201c<em>La domanda non \u00e8 un gioco di parole perch\u00e9 ormai il termine &quot;moderno&quot;, tendenzialmente associato ad un&#8217;era dove gli obiettivi principali erano il consumo di beni studiati per alleggerire la nostra vita dalle mansioni domestiche piuttosto che per stupirci con &quot;effetti speciali&quot;, \u00e8 ormai superato. L&#8217;attenzione per la sostenibilit\u00e0 ambientale, il miglioramento delle qualit\u00e0 &quot;salutistiche&quot; di un ambiente, la sua capacit\u00e0 di trasmettere sensazioni positive a chi lo frequenta sono, oggi, obiettivi pi\u00f9 importanti e il design sta imparando a tenerne conto<\/em>\u201d. <\/p>\n<p style=\"TEXT-ALIGN: justify\"><strong>L&#8217;abitudine \u00e8 la cosa che rende pi\u00f9 difficile il design di oggetti vecchi e nuovi.<\/strong><\/p>\n<p style=\"TEXT-ALIGN: justify\">Davide &#8216;Folletto&#8217; Casali, Maison,the: \u201c<em>Per gli utenti l&#8217;abitudine \u00e8 un problema, perch\u00e9 rappresenta una forma di inerzia mentale in grado di rallentare l&#8217;apprendimento di nuove modalit\u00e0 di interazione, nuovi oggetti, nuovi spazi. Ma ugual problema lo vivono i designers stessi\u2026 Interessante, in questo senso, \u00e8 stato Bruno Munari, che riusc\u00ec a sganciarsi dalle abitudini del vivere occidentale progettando, a conclusione della sua ricerca, uno spazio modulare a partire dalla geometria della casa giapponese<\/em>\u201d. L\u2019architetto Giacomo Longoni, G Design: \u201c<em>Il Design avr\u00e0 tanto pi\u00f9 successo quanto pi\u00f9 sar\u00e0 capace di leggere le necessit\u00e0 che nasceranno dai nuovi comportamenti<\/em>\u201d. Paolo Barichella, Eating Evolution, conclude: \u201c<em>Modern Living significa \u2018attualizzazione del lifestyle\u2019 alla contemporaneit\u00e0, dove evoluzione e progresso ne sono le pi\u00f9 efficaci chiavi di lettura. Il design \u00e8 il mezzo per costruire interfacce efficaci in grado di servire la persona<\/em>\u201d. <\/p>\n<p>  <strong>Innovative Day<\/strong><\/p>\n<p style=\"TEXT-ALIGN: justify\">L\u2019Innovative Day, nato un\u2019idea di Fabrizio Bellavista e Massimo Giordani, \u00e8 un open day organizzato per diffondere la cultura della tecnologia, della creativit\u00e0 e dell\u2019innovazione con una metodologia basata sul \u2018learning by doing\u2019. Giunto alla sua quinta edizione, \u00e8 stato inserito nelle attivit\u00e0 della rete europea EEN \u201cEnterprise europe network\u201d relativa al programma comunitario CIP \u201ccompetitiveness and innovation frame work programme 2007-2011\u201d, in collaborazione con InnvHub.<\/p>\n<p>Info: <a href=\"http:\/\/innovativeday.blogspot.com\/\">http:\/\/innovativeday.blogspot.com\/<\/a>; <\/p>\n<p>http:\/\/creativitaly.wordpress.com\/<\/p>\n","protected":false},"excerpt":{"rendered":"<p>Una breve inchiesta iniziata in occasione dell\u2019Innovative Day di Monza, la giornata dedicata all\u2019innovazione applicata, tenuta in collaborazione con Innovhub.<\/p>\n","protected":false},"author":10,"featured_media":0,"comment_status":"open","ping_status":"open","sticky":false,"template":"","format":"standard","meta":{"cybocfi_hide_featured_image":"","footnotes":""},"categories":[388],"tags":[4849,4845,1954,1341,1107,4846,3472,1826,4848,4850,4847],"class_list":["post-1480","post","type-post","status-publish","format-standard","hentry","category-eventi","tag-barichella","tag-bellavista","tag-casali","tag-creativita","tag-design","tag-giordani","tag-innovative-day","tag-innovazione","tag-longoni","tag-modern-living","tag-tonfi"],"yoast_head":"<!-- This site is optimized with the Yoast SEO plugin v27.0 - https:\/\/yoast.com\/product\/yoast-seo-wordpress\/ -->\n<title>Inchiesta sul \u201cmodern living\u201d all\u2019Innovative Day - Article Marketing<\/title>\n<meta name=\"robots\" content=\"index, follow, max-snippet:-1, max-image-preview:large, max-video-preview:-1\" \/>\n<link rel=\"canonical\" href=\"https:\/\/www.article-marketing.eu\/comunicati\/comunicati-stampa\/eventi\/inchiesta-sul-modern-living-allinnovative-day\/\" \/>\n<meta property=\"og:locale\" content=\"it_IT\" \/>\n<meta property=\"og:type\" content=\"article\" \/>\n<meta property=\"og:title\" content=\"Inchiesta sul \u201cmodern living\u201d all\u2019Innovative Day - Article Marketing\" \/>\n<meta property=\"og:description\" content=\"Una breve inchiesta iniziata in occasione dell\u2019Innovative Day di Monza, la giornata dedicata all\u2019innovazione applicata, tenuta in collaborazione con Innovhub.\" \/>\n<meta property=\"og:url\" content=\"https:\/\/www.article-marketing.eu\/comunicati\/comunicati-stampa\/eventi\/inchiesta-sul-modern-living-allinnovative-day\/\" \/>\n<meta property=\"og:site_name\" content=\"Article Marketing\" \/>\n<meta property=\"article:published_time\" content=\"2009-03-13T16:45:53+00:00\" \/>\n<meta name=\"author\" content=\"Redazione Comunicati Stampa\" \/>\n<meta name=\"twitter:card\" content=\"summary_large_image\" \/>\n<meta name=\"twitter:label1\" content=\"Scritto da\" \/>\n\t<meta name=\"twitter:data1\" content=\"Redazione Comunicati Stampa\" \/>\n\t<meta name=\"twitter:label2\" content=\"Tempo di lettura stimato\" \/>\n\t<meta name=\"twitter:data2\" content=\"3 minuti\" \/>\n<script type=\"application\/ld+json\" class=\"yoast-schema-graph\">{\"@context\":\"https:\/\/schema.org\",\"@graph\":[{\"@type\":\"Article\",\"@id\":\"https:\/\/www.article-marketing.eu\/comunicati\/comunicati-stampa\/eventi\/inchiesta-sul-modern-living-allinnovative-day\/#article\",\"isPartOf\":{\"@id\":\"https:\/\/www.article-marketing.eu\/comunicati\/comunicati-stampa\/eventi\/inchiesta-sul-modern-living-allinnovative-day\/\"},\"author\":{\"name\":\"Redazione Comunicati Stampa\",\"@id\":\"https:\/\/www.article-marketing.eu\/comunicati\/#\/schema\/person\/44372e4d4d0fa797b18e03ed1ace9017\"},\"headline\":\"Inchiesta sul \u201cmodern living\u201d all\u2019Innovative Day\",\"datePublished\":\"2009-03-13T16:45:53+00:00\",\"mainEntityOfPage\":{\"@id\":\"https:\/\/www.article-marketing.eu\/comunicati\/comunicati-stampa\/eventi\/inchiesta-sul-modern-living-allinnovative-day\/\"},\"wordCount\":508,\"commentCount\":0,\"keywords\":[\"barichella\",\"bellavista\",\"casali\",\"creativit\u00e0\",\"design\",\"giordani\",\"innovative day\",\"innovazione\",\"longoni\",\"modern living\",\"tonfi\"],\"articleSection\":[\"Eventi\"],\"inLanguage\":\"it-IT\",\"potentialAction\":[{\"@type\":\"CommentAction\",\"name\":\"Comment\",\"target\":[\"https:\/\/www.article-marketing.eu\/comunicati\/comunicati-stampa\/eventi\/inchiesta-sul-modern-living-allinnovative-day\/#respond\"]}]},{\"@type\":\"WebPage\",\"@id\":\"https:\/\/www.article-marketing.eu\/comunicati\/comunicati-stampa\/eventi\/inchiesta-sul-modern-living-allinnovative-day\/\",\"url\":\"https:\/\/www.article-marketing.eu\/comunicati\/comunicati-stampa\/eventi\/inchiesta-sul-modern-living-allinnovative-day\/\",\"name\":\"Inchiesta sul \u201cmodern living\u201d all\u2019Innovative Day - Article Marketing\",\"isPartOf\":{\"@id\":\"https:\/\/www.article-marketing.eu\/comunicati\/#website\"},\"datePublished\":\"2009-03-13T16:45:53+00:00\",\"author\":{\"@id\":\"https:\/\/www.article-marketing.eu\/comunicati\/#\/schema\/person\/44372e4d4d0fa797b18e03ed1ace9017\"},\"breadcrumb\":{\"@id\":\"https:\/\/www.article-marketing.eu\/comunicati\/comunicati-stampa\/eventi\/inchiesta-sul-modern-living-allinnovative-day\/#breadcrumb\"},\"inLanguage\":\"it-IT\",\"potentialAction\":[{\"@type\":\"ReadAction\",\"target\":[\"https:\/\/www.article-marketing.eu\/comunicati\/comunicati-stampa\/eventi\/inchiesta-sul-modern-living-allinnovative-day\/\"]}]},{\"@type\":\"BreadcrumbList\",\"@id\":\"https:\/\/www.article-marketing.eu\/comunicati\/comunicati-stampa\/eventi\/inchiesta-sul-modern-living-allinnovative-day\/#breadcrumb\",\"itemListElement\":[{\"@type\":\"ListItem\",\"position\":1,\"name\":\"Home\",\"item\":\"https:\/\/www.article-marketing.eu\/comunicati\/\"},{\"@type\":\"ListItem\",\"position\":2,\"name\":\"Inchiesta sul \u201cmodern living\u201d all\u2019Innovative Day\"}]},{\"@type\":\"WebSite\",\"@id\":\"https:\/\/www.article-marketing.eu\/comunicati\/#website\",\"url\":\"https:\/\/www.article-marketing.eu\/comunicati\/\",\"name\":\"Article Marketing\",\"description\":\"article marketing &amp; press release\",\"potentialAction\":[{\"@type\":\"SearchAction\",\"target\":{\"@type\":\"EntryPoint\",\"urlTemplate\":\"https:\/\/www.article-marketing.eu\/comunicati\/?s={search_term_string}\"},\"query-input\":{\"@type\":\"PropertyValueSpecification\",\"valueRequired\":true,\"valueName\":\"search_term_string\"}}],\"inLanguage\":\"it-IT\"},{\"@type\":\"Person\",\"@id\":\"https:\/\/www.article-marketing.eu\/comunicati\/#\/schema\/person\/44372e4d4d0fa797b18e03ed1ace9017\",\"name\":\"Redazione Comunicati Stampa\",\"image\":{\"@type\":\"ImageObject\",\"inLanguage\":\"it-IT\",\"@id\":\"https:\/\/www.article-marketing.eu\/comunicati\/#\/schema\/person\/image\/\",\"url\":\"https:\/\/secure.gravatar.com\/avatar\/50e5c6421d3072f42e7ace803501602c60d75233d34e29fd05feb91c8760b792?s=96&d=mm&r=g\",\"contentUrl\":\"https:\/\/secure.gravatar.com\/avatar\/50e5c6421d3072f42e7ace803501602c60d75233d34e29fd05feb91c8760b792?s=96&d=mm&r=g\",\"caption\":\"Redazione Comunicati Stampa\"},\"url\":\"https:\/\/www.article-marketing.eu\/comunicati\/author\/redazione-comunicati-stampa\/\"}]}<\/script>\n<!-- \/ Yoast SEO plugin. -->","yoast_head_json":{"title":"Inchiesta sul \u201cmodern living\u201d all\u2019Innovative Day - Article Marketing","robots":{"index":"index","follow":"follow","max-snippet":"max-snippet:-1","max-image-preview":"max-image-preview:large","max-video-preview":"max-video-preview:-1"},"canonical":"https:\/\/www.article-marketing.eu\/comunicati\/comunicati-stampa\/eventi\/inchiesta-sul-modern-living-allinnovative-day\/","og_locale":"it_IT","og_type":"article","og_title":"Inchiesta sul \u201cmodern living\u201d all\u2019Innovative Day - Article Marketing","og_description":"Una breve inchiesta iniziata in occasione dell\u2019Innovative Day di Monza, la giornata dedicata all\u2019innovazione applicata, tenuta in collaborazione con Innovhub.","og_url":"https:\/\/www.article-marketing.eu\/comunicati\/comunicati-stampa\/eventi\/inchiesta-sul-modern-living-allinnovative-day\/","og_site_name":"Article Marketing","article_published_time":"2009-03-13T16:45:53+00:00","author":"Redazione Comunicati Stampa","twitter_card":"summary_large_image","twitter_misc":{"Scritto da":"Redazione Comunicati Stampa","Tempo di lettura stimato":"3 minuti"},"schema":{"@context":"https:\/\/schema.org","@graph":[{"@type":"Article","@id":"https:\/\/www.article-marketing.eu\/comunicati\/comunicati-stampa\/eventi\/inchiesta-sul-modern-living-allinnovative-day\/#article","isPartOf":{"@id":"https:\/\/www.article-marketing.eu\/comunicati\/comunicati-stampa\/eventi\/inchiesta-sul-modern-living-allinnovative-day\/"},"author":{"name":"Redazione Comunicati Stampa","@id":"https:\/\/www.article-marketing.eu\/comunicati\/#\/schema\/person\/44372e4d4d0fa797b18e03ed1ace9017"},"headline":"Inchiesta sul \u201cmodern living\u201d all\u2019Innovative Day","datePublished":"2009-03-13T16:45:53+00:00","mainEntityOfPage":{"@id":"https:\/\/www.article-marketing.eu\/comunicati\/comunicati-stampa\/eventi\/inchiesta-sul-modern-living-allinnovative-day\/"},"wordCount":508,"commentCount":0,"keywords":["barichella","bellavista","casali","creativit\u00e0","design","giordani","innovative day","innovazione","longoni","modern living","tonfi"],"articleSection":["Eventi"],"inLanguage":"it-IT","potentialAction":[{"@type":"CommentAction","name":"Comment","target":["https:\/\/www.article-marketing.eu\/comunicati\/comunicati-stampa\/eventi\/inchiesta-sul-modern-living-allinnovative-day\/#respond"]}]},{"@type":"WebPage","@id":"https:\/\/www.article-marketing.eu\/comunicati\/comunicati-stampa\/eventi\/inchiesta-sul-modern-living-allinnovative-day\/","url":"https:\/\/www.article-marketing.eu\/comunicati\/comunicati-stampa\/eventi\/inchiesta-sul-modern-living-allinnovative-day\/","name":"Inchiesta sul \u201cmodern living\u201d all\u2019Innovative Day - Article Marketing","isPartOf":{"@id":"https:\/\/www.article-marketing.eu\/comunicati\/#website"},"datePublished":"2009-03-13T16:45:53+00:00","author":{"@id":"https:\/\/www.article-marketing.eu\/comunicati\/#\/schema\/person\/44372e4d4d0fa797b18e03ed1ace9017"},"breadcrumb":{"@id":"https:\/\/www.article-marketing.eu\/comunicati\/comunicati-stampa\/eventi\/inchiesta-sul-modern-living-allinnovative-day\/#breadcrumb"},"inLanguage":"it-IT","potentialAction":[{"@type":"ReadAction","target":["https:\/\/www.article-marketing.eu\/comunicati\/comunicati-stampa\/eventi\/inchiesta-sul-modern-living-allinnovative-day\/"]}]},{"@type":"BreadcrumbList","@id":"https:\/\/www.article-marketing.eu\/comunicati\/comunicati-stampa\/eventi\/inchiesta-sul-modern-living-allinnovative-day\/#breadcrumb","itemListElement":[{"@type":"ListItem","position":1,"name":"Home","item":"https:\/\/www.article-marketing.eu\/comunicati\/"},{"@type":"ListItem","position":2,"name":"Inchiesta sul \u201cmodern living\u201d all\u2019Innovative Day"}]},{"@type":"WebSite","@id":"https:\/\/www.article-marketing.eu\/comunicati\/#website","url":"https:\/\/www.article-marketing.eu\/comunicati\/","name":"Article Marketing","description":"article marketing &amp; press release","potentialAction":[{"@type":"SearchAction","target":{"@type":"EntryPoint","urlTemplate":"https:\/\/www.article-marketing.eu\/comunicati\/?s={search_term_string}"},"query-input":{"@type":"PropertyValueSpecification","valueRequired":true,"valueName":"search_term_string"}}],"inLanguage":"it-IT"},{"@type":"Person","@id":"https:\/\/www.article-marketing.eu\/comunicati\/#\/schema\/person\/44372e4d4d0fa797b18e03ed1ace9017","name":"Redazione Comunicati Stampa","image":{"@type":"ImageObject","inLanguage":"it-IT","@id":"https:\/\/www.article-marketing.eu\/comunicati\/#\/schema\/person\/image\/","url":"https:\/\/secure.gravatar.com\/avatar\/50e5c6421d3072f42e7ace803501602c60d75233d34e29fd05feb91c8760b792?s=96&d=mm&r=g","contentUrl":"https:\/\/secure.gravatar.com\/avatar\/50e5c6421d3072f42e7ace803501602c60d75233d34e29fd05feb91c8760b792?s=96&d=mm&r=g","caption":"Redazione Comunicati Stampa"},"url":"https:\/\/www.article-marketing.eu\/comunicati\/author\/redazione-comunicati-stampa\/"}]}},"_links":{"self":[{"href":"https:\/\/www.article-marketing.eu\/comunicati\/wp-json\/wp\/v2\/posts\/1480","targetHints":{"allow":["GET"]}}],"collection":[{"href":"https:\/\/www.article-marketing.eu\/comunicati\/wp-json\/wp\/v2\/posts"}],"about":[{"href":"https:\/\/www.article-marketing.eu\/comunicati\/wp-json\/wp\/v2\/types\/post"}],"author":[{"embeddable":true,"href":"https:\/\/www.article-marketing.eu\/comunicati\/wp-json\/wp\/v2\/users\/10"}],"replies":[{"embeddable":true,"href":"https:\/\/www.article-marketing.eu\/comunicati\/wp-json\/wp\/v2\/comments?post=1480"}],"version-history":[{"count":0,"href":"https:\/\/www.article-marketing.eu\/comunicati\/wp-json\/wp\/v2\/posts\/1480\/revisions"}],"wp:attachment":[{"href":"https:\/\/www.article-marketing.eu\/comunicati\/wp-json\/wp\/v2\/media?parent=1480"}],"wp:term":[{"taxonomy":"category","embeddable":true,"href":"https:\/\/www.article-marketing.eu\/comunicati\/wp-json\/wp\/v2\/categories?post=1480"},{"taxonomy":"post_tag","embeddable":true,"href":"https:\/\/www.article-marketing.eu\/comunicati\/wp-json\/wp\/v2\/tags?post=1480"}],"curies":[{"name":"wp","href":"https:\/\/api.w.org\/{rel}","templated":true}]}}