{"id":1485,"date":"2009-03-04T15:57:14","date_gmt":"2009-03-04T14:57:14","guid":{"rendered":"http:\/\/www.article-marketing.eu\/comunicati\/senza-categoria\/londra-festa-di-san-patrizio-dal-9-al-17-marzo-2009\/"},"modified":"2009-03-04T15:57:14","modified_gmt":"2009-03-04T14:57:14","slug":"londra-festa-di-san-patrizio-dal-9-al-17-marzo-2009","status":"publish","type":"post","link":"https:\/\/www.article-marketing.eu\/comunicati\/comunicati-stampa\/eventi\/londra-festa-di-san-patrizio-dal-9-al-17-marzo-2009\/","title":{"rendered":"Londra: Festa di San Patrizio dal 9 al 17 Marzo 2009"},"content":{"rendered":"<p style=\"TEXT-ALIGN: justify\">Il fulcro dei festeggiamenti in onore di San Patrizio si terr\u00e0 il 15 marzo in varie zone di Londra, ma nei giorni precedenti e successivi un fitto calendario di eventi permetter\u00e0 ai visitatori di prolungare il divertimento per vari giorni. Quale occasione migliore, dunque, per usufruire delle innumerevoli <a href=\"http:\/\/it.flashbooking.com\/navigation\/europa_inghilterra_londra_all_all.html\">offerte per Londra<\/a>;, recarsi in una delle capitali europee pi\u00f9 visitate e pi\u00f9 ricche di arte e storia e conoscere, al contempo, la cultura, la musica e la cucina irlandesi? La festa di San Patrizio di Londra vi dar\u00e0 modo di scoprire qualcosa in pi\u00f9 delle tradizioni irlandesi, e lo far\u00e0 in alcune delle location pi\u00f9 famose della citt\u00e0, come Trafalgar Square, Piccadilly Circus, Covent Garden e Leicester Square. <\/p>\n<p style=\"TEXT-ALIGN: justify\">&nbsp;<\/p>\n<p style=\"TEXT-ALIGN: justify\">I festeggiamenti cominciano gi\u00e0 il 9 marzo e continuano fino al 17, con musica dal vivo, balli celtici, stand enogastronomici e molti altri eventi culturali: il centro e gli ostelli di Londra&nbsp;saranno presi d\u2019assalto da moltissimi turisti che approfitteranno della festa di San Patrizio per fare una full immersion nella cultura irlandese. Gli appassionati di cinema potranno recarsi al Barbican per vedersi un bel film irlandese, mentre gli amanti dell\u2019arte potranno seguire un percorso speciale all\u2019interno della National Portrait Gallery alla scoperta di alcuni celebri personaggi irlandesi come Oscar Wilde e George Bernard Shaw, e del loro rapporto con Londra. Oltre che per questi appuntamenti di carattere culturale, la festa di San Patrizio si caratterizza anche per il suo indiscutibile spirito goliardico: ed ecco che alcuni dei posti migliori per festeggiare come si deve saranno i pub irlandesi, dove si potr\u00e0 ascoltare della musica celtica, assaggiare una pinta di Guinness o del buon cibo irlandese. A questo proposito, i visitatori avranno modo di assaggiare piatti e prodotti tipici anche grazie a diversi stand posizionati nelle piazze. <\/p>\n<p style=\"TEXT-ALIGN: justify\">&nbsp;<\/p>\n<p style=\"TEXT-ALIGN: justify\">Ed \u00e8 sulle strade e sulle piazze che si respirer\u00e0 maggiormente l\u2019atmosfera della festa, soprattutto il 15 marzo, quando si svolgeranno la parata e il festival di San Patrizio. Il festival si svolger\u00e0 a Trafalgar Square e ospiter\u00e0, da mezzogiorno alle 18:00, numerose esibizioni di gruppi musicali e di danza irlandesi, che di sicuro coinvolgeranno tutto il pubblico presente, mentre la parata attraverser\u00e0 alcune delle zone pi\u00f9 rappresentative della citt\u00e0. Da Hyde Park Corner a Whitehall Palace, passando per Piccadilly, Lower Regent Street e Trafalgar Square, la sfilata porter\u00e0 musica e allegria in varie zone di Londra, con il suo tradizionale corredo di&nbsp; carri, bande musicali, ballerini e molto altro ancora. <\/p>\n<p style=\"TEXT-ALIGN: justify\">&nbsp;<\/p>\n<p style=\"TEXT-ALIGN: justify\">Ormai manca poco: prenota subito un albergo economico a Londra e approfitta della festa di San Patrizio per conoscere la citt\u00e0 e allo stesso tempo la cultura irlandese!<\/p>\n<p style=\"TEXT-ALIGN: justify\">&nbsp;<\/p>\n<p style=\"TEXT-ALIGN: justify\">Biglietti: evento gratuito<\/p>\n<p style=\"TEXT-ALIGN: justify\">Data: 9 &#8211; 17 Marzo 2009 <\/p>\n<p style=\"TEXT-ALIGN: justify\">Dove: Londra, UK <\/p>\n","protected":false},"excerpt":{"rendered":"<p>Come tutti sanno, a Dublino si festeggia ogni anno, alla met\u00e0 di marzo, la festa di San Patrizio, una ricorrenza religiosa ma anche una grande occasione per divertirsi per le strade delle citt\u00e0. Ci\u00f2 che non molti sanno, invece, \u00e8 che i festeggiamenti in onore del santo hanno luogo anche in molti altri paesi, dagli Stati Uniti all\u2019Australia, dal Canada all\u2019Europa. Una delle citt\u00e0 in cui questa festa tipicamente irlandese \u00e8 particolarmente sentita e celebrata con entusiasmo \u00e8 la vicina Londra, che ogni anno ospita un festival, una parata e molti eventi ispirati alla cultura irlandese.<\/p>\n","protected":false},"author":10,"featured_media":0,"comment_status":"open","ping_status":"open","sticky":false,"template":"","format":"standard","meta":{"cybocfi_hide_featured_image":"","footnotes":""},"categories":[388],"tags":[4870,4873,4871,1840,4317,4872,1379,4874,4308,45,936,4869],"class_list":["post-1485","post","type-post","status-publish","format-standard","hentry","category-eventi","tag-balli","tag-birra","tag-celtico","tag-concerti","tag-dublino","tag-evento-enogastronomico","tag-festival","tag-guinness","tag-irlanda","tag-musica","tag-parata","tag-san-patrizio"],"yoast_head":"<!-- This site is optimized with the Yoast SEO plugin v27.0 - https:\/\/yoast.com\/product\/yoast-seo-wordpress\/ -->\n<title>Londra: Festa di San Patrizio dal 9 al 17 Marzo 2009 - Article Marketing<\/title>\n<meta name=\"robots\" content=\"index, follow, max-snippet:-1, max-image-preview:large, max-video-preview:-1\" \/>\n<link rel=\"canonical\" href=\"https:\/\/www.article-marketing.eu\/comunicati\/comunicati-stampa\/eventi\/londra-festa-di-san-patrizio-dal-9-al-17-marzo-2009\/\" \/>\n<meta property=\"og:locale\" content=\"it_IT\" \/>\n<meta property=\"og:type\" content=\"article\" \/>\n<meta property=\"og:title\" content=\"Londra: Festa di San Patrizio dal 9 al 17 Marzo 2009 - Article Marketing\" \/>\n<meta property=\"og:description\" content=\"Come tutti sanno, a Dublino si festeggia ogni anno, alla met\u00e0 di marzo, la festa di San Patrizio, una ricorrenza religiosa ma anche una grande occasione per divertirsi per le strade delle citt\u00e0. Ci\u00f2 che non molti sanno, invece, \u00e8 che i festeggiamenti in onore del santo hanno luogo anche in molti altri paesi, dagli Stati Uniti all\u2019Australia, dal Canada all\u2019Europa. Una delle citt\u00e0 in cui questa festa tipicamente irlandese \u00e8 particolarmente sentita e celebrata con entusiasmo \u00e8 la vicina Londra, che ogni anno ospita un festival, una parata e molti eventi ispirati alla cultura irlandese.\" \/>\n<meta property=\"og:url\" content=\"https:\/\/www.article-marketing.eu\/comunicati\/comunicati-stampa\/eventi\/londra-festa-di-san-patrizio-dal-9-al-17-marzo-2009\/\" \/>\n<meta property=\"og:site_name\" content=\"Article Marketing\" \/>\n<meta property=\"article:published_time\" content=\"2009-03-04T14:57:14+00:00\" \/>\n<meta name=\"author\" content=\"Redazione Comunicati Stampa\" \/>\n<meta name=\"twitter:card\" content=\"summary_large_image\" \/>\n<meta name=\"twitter:label1\" content=\"Scritto da\" \/>\n\t<meta name=\"twitter:data1\" content=\"Redazione Comunicati Stampa\" \/>\n\t<meta name=\"twitter:label2\" content=\"Tempo di lettura stimato\" \/>\n\t<meta name=\"twitter:data2\" content=\"2 minuti\" \/>\n<script type=\"application\/ld+json\" class=\"yoast-schema-graph\">{\"@context\":\"https:\/\/schema.org\",\"@graph\":[{\"@type\":\"Article\",\"@id\":\"https:\/\/www.article-marketing.eu\/comunicati\/comunicati-stampa\/eventi\/londra-festa-di-san-patrizio-dal-9-al-17-marzo-2009\/#article\",\"isPartOf\":{\"@id\":\"https:\/\/www.article-marketing.eu\/comunicati\/comunicati-stampa\/eventi\/londra-festa-di-san-patrizio-dal-9-al-17-marzo-2009\/\"},\"author\":{\"name\":\"Redazione Comunicati Stampa\",\"@id\":\"https:\/\/www.article-marketing.eu\/comunicati\/#\/schema\/person\/44372e4d4d0fa797b18e03ed1ace9017\"},\"headline\":\"Londra: Festa di San Patrizio dal 9 al 17 Marzo 2009\",\"datePublished\":\"2009-03-04T14:57:14+00:00\",\"mainEntityOfPage\":{\"@id\":\"https:\/\/www.article-marketing.eu\/comunicati\/comunicati-stampa\/eventi\/londra-festa-di-san-patrizio-dal-9-al-17-marzo-2009\/\"},\"wordCount\":454,\"commentCount\":0,\"keywords\":[\"balli\",\"birra\",\"celtico\",\"concerti\",\"dublino\",\"evento enogastronomico\",\"festival\",\"guinness\",\"irlanda\",\"musica\",\"parata\",\"San Patrizio\"],\"articleSection\":[\"Eventi\"],\"inLanguage\":\"it-IT\",\"potentialAction\":[{\"@type\":\"CommentAction\",\"name\":\"Comment\",\"target\":[\"https:\/\/www.article-marketing.eu\/comunicati\/comunicati-stampa\/eventi\/londra-festa-di-san-patrizio-dal-9-al-17-marzo-2009\/#respond\"]}]},{\"@type\":\"WebPage\",\"@id\":\"https:\/\/www.article-marketing.eu\/comunicati\/comunicati-stampa\/eventi\/londra-festa-di-san-patrizio-dal-9-al-17-marzo-2009\/\",\"url\":\"https:\/\/www.article-marketing.eu\/comunicati\/comunicati-stampa\/eventi\/londra-festa-di-san-patrizio-dal-9-al-17-marzo-2009\/\",\"name\":\"Londra: Festa di San Patrizio dal 9 al 17 Marzo 2009 - Article Marketing\",\"isPartOf\":{\"@id\":\"https:\/\/www.article-marketing.eu\/comunicati\/#website\"},\"datePublished\":\"2009-03-04T14:57:14+00:00\",\"author\":{\"@id\":\"https:\/\/www.article-marketing.eu\/comunicati\/#\/schema\/person\/44372e4d4d0fa797b18e03ed1ace9017\"},\"breadcrumb\":{\"@id\":\"https:\/\/www.article-marketing.eu\/comunicati\/comunicati-stampa\/eventi\/londra-festa-di-san-patrizio-dal-9-al-17-marzo-2009\/#breadcrumb\"},\"inLanguage\":\"it-IT\",\"potentialAction\":[{\"@type\":\"ReadAction\",\"target\":[\"https:\/\/www.article-marketing.eu\/comunicati\/comunicati-stampa\/eventi\/londra-festa-di-san-patrizio-dal-9-al-17-marzo-2009\/\"]}]},{\"@type\":\"BreadcrumbList\",\"@id\":\"https:\/\/www.article-marketing.eu\/comunicati\/comunicati-stampa\/eventi\/londra-festa-di-san-patrizio-dal-9-al-17-marzo-2009\/#breadcrumb\",\"itemListElement\":[{\"@type\":\"ListItem\",\"position\":1,\"name\":\"Home\",\"item\":\"https:\/\/www.article-marketing.eu\/comunicati\/\"},{\"@type\":\"ListItem\",\"position\":2,\"name\":\"Londra: Festa di San Patrizio dal 9 al 17 Marzo 2009\"}]},{\"@type\":\"WebSite\",\"@id\":\"https:\/\/www.article-marketing.eu\/comunicati\/#website\",\"url\":\"https:\/\/www.article-marketing.eu\/comunicati\/\",\"name\":\"Article Marketing\",\"description\":\"article marketing &amp; press release\",\"potentialAction\":[{\"@type\":\"SearchAction\",\"target\":{\"@type\":\"EntryPoint\",\"urlTemplate\":\"https:\/\/www.article-marketing.eu\/comunicati\/?s={search_term_string}\"},\"query-input\":{\"@type\":\"PropertyValueSpecification\",\"valueRequired\":true,\"valueName\":\"search_term_string\"}}],\"inLanguage\":\"it-IT\"},{\"@type\":\"Person\",\"@id\":\"https:\/\/www.article-marketing.eu\/comunicati\/#\/schema\/person\/44372e4d4d0fa797b18e03ed1ace9017\",\"name\":\"Redazione Comunicati Stampa\",\"image\":{\"@type\":\"ImageObject\",\"inLanguage\":\"it-IT\",\"@id\":\"https:\/\/www.article-marketing.eu\/comunicati\/#\/schema\/person\/image\/\",\"url\":\"https:\/\/secure.gravatar.com\/avatar\/50e5c6421d3072f42e7ace803501602c60d75233d34e29fd05feb91c8760b792?s=96&d=mm&r=g\",\"contentUrl\":\"https:\/\/secure.gravatar.com\/avatar\/50e5c6421d3072f42e7ace803501602c60d75233d34e29fd05feb91c8760b792?s=96&d=mm&r=g\",\"caption\":\"Redazione Comunicati Stampa\"},\"url\":\"https:\/\/www.article-marketing.eu\/comunicati\/author\/redazione-comunicati-stampa\/\"}]}<\/script>\n<!-- \/ Yoast SEO plugin. -->","yoast_head_json":{"title":"Londra: Festa di San Patrizio dal 9 al 17 Marzo 2009 - Article Marketing","robots":{"index":"index","follow":"follow","max-snippet":"max-snippet:-1","max-image-preview":"max-image-preview:large","max-video-preview":"max-video-preview:-1"},"canonical":"https:\/\/www.article-marketing.eu\/comunicati\/comunicati-stampa\/eventi\/londra-festa-di-san-patrizio-dal-9-al-17-marzo-2009\/","og_locale":"it_IT","og_type":"article","og_title":"Londra: Festa di San Patrizio dal 9 al 17 Marzo 2009 - Article Marketing","og_description":"Come tutti sanno, a Dublino si festeggia ogni anno, alla met\u00e0 di marzo, la festa di San Patrizio, una ricorrenza religiosa ma anche una grande occasione per divertirsi per le strade delle citt\u00e0. Ci\u00f2 che non molti sanno, invece, \u00e8 che i festeggiamenti in onore del santo hanno luogo anche in molti altri paesi, dagli Stati Uniti all\u2019Australia, dal Canada all\u2019Europa. Una delle citt\u00e0 in cui questa festa tipicamente irlandese \u00e8 particolarmente sentita e celebrata con entusiasmo \u00e8 la vicina Londra, che ogni anno ospita un festival, una parata e molti eventi ispirati alla cultura irlandese.","og_url":"https:\/\/www.article-marketing.eu\/comunicati\/comunicati-stampa\/eventi\/londra-festa-di-san-patrizio-dal-9-al-17-marzo-2009\/","og_site_name":"Article Marketing","article_published_time":"2009-03-04T14:57:14+00:00","author":"Redazione Comunicati Stampa","twitter_card":"summary_large_image","twitter_misc":{"Scritto da":"Redazione Comunicati Stampa","Tempo di lettura stimato":"2 minuti"},"schema":{"@context":"https:\/\/schema.org","@graph":[{"@type":"Article","@id":"https:\/\/www.article-marketing.eu\/comunicati\/comunicati-stampa\/eventi\/londra-festa-di-san-patrizio-dal-9-al-17-marzo-2009\/#article","isPartOf":{"@id":"https:\/\/www.article-marketing.eu\/comunicati\/comunicati-stampa\/eventi\/londra-festa-di-san-patrizio-dal-9-al-17-marzo-2009\/"},"author":{"name":"Redazione Comunicati Stampa","@id":"https:\/\/www.article-marketing.eu\/comunicati\/#\/schema\/person\/44372e4d4d0fa797b18e03ed1ace9017"},"headline":"Londra: Festa di San Patrizio dal 9 al 17 Marzo 2009","datePublished":"2009-03-04T14:57:14+00:00","mainEntityOfPage":{"@id":"https:\/\/www.article-marketing.eu\/comunicati\/comunicati-stampa\/eventi\/londra-festa-di-san-patrizio-dal-9-al-17-marzo-2009\/"},"wordCount":454,"commentCount":0,"keywords":["balli","birra","celtico","concerti","dublino","evento enogastronomico","festival","guinness","irlanda","musica","parata","San Patrizio"],"articleSection":["Eventi"],"inLanguage":"it-IT","potentialAction":[{"@type":"CommentAction","name":"Comment","target":["https:\/\/www.article-marketing.eu\/comunicati\/comunicati-stampa\/eventi\/londra-festa-di-san-patrizio-dal-9-al-17-marzo-2009\/#respond"]}]},{"@type":"WebPage","@id":"https:\/\/www.article-marketing.eu\/comunicati\/comunicati-stampa\/eventi\/londra-festa-di-san-patrizio-dal-9-al-17-marzo-2009\/","url":"https:\/\/www.article-marketing.eu\/comunicati\/comunicati-stampa\/eventi\/londra-festa-di-san-patrizio-dal-9-al-17-marzo-2009\/","name":"Londra: Festa di San Patrizio dal 9 al 17 Marzo 2009 - Article Marketing","isPartOf":{"@id":"https:\/\/www.article-marketing.eu\/comunicati\/#website"},"datePublished":"2009-03-04T14:57:14+00:00","author":{"@id":"https:\/\/www.article-marketing.eu\/comunicati\/#\/schema\/person\/44372e4d4d0fa797b18e03ed1ace9017"},"breadcrumb":{"@id":"https:\/\/www.article-marketing.eu\/comunicati\/comunicati-stampa\/eventi\/londra-festa-di-san-patrizio-dal-9-al-17-marzo-2009\/#breadcrumb"},"inLanguage":"it-IT","potentialAction":[{"@type":"ReadAction","target":["https:\/\/www.article-marketing.eu\/comunicati\/comunicati-stampa\/eventi\/londra-festa-di-san-patrizio-dal-9-al-17-marzo-2009\/"]}]},{"@type":"BreadcrumbList","@id":"https:\/\/www.article-marketing.eu\/comunicati\/comunicati-stampa\/eventi\/londra-festa-di-san-patrizio-dal-9-al-17-marzo-2009\/#breadcrumb","itemListElement":[{"@type":"ListItem","position":1,"name":"Home","item":"https:\/\/www.article-marketing.eu\/comunicati\/"},{"@type":"ListItem","position":2,"name":"Londra: Festa di San Patrizio dal 9 al 17 Marzo 2009"}]},{"@type":"WebSite","@id":"https:\/\/www.article-marketing.eu\/comunicati\/#website","url":"https:\/\/www.article-marketing.eu\/comunicati\/","name":"Article Marketing","description":"article marketing &amp; press release","potentialAction":[{"@type":"SearchAction","target":{"@type":"EntryPoint","urlTemplate":"https:\/\/www.article-marketing.eu\/comunicati\/?s={search_term_string}"},"query-input":{"@type":"PropertyValueSpecification","valueRequired":true,"valueName":"search_term_string"}}],"inLanguage":"it-IT"},{"@type":"Person","@id":"https:\/\/www.article-marketing.eu\/comunicati\/#\/schema\/person\/44372e4d4d0fa797b18e03ed1ace9017","name":"Redazione Comunicati Stampa","image":{"@type":"ImageObject","inLanguage":"it-IT","@id":"https:\/\/www.article-marketing.eu\/comunicati\/#\/schema\/person\/image\/","url":"https:\/\/secure.gravatar.com\/avatar\/50e5c6421d3072f42e7ace803501602c60d75233d34e29fd05feb91c8760b792?s=96&d=mm&r=g","contentUrl":"https:\/\/secure.gravatar.com\/avatar\/50e5c6421d3072f42e7ace803501602c60d75233d34e29fd05feb91c8760b792?s=96&d=mm&r=g","caption":"Redazione Comunicati Stampa"},"url":"https:\/\/www.article-marketing.eu\/comunicati\/author\/redazione-comunicati-stampa\/"}]}},"_links":{"self":[{"href":"https:\/\/www.article-marketing.eu\/comunicati\/wp-json\/wp\/v2\/posts\/1485","targetHints":{"allow":["GET"]}}],"collection":[{"href":"https:\/\/www.article-marketing.eu\/comunicati\/wp-json\/wp\/v2\/posts"}],"about":[{"href":"https:\/\/www.article-marketing.eu\/comunicati\/wp-json\/wp\/v2\/types\/post"}],"author":[{"embeddable":true,"href":"https:\/\/www.article-marketing.eu\/comunicati\/wp-json\/wp\/v2\/users\/10"}],"replies":[{"embeddable":true,"href":"https:\/\/www.article-marketing.eu\/comunicati\/wp-json\/wp\/v2\/comments?post=1485"}],"version-history":[{"count":0,"href":"https:\/\/www.article-marketing.eu\/comunicati\/wp-json\/wp\/v2\/posts\/1485\/revisions"}],"wp:attachment":[{"href":"https:\/\/www.article-marketing.eu\/comunicati\/wp-json\/wp\/v2\/media?parent=1485"}],"wp:term":[{"taxonomy":"category","embeddable":true,"href":"https:\/\/www.article-marketing.eu\/comunicati\/wp-json\/wp\/v2\/categories?post=1485"},{"taxonomy":"post_tag","embeddable":true,"href":"https:\/\/www.article-marketing.eu\/comunicati\/wp-json\/wp\/v2\/tags?post=1485"}],"curies":[{"name":"wp","href":"https:\/\/api.w.org\/{rel}","templated":true}]}}