{"id":1522,"date":"2009-03-10T13:52:19","date_gmt":"2009-03-10T12:52:19","guid":{"rendered":"http:\/\/www.article-marketing.eu\/comunicati\/senza-categoria\/un-nuovo-impianto-per-potenziare-la-capacit%e0-produttiva-di-technokolla\/"},"modified":"2009-03-10T13:52:19","modified_gmt":"2009-03-10T12:52:19","slug":"un-nuovo-impianto-per-potenziare-la-capacit%e0-produttiva-di-technokolla","status":"publish","type":"post","link":"https:\/\/www.article-marketing.eu\/comunicati\/economia-e-lavoro\/aziende\/un-nuovo-impianto-per-potenziare-la-capacit%e0-produttiva-di-technokolla\/","title":{"rendered":"Un nuovo impianto per potenziare la capacit\u00e0 produttiva di Technokolla"},"content":{"rendered":"<p>Contro la crisi del settore Technokolla reagisce con un impianto all&#8217;avanguardia per la produzione di malte speciali, impermeabilizzanti e prodotti in tecnologia HD. Si tratta del pi\u00f9 grande investimento infrastrutturale dalla nascita dell&#8217;azienda: per installare le nuove linee, infatti, sono stati spesi pi\u00f9 di 4 milioni di euro oltre all&#8217;impegno di tutto il team.<br \/>\nPer vincere le sfide e le incertezze del mercato, Technokolla punta su ricerca, innovazione e tecnologia per arricchire la gamma con prodotti di qualit\u00e0.<\/p>\n<p>\u2022 Le potenzialit\u00e0 dell&#8217;impianto<\/p>\n<p>L&#8217;impianto \u00e8 entrato in attivit\u00e0 a gennaio e attualmente ha una capacit\u00e0 produttiva che varia da 1600 a 1800 sacchi all&#8217;ora. Grazie ai sofisticati sistemi \u00e8 possibile utilizzare le pi\u00f9 svariate materie prime per la produzione di materiali speciali, produrre materiali alleggeriti e\/o ricchi di fibre, insaccare e palettizzare prodotti che vanno da granulometrie finissime fino a diametri di 4 millimetri e imballare il prodotto finito in sacchi sia con valvole aperte che con valvole saldate per evitare possibili fuoriuscite durante il trasporto.<\/p>\n<p>\u201cI plus delle macchine installate sono davvero numerosi \u2013 commenta Luigi Perrino, Direttore tecnico e responsabile Research&#038;Development di Technokolla e aggiunge &#8211; Abbiamo impiegato tecnologie avanzatissime e grazie a queste siamo riusciti a ridurre l&#8217;impatto ambientale, infatti, non ci sono scarti derivanti dalla pulizia dell&#8217;impianto. Inoltre, possiamo personalizzare il ciclo produttivo durante la fabbricazione del materiale, migliorando di conseguenza le miscelazioni e le performances finali dei prodotti, raggiungere una precisione addirittura al grammo in automatico per quanto riguarda la dosatura dei singoli elementi e diversificare le pallettizzazioni\u201d.<\/p>\n<p>\u2022 I commenti del presidente e A.D. Graziano Verdi e Luigi Perrino, Direttore tecnico e responsabile Research&#038;Development <\/p>\n<p>E&#8217; un segnale forte quello che viene da Tecnokolla in un momento difficile per tutto il comparto che dimostra nei fatti la volont\u00e0 dell&#8217;azienda di puntare su ricerca, tecnologia e qualit\u00e0 per vincere le prossime sfide.<br \/>\n\u201cL\u2019innovazione di prodotto e di processo \u00e8 fondamentale per consentire a Technokolla di mantenere costante il fattore differenziale rispetto ai prodotti standard sul mercato \u2013 afferma Graziano Verdi, presidente e A.D. dell&#8217;azienda di Sassuolo &#8211;<br \/>\nUn mercato in crisi come quello attuale ha la necessit\u00e0 di eccellere sotto ogni punto di vista, per cogliere insieme ai nostri partner distributori tutte le opportunit\u00e0 che si presentano.\u201d<\/p>\n<p>Dello stesso avviso anche Luigi Perrino Direttore tecnico e responsabile Research&#038;Development di Technokolla che aggiunge: \u201cDopo oltre 10 anni di attivit\u00e0, era giunto il momento di potenziare e ampliare la nostra capacit\u00e0 produttiva, a fronte di un aumento di richieste e necessit\u00e0. In un settore come il nostro, dove competenza, ricerca e innovazione tecnologica sono i cardini, \u00e8 essenziale rispondere alle esigenze di un mercato fatto di professionisti sempre pi\u00f9 attenti e preparati.<br \/>\nDa qui il motivo per cui abbiamo voluto fortemente questo investimento.<br \/>\nIl progetto affidatomi dal presidente, oltre ad avermi lusingato, mi ha fortemente motivato, in quanto i risultati sono tangibili. Posso tranquillamente affermare che, grazie al nuovo impianto, ora \u00e8 possibile ampliare ulteriormente la nostra gamma prodotti e sviluppare nuove tecnologie\u201d.<\/p>\n<p>\u2022 A maggio l&#8217;inaugurazione<\/p>\n<p>Per ringraziare tutti coloro che hanno contribuito alla realizzazione di questo progetto, l&#8217; azienda ha scelto di far coincidere l&#8217;inaugurazione del nuovo impianto con la consueta riunione con il personale addetto alle vendite. Il taglio del nastro dunque si terr\u00e0 a maggio e coinvolger\u00e0 tutto il team Technokolla: manager, funzionari, agenti, impiegati e operai. L&#8217;evento si svolger\u00e0 in \u201cforma privata\u201d.<\/p>\n<p>Per avere maggiori informazioni sull&#8217;azienda e i suoi prodotti, fra cui collanti per pavimenti, stucchi e adesivi per piastrelle, visitate il sito http:\/\/www.technokolla.com<\/p>\n","protected":false},"excerpt":{"rendered":"<p>Investito un budget di oltre 4 milioni di euro per le nuove linee. Gi\u00e0 attive da gennaio producono malte speciali, impermeabilizzanti e prodotti in tecnologia HD. Il presidente e A.D. Graziano Verdi: prodotti di eccellenza per superare la congiuntura economica.<\/p>\n","protected":false},"author":10,"featured_media":0,"comment_status":"open","ping_status":"open","sticky":false,"template":"","format":"standard","meta":{"cybocfi_hide_featured_image":"","footnotes":""},"categories":[129],"tags":[5010,5011,5012,5014,5015,5013],"class_list":["post-1522","post","type-post","status-publish","format-standard","hentry","category-aziende","tag-adesivi-per-piastrelle","tag-collanti-per-edilizia","tag-colle-per-pavimenti","tag-posa-parquet","tag-stucchi-per-pavimenti","tag-stucco-epossidico"],"yoast_head":"<!-- This site is optimized with the Yoast SEO plugin v27.0 - https:\/\/yoast.com\/product\/yoast-seo-wordpress\/ -->\n<title>Un nuovo impianto per potenziare la capacit\u00e0 produttiva di Technokolla - Article Marketing<\/title>\n<meta name=\"robots\" content=\"index, follow, max-snippet:-1, max-image-preview:large, max-video-preview:-1\" \/>\n<link rel=\"canonical\" href=\"https:\/\/www.article-marketing.eu\/comunicati\/economia-e-lavoro\/aziende\/un-nuovo-impianto-per-potenziare-la-capacit?-produttiva-di-technokolla\/\" \/>\n<meta property=\"og:locale\" content=\"it_IT\" \/>\n<meta property=\"og:type\" content=\"article\" \/>\n<meta property=\"og:title\" content=\"Un nuovo impianto per potenziare la capacit\u00e0 produttiva di Technokolla - Article Marketing\" \/>\n<meta property=\"og:description\" content=\"Investito un budget di oltre 4 milioni di euro per le nuove linee. Gi\u00e0 attive da gennaio producono malte speciali, impermeabilizzanti e prodotti in tecnologia HD. Il presidente e A.D. Graziano Verdi: prodotti di eccellenza per superare la congiuntura economica.\" \/>\n<meta property=\"og:url\" content=\"\" \/>\n<meta property=\"og:site_name\" content=\"Article Marketing\" \/>\n<meta property=\"article:published_time\" content=\"2009-03-10T12:52:19+00:00\" \/>\n<meta name=\"author\" content=\"Redazione Comunicati Stampa\" \/>\n<meta name=\"twitter:card\" content=\"summary_large_image\" \/>\n<meta name=\"twitter:label1\" content=\"Scritto da\" \/>\n\t<meta name=\"twitter:data1\" content=\"Redazione Comunicati Stampa\" \/>\n\t<meta name=\"twitter:label2\" content=\"Tempo di lettura stimato\" \/>\n\t<meta name=\"twitter:data2\" content=\"3 minuti\" \/>\n<script type=\"application\/ld+json\" class=\"yoast-schema-graph\">{\"@context\":\"https:\/\/schema.org\",\"@graph\":[{\"@type\":\"Article\",\"@id\":\"https:\/\/www.article-marketing.eu\/comunicati\/economia-e-lavoro\/aziende\/un-nuovo-impianto-per-potenziare-la-capacit%e0-produttiva-di-technokolla\/#article\",\"isPartOf\":{\"@id\":\"https:\/\/www.article-marketing.eu\/comunicati\/economia-e-lavoro\/aziende\/un-nuovo-impianto-per-potenziare-la-capacit%e0-produttiva-di-technokolla\/\"},\"author\":{\"name\":\"Redazione Comunicati Stampa\",\"@id\":\"https:\/\/www.article-marketing.eu\/comunicati\/#\/schema\/person\/44372e4d4d0fa797b18e03ed1ace9017\"},\"headline\":\"Un nuovo impianto per potenziare la capacit\u00e0 produttiva di Technokolla\",\"datePublished\":\"2009-03-10T12:52:19+00:00\",\"mainEntityOfPage\":{\"@id\":\"https:\/\/www.article-marketing.eu\/comunicati\/economia-e-lavoro\/aziende\/un-nuovo-impianto-per-potenziare-la-capacit%e0-produttiva-di-technokolla\/\"},\"wordCount\":586,\"commentCount\":0,\"keywords\":[\"adesivi per piastrelle\",\"collanti per edilizia\",\"colle per pavimenti\",\"posa parquet\",\"stucchi per pavimenti\",\"stucco epossidico\"],\"articleSection\":[\"Aziende\"],\"inLanguage\":\"it-IT\",\"potentialAction\":[{\"@type\":\"CommentAction\",\"name\":\"Comment\",\"target\":[\"https:\/\/www.article-marketing.eu\/comunicati\/economia-e-lavoro\/aziende\/un-nuovo-impianto-per-potenziare-la-capacit%e0-produttiva-di-technokolla\/#respond\"]}]},{\"@type\":\"WebPage\",\"@id\":\"https:\/\/www.article-marketing.eu\/comunicati\/economia-e-lavoro\/aziende\/un-nuovo-impianto-per-potenziare-la-capacit%e0-produttiva-di-technokolla\/\",\"url\":\"https:\/\/www.article-marketing.eu\/comunicati\/economia-e-lavoro\/aziende\/un-nuovo-impianto-per-potenziare-la-capacit%e0-produttiva-di-technokolla\/\",\"name\":\"Un nuovo impianto per potenziare la capacit\u00e0 produttiva di Technokolla - Article Marketing\",\"isPartOf\":{\"@id\":\"https:\/\/www.article-marketing.eu\/comunicati\/#website\"},\"datePublished\":\"2009-03-10T12:52:19+00:00\",\"author\":{\"@id\":\"https:\/\/www.article-marketing.eu\/comunicati\/#\/schema\/person\/44372e4d4d0fa797b18e03ed1ace9017\"},\"breadcrumb\":{\"@id\":\"https:\/\/www.article-marketing.eu\/comunicati\/economia-e-lavoro\/aziende\/un-nuovo-impianto-per-potenziare-la-capacit%e0-produttiva-di-technokolla\/#breadcrumb\"},\"inLanguage\":\"it-IT\",\"potentialAction\":[{\"@type\":\"ReadAction\",\"target\":[\"https:\/\/www.article-marketing.eu\/comunicati\/economia-e-lavoro\/aziende\/un-nuovo-impianto-per-potenziare-la-capacit%e0-produttiva-di-technokolla\/\"]}]},{\"@type\":\"BreadcrumbList\",\"@id\":\"https:\/\/www.article-marketing.eu\/comunicati\/economia-e-lavoro\/aziende\/un-nuovo-impianto-per-potenziare-la-capacit%e0-produttiva-di-technokolla\/#breadcrumb\",\"itemListElement\":[{\"@type\":\"ListItem\",\"position\":1,\"name\":\"Home\",\"item\":\"https:\/\/www.article-marketing.eu\/comunicati\/\"},{\"@type\":\"ListItem\",\"position\":2,\"name\":\"Un nuovo impianto per potenziare la capacit\u00e0 produttiva di Technokolla\"}]},{\"@type\":\"WebSite\",\"@id\":\"https:\/\/www.article-marketing.eu\/comunicati\/#website\",\"url\":\"https:\/\/www.article-marketing.eu\/comunicati\/\",\"name\":\"Article Marketing\",\"description\":\"article marketing &amp; press release\",\"potentialAction\":[{\"@type\":\"SearchAction\",\"target\":{\"@type\":\"EntryPoint\",\"urlTemplate\":\"https:\/\/www.article-marketing.eu\/comunicati\/?s={search_term_string}\"},\"query-input\":{\"@type\":\"PropertyValueSpecification\",\"valueRequired\":true,\"valueName\":\"search_term_string\"}}],\"inLanguage\":\"it-IT\"},{\"@type\":\"Person\",\"@id\":\"https:\/\/www.article-marketing.eu\/comunicati\/#\/schema\/person\/44372e4d4d0fa797b18e03ed1ace9017\",\"name\":\"Redazione Comunicati Stampa\",\"image\":{\"@type\":\"ImageObject\",\"inLanguage\":\"it-IT\",\"@id\":\"https:\/\/www.article-marketing.eu\/comunicati\/#\/schema\/person\/image\/\",\"url\":\"https:\/\/secure.gravatar.com\/avatar\/50e5c6421d3072f42e7ace803501602c60d75233d34e29fd05feb91c8760b792?s=96&d=mm&r=g\",\"contentUrl\":\"https:\/\/secure.gravatar.com\/avatar\/50e5c6421d3072f42e7ace803501602c60d75233d34e29fd05feb91c8760b792?s=96&d=mm&r=g\",\"caption\":\"Redazione Comunicati Stampa\"},\"url\":\"https:\/\/www.article-marketing.eu\/comunicati\/author\/redazione-comunicati-stampa\/\"}]}<\/script>\n<!-- \/ Yoast SEO plugin. -->","yoast_head_json":{"title":"Un nuovo impianto per potenziare la capacit\u00e0 produttiva di Technokolla - Article Marketing","robots":{"index":"index","follow":"follow","max-snippet":"max-snippet:-1","max-image-preview":"max-image-preview:large","max-video-preview":"max-video-preview:-1"},"canonical":"https:\/\/www.article-marketing.eu\/comunicati\/economia-e-lavoro\/aziende\/un-nuovo-impianto-per-potenziare-la-capacit?-produttiva-di-technokolla\/","og_locale":"it_IT","og_type":"article","og_title":"Un nuovo impianto per potenziare la capacit\u00e0 produttiva di Technokolla - Article Marketing","og_description":"Investito un budget di oltre 4 milioni di euro per le nuove linee. Gi\u00e0 attive da gennaio producono malte speciali, impermeabilizzanti e prodotti in tecnologia HD. Il presidente e A.D. Graziano Verdi: prodotti di eccellenza per superare la congiuntura economica.","og_url":"https:\/\/www.article-marketing.eu\/comunicati\/economia-e-lavoro\/aziende\/un-nuovo-impianto-per-potenziare-la-capacit?-produttiva-di-technokolla\/","og_site_name":"Article Marketing","article_published_time":"2009-03-10T12:52:19+00:00","author":"Redazione Comunicati Stampa","twitter_card":"summary_large_image","twitter_misc":{"Scritto da":"Redazione Comunicati Stampa","Tempo di lettura stimato":"3 minuti"},"schema":{"@context":"https:\/\/schema.org","@graph":[{"@type":"Article","@id":"https:\/\/www.article-marketing.eu\/comunicati\/economia-e-lavoro\/aziende\/un-nuovo-impianto-per-potenziare-la-capacit%e0-produttiva-di-technokolla\/#article","isPartOf":{"@id":"https:\/\/www.article-marketing.eu\/comunicati\/economia-e-lavoro\/aziende\/un-nuovo-impianto-per-potenziare-la-capacit%e0-produttiva-di-technokolla\/"},"author":{"name":"Redazione Comunicati Stampa","@id":"https:\/\/www.article-marketing.eu\/comunicati\/#\/schema\/person\/44372e4d4d0fa797b18e03ed1ace9017"},"headline":"Un nuovo impianto per potenziare la capacit\u00e0 produttiva di Technokolla","datePublished":"2009-03-10T12:52:19+00:00","mainEntityOfPage":{"@id":"https:\/\/www.article-marketing.eu\/comunicati\/economia-e-lavoro\/aziende\/un-nuovo-impianto-per-potenziare-la-capacit%e0-produttiva-di-technokolla\/"},"wordCount":586,"commentCount":0,"keywords":["adesivi per piastrelle","collanti per edilizia","colle per pavimenti","posa parquet","stucchi per pavimenti","stucco epossidico"],"articleSection":["Aziende"],"inLanguage":"it-IT","potentialAction":[{"@type":"CommentAction","name":"Comment","target":["https:\/\/www.article-marketing.eu\/comunicati\/economia-e-lavoro\/aziende\/un-nuovo-impianto-per-potenziare-la-capacit%e0-produttiva-di-technokolla\/#respond"]}]},{"@type":"WebPage","@id":"https:\/\/www.article-marketing.eu\/comunicati\/economia-e-lavoro\/aziende\/un-nuovo-impianto-per-potenziare-la-capacit%e0-produttiva-di-technokolla\/","url":"https:\/\/www.article-marketing.eu\/comunicati\/economia-e-lavoro\/aziende\/un-nuovo-impianto-per-potenziare-la-capacit%e0-produttiva-di-technokolla\/","name":"Un nuovo impianto per potenziare la capacit\u00e0 produttiva di Technokolla - Article Marketing","isPartOf":{"@id":"https:\/\/www.article-marketing.eu\/comunicati\/#website"},"datePublished":"2009-03-10T12:52:19+00:00","author":{"@id":"https:\/\/www.article-marketing.eu\/comunicati\/#\/schema\/person\/44372e4d4d0fa797b18e03ed1ace9017"},"breadcrumb":{"@id":"https:\/\/www.article-marketing.eu\/comunicati\/economia-e-lavoro\/aziende\/un-nuovo-impianto-per-potenziare-la-capacit%e0-produttiva-di-technokolla\/#breadcrumb"},"inLanguage":"it-IT","potentialAction":[{"@type":"ReadAction","target":["https:\/\/www.article-marketing.eu\/comunicati\/economia-e-lavoro\/aziende\/un-nuovo-impianto-per-potenziare-la-capacit%e0-produttiva-di-technokolla\/"]}]},{"@type":"BreadcrumbList","@id":"https:\/\/www.article-marketing.eu\/comunicati\/economia-e-lavoro\/aziende\/un-nuovo-impianto-per-potenziare-la-capacit%e0-produttiva-di-technokolla\/#breadcrumb","itemListElement":[{"@type":"ListItem","position":1,"name":"Home","item":"https:\/\/www.article-marketing.eu\/comunicati\/"},{"@type":"ListItem","position":2,"name":"Un nuovo impianto per potenziare la capacit\u00e0 produttiva di Technokolla"}]},{"@type":"WebSite","@id":"https:\/\/www.article-marketing.eu\/comunicati\/#website","url":"https:\/\/www.article-marketing.eu\/comunicati\/","name":"Article Marketing","description":"article marketing &amp; press release","potentialAction":[{"@type":"SearchAction","target":{"@type":"EntryPoint","urlTemplate":"https:\/\/www.article-marketing.eu\/comunicati\/?s={search_term_string}"},"query-input":{"@type":"PropertyValueSpecification","valueRequired":true,"valueName":"search_term_string"}}],"inLanguage":"it-IT"},{"@type":"Person","@id":"https:\/\/www.article-marketing.eu\/comunicati\/#\/schema\/person\/44372e4d4d0fa797b18e03ed1ace9017","name":"Redazione Comunicati Stampa","image":{"@type":"ImageObject","inLanguage":"it-IT","@id":"https:\/\/www.article-marketing.eu\/comunicati\/#\/schema\/person\/image\/","url":"https:\/\/secure.gravatar.com\/avatar\/50e5c6421d3072f42e7ace803501602c60d75233d34e29fd05feb91c8760b792?s=96&d=mm&r=g","contentUrl":"https:\/\/secure.gravatar.com\/avatar\/50e5c6421d3072f42e7ace803501602c60d75233d34e29fd05feb91c8760b792?s=96&d=mm&r=g","caption":"Redazione Comunicati Stampa"},"url":"https:\/\/www.article-marketing.eu\/comunicati\/author\/redazione-comunicati-stampa\/"}]}},"_links":{"self":[{"href":"https:\/\/www.article-marketing.eu\/comunicati\/wp-json\/wp\/v2\/posts\/1522","targetHints":{"allow":["GET"]}}],"collection":[{"href":"https:\/\/www.article-marketing.eu\/comunicati\/wp-json\/wp\/v2\/posts"}],"about":[{"href":"https:\/\/www.article-marketing.eu\/comunicati\/wp-json\/wp\/v2\/types\/post"}],"author":[{"embeddable":true,"href":"https:\/\/www.article-marketing.eu\/comunicati\/wp-json\/wp\/v2\/users\/10"}],"replies":[{"embeddable":true,"href":"https:\/\/www.article-marketing.eu\/comunicati\/wp-json\/wp\/v2\/comments?post=1522"}],"version-history":[{"count":0,"href":"https:\/\/www.article-marketing.eu\/comunicati\/wp-json\/wp\/v2\/posts\/1522\/revisions"}],"wp:attachment":[{"href":"https:\/\/www.article-marketing.eu\/comunicati\/wp-json\/wp\/v2\/media?parent=1522"}],"wp:term":[{"taxonomy":"category","embeddable":true,"href":"https:\/\/www.article-marketing.eu\/comunicati\/wp-json\/wp\/v2\/categories?post=1522"},{"taxonomy":"post_tag","embeddable":true,"href":"https:\/\/www.article-marketing.eu\/comunicati\/wp-json\/wp\/v2\/tags?post=1522"}],"curies":[{"name":"wp","href":"https:\/\/api.w.org\/{rel}","templated":true}]}}