{"id":1524,"date":"2009-03-10T15:10:24","date_gmt":"2009-03-10T14:10:24","guid":{"rendered":"http:\/\/www.article-marketing.eu\/comunicati\/senza-categoria\/terme-di-abano-vacanza-benessere-per-il-tuo-relax\/"},"modified":"2009-03-10T15:10:24","modified_gmt":"2009-03-10T14:10:24","slug":"terme-di-abano-vacanza-benessere-per-il-tuo-relax","status":"publish","type":"post","link":"https:\/\/www.article-marketing.eu\/comunicati\/viaggi-e-vacanze\/hotels-ed-alberghi\/terme-di-abano-vacanza-benessere-per-il-tuo-relax\/","title":{"rendered":"Terme di Abano, vacanza benessere per il tuo relax"},"content":{"rendered":"<p>Alle <a href=\"http:\/\/www.hotelabano.net\" target=\"blank\" title=\"Terme Abano\">terme di Abano<\/a> e Montegrotto una vacanza di relax e benessere con i servizi dei centri termali. Dopo una settimana di lavoro o per dedicarsi una vacanza di completo benessere, non c&#8217;\u00e8 nulla di pi\u00f9 rilassante del concedersi una sosta di puro piacere nei centri benessere di Abano e Montegrotto terme.<\/p>\n<p>Immerse nei Colli Euganei e circondate dal verde delle colline e dalla tranquillit\u00e0 della natura veneta, i due centri termali sono un&#8217;oasi di piacere per tutti i sensi. Gli Hotel di Abano sono unici perch\u00e9 dotati di ogni comfort dove all&#8217;interno delle strutture si possono trovare veri e propri centri di bellezza e di cure termali per curarsi in libert\u00e0 e senza stress.<\/p>\n<p>Gli Hotel di Montegrotto sono circondati dal verde incontaminato delle colline e le strutture hanno dei parchi in cui poter fare attivit\u00e0 fisica. Il benessere nelle strutture termali \u00e8 da sempre conosciuto, ma nelle terme venete di Abano e Montegrotto il relax \u00e8 garantito dalla natura che circonda ogni albergo.<\/p>\n<p>I centri termali oggi sono sempre pi\u00f9 anche centri estetici e di benessere per garantire ai visitatori una bellezza completa. Le terme offrono oltre ai fanghi e ai massaggi ormai un must dei centri termali anche nuove e importanti servizi estetici. Tra questi servizi di estetica sicuramente le lampade con lettini e docce solari, per tornare dalle terme pi\u00f9 abbronzati e in forma.<\/p>\n<p>La manicure e la pedicure oggi non sono pi\u00f9 un servizio basilare ma si sono impreziositi grazie all&#8217;utilizzo di nuove tecniche come la nail art, l&#8217;arte di decorare le unghie con strass e piccoli disegni o con la french manicure, che dona alle mani un aspetto ordinato.  <\/p>\n<p>Altri servizi estetici delle terme di Abano e Montegrotto l&#8217;idromassaggio, la sauna e il bagno turco, vapori e bollicine di piacere per un corpo in forma e modellato con l&#8217;acqua termale. Le piscine termali sono il luogo ottimale per un bagno di benessere dove oltre al relax si possono praticare sport e attivit\u00e0 fisica come l&#8217;acquagym e attivit\u00e0 nell&#8217;acqua.<\/p>\n<p>Il fitness alle terme \u00e8 un aspetto molto importante perch\u00e9 i centri termali si sono trasformati in delle vere e proprie beauty farm dove \u00e8 possibile fare attivit\u00e0 fisica o seguire programmi di riabilitazione. La fisioterapia \u00e8 un&#8217;arte molto importante oggi regolamentata da un vero e proprio albo dei professionisti e per questo gode di ampia autorevolezza. Solo esperti e specializzati professionisti possono condurre delle sedute di fisioterapia importanti soprattutto dopo un&#8217;operazione.<\/p>\n<p>Alle terme di Abano e Montegrotto i last minute sono unici perch\u00e9 propongono tanti soggiorni a prezzi molto convenienti. Le strutture che offrono camere e servizi di ristorazione molto equilibrati per il perfetto nutrimento dell&#8217;organismo, hanno anche una marcia in pi\u00f9. Oltre al servizio degli hotel classici gli hotel dei colli euganei offrono servizi unici come servizi termali, grotte con acqua termale, bendaggi anticellulite, massaggi shiatsu, massaggi drenanti e anticellulite, sauna, peeling, pulizia viso e tanti altri.<\/p>\n","protected":false},"excerpt":{"rendered":"<p>Agli hotel di Abano terme tanti servizi per il centro estetico e termale per relax con i fanghi e i massaggi shiatsu.<\/p>\n","protected":false},"author":10,"featured_media":0,"comment_status":"open","ping_status":"open","sticky":false,"template":"","format":"standard","meta":{"cybocfi_hide_featured_image":"","footnotes":""},"categories":[151],"tags":[5019,5022,5020,3249,5021],"class_list":["post-1524","post","type-post","status-publish","format-standard","hentry","category-hotels-ed-alberghi","tag-hotel-abano","tag-hotel-benessere","tag-hotel-montegrotto","tag-hotel-terme","tag-terme-benessere"],"yoast_head":"<!-- This site is optimized with the Yoast SEO plugin v27.0 - https:\/\/yoast.com\/product\/yoast-seo-wordpress\/ -->\n<title>Terme di Abano, vacanza benessere per il tuo relax - Article Marketing<\/title>\n<meta name=\"robots\" content=\"index, follow, max-snippet:-1, max-image-preview:large, max-video-preview:-1\" \/>\n<link rel=\"canonical\" href=\"https:\/\/www.article-marketing.eu\/comunicati\/viaggi-e-vacanze\/hotels-ed-alberghi\/terme-di-abano-vacanza-benessere-per-il-tuo-relax\/\" \/>\n<meta property=\"og:locale\" content=\"it_IT\" \/>\n<meta property=\"og:type\" content=\"article\" \/>\n<meta property=\"og:title\" content=\"Terme di Abano, vacanza benessere per il tuo relax - Article Marketing\" \/>\n<meta property=\"og:description\" content=\"Agli hotel di Abano terme tanti servizi per il centro estetico e termale per relax con i fanghi e i massaggi shiatsu.\" \/>\n<meta property=\"og:url\" content=\"https:\/\/www.article-marketing.eu\/comunicati\/viaggi-e-vacanze\/hotels-ed-alberghi\/terme-di-abano-vacanza-benessere-per-il-tuo-relax\/\" \/>\n<meta property=\"og:site_name\" content=\"Article Marketing\" \/>\n<meta property=\"article:published_time\" content=\"2009-03-10T14:10:24+00:00\" \/>\n<meta name=\"author\" content=\"Redazione Comunicati Stampa\" \/>\n<meta name=\"twitter:card\" content=\"summary_large_image\" \/>\n<meta name=\"twitter:label1\" content=\"Scritto da\" \/>\n\t<meta name=\"twitter:data1\" content=\"Redazione Comunicati Stampa\" \/>\n\t<meta name=\"twitter:label2\" content=\"Tempo di lettura stimato\" \/>\n\t<meta name=\"twitter:data2\" content=\"2 minuti\" \/>\n<script type=\"application\/ld+json\" class=\"yoast-schema-graph\">{\"@context\":\"https:\/\/schema.org\",\"@graph\":[{\"@type\":\"Article\",\"@id\":\"https:\/\/www.article-marketing.eu\/comunicati\/viaggi-e-vacanze\/hotels-ed-alberghi\/terme-di-abano-vacanza-benessere-per-il-tuo-relax\/#article\",\"isPartOf\":{\"@id\":\"https:\/\/www.article-marketing.eu\/comunicati\/viaggi-e-vacanze\/hotels-ed-alberghi\/terme-di-abano-vacanza-benessere-per-il-tuo-relax\/\"},\"author\":{\"name\":\"Redazione Comunicati Stampa\",\"@id\":\"https:\/\/www.article-marketing.eu\/comunicati\/#\/schema\/person\/44372e4d4d0fa797b18e03ed1ace9017\"},\"headline\":\"Terme di Abano, vacanza benessere per il tuo relax\",\"datePublished\":\"2009-03-10T14:10:24+00:00\",\"mainEntityOfPage\":{\"@id\":\"https:\/\/www.article-marketing.eu\/comunicati\/viaggi-e-vacanze\/hotels-ed-alberghi\/terme-di-abano-vacanza-benessere-per-il-tuo-relax\/\"},\"wordCount\":487,\"commentCount\":0,\"keywords\":[\"hotel abano\",\"hotel benessere\",\"hotel montegrotto\",\"hotel terme\",\"terme benessere\"],\"articleSection\":[\"Hotels ed alberghi\"],\"inLanguage\":\"it-IT\",\"potentialAction\":[{\"@type\":\"CommentAction\",\"name\":\"Comment\",\"target\":[\"https:\/\/www.article-marketing.eu\/comunicati\/viaggi-e-vacanze\/hotels-ed-alberghi\/terme-di-abano-vacanza-benessere-per-il-tuo-relax\/#respond\"]}]},{\"@type\":\"WebPage\",\"@id\":\"https:\/\/www.article-marketing.eu\/comunicati\/viaggi-e-vacanze\/hotels-ed-alberghi\/terme-di-abano-vacanza-benessere-per-il-tuo-relax\/\",\"url\":\"https:\/\/www.article-marketing.eu\/comunicati\/viaggi-e-vacanze\/hotels-ed-alberghi\/terme-di-abano-vacanza-benessere-per-il-tuo-relax\/\",\"name\":\"Terme di Abano, vacanza benessere per il tuo relax - Article Marketing\",\"isPartOf\":{\"@id\":\"https:\/\/www.article-marketing.eu\/comunicati\/#website\"},\"datePublished\":\"2009-03-10T14:10:24+00:00\",\"author\":{\"@id\":\"https:\/\/www.article-marketing.eu\/comunicati\/#\/schema\/person\/44372e4d4d0fa797b18e03ed1ace9017\"},\"breadcrumb\":{\"@id\":\"https:\/\/www.article-marketing.eu\/comunicati\/viaggi-e-vacanze\/hotels-ed-alberghi\/terme-di-abano-vacanza-benessere-per-il-tuo-relax\/#breadcrumb\"},\"inLanguage\":\"it-IT\",\"potentialAction\":[{\"@type\":\"ReadAction\",\"target\":[\"https:\/\/www.article-marketing.eu\/comunicati\/viaggi-e-vacanze\/hotels-ed-alberghi\/terme-di-abano-vacanza-benessere-per-il-tuo-relax\/\"]}]},{\"@type\":\"BreadcrumbList\",\"@id\":\"https:\/\/www.article-marketing.eu\/comunicati\/viaggi-e-vacanze\/hotels-ed-alberghi\/terme-di-abano-vacanza-benessere-per-il-tuo-relax\/#breadcrumb\",\"itemListElement\":[{\"@type\":\"ListItem\",\"position\":1,\"name\":\"Home\",\"item\":\"https:\/\/www.article-marketing.eu\/comunicati\/\"},{\"@type\":\"ListItem\",\"position\":2,\"name\":\"Terme di Abano, vacanza benessere per il tuo relax\"}]},{\"@type\":\"WebSite\",\"@id\":\"https:\/\/www.article-marketing.eu\/comunicati\/#website\",\"url\":\"https:\/\/www.article-marketing.eu\/comunicati\/\",\"name\":\"Article Marketing\",\"description\":\"article marketing &amp; press release\",\"potentialAction\":[{\"@type\":\"SearchAction\",\"target\":{\"@type\":\"EntryPoint\",\"urlTemplate\":\"https:\/\/www.article-marketing.eu\/comunicati\/?s={search_term_string}\"},\"query-input\":{\"@type\":\"PropertyValueSpecification\",\"valueRequired\":true,\"valueName\":\"search_term_string\"}}],\"inLanguage\":\"it-IT\"},{\"@type\":\"Person\",\"@id\":\"https:\/\/www.article-marketing.eu\/comunicati\/#\/schema\/person\/44372e4d4d0fa797b18e03ed1ace9017\",\"name\":\"Redazione Comunicati Stampa\",\"image\":{\"@type\":\"ImageObject\",\"inLanguage\":\"it-IT\",\"@id\":\"https:\/\/www.article-marketing.eu\/comunicati\/#\/schema\/person\/image\/\",\"url\":\"https:\/\/secure.gravatar.com\/avatar\/50e5c6421d3072f42e7ace803501602c60d75233d34e29fd05feb91c8760b792?s=96&d=mm&r=g\",\"contentUrl\":\"https:\/\/secure.gravatar.com\/avatar\/50e5c6421d3072f42e7ace803501602c60d75233d34e29fd05feb91c8760b792?s=96&d=mm&r=g\",\"caption\":\"Redazione Comunicati Stampa\"},\"url\":\"https:\/\/www.article-marketing.eu\/comunicati\/author\/redazione-comunicati-stampa\/\"}]}<\/script>\n<!-- \/ Yoast SEO plugin. -->","yoast_head_json":{"title":"Terme di Abano, vacanza benessere per il tuo relax - Article Marketing","robots":{"index":"index","follow":"follow","max-snippet":"max-snippet:-1","max-image-preview":"max-image-preview:large","max-video-preview":"max-video-preview:-1"},"canonical":"https:\/\/www.article-marketing.eu\/comunicati\/viaggi-e-vacanze\/hotels-ed-alberghi\/terme-di-abano-vacanza-benessere-per-il-tuo-relax\/","og_locale":"it_IT","og_type":"article","og_title":"Terme di Abano, vacanza benessere per il tuo relax - Article Marketing","og_description":"Agli hotel di Abano terme tanti servizi per il centro estetico e termale per relax con i fanghi e i massaggi shiatsu.","og_url":"https:\/\/www.article-marketing.eu\/comunicati\/viaggi-e-vacanze\/hotels-ed-alberghi\/terme-di-abano-vacanza-benessere-per-il-tuo-relax\/","og_site_name":"Article Marketing","article_published_time":"2009-03-10T14:10:24+00:00","author":"Redazione Comunicati Stampa","twitter_card":"summary_large_image","twitter_misc":{"Scritto da":"Redazione Comunicati Stampa","Tempo di lettura stimato":"2 minuti"},"schema":{"@context":"https:\/\/schema.org","@graph":[{"@type":"Article","@id":"https:\/\/www.article-marketing.eu\/comunicati\/viaggi-e-vacanze\/hotels-ed-alberghi\/terme-di-abano-vacanza-benessere-per-il-tuo-relax\/#article","isPartOf":{"@id":"https:\/\/www.article-marketing.eu\/comunicati\/viaggi-e-vacanze\/hotels-ed-alberghi\/terme-di-abano-vacanza-benessere-per-il-tuo-relax\/"},"author":{"name":"Redazione Comunicati Stampa","@id":"https:\/\/www.article-marketing.eu\/comunicati\/#\/schema\/person\/44372e4d4d0fa797b18e03ed1ace9017"},"headline":"Terme di Abano, vacanza benessere per il tuo relax","datePublished":"2009-03-10T14:10:24+00:00","mainEntityOfPage":{"@id":"https:\/\/www.article-marketing.eu\/comunicati\/viaggi-e-vacanze\/hotels-ed-alberghi\/terme-di-abano-vacanza-benessere-per-il-tuo-relax\/"},"wordCount":487,"commentCount":0,"keywords":["hotel abano","hotel benessere","hotel montegrotto","hotel terme","terme benessere"],"articleSection":["Hotels ed alberghi"],"inLanguage":"it-IT","potentialAction":[{"@type":"CommentAction","name":"Comment","target":["https:\/\/www.article-marketing.eu\/comunicati\/viaggi-e-vacanze\/hotels-ed-alberghi\/terme-di-abano-vacanza-benessere-per-il-tuo-relax\/#respond"]}]},{"@type":"WebPage","@id":"https:\/\/www.article-marketing.eu\/comunicati\/viaggi-e-vacanze\/hotels-ed-alberghi\/terme-di-abano-vacanza-benessere-per-il-tuo-relax\/","url":"https:\/\/www.article-marketing.eu\/comunicati\/viaggi-e-vacanze\/hotels-ed-alberghi\/terme-di-abano-vacanza-benessere-per-il-tuo-relax\/","name":"Terme di Abano, vacanza benessere per il tuo relax - Article Marketing","isPartOf":{"@id":"https:\/\/www.article-marketing.eu\/comunicati\/#website"},"datePublished":"2009-03-10T14:10:24+00:00","author":{"@id":"https:\/\/www.article-marketing.eu\/comunicati\/#\/schema\/person\/44372e4d4d0fa797b18e03ed1ace9017"},"breadcrumb":{"@id":"https:\/\/www.article-marketing.eu\/comunicati\/viaggi-e-vacanze\/hotels-ed-alberghi\/terme-di-abano-vacanza-benessere-per-il-tuo-relax\/#breadcrumb"},"inLanguage":"it-IT","potentialAction":[{"@type":"ReadAction","target":["https:\/\/www.article-marketing.eu\/comunicati\/viaggi-e-vacanze\/hotels-ed-alberghi\/terme-di-abano-vacanza-benessere-per-il-tuo-relax\/"]}]},{"@type":"BreadcrumbList","@id":"https:\/\/www.article-marketing.eu\/comunicati\/viaggi-e-vacanze\/hotels-ed-alberghi\/terme-di-abano-vacanza-benessere-per-il-tuo-relax\/#breadcrumb","itemListElement":[{"@type":"ListItem","position":1,"name":"Home","item":"https:\/\/www.article-marketing.eu\/comunicati\/"},{"@type":"ListItem","position":2,"name":"Terme di Abano, vacanza benessere per il tuo relax"}]},{"@type":"WebSite","@id":"https:\/\/www.article-marketing.eu\/comunicati\/#website","url":"https:\/\/www.article-marketing.eu\/comunicati\/","name":"Article Marketing","description":"article marketing &amp; press release","potentialAction":[{"@type":"SearchAction","target":{"@type":"EntryPoint","urlTemplate":"https:\/\/www.article-marketing.eu\/comunicati\/?s={search_term_string}"},"query-input":{"@type":"PropertyValueSpecification","valueRequired":true,"valueName":"search_term_string"}}],"inLanguage":"it-IT"},{"@type":"Person","@id":"https:\/\/www.article-marketing.eu\/comunicati\/#\/schema\/person\/44372e4d4d0fa797b18e03ed1ace9017","name":"Redazione Comunicati Stampa","image":{"@type":"ImageObject","inLanguage":"it-IT","@id":"https:\/\/www.article-marketing.eu\/comunicati\/#\/schema\/person\/image\/","url":"https:\/\/secure.gravatar.com\/avatar\/50e5c6421d3072f42e7ace803501602c60d75233d34e29fd05feb91c8760b792?s=96&d=mm&r=g","contentUrl":"https:\/\/secure.gravatar.com\/avatar\/50e5c6421d3072f42e7ace803501602c60d75233d34e29fd05feb91c8760b792?s=96&d=mm&r=g","caption":"Redazione Comunicati Stampa"},"url":"https:\/\/www.article-marketing.eu\/comunicati\/author\/redazione-comunicati-stampa\/"}]}},"_links":{"self":[{"href":"https:\/\/www.article-marketing.eu\/comunicati\/wp-json\/wp\/v2\/posts\/1524","targetHints":{"allow":["GET"]}}],"collection":[{"href":"https:\/\/www.article-marketing.eu\/comunicati\/wp-json\/wp\/v2\/posts"}],"about":[{"href":"https:\/\/www.article-marketing.eu\/comunicati\/wp-json\/wp\/v2\/types\/post"}],"author":[{"embeddable":true,"href":"https:\/\/www.article-marketing.eu\/comunicati\/wp-json\/wp\/v2\/users\/10"}],"replies":[{"embeddable":true,"href":"https:\/\/www.article-marketing.eu\/comunicati\/wp-json\/wp\/v2\/comments?post=1524"}],"version-history":[{"count":0,"href":"https:\/\/www.article-marketing.eu\/comunicati\/wp-json\/wp\/v2\/posts\/1524\/revisions"}],"wp:attachment":[{"href":"https:\/\/www.article-marketing.eu\/comunicati\/wp-json\/wp\/v2\/media?parent=1524"}],"wp:term":[{"taxonomy":"category","embeddable":true,"href":"https:\/\/www.article-marketing.eu\/comunicati\/wp-json\/wp\/v2\/categories?post=1524"},{"taxonomy":"post_tag","embeddable":true,"href":"https:\/\/www.article-marketing.eu\/comunicati\/wp-json\/wp\/v2\/tags?post=1524"}],"curies":[{"name":"wp","href":"https:\/\/api.w.org\/{rel}","templated":true}]}}