{"id":1526,"date":"2009-03-10T15:56:16","date_gmt":"2009-03-10T14:56:16","guid":{"rendered":"http:\/\/www.article-marketing.eu\/comunicati\/senza-categoria\/pechino-fiera-internazionale-dellabbigliamento-e-degli-accessori-dal-26-al-29-marzo-2009\/"},"modified":"2009-03-10T15:56:16","modified_gmt":"2009-03-10T14:56:16","slug":"pechino-fiera-internazionale-dellabbigliamento-e-degli-accessori-dal-26-al-29-marzo-2009","status":"publish","type":"post","link":"https:\/\/www.article-marketing.eu\/comunicati\/comunicati-stampa\/eventi\/pechino-fiera-internazionale-dellabbigliamento-e-degli-accessori-dal-26-al-29-marzo-2009\/","title":{"rendered":"Pechino Fiera Internazionale  dell\u2019Abbigliamento e degli Accessori, dal 26 al 29 Marzo 2009"},"content":{"rendered":"<p style=\"TEXT-ALIGN: justify\">L\u2019edizione di quest\u2019anno della fiera CHIC si svolger\u00e0 nella capitale cinese dal 26 al 29 marzo (i primi due giorni l\u2019ingresso sar\u00e0 riservato solamente ai professionisti che operano nel settore e che spesso organizzano un viaggio a Pechino appositamente per visitare la fiera, ma gli ultimi due giorni le porte saranno aperte anche a tutti i semplici appassionati), in uno spazio espositivo di tutto rispetto: nel New China International Exhibition Center pi\u00f9 di 100.000 m\u00b2 saranno dedicati alla fiera, che dal 2004 \u00e8 membro di UFI (Associazione mondiale dell\u2019industria fieristica), e che non a caso \u00e8 diventata la pi\u00f9 grande fiera della moda di tutta l\u2019Asia, nonch\u00e9 la seconda nel mondo.<\/p>\n<p style=\"TEXT-ALIGN: justify\">Grazie alle notevoli dimensioni dell\u2019area che lo ospita l\u2019evento \u00e8 in grado di accogliere pi\u00f9 di 1000 espositori e oltre 120.000 visitatori (le <a href=\"http:\/\/it.flashbooking.com\/navigation\/asia_cina_pechino_hotel--_all.html\">pensioni economiche<\/a><strong> <\/strong>a&nbsp; Pechino sono sempre sovraffollate in questo periodo!), che nei quattro giorni della fiera hanno modo di entrare in contatto con importanti brand internazionali e di assistere a numerosi eventi (discussioni, sfilate e quant\u2019altro) legati al mondo della moda.<\/p>\n<p style=\"TEXT-ALIGN: justify\">&nbsp;<\/p>\n<p style=\"TEXT-ALIGN: justify\">L\u2019evento \u00e8 uno degli appuntamenti segnati sulle agende di tutti i professionisti della moda, che arrivano e soggiornano in<strong> <\/strong>alberghi 3 stelle<strong> <\/strong>a<strong> <\/strong>&nbsp;Pechino per conoscere tutte le novit\u00e0 del settore. Lo scopo della fiera, infatti, non \u00e8 solo quello di fungere da vetrina per i vari brand, ma anche quello di fornire delle indicazioni importanti a tutti i partecipanti, siano questi compagnie, marchi, compratori, stilisti o agenti, che cogliendo gli spunti lanciati all\u2019interno della fiera hanno poi modo di migliorarsi e di rimanere al passo con i tempi. <u><\/u><\/p>\n<p style=\"TEXT-ALIGN: justify\">&nbsp;<\/p>\n<p style=\"TEXT-ALIGN: justify\">Uno dei punti di forza della fiera \u00e8 la sua vocazione internazionale, che permette ai visitatori di avere una visione completa delle novit\u00e0 proposte dalle case produttrici di moda di tutto il mondo. Nelle sue 15 edizioni (la prima fiera si \u00e8 tenuta nel 1993), l\u2019evento ha infatti ospitato numerosi espositori provenienti non solo dalla Cina e da altri paesi asiatici (Giappone, Sud Corea, India, Indonesia, Tailandia, solo per nominarne alcuni), ma anche dall\u2019Europa (Italia, Francia, Spagna, Germania, Gran Bretagna, Finlandia, Grecia), dagli Stati Uniti e dal Canada. La variet\u00e0 della fiera non riguarda solo i paesi di provenienza degli espositori, ma anche le tipologie di articoli esposti. <\/p>\n<p style=\"TEXT-ALIGN: justify\">&nbsp;<\/p>\n<p style=\"TEXT-ALIGN: justify\">Lo spazio espositivo sar\u00e0 infatti diviso in varie zone, ognuna dedicata ad uno specifico settore: abbigliamento d\u2019affari uomo, abbigliamento casual\/sportivo\/jeans\/streetwear, articoli in pelle, abbigliamento per bambini e premaman, donna\/cashmere\/vestiti da sposa\/abbigliamento formale e intimo, abbigliamento d\u2019affari donna\/donna\/moda giovane, espositori d\u2019oltreoceano, design lounge. Sia che siate dei professionisti del settore che dei semplici appassionati di moda che approfittano di un\u2019offerta di viaggio per Pechino per partecipare all\u2019evento, la fiera CHIC vi dar\u00e0 dunque modo di immergervi nel settore che preferite, o di soffermarvi su tutti, andando alla scoperta dei capi e degli accessori che invaderanno il mercato prossimamente.<\/p>\n<p style=\"TEXT-ALIGN: justify\">&nbsp;<\/p>\n<p style=\"TEXT-ALIGN: justify\">Date: 26 \u2013 29 marzo 2009<\/p>\n<p style=\"TEXT-ALIGN: justify\">Dove: New China International Exhibition Center, Pechino, Cina<\/p>\n<p style=\"TEXT-ALIGN: justify\">&nbsp;<\/p>\n","protected":false},"excerpt":{"rendered":"<p>Ogni anno, per una manciata di giorni, Pechino diventa la capitale mondiale della moda. La citt\u00e0 ospita infatti un importante evento, diventato negli anni un must per tutti i professionisti della moda, ma anche per i fashion victim: la Fiera internazionale dell\u2019abbigliamento e degli accessori, detta anche CHIC.<\/p>\n","protected":false},"author":10,"featured_media":0,"comment_status":"open","ping_status":"open","sticky":false,"template":"","format":"standard","meta":{"cybocfi_hide_featured_image":"","footnotes":""},"categories":[388],"tags":[3310,3802,2437,309,2978,4030,4833,5024],"class_list":["post-1526","post","type-post","status-publish","format-standard","hentry","category-eventi","tag-accessori","tag-borse","tag-fiera","tag-moda","tag-pechino","tag-scarpe","tag-sfilate","tag-vestiti"],"yoast_head":"<!-- This site is optimized with the Yoast SEO plugin v27.0 - https:\/\/yoast.com\/product\/yoast-seo-wordpress\/ -->\n<title>Pechino Fiera Internazionale dell\u2019Abbigliamento e degli Accessori, dal 26 al 29 Marzo 2009 - Article Marketing<\/title>\n<meta name=\"robots\" content=\"index, follow, max-snippet:-1, max-image-preview:large, max-video-preview:-1\" \/>\n<link rel=\"canonical\" href=\"https:\/\/www.article-marketing.eu\/comunicati\/comunicati-stampa\/eventi\/pechino-fiera-internazionale-dellabbigliamento-e-degli-accessori-dal-26-al-29-marzo-2009\/\" \/>\n<meta property=\"og:locale\" content=\"it_IT\" \/>\n<meta property=\"og:type\" content=\"article\" \/>\n<meta property=\"og:title\" content=\"Pechino Fiera Internazionale dell\u2019Abbigliamento e degli Accessori, dal 26 al 29 Marzo 2009 - Article Marketing\" \/>\n<meta property=\"og:description\" content=\"Ogni anno, per una manciata di giorni, Pechino diventa la capitale mondiale della moda. La citt\u00e0 ospita infatti un importante evento, diventato negli anni un must per tutti i professionisti della moda, ma anche per i fashion victim: la Fiera internazionale dell\u2019abbigliamento e degli accessori, detta anche CHIC.\" \/>\n<meta property=\"og:url\" content=\"https:\/\/www.article-marketing.eu\/comunicati\/comunicati-stampa\/eventi\/pechino-fiera-internazionale-dellabbigliamento-e-degli-accessori-dal-26-al-29-marzo-2009\/\" \/>\n<meta property=\"og:site_name\" content=\"Article Marketing\" \/>\n<meta property=\"article:published_time\" content=\"2009-03-10T14:56:16+00:00\" \/>\n<meta name=\"author\" content=\"Redazione Comunicati Stampa\" \/>\n<meta name=\"twitter:card\" content=\"summary_large_image\" \/>\n<meta name=\"twitter:label1\" content=\"Scritto da\" \/>\n\t<meta name=\"twitter:data1\" content=\"Redazione Comunicati Stampa\" \/>\n\t<meta name=\"twitter:label2\" content=\"Tempo di lettura stimato\" \/>\n\t<meta name=\"twitter:data2\" content=\"2 minuti\" \/>\n<script type=\"application\/ld+json\" class=\"yoast-schema-graph\">{\"@context\":\"https:\/\/schema.org\",\"@graph\":[{\"@type\":\"Article\",\"@id\":\"https:\/\/www.article-marketing.eu\/comunicati\/comunicati-stampa\/eventi\/pechino-fiera-internazionale-dellabbigliamento-e-degli-accessori-dal-26-al-29-marzo-2009\/#article\",\"isPartOf\":{\"@id\":\"https:\/\/www.article-marketing.eu\/comunicati\/comunicati-stampa\/eventi\/pechino-fiera-internazionale-dellabbigliamento-e-degli-accessori-dal-26-al-29-marzo-2009\/\"},\"author\":{\"name\":\"Redazione Comunicati Stampa\",\"@id\":\"https:\/\/www.article-marketing.eu\/comunicati\/#\/schema\/person\/44372e4d4d0fa797b18e03ed1ace9017\"},\"headline\":\"Pechino Fiera Internazionale dell\u2019Abbigliamento e degli Accessori, dal 26 al 29 Marzo 2009\",\"datePublished\":\"2009-03-10T14:56:16+00:00\",\"mainEntityOfPage\":{\"@id\":\"https:\/\/www.article-marketing.eu\/comunicati\/comunicati-stampa\/eventi\/pechino-fiera-internazionale-dellabbigliamento-e-degli-accessori-dal-26-al-29-marzo-2009\/\"},\"wordCount\":506,\"commentCount\":0,\"keywords\":[\"accessori\",\"borse\",\"fiera\",\"moda\",\"pechino\",\"scarpe\",\"sfilate\",\"vestiti\"],\"articleSection\":[\"Eventi\"],\"inLanguage\":\"it-IT\",\"potentialAction\":[{\"@type\":\"CommentAction\",\"name\":\"Comment\",\"target\":[\"https:\/\/www.article-marketing.eu\/comunicati\/comunicati-stampa\/eventi\/pechino-fiera-internazionale-dellabbigliamento-e-degli-accessori-dal-26-al-29-marzo-2009\/#respond\"]}]},{\"@type\":\"WebPage\",\"@id\":\"https:\/\/www.article-marketing.eu\/comunicati\/comunicati-stampa\/eventi\/pechino-fiera-internazionale-dellabbigliamento-e-degli-accessori-dal-26-al-29-marzo-2009\/\",\"url\":\"https:\/\/www.article-marketing.eu\/comunicati\/comunicati-stampa\/eventi\/pechino-fiera-internazionale-dellabbigliamento-e-degli-accessori-dal-26-al-29-marzo-2009\/\",\"name\":\"Pechino Fiera Internazionale dell\u2019Abbigliamento e degli Accessori, dal 26 al 29 Marzo 2009 - Article Marketing\",\"isPartOf\":{\"@id\":\"https:\/\/www.article-marketing.eu\/comunicati\/#website\"},\"datePublished\":\"2009-03-10T14:56:16+00:00\",\"author\":{\"@id\":\"https:\/\/www.article-marketing.eu\/comunicati\/#\/schema\/person\/44372e4d4d0fa797b18e03ed1ace9017\"},\"breadcrumb\":{\"@id\":\"https:\/\/www.article-marketing.eu\/comunicati\/comunicati-stampa\/eventi\/pechino-fiera-internazionale-dellabbigliamento-e-degli-accessori-dal-26-al-29-marzo-2009\/#breadcrumb\"},\"inLanguage\":\"it-IT\",\"potentialAction\":[{\"@type\":\"ReadAction\",\"target\":[\"https:\/\/www.article-marketing.eu\/comunicati\/comunicati-stampa\/eventi\/pechino-fiera-internazionale-dellabbigliamento-e-degli-accessori-dal-26-al-29-marzo-2009\/\"]}]},{\"@type\":\"BreadcrumbList\",\"@id\":\"https:\/\/www.article-marketing.eu\/comunicati\/comunicati-stampa\/eventi\/pechino-fiera-internazionale-dellabbigliamento-e-degli-accessori-dal-26-al-29-marzo-2009\/#breadcrumb\",\"itemListElement\":[{\"@type\":\"ListItem\",\"position\":1,\"name\":\"Home\",\"item\":\"https:\/\/www.article-marketing.eu\/comunicati\/\"},{\"@type\":\"ListItem\",\"position\":2,\"name\":\"Pechino Fiera Internazionale dell\u2019Abbigliamento e degli Accessori, dal 26 al 29 Marzo 2009\"}]},{\"@type\":\"WebSite\",\"@id\":\"https:\/\/www.article-marketing.eu\/comunicati\/#website\",\"url\":\"https:\/\/www.article-marketing.eu\/comunicati\/\",\"name\":\"Article Marketing\",\"description\":\"article marketing &amp; press release\",\"potentialAction\":[{\"@type\":\"SearchAction\",\"target\":{\"@type\":\"EntryPoint\",\"urlTemplate\":\"https:\/\/www.article-marketing.eu\/comunicati\/?s={search_term_string}\"},\"query-input\":{\"@type\":\"PropertyValueSpecification\",\"valueRequired\":true,\"valueName\":\"search_term_string\"}}],\"inLanguage\":\"it-IT\"},{\"@type\":\"Person\",\"@id\":\"https:\/\/www.article-marketing.eu\/comunicati\/#\/schema\/person\/44372e4d4d0fa797b18e03ed1ace9017\",\"name\":\"Redazione Comunicati Stampa\",\"image\":{\"@type\":\"ImageObject\",\"inLanguage\":\"it-IT\",\"@id\":\"https:\/\/www.article-marketing.eu\/comunicati\/#\/schema\/person\/image\/\",\"url\":\"https:\/\/secure.gravatar.com\/avatar\/50e5c6421d3072f42e7ace803501602c60d75233d34e29fd05feb91c8760b792?s=96&d=mm&r=g\",\"contentUrl\":\"https:\/\/secure.gravatar.com\/avatar\/50e5c6421d3072f42e7ace803501602c60d75233d34e29fd05feb91c8760b792?s=96&d=mm&r=g\",\"caption\":\"Redazione Comunicati Stampa\"},\"url\":\"https:\/\/www.article-marketing.eu\/comunicati\/author\/redazione-comunicati-stampa\/\"}]}<\/script>\n<!-- \/ Yoast SEO plugin. -->","yoast_head_json":{"title":"Pechino Fiera Internazionale dell\u2019Abbigliamento e degli Accessori, dal 26 al 29 Marzo 2009 - Article Marketing","robots":{"index":"index","follow":"follow","max-snippet":"max-snippet:-1","max-image-preview":"max-image-preview:large","max-video-preview":"max-video-preview:-1"},"canonical":"https:\/\/www.article-marketing.eu\/comunicati\/comunicati-stampa\/eventi\/pechino-fiera-internazionale-dellabbigliamento-e-degli-accessori-dal-26-al-29-marzo-2009\/","og_locale":"it_IT","og_type":"article","og_title":"Pechino Fiera Internazionale dell\u2019Abbigliamento e degli Accessori, dal 26 al 29 Marzo 2009 - Article Marketing","og_description":"Ogni anno, per una manciata di giorni, Pechino diventa la capitale mondiale della moda. La citt\u00e0 ospita infatti un importante evento, diventato negli anni un must per tutti i professionisti della moda, ma anche per i fashion victim: la Fiera internazionale dell\u2019abbigliamento e degli accessori, detta anche CHIC.","og_url":"https:\/\/www.article-marketing.eu\/comunicati\/comunicati-stampa\/eventi\/pechino-fiera-internazionale-dellabbigliamento-e-degli-accessori-dal-26-al-29-marzo-2009\/","og_site_name":"Article Marketing","article_published_time":"2009-03-10T14:56:16+00:00","author":"Redazione Comunicati Stampa","twitter_card":"summary_large_image","twitter_misc":{"Scritto da":"Redazione Comunicati Stampa","Tempo di lettura stimato":"2 minuti"},"schema":{"@context":"https:\/\/schema.org","@graph":[{"@type":"Article","@id":"https:\/\/www.article-marketing.eu\/comunicati\/comunicati-stampa\/eventi\/pechino-fiera-internazionale-dellabbigliamento-e-degli-accessori-dal-26-al-29-marzo-2009\/#article","isPartOf":{"@id":"https:\/\/www.article-marketing.eu\/comunicati\/comunicati-stampa\/eventi\/pechino-fiera-internazionale-dellabbigliamento-e-degli-accessori-dal-26-al-29-marzo-2009\/"},"author":{"name":"Redazione Comunicati Stampa","@id":"https:\/\/www.article-marketing.eu\/comunicati\/#\/schema\/person\/44372e4d4d0fa797b18e03ed1ace9017"},"headline":"Pechino Fiera Internazionale dell\u2019Abbigliamento e degli Accessori, dal 26 al 29 Marzo 2009","datePublished":"2009-03-10T14:56:16+00:00","mainEntityOfPage":{"@id":"https:\/\/www.article-marketing.eu\/comunicati\/comunicati-stampa\/eventi\/pechino-fiera-internazionale-dellabbigliamento-e-degli-accessori-dal-26-al-29-marzo-2009\/"},"wordCount":506,"commentCount":0,"keywords":["accessori","borse","fiera","moda","pechino","scarpe","sfilate","vestiti"],"articleSection":["Eventi"],"inLanguage":"it-IT","potentialAction":[{"@type":"CommentAction","name":"Comment","target":["https:\/\/www.article-marketing.eu\/comunicati\/comunicati-stampa\/eventi\/pechino-fiera-internazionale-dellabbigliamento-e-degli-accessori-dal-26-al-29-marzo-2009\/#respond"]}]},{"@type":"WebPage","@id":"https:\/\/www.article-marketing.eu\/comunicati\/comunicati-stampa\/eventi\/pechino-fiera-internazionale-dellabbigliamento-e-degli-accessori-dal-26-al-29-marzo-2009\/","url":"https:\/\/www.article-marketing.eu\/comunicati\/comunicati-stampa\/eventi\/pechino-fiera-internazionale-dellabbigliamento-e-degli-accessori-dal-26-al-29-marzo-2009\/","name":"Pechino Fiera Internazionale dell\u2019Abbigliamento e degli Accessori, dal 26 al 29 Marzo 2009 - Article Marketing","isPartOf":{"@id":"https:\/\/www.article-marketing.eu\/comunicati\/#website"},"datePublished":"2009-03-10T14:56:16+00:00","author":{"@id":"https:\/\/www.article-marketing.eu\/comunicati\/#\/schema\/person\/44372e4d4d0fa797b18e03ed1ace9017"},"breadcrumb":{"@id":"https:\/\/www.article-marketing.eu\/comunicati\/comunicati-stampa\/eventi\/pechino-fiera-internazionale-dellabbigliamento-e-degli-accessori-dal-26-al-29-marzo-2009\/#breadcrumb"},"inLanguage":"it-IT","potentialAction":[{"@type":"ReadAction","target":["https:\/\/www.article-marketing.eu\/comunicati\/comunicati-stampa\/eventi\/pechino-fiera-internazionale-dellabbigliamento-e-degli-accessori-dal-26-al-29-marzo-2009\/"]}]},{"@type":"BreadcrumbList","@id":"https:\/\/www.article-marketing.eu\/comunicati\/comunicati-stampa\/eventi\/pechino-fiera-internazionale-dellabbigliamento-e-degli-accessori-dal-26-al-29-marzo-2009\/#breadcrumb","itemListElement":[{"@type":"ListItem","position":1,"name":"Home","item":"https:\/\/www.article-marketing.eu\/comunicati\/"},{"@type":"ListItem","position":2,"name":"Pechino Fiera Internazionale dell\u2019Abbigliamento e degli Accessori, dal 26 al 29 Marzo 2009"}]},{"@type":"WebSite","@id":"https:\/\/www.article-marketing.eu\/comunicati\/#website","url":"https:\/\/www.article-marketing.eu\/comunicati\/","name":"Article Marketing","description":"article marketing &amp; press release","potentialAction":[{"@type":"SearchAction","target":{"@type":"EntryPoint","urlTemplate":"https:\/\/www.article-marketing.eu\/comunicati\/?s={search_term_string}"},"query-input":{"@type":"PropertyValueSpecification","valueRequired":true,"valueName":"search_term_string"}}],"inLanguage":"it-IT"},{"@type":"Person","@id":"https:\/\/www.article-marketing.eu\/comunicati\/#\/schema\/person\/44372e4d4d0fa797b18e03ed1ace9017","name":"Redazione Comunicati Stampa","image":{"@type":"ImageObject","inLanguage":"it-IT","@id":"https:\/\/www.article-marketing.eu\/comunicati\/#\/schema\/person\/image\/","url":"https:\/\/secure.gravatar.com\/avatar\/50e5c6421d3072f42e7ace803501602c60d75233d34e29fd05feb91c8760b792?s=96&d=mm&r=g","contentUrl":"https:\/\/secure.gravatar.com\/avatar\/50e5c6421d3072f42e7ace803501602c60d75233d34e29fd05feb91c8760b792?s=96&d=mm&r=g","caption":"Redazione Comunicati Stampa"},"url":"https:\/\/www.article-marketing.eu\/comunicati\/author\/redazione-comunicati-stampa\/"}]}},"_links":{"self":[{"href":"https:\/\/www.article-marketing.eu\/comunicati\/wp-json\/wp\/v2\/posts\/1526","targetHints":{"allow":["GET"]}}],"collection":[{"href":"https:\/\/www.article-marketing.eu\/comunicati\/wp-json\/wp\/v2\/posts"}],"about":[{"href":"https:\/\/www.article-marketing.eu\/comunicati\/wp-json\/wp\/v2\/types\/post"}],"author":[{"embeddable":true,"href":"https:\/\/www.article-marketing.eu\/comunicati\/wp-json\/wp\/v2\/users\/10"}],"replies":[{"embeddable":true,"href":"https:\/\/www.article-marketing.eu\/comunicati\/wp-json\/wp\/v2\/comments?post=1526"}],"version-history":[{"count":0,"href":"https:\/\/www.article-marketing.eu\/comunicati\/wp-json\/wp\/v2\/posts\/1526\/revisions"}],"wp:attachment":[{"href":"https:\/\/www.article-marketing.eu\/comunicati\/wp-json\/wp\/v2\/media?parent=1526"}],"wp:term":[{"taxonomy":"category","embeddable":true,"href":"https:\/\/www.article-marketing.eu\/comunicati\/wp-json\/wp\/v2\/categories?post=1526"},{"taxonomy":"post_tag","embeddable":true,"href":"https:\/\/www.article-marketing.eu\/comunicati\/wp-json\/wp\/v2\/tags?post=1526"}],"curies":[{"name":"wp","href":"https:\/\/api.w.org\/{rel}","templated":true}]}}