{"id":1528,"date":"2009-03-10T18:45:41","date_gmt":"2009-03-10T17:45:41","guid":{"rendered":"http:\/\/www.article-marketing.eu\/comunicati\/senza-categoria\/contratto-a-progetto-scelta-obbligata\/"},"modified":"2009-03-10T18:45:41","modified_gmt":"2009-03-10T17:45:41","slug":"contratto-a-progetto-scelta-obbligata","status":"publish","type":"post","link":"https:\/\/www.article-marketing.eu\/comunicati\/economia-e-lavoro\/professionisti\/contratto-a-progetto-scelta-obbligata\/","title":{"rendered":"Contratto a progetto, scelta obbligata."},"content":{"rendered":"<p>Col Dlgs. n. 278 del 2003, meglio noto come <strong>\u201clegge Biagi\u201d<\/strong>, il governo italiano ha voluto riformare il settore del lavoro, inserendo, tra gli altri, il contratto a progetto ovvero un contratto misto tra lavoratore autonomo e lavoratore dipendente. <\/p>\n<p>Il contratto a progetto \u00e8 uno dei tanti punti di <strong>forte contestazione da parte dei lavoratori<\/strong> che hanno avuto a che fare con questa nuova legge perch\u00e8, nella pratica, il lavoratore si trova a doversi assumere i rischi di un lavoro autonomo con la retribuzione e i doveri che ha un dipendente.<\/p>\n<p>Il contratto a progetto ha sostituito i vecchi co.co.co. (Collaborazione Coordinata e Continuativa) che non prevedevano un contratto scritto, cosa che almeno ora accade con la legge Biagi.<br \/>I <strong>contratti scritti<\/strong> sono dettagliati e recano varie specifiche che devono essere obbligatorie compilate e firmate da ambo le parti.<\/p>\n<p>Vi sono delle particolarit\u00e0 riguardo la <strong>retribuzione<\/strong>: la legge non vincola e non d\u00e0 alcuna direttiva su quanto deve essere lo stipendio percepito dal lavoratore<br \/><strong>Malattie e infortuni<\/strong> non vengono retribuiti e in caso di <strong>gravidanza<\/strong> la donna viene tutelata, comunque solo in parte, a ben determinate condizioni.<\/p>\n<p><strong>Durata e cessazione<\/strong><br \/>Per i contratti a progetto, non vi \u00e8 un termine massimo di durata stabilito per legge.<br \/>Il datore di lavoro pu\u00f2 interrompere il rapporto lavorativo per giusta causa o per alcune clausole inserite ad oc nel momento della firma del contratto: una di queste pu\u00f2 essere quella di dare facolt\u00e0 al datore di lavoro di interrompere la collaborazione in un qualsiasi momento con un semplice preavviso (vedi: art. 76 comma 2 del D.Lgs 276\/2003).<br \/>Il datore di lavoro pu\u00f2 decidere di interrompere anticipatamente il contratto anche in caso di malattia o infortunio del lavoratore.<\/p>\n<p><strong>Contratti successivi<\/strong><br \/>La legge permette di proporre contratti identici o completamente diversi allo stesso lavoratore; non vi \u00e8 alcun limite nemmeno in questo aspetto.<\/p>\n<p><strong>Retribuzione<\/strong><br \/>La legge non d\u00e0 alcun vincolo al datore di lavoro sulla quantit\u00e0 di denaro da corrispondere al lavoratore che per\u00f2 baser\u00e0 la retribuzione da dare solo sulla quantit\u00e0 e qualit\u00e0 del lavoro eseguito. Per un calcolo pi\u00f9 equo e giusto dello stipendio, la legge indica di riferirsi alle tariffe per analoghe prestazioni nel lavoro autonomo.<\/p>\n<p><strong>Malattia e infortunio<\/strong><br \/>Anche se il lavoratore ha l\u2019obbligo di inviare un certificato medico che attesti il motivo della propria indisponibilit\u00e0, nei giorni di assenza non percepir\u00e0 alcun salario e, gli stessi giorni, non saranno sostituibili con altri giorni di lavoro che, quindi, farebbero slittare la scadenza del contratto.<br \/>Se la malattia avr\u00e0 una durata superiore a 30 giorni o comunque superer\u00e0 il periodo di 1\/6 (un sesto) della durata contrattuale, il datore avr\u00e0 facolt\u00e0 di recedere il rapporto di lavoro.<br \/>Solo in caso di ricovero ospedaliero e a patto che il lavoratore versi un contributo addizionale dello 0,5, il lavoratore ricever\u00e0 una indennit\u00e0 di malattia.<\/p>\n<p><strong>Gravidanza<\/strong><br \/>Durante il periodo di gravidanza, il contratto si sospende e viene prorogato di 180 giorni.<br \/>Come con i co.co.co., la donna pu\u00f2 avere una indennit\u00e0 per il periodo che va dai 2 mesi precedenti ai 3 mesi successivi il parto solo se iscritta alla gestione separata dell\u2019INPS.<\/p>\n<p>Fonte: <a href=\"http:\/\/www.informaticalavoro.it\/\">http:\/\/www.informaticalavoro.it<\/a><\/p>\n","protected":false},"excerpt":{"rendered":"<p>Il contratto a progetto \u00e8 uno dei tanti punti di forte contestazione da parte dei lavoratori che hanno avuto a che fare con questa nuova legge perch\u00e8, nella pratica, il lavoratore si trova a doversi assumere i rischi di un lavoro autonomo con la retribuzione e i doveri che ha un dipendente<\/p>\n","protected":false},"author":10,"featured_media":0,"comment_status":"open","ping_status":"open","sticky":false,"template":"","format":"standard","meta":{"cybocfi_hide_featured_image":"","footnotes":""},"categories":[429],"tags":[5030],"class_list":["post-1528","post","type-post","status-publish","format-standard","hentry","category-professionisti","tag-lavoro-contratto-annunci-informatica"],"yoast_head":"<!-- This site is optimized with the Yoast SEO plugin v27.0 - https:\/\/yoast.com\/product\/yoast-seo-wordpress\/ -->\n<title>Contratto a progetto, scelta obbligata. - Article Marketing<\/title>\n<meta name=\"robots\" content=\"index, follow, max-snippet:-1, max-image-preview:large, max-video-preview:-1\" \/>\n<link rel=\"canonical\" href=\"https:\/\/www.article-marketing.eu\/comunicati\/economia-e-lavoro\/professionisti\/contratto-a-progetto-scelta-obbligata\/\" \/>\n<meta property=\"og:locale\" content=\"it_IT\" \/>\n<meta property=\"og:type\" content=\"article\" \/>\n<meta property=\"og:title\" content=\"Contratto a progetto, scelta obbligata. - Article Marketing\" \/>\n<meta property=\"og:description\" content=\"Il contratto a progetto \u00e8 uno dei tanti punti di forte contestazione da parte dei lavoratori che hanno avuto a che fare con questa nuova legge perch\u00e8, nella pratica, il lavoratore si trova a doversi assumere i rischi di un lavoro autonomo con la retribuzione e i doveri che ha un dipendente\" \/>\n<meta property=\"og:url\" content=\"https:\/\/www.article-marketing.eu\/comunicati\/economia-e-lavoro\/professionisti\/contratto-a-progetto-scelta-obbligata\/\" \/>\n<meta property=\"og:site_name\" content=\"Article Marketing\" \/>\n<meta property=\"article:published_time\" content=\"2009-03-10T17:45:41+00:00\" \/>\n<meta name=\"author\" content=\"Redazione Comunicati Stampa\" \/>\n<meta name=\"twitter:card\" content=\"summary_large_image\" \/>\n<meta name=\"twitter:label1\" content=\"Scritto da\" \/>\n\t<meta name=\"twitter:data1\" content=\"Redazione Comunicati Stampa\" \/>\n\t<meta name=\"twitter:label2\" content=\"Tempo di lettura stimato\" \/>\n\t<meta name=\"twitter:data2\" content=\"3 minuti\" \/>\n<script type=\"application\/ld+json\" class=\"yoast-schema-graph\">{\"@context\":\"https:\/\/schema.org\",\"@graph\":[{\"@type\":\"Article\",\"@id\":\"https:\/\/www.article-marketing.eu\/comunicati\/economia-e-lavoro\/professionisti\/contratto-a-progetto-scelta-obbligata\/#article\",\"isPartOf\":{\"@id\":\"https:\/\/www.article-marketing.eu\/comunicati\/economia-e-lavoro\/professionisti\/contratto-a-progetto-scelta-obbligata\/\"},\"author\":{\"name\":\"Redazione Comunicati Stampa\",\"@id\":\"https:\/\/www.article-marketing.eu\/comunicati\/#\/schema\/person\/44372e4d4d0fa797b18e03ed1ace9017\"},\"headline\":\"Contratto a progetto, scelta obbligata.\",\"datePublished\":\"2009-03-10T17:45:41+00:00\",\"mainEntityOfPage\":{\"@id\":\"https:\/\/www.article-marketing.eu\/comunicati\/economia-e-lavoro\/professionisti\/contratto-a-progetto-scelta-obbligata\/\"},\"wordCount\":521,\"commentCount\":0,\"keywords\":[\"lavoro contratto annunci informatica\"],\"articleSection\":[\"Professionisti\"],\"inLanguage\":\"it-IT\",\"potentialAction\":[{\"@type\":\"CommentAction\",\"name\":\"Comment\",\"target\":[\"https:\/\/www.article-marketing.eu\/comunicati\/economia-e-lavoro\/professionisti\/contratto-a-progetto-scelta-obbligata\/#respond\"]}]},{\"@type\":\"WebPage\",\"@id\":\"https:\/\/www.article-marketing.eu\/comunicati\/economia-e-lavoro\/professionisti\/contratto-a-progetto-scelta-obbligata\/\",\"url\":\"https:\/\/www.article-marketing.eu\/comunicati\/economia-e-lavoro\/professionisti\/contratto-a-progetto-scelta-obbligata\/\",\"name\":\"Contratto a progetto, scelta obbligata. - Article Marketing\",\"isPartOf\":{\"@id\":\"https:\/\/www.article-marketing.eu\/comunicati\/#website\"},\"datePublished\":\"2009-03-10T17:45:41+00:00\",\"author\":{\"@id\":\"https:\/\/www.article-marketing.eu\/comunicati\/#\/schema\/person\/44372e4d4d0fa797b18e03ed1ace9017\"},\"breadcrumb\":{\"@id\":\"https:\/\/www.article-marketing.eu\/comunicati\/economia-e-lavoro\/professionisti\/contratto-a-progetto-scelta-obbligata\/#breadcrumb\"},\"inLanguage\":\"it-IT\",\"potentialAction\":[{\"@type\":\"ReadAction\",\"target\":[\"https:\/\/www.article-marketing.eu\/comunicati\/economia-e-lavoro\/professionisti\/contratto-a-progetto-scelta-obbligata\/\"]}]},{\"@type\":\"BreadcrumbList\",\"@id\":\"https:\/\/www.article-marketing.eu\/comunicati\/economia-e-lavoro\/professionisti\/contratto-a-progetto-scelta-obbligata\/#breadcrumb\",\"itemListElement\":[{\"@type\":\"ListItem\",\"position\":1,\"name\":\"Home\",\"item\":\"https:\/\/www.article-marketing.eu\/comunicati\/\"},{\"@type\":\"ListItem\",\"position\":2,\"name\":\"Contratto a progetto, scelta obbligata.\"}]},{\"@type\":\"WebSite\",\"@id\":\"https:\/\/www.article-marketing.eu\/comunicati\/#website\",\"url\":\"https:\/\/www.article-marketing.eu\/comunicati\/\",\"name\":\"Article Marketing\",\"description\":\"article marketing &amp; press release\",\"potentialAction\":[{\"@type\":\"SearchAction\",\"target\":{\"@type\":\"EntryPoint\",\"urlTemplate\":\"https:\/\/www.article-marketing.eu\/comunicati\/?s={search_term_string}\"},\"query-input\":{\"@type\":\"PropertyValueSpecification\",\"valueRequired\":true,\"valueName\":\"search_term_string\"}}],\"inLanguage\":\"it-IT\"},{\"@type\":\"Person\",\"@id\":\"https:\/\/www.article-marketing.eu\/comunicati\/#\/schema\/person\/44372e4d4d0fa797b18e03ed1ace9017\",\"name\":\"Redazione Comunicati Stampa\",\"image\":{\"@type\":\"ImageObject\",\"inLanguage\":\"it-IT\",\"@id\":\"https:\/\/www.article-marketing.eu\/comunicati\/#\/schema\/person\/image\/\",\"url\":\"https:\/\/secure.gravatar.com\/avatar\/50e5c6421d3072f42e7ace803501602c60d75233d34e29fd05feb91c8760b792?s=96&d=mm&r=g\",\"contentUrl\":\"https:\/\/secure.gravatar.com\/avatar\/50e5c6421d3072f42e7ace803501602c60d75233d34e29fd05feb91c8760b792?s=96&d=mm&r=g\",\"caption\":\"Redazione Comunicati Stampa\"},\"url\":\"https:\/\/www.article-marketing.eu\/comunicati\/author\/redazione-comunicati-stampa\/\"}]}<\/script>\n<!-- \/ Yoast SEO plugin. -->","yoast_head_json":{"title":"Contratto a progetto, scelta obbligata. - Article Marketing","robots":{"index":"index","follow":"follow","max-snippet":"max-snippet:-1","max-image-preview":"max-image-preview:large","max-video-preview":"max-video-preview:-1"},"canonical":"https:\/\/www.article-marketing.eu\/comunicati\/economia-e-lavoro\/professionisti\/contratto-a-progetto-scelta-obbligata\/","og_locale":"it_IT","og_type":"article","og_title":"Contratto a progetto, scelta obbligata. - Article Marketing","og_description":"Il contratto a progetto \u00e8 uno dei tanti punti di forte contestazione da parte dei lavoratori che hanno avuto a che fare con questa nuova legge perch\u00e8, nella pratica, il lavoratore si trova a doversi assumere i rischi di un lavoro autonomo con la retribuzione e i doveri che ha un dipendente","og_url":"https:\/\/www.article-marketing.eu\/comunicati\/economia-e-lavoro\/professionisti\/contratto-a-progetto-scelta-obbligata\/","og_site_name":"Article Marketing","article_published_time":"2009-03-10T17:45:41+00:00","author":"Redazione Comunicati Stampa","twitter_card":"summary_large_image","twitter_misc":{"Scritto da":"Redazione Comunicati Stampa","Tempo di lettura stimato":"3 minuti"},"schema":{"@context":"https:\/\/schema.org","@graph":[{"@type":"Article","@id":"https:\/\/www.article-marketing.eu\/comunicati\/economia-e-lavoro\/professionisti\/contratto-a-progetto-scelta-obbligata\/#article","isPartOf":{"@id":"https:\/\/www.article-marketing.eu\/comunicati\/economia-e-lavoro\/professionisti\/contratto-a-progetto-scelta-obbligata\/"},"author":{"name":"Redazione Comunicati Stampa","@id":"https:\/\/www.article-marketing.eu\/comunicati\/#\/schema\/person\/44372e4d4d0fa797b18e03ed1ace9017"},"headline":"Contratto a progetto, scelta obbligata.","datePublished":"2009-03-10T17:45:41+00:00","mainEntityOfPage":{"@id":"https:\/\/www.article-marketing.eu\/comunicati\/economia-e-lavoro\/professionisti\/contratto-a-progetto-scelta-obbligata\/"},"wordCount":521,"commentCount":0,"keywords":["lavoro contratto annunci informatica"],"articleSection":["Professionisti"],"inLanguage":"it-IT","potentialAction":[{"@type":"CommentAction","name":"Comment","target":["https:\/\/www.article-marketing.eu\/comunicati\/economia-e-lavoro\/professionisti\/contratto-a-progetto-scelta-obbligata\/#respond"]}]},{"@type":"WebPage","@id":"https:\/\/www.article-marketing.eu\/comunicati\/economia-e-lavoro\/professionisti\/contratto-a-progetto-scelta-obbligata\/","url":"https:\/\/www.article-marketing.eu\/comunicati\/economia-e-lavoro\/professionisti\/contratto-a-progetto-scelta-obbligata\/","name":"Contratto a progetto, scelta obbligata. - Article Marketing","isPartOf":{"@id":"https:\/\/www.article-marketing.eu\/comunicati\/#website"},"datePublished":"2009-03-10T17:45:41+00:00","author":{"@id":"https:\/\/www.article-marketing.eu\/comunicati\/#\/schema\/person\/44372e4d4d0fa797b18e03ed1ace9017"},"breadcrumb":{"@id":"https:\/\/www.article-marketing.eu\/comunicati\/economia-e-lavoro\/professionisti\/contratto-a-progetto-scelta-obbligata\/#breadcrumb"},"inLanguage":"it-IT","potentialAction":[{"@type":"ReadAction","target":["https:\/\/www.article-marketing.eu\/comunicati\/economia-e-lavoro\/professionisti\/contratto-a-progetto-scelta-obbligata\/"]}]},{"@type":"BreadcrumbList","@id":"https:\/\/www.article-marketing.eu\/comunicati\/economia-e-lavoro\/professionisti\/contratto-a-progetto-scelta-obbligata\/#breadcrumb","itemListElement":[{"@type":"ListItem","position":1,"name":"Home","item":"https:\/\/www.article-marketing.eu\/comunicati\/"},{"@type":"ListItem","position":2,"name":"Contratto a progetto, scelta obbligata."}]},{"@type":"WebSite","@id":"https:\/\/www.article-marketing.eu\/comunicati\/#website","url":"https:\/\/www.article-marketing.eu\/comunicati\/","name":"Article Marketing","description":"article marketing &amp; press release","potentialAction":[{"@type":"SearchAction","target":{"@type":"EntryPoint","urlTemplate":"https:\/\/www.article-marketing.eu\/comunicati\/?s={search_term_string}"},"query-input":{"@type":"PropertyValueSpecification","valueRequired":true,"valueName":"search_term_string"}}],"inLanguage":"it-IT"},{"@type":"Person","@id":"https:\/\/www.article-marketing.eu\/comunicati\/#\/schema\/person\/44372e4d4d0fa797b18e03ed1ace9017","name":"Redazione Comunicati Stampa","image":{"@type":"ImageObject","inLanguage":"it-IT","@id":"https:\/\/www.article-marketing.eu\/comunicati\/#\/schema\/person\/image\/","url":"https:\/\/secure.gravatar.com\/avatar\/50e5c6421d3072f42e7ace803501602c60d75233d34e29fd05feb91c8760b792?s=96&d=mm&r=g","contentUrl":"https:\/\/secure.gravatar.com\/avatar\/50e5c6421d3072f42e7ace803501602c60d75233d34e29fd05feb91c8760b792?s=96&d=mm&r=g","caption":"Redazione Comunicati Stampa"},"url":"https:\/\/www.article-marketing.eu\/comunicati\/author\/redazione-comunicati-stampa\/"}]}},"_links":{"self":[{"href":"https:\/\/www.article-marketing.eu\/comunicati\/wp-json\/wp\/v2\/posts\/1528","targetHints":{"allow":["GET"]}}],"collection":[{"href":"https:\/\/www.article-marketing.eu\/comunicati\/wp-json\/wp\/v2\/posts"}],"about":[{"href":"https:\/\/www.article-marketing.eu\/comunicati\/wp-json\/wp\/v2\/types\/post"}],"author":[{"embeddable":true,"href":"https:\/\/www.article-marketing.eu\/comunicati\/wp-json\/wp\/v2\/users\/10"}],"replies":[{"embeddable":true,"href":"https:\/\/www.article-marketing.eu\/comunicati\/wp-json\/wp\/v2\/comments?post=1528"}],"version-history":[{"count":0,"href":"https:\/\/www.article-marketing.eu\/comunicati\/wp-json\/wp\/v2\/posts\/1528\/revisions"}],"wp:attachment":[{"href":"https:\/\/www.article-marketing.eu\/comunicati\/wp-json\/wp\/v2\/media?parent=1528"}],"wp:term":[{"taxonomy":"category","embeddable":true,"href":"https:\/\/www.article-marketing.eu\/comunicati\/wp-json\/wp\/v2\/categories?post=1528"},{"taxonomy":"post_tag","embeddable":true,"href":"https:\/\/www.article-marketing.eu\/comunicati\/wp-json\/wp\/v2\/tags?post=1528"}],"curies":[{"name":"wp","href":"https:\/\/api.w.org\/{rel}","templated":true}]}}