{"id":15348,"date":"2011-04-23T13:27:45","date_gmt":"2011-04-23T11:27:45","guid":{"rendered":"http:\/\/www.article-marketing.eu\/comunicati\/senza-categoria\/la-resistibile-ascesa-di-arturo-ui\/"},"modified":"2018-07-10T05:09:09","modified_gmt":"2018-07-10T03:09:09","slug":"la-resistibile-ascesa-di-arturo-ui","status":"publish","type":"post","link":"https:\/\/www.article-marketing.eu\/comunicati\/arte-e-cultura\/teatro\/la-resistibile-ascesa-di-arturo-ui\/","title":{"rendered":"La resistibile ascesa di arturo ui"},"content":{"rendered":"<p><strong><br \/>In scena a Roma &#8216;La resistibile ascesa di arturo ui&#8217; di Bertolt Brecht, con Umberto Orsini. La resistibile ascesa di arturo ui &egrave; una farsa scritta tra il 1940 e il &#8217;41 dall&#8217;esilio finlandese, Brecht definir&agrave; in seguito l&#8217;opera una farsa storica. Uno dei pi&ugrave; interessanti e controversi spettacoli in scena a Roma in questo momento.<\/p>\n<p>La resistibile ascesa di arturo ui<br \/><\/strong><br \/>di <em>Bertolt Brecht<\/em><\/p>\n<p>Prima nazionale<\/p>\n<p>Regia Claudio Longhi<\/p>\n<p>con <strong>Umberto Orsini<\/strong><br \/>e con Nicola Bortolotti, Simone Francia, Olimpia Greco, Lino Guanciale, Diana Manea, Luca Micheletti, Michele Nani, Ivan Olivieri, Giorgio Sangati, Antonio Tintis<\/p>\n<p>musiche originali Hans-Dieter Hosalla<\/p>\n<p>traduzione Mario Carpitella<br \/>dramaturgia Luca Micheletti scene Csaba Antal<br \/>luci Paolo Pollo Rodighiero<br \/>costumi Gianluca Sbicca<\/p>\n<p><strong>In scena a Roma &#8216;La resistibile ascesa di arturo ui&#8217; di Bertolt Brecht, con Umberto Orsini<\/strong><br \/>Teatro di Roma, Emilia Romagna Teatro Fondazione <br \/>La parabola satirica sulla corruzione del potere, <em>l&#8217;opera<\/em> racconta la cronaca drammatica della Berlino degli anni 30 invasa dalle bande naziste trasferita per invenzione dell&#8217;autore in una Chicago in cui fa affari la figura sinistra del gangster Arturo Ui, satirico alias di Adolf Hitler. <\/p>\n<p>Con Umberto Orsini assoluto protagonista nel ruolo del titolo, affiancato da una troupe giovane e affiatata, lo spettacolo intende assecondare pienamente l&#8217;ispirazione grottesca del copione, conferendo all&#8217;apologo una dimensione &#8220;circense&#8221;, dove l&#8217;incisiva brevit&agrave; dei singoli &#8220;numeri&#8221;, l&#8217;equilibristica retorica della sopraffazione mafiosa, la serie rocambolesca dei fatti di cronaca narrati e messi alla berlina attraverso&#8230;. quella che possiamo definire come una lucida comicit&agrave; di cui Bertolt Brecht Brecht si serve come arma storico-critica, traducono la parabola in una &#8220;rivista&#8221; briosa e nitida, chiara, precisa, acuta, caustica ed elegante sul tragico&#8230;. nonsenso del nostro passato.<br \/>Inoltre, l&#8217;evocazione, legittimata dallo stesso autore, di un modello di indiscutibile peso come il chronicle play shakespeariano alla Riccardo III, riferimento classico presente nella riscrittura &#8220;comico-realistica&#8221; di Brecht come ideale modello assoluto e riferimento per un confronto parodico, &egrave; utile per la definizione del repertorio in cui l&#8217;autore prevede che la propria pi&egrave;ce vada inserita: quello del &laquo;grotesque&raquo; &#8211; o del &laquo;burlesque&raquo;&#8230;. termine abusato e che ora pare vada particolarmente di moda &#8211; in fervido, smaliziato, necessario e consapevole dialogo appunto con i classici.Inoltre, l&#8217;evocazione, legittimata dallo stesso autore, di un modello di indiscutibile peso come il chronicle play shakespeariano alla Riccardo III, riferimento classico presente nella riscrittura &#8220;comico-realistica&#8221; di Brecht come ideale modello assoluto e riferimento per un confronto parodico, &egrave; utile per la definizione del repertorio in cui l&#8217;autore prevede che la propria pi&egrave;ce vada inserita: quello del &laquo;grotesque&raquo; &#8211; o del &laquo;burlesque&raquo;&#8230;. termine abusato e che ora pare vada particolarmente di moda &#8211; in fervido, smaliziato, necessario e consapevole dialogo appunto con i classici; un genere, questo, che Berlolt Brecht conosce bene e interpreta magistralmente fin dai tempi dell&#8217;Opera da tre soldi, geniale parodia d&#8217;un burlesque vero e proprio, The Beggar&#8217;s Opera di John Gay, a sua volta parodia del melodramma italiano.<\/p>\n<p><strong>La resistibile ascesa di arturo ui <\/strong>&egrave; una farsa scritta tra il 1940 e il &#8217;41 dall&#8217;esilio finlandese, Brecht definir&agrave; in seguito l&#8217;opera una farsa storica. <\/p>\n<p><strong>Spettacoli Roma<\/strong><br \/>Programmazione da: Marted&igrave;, 29\/03\/2011 a: Venerd&igrave;, 29\/04\/2011 Marted&igrave;. &#8211; Sabato. ore 21.00 Domenica. ore 17.00 Luned&igrave;. Riposo <br \/>Teatro Argentina (696 posti) <br \/> Via di Torre Argentina, 52 Roma, RM 00186<\/p>\n<p>Biglietti teatro: &euro; 12,00 &#8211; &euro; 27,00<\/p>\n","protected":false},"excerpt":{"rendered":"<p>In scena a Roma &#8216;La resistibile ascesa di arturo ui&#8217; di Bertolt Brecht, con Umberto Orsini. La resistibile ascesa di arturo ui \u00e8 una farsa scritta tra il 1940 e il &#8217;41 dall&#8217;esilio finlandese, Brecht definir\u00e0 in seguito l&#8217;opera una farsa storica. Uno dei pi\u00f9 interessanti e controversi spettacoli in scena a Roma in questo momento.<\/p>\n","protected":false},"author":10,"featured_media":0,"comment_status":"open","ping_status":"open","sticky":false,"template":"","format":"standard","meta":{"cybocfi_hide_featured_image":"","footnotes":""},"categories":[1467],"tags":[25559,25562,25558,25561,7874,25560],"class_list":["post-15348","post","type-post","status-publish","format-standard","hentry","category-teatro","tag-bertolt-brecht","tag-biglietti-teatro","tag-la-resistibile-ascesa-di-arturo-ui","tag-spettacoli-teatrali-roma","tag-teatro-roma","tag-umberto-orsini"],"yoast_head":"<!-- This site is optimized with the Yoast SEO plugin v27.0 - https:\/\/yoast.com\/product\/yoast-seo-wordpress\/ -->\n<title>La resistibile ascesa di arturo ui - Article Marketing<\/title>\n<meta name=\"robots\" content=\"index, follow, max-snippet:-1, max-image-preview:large, max-video-preview:-1\" \/>\n<link rel=\"canonical\" href=\"https:\/\/www.article-marketing.eu\/comunicati\/arte-e-cultura\/teatro\/la-resistibile-ascesa-di-arturo-ui\/\" \/>\n<meta property=\"og:locale\" content=\"it_IT\" \/>\n<meta property=\"og:type\" content=\"article\" \/>\n<meta property=\"og:title\" content=\"La resistibile ascesa di arturo ui - Article Marketing\" \/>\n<meta property=\"og:description\" content=\"In scena a Roma &#039;La resistibile ascesa di arturo ui&#039; di Bertolt Brecht, con Umberto Orsini. La resistibile ascesa di arturo ui \u00e8 una farsa scritta tra il 1940 e il &#039;41 dall&#039;esilio finlandese, Brecht definir\u00e0 in seguito l&#039;opera una farsa storica. Uno dei pi\u00f9 interessanti e controversi spettacoli in scena a Roma in questo momento.\" \/>\n<meta property=\"og:url\" content=\"https:\/\/www.article-marketing.eu\/comunicati\/arte-e-cultura\/teatro\/la-resistibile-ascesa-di-arturo-ui\/\" \/>\n<meta property=\"og:site_name\" content=\"Article Marketing\" \/>\n<meta property=\"article:published_time\" content=\"2011-04-23T11:27:45+00:00\" \/>\n<meta property=\"article:modified_time\" content=\"2018-07-10T03:09:09+00:00\" \/>\n<meta name=\"author\" content=\"Redazione Comunicati Stampa\" \/>\n<meta name=\"twitter:card\" content=\"summary_large_image\" \/>\n<meta name=\"twitter:label1\" content=\"Scritto da\" \/>\n\t<meta name=\"twitter:data1\" content=\"Redazione Comunicati Stampa\" \/>\n\t<meta name=\"twitter:label2\" content=\"Tempo di lettura stimato\" \/>\n\t<meta name=\"twitter:data2\" content=\"3 minuti\" \/>\n<script type=\"application\/ld+json\" class=\"yoast-schema-graph\">{\"@context\":\"https:\/\/schema.org\",\"@graph\":[{\"@type\":\"Article\",\"@id\":\"https:\/\/www.article-marketing.eu\/comunicati\/arte-e-cultura\/teatro\/la-resistibile-ascesa-di-arturo-ui\/#article\",\"isPartOf\":{\"@id\":\"https:\/\/www.article-marketing.eu\/comunicati\/arte-e-cultura\/teatro\/la-resistibile-ascesa-di-arturo-ui\/\"},\"author\":{\"name\":\"Redazione Comunicati Stampa\",\"@id\":\"https:\/\/www.article-marketing.eu\/comunicati\/#\/schema\/person\/44372e4d4d0fa797b18e03ed1ace9017\"},\"headline\":\"La resistibile ascesa di arturo ui\",\"datePublished\":\"2011-04-23T11:27:45+00:00\",\"dateModified\":\"2018-07-10T03:09:09+00:00\",\"mainEntityOfPage\":{\"@id\":\"https:\/\/www.article-marketing.eu\/comunicati\/arte-e-cultura\/teatro\/la-resistibile-ascesa-di-arturo-ui\/\"},\"wordCount\":557,\"commentCount\":0,\"keywords\":[\"Bertolt Brecht\",\"biglietti teatro\",\"La resistibile ascesa di arturo ui\",\"Spettacoli teatrali Roma\",\"teatro roma\",\"Umberto Orsini\"],\"articleSection\":[\"Teatro\"],\"inLanguage\":\"it-IT\",\"potentialAction\":[{\"@type\":\"CommentAction\",\"name\":\"Comment\",\"target\":[\"https:\/\/www.article-marketing.eu\/comunicati\/arte-e-cultura\/teatro\/la-resistibile-ascesa-di-arturo-ui\/#respond\"]}]},{\"@type\":\"WebPage\",\"@id\":\"https:\/\/www.article-marketing.eu\/comunicati\/arte-e-cultura\/teatro\/la-resistibile-ascesa-di-arturo-ui\/\",\"url\":\"https:\/\/www.article-marketing.eu\/comunicati\/arte-e-cultura\/teatro\/la-resistibile-ascesa-di-arturo-ui\/\",\"name\":\"La resistibile ascesa di arturo ui - Article Marketing\",\"isPartOf\":{\"@id\":\"https:\/\/www.article-marketing.eu\/comunicati\/#website\"},\"datePublished\":\"2011-04-23T11:27:45+00:00\",\"dateModified\":\"2018-07-10T03:09:09+00:00\",\"author\":{\"@id\":\"https:\/\/www.article-marketing.eu\/comunicati\/#\/schema\/person\/44372e4d4d0fa797b18e03ed1ace9017\"},\"breadcrumb\":{\"@id\":\"https:\/\/www.article-marketing.eu\/comunicati\/arte-e-cultura\/teatro\/la-resistibile-ascesa-di-arturo-ui\/#breadcrumb\"},\"inLanguage\":\"it-IT\",\"potentialAction\":[{\"@type\":\"ReadAction\",\"target\":[\"https:\/\/www.article-marketing.eu\/comunicati\/arte-e-cultura\/teatro\/la-resistibile-ascesa-di-arturo-ui\/\"]}]},{\"@type\":\"BreadcrumbList\",\"@id\":\"https:\/\/www.article-marketing.eu\/comunicati\/arte-e-cultura\/teatro\/la-resistibile-ascesa-di-arturo-ui\/#breadcrumb\",\"itemListElement\":[{\"@type\":\"ListItem\",\"position\":1,\"name\":\"Home\",\"item\":\"https:\/\/www.article-marketing.eu\/comunicati\/\"},{\"@type\":\"ListItem\",\"position\":2,\"name\":\"La resistibile ascesa di arturo ui\"}]},{\"@type\":\"WebSite\",\"@id\":\"https:\/\/www.article-marketing.eu\/comunicati\/#website\",\"url\":\"https:\/\/www.article-marketing.eu\/comunicati\/\",\"name\":\"Article Marketing\",\"description\":\"article marketing &amp; press release\",\"potentialAction\":[{\"@type\":\"SearchAction\",\"target\":{\"@type\":\"EntryPoint\",\"urlTemplate\":\"https:\/\/www.article-marketing.eu\/comunicati\/?s={search_term_string}\"},\"query-input\":{\"@type\":\"PropertyValueSpecification\",\"valueRequired\":true,\"valueName\":\"search_term_string\"}}],\"inLanguage\":\"it-IT\"},{\"@type\":\"Person\",\"@id\":\"https:\/\/www.article-marketing.eu\/comunicati\/#\/schema\/person\/44372e4d4d0fa797b18e03ed1ace9017\",\"name\":\"Redazione Comunicati Stampa\",\"image\":{\"@type\":\"ImageObject\",\"inLanguage\":\"it-IT\",\"@id\":\"https:\/\/www.article-marketing.eu\/comunicati\/#\/schema\/person\/image\/\",\"url\":\"https:\/\/secure.gravatar.com\/avatar\/50e5c6421d3072f42e7ace803501602c60d75233d34e29fd05feb91c8760b792?s=96&d=mm&r=g\",\"contentUrl\":\"https:\/\/secure.gravatar.com\/avatar\/50e5c6421d3072f42e7ace803501602c60d75233d34e29fd05feb91c8760b792?s=96&d=mm&r=g\",\"caption\":\"Redazione Comunicati Stampa\"},\"url\":\"https:\/\/www.article-marketing.eu\/comunicati\/author\/redazione-comunicati-stampa\/\"}]}<\/script>\n<!-- \/ Yoast SEO plugin. -->","yoast_head_json":{"title":"La resistibile ascesa di arturo ui - Article Marketing","robots":{"index":"index","follow":"follow","max-snippet":"max-snippet:-1","max-image-preview":"max-image-preview:large","max-video-preview":"max-video-preview:-1"},"canonical":"https:\/\/www.article-marketing.eu\/comunicati\/arte-e-cultura\/teatro\/la-resistibile-ascesa-di-arturo-ui\/","og_locale":"it_IT","og_type":"article","og_title":"La resistibile ascesa di arturo ui - Article Marketing","og_description":"In scena a Roma 'La resistibile ascesa di arturo ui' di Bertolt Brecht, con Umberto Orsini. La resistibile ascesa di arturo ui \u00e8 una farsa scritta tra il 1940 e il '41 dall'esilio finlandese, Brecht definir\u00e0 in seguito l'opera una farsa storica. Uno dei pi\u00f9 interessanti e controversi spettacoli in scena a Roma in questo momento.","og_url":"https:\/\/www.article-marketing.eu\/comunicati\/arte-e-cultura\/teatro\/la-resistibile-ascesa-di-arturo-ui\/","og_site_name":"Article Marketing","article_published_time":"2011-04-23T11:27:45+00:00","article_modified_time":"2018-07-10T03:09:09+00:00","author":"Redazione Comunicati Stampa","twitter_card":"summary_large_image","twitter_misc":{"Scritto da":"Redazione Comunicati Stampa","Tempo di lettura stimato":"3 minuti"},"schema":{"@context":"https:\/\/schema.org","@graph":[{"@type":"Article","@id":"https:\/\/www.article-marketing.eu\/comunicati\/arte-e-cultura\/teatro\/la-resistibile-ascesa-di-arturo-ui\/#article","isPartOf":{"@id":"https:\/\/www.article-marketing.eu\/comunicati\/arte-e-cultura\/teatro\/la-resistibile-ascesa-di-arturo-ui\/"},"author":{"name":"Redazione Comunicati Stampa","@id":"https:\/\/www.article-marketing.eu\/comunicati\/#\/schema\/person\/44372e4d4d0fa797b18e03ed1ace9017"},"headline":"La resistibile ascesa di arturo ui","datePublished":"2011-04-23T11:27:45+00:00","dateModified":"2018-07-10T03:09:09+00:00","mainEntityOfPage":{"@id":"https:\/\/www.article-marketing.eu\/comunicati\/arte-e-cultura\/teatro\/la-resistibile-ascesa-di-arturo-ui\/"},"wordCount":557,"commentCount":0,"keywords":["Bertolt Brecht","biglietti teatro","La resistibile ascesa di arturo ui","Spettacoli teatrali Roma","teatro roma","Umberto Orsini"],"articleSection":["Teatro"],"inLanguage":"it-IT","potentialAction":[{"@type":"CommentAction","name":"Comment","target":["https:\/\/www.article-marketing.eu\/comunicati\/arte-e-cultura\/teatro\/la-resistibile-ascesa-di-arturo-ui\/#respond"]}]},{"@type":"WebPage","@id":"https:\/\/www.article-marketing.eu\/comunicati\/arte-e-cultura\/teatro\/la-resistibile-ascesa-di-arturo-ui\/","url":"https:\/\/www.article-marketing.eu\/comunicati\/arte-e-cultura\/teatro\/la-resistibile-ascesa-di-arturo-ui\/","name":"La resistibile ascesa di arturo ui - Article Marketing","isPartOf":{"@id":"https:\/\/www.article-marketing.eu\/comunicati\/#website"},"datePublished":"2011-04-23T11:27:45+00:00","dateModified":"2018-07-10T03:09:09+00:00","author":{"@id":"https:\/\/www.article-marketing.eu\/comunicati\/#\/schema\/person\/44372e4d4d0fa797b18e03ed1ace9017"},"breadcrumb":{"@id":"https:\/\/www.article-marketing.eu\/comunicati\/arte-e-cultura\/teatro\/la-resistibile-ascesa-di-arturo-ui\/#breadcrumb"},"inLanguage":"it-IT","potentialAction":[{"@type":"ReadAction","target":["https:\/\/www.article-marketing.eu\/comunicati\/arte-e-cultura\/teatro\/la-resistibile-ascesa-di-arturo-ui\/"]}]},{"@type":"BreadcrumbList","@id":"https:\/\/www.article-marketing.eu\/comunicati\/arte-e-cultura\/teatro\/la-resistibile-ascesa-di-arturo-ui\/#breadcrumb","itemListElement":[{"@type":"ListItem","position":1,"name":"Home","item":"https:\/\/www.article-marketing.eu\/comunicati\/"},{"@type":"ListItem","position":2,"name":"La resistibile ascesa di arturo ui"}]},{"@type":"WebSite","@id":"https:\/\/www.article-marketing.eu\/comunicati\/#website","url":"https:\/\/www.article-marketing.eu\/comunicati\/","name":"Article Marketing","description":"article marketing &amp; press release","potentialAction":[{"@type":"SearchAction","target":{"@type":"EntryPoint","urlTemplate":"https:\/\/www.article-marketing.eu\/comunicati\/?s={search_term_string}"},"query-input":{"@type":"PropertyValueSpecification","valueRequired":true,"valueName":"search_term_string"}}],"inLanguage":"it-IT"},{"@type":"Person","@id":"https:\/\/www.article-marketing.eu\/comunicati\/#\/schema\/person\/44372e4d4d0fa797b18e03ed1ace9017","name":"Redazione Comunicati Stampa","image":{"@type":"ImageObject","inLanguage":"it-IT","@id":"https:\/\/www.article-marketing.eu\/comunicati\/#\/schema\/person\/image\/","url":"https:\/\/secure.gravatar.com\/avatar\/50e5c6421d3072f42e7ace803501602c60d75233d34e29fd05feb91c8760b792?s=96&d=mm&r=g","contentUrl":"https:\/\/secure.gravatar.com\/avatar\/50e5c6421d3072f42e7ace803501602c60d75233d34e29fd05feb91c8760b792?s=96&d=mm&r=g","caption":"Redazione Comunicati Stampa"},"url":"https:\/\/www.article-marketing.eu\/comunicati\/author\/redazione-comunicati-stampa\/"}]}},"_links":{"self":[{"href":"https:\/\/www.article-marketing.eu\/comunicati\/wp-json\/wp\/v2\/posts\/15348","targetHints":{"allow":["GET"]}}],"collection":[{"href":"https:\/\/www.article-marketing.eu\/comunicati\/wp-json\/wp\/v2\/posts"}],"about":[{"href":"https:\/\/www.article-marketing.eu\/comunicati\/wp-json\/wp\/v2\/types\/post"}],"author":[{"embeddable":true,"href":"https:\/\/www.article-marketing.eu\/comunicati\/wp-json\/wp\/v2\/users\/10"}],"replies":[{"embeddable":true,"href":"https:\/\/www.article-marketing.eu\/comunicati\/wp-json\/wp\/v2\/comments?post=15348"}],"version-history":[{"count":1,"href":"https:\/\/www.article-marketing.eu\/comunicati\/wp-json\/wp\/v2\/posts\/15348\/revisions"}],"predecessor-version":[{"id":60786,"href":"https:\/\/www.article-marketing.eu\/comunicati\/wp-json\/wp\/v2\/posts\/15348\/revisions\/60786"}],"wp:attachment":[{"href":"https:\/\/www.article-marketing.eu\/comunicati\/wp-json\/wp\/v2\/media?parent=15348"}],"wp:term":[{"taxonomy":"category","embeddable":true,"href":"https:\/\/www.article-marketing.eu\/comunicati\/wp-json\/wp\/v2\/categories?post=15348"},{"taxonomy":"post_tag","embeddable":true,"href":"https:\/\/www.article-marketing.eu\/comunicati\/wp-json\/wp\/v2\/tags?post=15348"}],"curies":[{"name":"wp","href":"https:\/\/api.w.org\/{rel}","templated":true}]}}