{"id":15406,"date":"2011-04-26T11:07:51","date_gmt":"2011-04-26T09:07:51","guid":{"rendered":"http:\/\/www.article-marketing.eu\/comunicati\/senza-categoria\/bologna-e-la-musica-a-maggio-angelica-festival\/"},"modified":"2020-08-10T01:16:01","modified_gmt":"2020-08-09T23:16:01","slug":"bologna-e-la-musica-a-maggio-angelica-festival","status":"publish","type":"post","link":"https:\/\/www.article-marketing.eu\/comunicati\/viaggi-e-vacanze\/viaggi-e-turismo\/bologna-e-la-musica-a-maggio-angelica-festival\/","title":{"rendered":"Bologna e la Musica: a Maggio AngelicA festival."},"content":{"rendered":"<p> C&rsquo;&egrave; ancora musica nell&rsquo; nella citt&agrave; di Bologna. Con Modena e Lugo di Romagna la citt&agrave; sar&agrave; teatro della pi&ugrave; bella musica internazionale, durante Angelica, ovvero il festival internazionale di musica. Fortunati coloro che hanno gi&agrave; prenotato uno degli <a href=\"http:\/\/www.hotelcentrocitta.it\/bologna\">Hotel a Bologna centro<\/a>. <br \/> Ci saranno sicuramente infatti arrivi massicci di ragazzi e cultori musicali per l&rsquo;evento, che dar&agrave; spazio grandi nomi della musica mondiale, ragionatamente scelti con una attenzione particolare nei confronti dei lavori della Norvegia. <br \/> Il Festival si protrarr&agrave; precisamente dal 5 al 28 di Maggio di questo anno ed per cominciare far&agrave; tappa proprio a Bologna, poi continuer&agrave; passando alle altre due location come fosse un unico grande spettacolo itinerante.<br \/>Questa combinazione di successo proporr&agrave; come da programma interpreti, compositori, cantanti e improvvisatori, al Teatro San Leonardo. Riportiamo solo qualche nome, in modo da dare una idea della loro fama: Pauline Oliveros, Wadada Leo Smith, Roscoe Mitchell.<br \/>Insomma, a Maggio a Bologna c&rsquo;&egrave; davvero tutto quello che serve per trascorrere una bella e interessante vacanza, un occhio di riguardo che si potr&agrave; avere per non gravare sul portafogli &egrave; cercare una sistemazione non troppo cara tra gli Hotel al centro di Bologna disponibili, ad esempio, su http:\/\/www.hotelbolognacentro.it\/.<strong style=\"padding: 0px; margin: 0px;\">Hotel Centro Citt<\/strong><strong style=\"padding: 0px; margin: 0px;\">&agrave;<\/strong> nasce con l&rsquo;obiettivo di semplificare la ricerca di <strong style=\"padding: 0px; margin: 0px;\">hotel e alberghi al centro <\/strong>di tutte le pi&ugrave; amate citt&agrave; Italiane ed Europee. Dalla nostra lunga esperienza nel mondo dei viaggi abbiamo ideato un sito che risponde alle esigenze della maggior parte dei viaggiatori. L&rsquo;esperto team di Hotel Bologna Centro ha <strong style=\"padding: 0px; margin: 0px;\">ricercato e confrontato<\/strong> i pi&ugrave; importati siti su internet per la prenotazione di alberghi a Bologna Centro e selezionato solo i migliori parola chiave Hotel Bologna Centro che incontrano le esigenze di <strong style=\"padding: 0px; margin: 0px;\">chi visita Bologna.<br style=\"padding: 0px; margin: 0px;\" \/><\/strong>Grazie ad Hotel Bologna Centro, potrete finalmente dimenticarvi di dover ricercare su decine di siti per la tariffa migliore, controllare su tripadvisor o altri siti i commenti degli utenti ed infine chiedervi se il sito su cui prenotate &egrave; sicuro. Ogni hotel che troverete sul sito &egrave; stato scrutinato dal nostro team composto dai nostri agenti e da abitanti del luogo che ci aiutano andando di persona a controllare la qualit&agrave; dell&rsquo;albergo. Ci sono diversi motivi per fare un viaggio nella bellissima citt&agrave; di Bologna. Potrebbe essere per le imprese, dal momento che Bologna &egrave; un centro di commercio, o per negozi, o di mangiare il cibo a base di carne ricchi regionale. bolognese Pasta, anyone? Potrebbe essere a vagare attraverso la moltitudine di percorsi porticati, secco in inverno e fresco d&#8217;estate<\/p>\n","protected":false},"excerpt":{"rendered":"<p>C\u2019\u00e8 ancora musica nell\u2019 nella citt\u00e0 di Bologna. Con Modena e Lugo di Romagna la citt\u00e0 sar\u00e0 teatro della pi\u00f9 bella musica internazionale, durante Angelica, ovvero il festival internazionale di musica. Fortunati coloro che hanno gi\u00e0 prenotato uno degli Hotel a Bologna centro<\/p>\n","protected":false},"author":10,"featured_media":0,"comment_status":"open","ping_status":"open","sticky":false,"template":"","format":"standard","meta":{"cybocfi_hide_featured_image":"","footnotes":""},"categories":[2],"tags":[14994,23867,13862,23866],"class_list":["post-15406","post","type-post","status-publish","format-standard","hentry","category-viaggi-e-turismo","tag-alberghi-bologna","tag-alberghi-bologna-centro","tag-hotel-bologna","tag-hotel-bologna-centro"],"yoast_head":"<!-- This site is optimized with the Yoast SEO plugin v27.0 - https:\/\/yoast.com\/product\/yoast-seo-wordpress\/ -->\n<title>Bologna e la Musica: a Maggio AngelicA festival. - Article Marketing<\/title>\n<meta name=\"robots\" content=\"index, follow, max-snippet:-1, max-image-preview:large, max-video-preview:-1\" \/>\n<link rel=\"canonical\" href=\"https:\/\/www.article-marketing.eu\/comunicati\/viaggi-e-vacanze\/viaggi-e-turismo\/bologna-e-la-musica-a-maggio-angelica-festival\/\" \/>\n<meta property=\"og:locale\" content=\"it_IT\" \/>\n<meta property=\"og:type\" content=\"article\" \/>\n<meta property=\"og:title\" content=\"Bologna e la Musica: a Maggio AngelicA festival. - Article Marketing\" \/>\n<meta property=\"og:description\" content=\"C\u2019\u00e8 ancora musica nell\u2019 nella citt\u00e0 di Bologna. Con Modena e Lugo di Romagna la citt\u00e0 sar\u00e0 teatro della pi\u00f9 bella musica internazionale, durante Angelica, ovvero il festival internazionale di musica. Fortunati coloro che hanno gi\u00e0 prenotato uno degli Hotel a Bologna centro\" \/>\n<meta property=\"og:url\" content=\"https:\/\/www.article-marketing.eu\/comunicati\/viaggi-e-vacanze\/viaggi-e-turismo\/bologna-e-la-musica-a-maggio-angelica-festival\/\" \/>\n<meta property=\"og:site_name\" content=\"Article Marketing\" \/>\n<meta property=\"article:published_time\" content=\"2011-04-26T09:07:51+00:00\" \/>\n<meta property=\"article:modified_time\" content=\"2020-08-09T23:16:01+00:00\" \/>\n<meta name=\"author\" content=\"Redazione Comunicati Stampa\" \/>\n<meta name=\"twitter:card\" content=\"summary_large_image\" \/>\n<meta name=\"twitter:label1\" content=\"Scritto da\" \/>\n\t<meta name=\"twitter:data1\" content=\"Redazione Comunicati Stampa\" \/>\n\t<meta name=\"twitter:label2\" content=\"Tempo di lettura stimato\" \/>\n\t<meta name=\"twitter:data2\" content=\"2 minuti\" \/>\n<script type=\"application\/ld+json\" class=\"yoast-schema-graph\">{\"@context\":\"https:\/\/schema.org\",\"@graph\":[{\"@type\":\"Article\",\"@id\":\"https:\/\/www.article-marketing.eu\/comunicati\/viaggi-e-vacanze\/viaggi-e-turismo\/bologna-e-la-musica-a-maggio-angelica-festival\/#article\",\"isPartOf\":{\"@id\":\"https:\/\/www.article-marketing.eu\/comunicati\/viaggi-e-vacanze\/viaggi-e-turismo\/bologna-e-la-musica-a-maggio-angelica-festival\/\"},\"author\":{\"name\":\"Redazione Comunicati Stampa\",\"@id\":\"https:\/\/www.article-marketing.eu\/comunicati\/#\/schema\/person\/44372e4d4d0fa797b18e03ed1ace9017\"},\"headline\":\"Bologna e la Musica: a Maggio AngelicA festival.\",\"datePublished\":\"2011-04-26T09:07:51+00:00\",\"dateModified\":\"2020-08-09T23:16:01+00:00\",\"mainEntityOfPage\":{\"@id\":\"https:\/\/www.article-marketing.eu\/comunicati\/viaggi-e-vacanze\/viaggi-e-turismo\/bologna-e-la-musica-a-maggio-angelica-festival\/\"},\"wordCount\":458,\"commentCount\":0,\"keywords\":[\"Alberghi Bologna\",\"alberghi bologna centro\",\"hotel bologna\",\"hotel bologna centro\"],\"articleSection\":[\"Viaggi e Turismo\"],\"inLanguage\":\"it-IT\",\"potentialAction\":[{\"@type\":\"CommentAction\",\"name\":\"Comment\",\"target\":[\"https:\/\/www.article-marketing.eu\/comunicati\/viaggi-e-vacanze\/viaggi-e-turismo\/bologna-e-la-musica-a-maggio-angelica-festival\/#respond\"]}]},{\"@type\":\"WebPage\",\"@id\":\"https:\/\/www.article-marketing.eu\/comunicati\/viaggi-e-vacanze\/viaggi-e-turismo\/bologna-e-la-musica-a-maggio-angelica-festival\/\",\"url\":\"https:\/\/www.article-marketing.eu\/comunicati\/viaggi-e-vacanze\/viaggi-e-turismo\/bologna-e-la-musica-a-maggio-angelica-festival\/\",\"name\":\"Bologna e la Musica: a Maggio AngelicA festival. - Article Marketing\",\"isPartOf\":{\"@id\":\"https:\/\/www.article-marketing.eu\/comunicati\/#website\"},\"datePublished\":\"2011-04-26T09:07:51+00:00\",\"dateModified\":\"2020-08-09T23:16:01+00:00\",\"author\":{\"@id\":\"https:\/\/www.article-marketing.eu\/comunicati\/#\/schema\/person\/44372e4d4d0fa797b18e03ed1ace9017\"},\"breadcrumb\":{\"@id\":\"https:\/\/www.article-marketing.eu\/comunicati\/viaggi-e-vacanze\/viaggi-e-turismo\/bologna-e-la-musica-a-maggio-angelica-festival\/#breadcrumb\"},\"inLanguage\":\"it-IT\",\"potentialAction\":[{\"@type\":\"ReadAction\",\"target\":[\"https:\/\/www.article-marketing.eu\/comunicati\/viaggi-e-vacanze\/viaggi-e-turismo\/bologna-e-la-musica-a-maggio-angelica-festival\/\"]}]},{\"@type\":\"BreadcrumbList\",\"@id\":\"https:\/\/www.article-marketing.eu\/comunicati\/viaggi-e-vacanze\/viaggi-e-turismo\/bologna-e-la-musica-a-maggio-angelica-festival\/#breadcrumb\",\"itemListElement\":[{\"@type\":\"ListItem\",\"position\":1,\"name\":\"Home\",\"item\":\"https:\/\/www.article-marketing.eu\/comunicati\/\"},{\"@type\":\"ListItem\",\"position\":2,\"name\":\"Bologna e la Musica: a Maggio AngelicA festival.\"}]},{\"@type\":\"WebSite\",\"@id\":\"https:\/\/www.article-marketing.eu\/comunicati\/#website\",\"url\":\"https:\/\/www.article-marketing.eu\/comunicati\/\",\"name\":\"Article Marketing\",\"description\":\"article marketing &amp; press release\",\"potentialAction\":[{\"@type\":\"SearchAction\",\"target\":{\"@type\":\"EntryPoint\",\"urlTemplate\":\"https:\/\/www.article-marketing.eu\/comunicati\/?s={search_term_string}\"},\"query-input\":{\"@type\":\"PropertyValueSpecification\",\"valueRequired\":true,\"valueName\":\"search_term_string\"}}],\"inLanguage\":\"it-IT\"},{\"@type\":\"Person\",\"@id\":\"https:\/\/www.article-marketing.eu\/comunicati\/#\/schema\/person\/44372e4d4d0fa797b18e03ed1ace9017\",\"name\":\"Redazione Comunicati Stampa\",\"image\":{\"@type\":\"ImageObject\",\"inLanguage\":\"it-IT\",\"@id\":\"https:\/\/www.article-marketing.eu\/comunicati\/#\/schema\/person\/image\/\",\"url\":\"https:\/\/secure.gravatar.com\/avatar\/50e5c6421d3072f42e7ace803501602c60d75233d34e29fd05feb91c8760b792?s=96&d=mm&r=g\",\"contentUrl\":\"https:\/\/secure.gravatar.com\/avatar\/50e5c6421d3072f42e7ace803501602c60d75233d34e29fd05feb91c8760b792?s=96&d=mm&r=g\",\"caption\":\"Redazione Comunicati Stampa\"},\"url\":\"https:\/\/www.article-marketing.eu\/comunicati\/author\/redazione-comunicati-stampa\/\"}]}<\/script>\n<!-- \/ Yoast SEO plugin. -->","yoast_head_json":{"title":"Bologna e la Musica: a Maggio AngelicA festival. - Article Marketing","robots":{"index":"index","follow":"follow","max-snippet":"max-snippet:-1","max-image-preview":"max-image-preview:large","max-video-preview":"max-video-preview:-1"},"canonical":"https:\/\/www.article-marketing.eu\/comunicati\/viaggi-e-vacanze\/viaggi-e-turismo\/bologna-e-la-musica-a-maggio-angelica-festival\/","og_locale":"it_IT","og_type":"article","og_title":"Bologna e la Musica: a Maggio AngelicA festival. - Article Marketing","og_description":"C\u2019\u00e8 ancora musica nell\u2019 nella citt\u00e0 di Bologna. Con Modena e Lugo di Romagna la citt\u00e0 sar\u00e0 teatro della pi\u00f9 bella musica internazionale, durante Angelica, ovvero il festival internazionale di musica. Fortunati coloro che hanno gi\u00e0 prenotato uno degli Hotel a Bologna centro","og_url":"https:\/\/www.article-marketing.eu\/comunicati\/viaggi-e-vacanze\/viaggi-e-turismo\/bologna-e-la-musica-a-maggio-angelica-festival\/","og_site_name":"Article Marketing","article_published_time":"2011-04-26T09:07:51+00:00","article_modified_time":"2020-08-09T23:16:01+00:00","author":"Redazione Comunicati Stampa","twitter_card":"summary_large_image","twitter_misc":{"Scritto da":"Redazione Comunicati Stampa","Tempo di lettura stimato":"2 minuti"},"schema":{"@context":"https:\/\/schema.org","@graph":[{"@type":"Article","@id":"https:\/\/www.article-marketing.eu\/comunicati\/viaggi-e-vacanze\/viaggi-e-turismo\/bologna-e-la-musica-a-maggio-angelica-festival\/#article","isPartOf":{"@id":"https:\/\/www.article-marketing.eu\/comunicati\/viaggi-e-vacanze\/viaggi-e-turismo\/bologna-e-la-musica-a-maggio-angelica-festival\/"},"author":{"name":"Redazione Comunicati Stampa","@id":"https:\/\/www.article-marketing.eu\/comunicati\/#\/schema\/person\/44372e4d4d0fa797b18e03ed1ace9017"},"headline":"Bologna e la Musica: a Maggio AngelicA festival.","datePublished":"2011-04-26T09:07:51+00:00","dateModified":"2020-08-09T23:16:01+00:00","mainEntityOfPage":{"@id":"https:\/\/www.article-marketing.eu\/comunicati\/viaggi-e-vacanze\/viaggi-e-turismo\/bologna-e-la-musica-a-maggio-angelica-festival\/"},"wordCount":458,"commentCount":0,"keywords":["Alberghi Bologna","alberghi bologna centro","hotel bologna","hotel bologna centro"],"articleSection":["Viaggi e Turismo"],"inLanguage":"it-IT","potentialAction":[{"@type":"CommentAction","name":"Comment","target":["https:\/\/www.article-marketing.eu\/comunicati\/viaggi-e-vacanze\/viaggi-e-turismo\/bologna-e-la-musica-a-maggio-angelica-festival\/#respond"]}]},{"@type":"WebPage","@id":"https:\/\/www.article-marketing.eu\/comunicati\/viaggi-e-vacanze\/viaggi-e-turismo\/bologna-e-la-musica-a-maggio-angelica-festival\/","url":"https:\/\/www.article-marketing.eu\/comunicati\/viaggi-e-vacanze\/viaggi-e-turismo\/bologna-e-la-musica-a-maggio-angelica-festival\/","name":"Bologna e la Musica: a Maggio AngelicA festival. - Article Marketing","isPartOf":{"@id":"https:\/\/www.article-marketing.eu\/comunicati\/#website"},"datePublished":"2011-04-26T09:07:51+00:00","dateModified":"2020-08-09T23:16:01+00:00","author":{"@id":"https:\/\/www.article-marketing.eu\/comunicati\/#\/schema\/person\/44372e4d4d0fa797b18e03ed1ace9017"},"breadcrumb":{"@id":"https:\/\/www.article-marketing.eu\/comunicati\/viaggi-e-vacanze\/viaggi-e-turismo\/bologna-e-la-musica-a-maggio-angelica-festival\/#breadcrumb"},"inLanguage":"it-IT","potentialAction":[{"@type":"ReadAction","target":["https:\/\/www.article-marketing.eu\/comunicati\/viaggi-e-vacanze\/viaggi-e-turismo\/bologna-e-la-musica-a-maggio-angelica-festival\/"]}]},{"@type":"BreadcrumbList","@id":"https:\/\/www.article-marketing.eu\/comunicati\/viaggi-e-vacanze\/viaggi-e-turismo\/bologna-e-la-musica-a-maggio-angelica-festival\/#breadcrumb","itemListElement":[{"@type":"ListItem","position":1,"name":"Home","item":"https:\/\/www.article-marketing.eu\/comunicati\/"},{"@type":"ListItem","position":2,"name":"Bologna e la Musica: a Maggio AngelicA festival."}]},{"@type":"WebSite","@id":"https:\/\/www.article-marketing.eu\/comunicati\/#website","url":"https:\/\/www.article-marketing.eu\/comunicati\/","name":"Article Marketing","description":"article marketing &amp; press release","potentialAction":[{"@type":"SearchAction","target":{"@type":"EntryPoint","urlTemplate":"https:\/\/www.article-marketing.eu\/comunicati\/?s={search_term_string}"},"query-input":{"@type":"PropertyValueSpecification","valueRequired":true,"valueName":"search_term_string"}}],"inLanguage":"it-IT"},{"@type":"Person","@id":"https:\/\/www.article-marketing.eu\/comunicati\/#\/schema\/person\/44372e4d4d0fa797b18e03ed1ace9017","name":"Redazione Comunicati Stampa","image":{"@type":"ImageObject","inLanguage":"it-IT","@id":"https:\/\/www.article-marketing.eu\/comunicati\/#\/schema\/person\/image\/","url":"https:\/\/secure.gravatar.com\/avatar\/50e5c6421d3072f42e7ace803501602c60d75233d34e29fd05feb91c8760b792?s=96&d=mm&r=g","contentUrl":"https:\/\/secure.gravatar.com\/avatar\/50e5c6421d3072f42e7ace803501602c60d75233d34e29fd05feb91c8760b792?s=96&d=mm&r=g","caption":"Redazione Comunicati Stampa"},"url":"https:\/\/www.article-marketing.eu\/comunicati\/author\/redazione-comunicati-stampa\/"}]}},"_links":{"self":[{"href":"https:\/\/www.article-marketing.eu\/comunicati\/wp-json\/wp\/v2\/posts\/15406","targetHints":{"allow":["GET"]}}],"collection":[{"href":"https:\/\/www.article-marketing.eu\/comunicati\/wp-json\/wp\/v2\/posts"}],"about":[{"href":"https:\/\/www.article-marketing.eu\/comunicati\/wp-json\/wp\/v2\/types\/post"}],"author":[{"embeddable":true,"href":"https:\/\/www.article-marketing.eu\/comunicati\/wp-json\/wp\/v2\/users\/10"}],"replies":[{"embeddable":true,"href":"https:\/\/www.article-marketing.eu\/comunicati\/wp-json\/wp\/v2\/comments?post=15406"}],"version-history":[{"count":1,"href":"https:\/\/www.article-marketing.eu\/comunicati\/wp-json\/wp\/v2\/posts\/15406\/revisions"}],"predecessor-version":[{"id":67145,"href":"https:\/\/www.article-marketing.eu\/comunicati\/wp-json\/wp\/v2\/posts\/15406\/revisions\/67145"}],"wp:attachment":[{"href":"https:\/\/www.article-marketing.eu\/comunicati\/wp-json\/wp\/v2\/media?parent=15406"}],"wp:term":[{"taxonomy":"category","embeddable":true,"href":"https:\/\/www.article-marketing.eu\/comunicati\/wp-json\/wp\/v2\/categories?post=15406"},{"taxonomy":"post_tag","embeddable":true,"href":"https:\/\/www.article-marketing.eu\/comunicati\/wp-json\/wp\/v2\/tags?post=15406"}],"curies":[{"name":"wp","href":"https:\/\/api.w.org\/{rel}","templated":true}]}}