{"id":1551,"date":"2009-03-12T16:08:47","date_gmt":"2009-03-12T15:08:47","guid":{"rendered":"http:\/\/www.article-marketing.eu\/comunicati\/senza-categoria\/istanbul-festival-internazionale-della-gastronomia-dal-21-al-24-marzo-2009\/"},"modified":"2009-03-12T16:08:47","modified_gmt":"2009-03-12T15:08:47","slug":"istanbul-festival-internazionale-della-gastronomia-dal-21-al-24-marzo-2009","status":"publish","type":"post","link":"https:\/\/www.article-marketing.eu\/comunicati\/comunicati-stampa\/eventi\/istanbul-festival-internazionale-della-gastronomia-dal-21-al-24-marzo-2009\/","title":{"rendered":"Istanbul: Festival Internazionale della Gastronomia dal 21 al 24 Marzo 2009"},"content":{"rendered":"<p style=\"TEXT-ALIGN: justify\">Quella turca \u00e8 considerata come una delle cucine pi\u00f9 importanti del mondo, insieme a quella italiana, francese e cinese, e si contraddistingue per una grande variet\u00e0 di piatti, che sanno coniugare alcune componenti della cultura&nbsp; gastronomica mediterranea, come l\u2019 olio d\u2019oliva, e di quella asiatica, come le spezie, creando un mix a dir poco appetitoso. Oltre a questi, gli ingredienti fondamentali della cucina turca sono la carne arrostita (soprattutto di montone e agnello) e le verdure (in particolare le melanzane, ingrediente principe di molti piatti). Chiunque abbia approfittato di un viaggio low cost per la citt\u00e0 o abbia mangiato anche solo un piatto semplice e veloce come il kebab in uno dei tanti localini sparsi ormai nelle citt\u00e0 di tutto il mondo potr\u00e0 testimoniare come i cuochi turchi siano in grado di combinare carne e verdure ottenendo degli ottimi risultati.<\/p>\n<p style=\"TEXT-ALIGN: justify\">&nbsp;<\/p>\n<p style=\"TEXT-ALIGN: justify\">La cucina turca per\u00f2 e molto di pi\u00f9 di carne e verdura (basti pensare ai numerosi piatti a base di riso pilav o ai dolci di mandorle, miele, uova e latte), e non basterebbe un libro per presentarne la storia e le ricette. Se volete dunque avere un sunto della tradizione gastronomica turca, magari assaggiando qualche piatto creato da alcuni dei pi\u00f9 grandi chef e vedendo come queste pietanze vengono preparate, ma anche se volete confrontare la tradizione gastronomica turca e quella di altri paesi, organizzate un tour di Istanbul, armatevi di forchetta e coltello e visitate il Festival internazionale della gastronomia, che si svolger\u00e0 nella citt\u00e0 turca dal 21 al 24 marzo. Il festival, gi\u00e0 da 7 edizioni, chiama a rapporto i migliori chef del mondo, che si ritrovano ad Istanbul per preparare i loro piatti migliori. <\/p>\n<p style=\"TEXT-ALIGN: justify\">&nbsp;<\/p>\n<p style=\"TEXT-ALIGN: justify\">L\u2019edizione del 2009, per\u00f2, assumer\u00e0 ancora pi\u00f9 valore: l\u2019anno scorso infatti l\u2019evento \u00e8 stato riconosciuto dalla WACS (World Association of Chefs Society), che gli ha cos\u00ec conferito maggior prestigio e peso in ambito internazionale. I cuochi che parteciperanno al festival avranno dunque modo non solo di preparare i propri piatti davanti ad una platea internazionale di esperti e golosi, ma anche di veder ufficialmente riconosciuta la propria bravura: gli chef parteciperanno infatti ad una vera e propria gara, che premier\u00e0 le preparazioni migliori con delle medaglie e, dettaglio ancor pi\u00f9 significativo, con dei certificati riconosciuti a livello internazionale.<\/p>\n<p style=\"TEXT-ALIGN: justify\">&nbsp;<\/p>\n<p style=\"TEXT-ALIGN: justify\">Il festival sar\u00e0 dunque un evento da non perdere sia per i cuochi che per i visitatori, che trascorrendo qualche giorno ad Istanbul, magari soggiornando in uno dei tanti B&amp;B economici della citt\u00e0, potranno avere un quadro completo della tradizione culinaria non solo turca, ma anche mondiale. L\u2019intento degli organizzatori del festival non \u00e8 infatti solo quello di far conoscere l\u2019arte gastronomica turca nel mondo, ma anche di stimolare un confronto e uno scambio con altri paesi, il tutto in una citt\u00e0 come Istanbul, votata per natura all\u2019incontro fra culture. <\/p>\n<p style=\"TEXT-ALIGN: justify\">&nbsp;<\/p>\n<p style=\"TEXT-ALIGN: justify\">Non sentite gi\u00e0 l\u2019acquolina in bocca? Un viaggio in Turchia in un<strong> <\/strong><a href=\"http:\/\/it.flashbooking.com\/navigation\/medio-oriente_turchia_istanbul_hotel---_all.html\">albergo 3 stelle <\/a>pu\u00f2 diventate anche un tour enogastronomico, grazie al Festival internazionale della gastronomia di Istanbul!<\/p>\n<p style=\"TEXT-ALIGN: justify\">&nbsp;<\/p>\n<p style=\"TEXT-ALIGN: justify\">&nbsp;<\/p>\n<p style=\"TEXT-ALIGN: justify\">Date: 21 \u2013 24 Marzo 2009 <\/p>\n<p style=\"TEXT-ALIGN: justify\">Dove: Tuyap Istanbul Exhibition Palace, Istanbul, Turchia<\/p>\n<p style=\"TEXT-ALIGN: justify\">&nbsp;<\/p>\n","protected":false},"excerpt":{"rendered":"<p>Negli ultimi anni la cucina turca ha cominciato ad espandersi oltre i confini nazionali, trovando estimatori in vari paesi. C\u2019\u00e8 per\u00f2 da dire che la maggior parte della gente, quando pensa alle specialit\u00e0 turche, pensa solo al Kebab o a poco altro, che pur essendo un piatto gustoso e sostanzioso, \u00e8 solo una piccola parte della tradizione culinaria turca.<\/p>\n","protected":false},"author":10,"featured_media":0,"comment_status":"open","ping_status":"open","sticky":false,"template":"","format":"standard","meta":{"cybocfi_hide_featured_image":"","footnotes":""},"categories":[388],"tags":[1069,1423,1379,3362,2436,5101],"class_list":["post-1551","post","type-post","status-publish","format-standard","hentry","category-eventi","tag-concorsi","tag-cucina","tag-festival","tag-gastronomia","tag-istanbul","tag-kebab"],"yoast_head":"<!-- This site is optimized with the Yoast SEO plugin v27.0 - https:\/\/yoast.com\/product\/yoast-seo-wordpress\/ -->\n<title>Istanbul: Festival Internazionale della Gastronomia dal 21 al 24 Marzo 2009 - Article Marketing<\/title>\n<meta name=\"robots\" content=\"index, follow, max-snippet:-1, max-image-preview:large, max-video-preview:-1\" \/>\n<link rel=\"canonical\" href=\"https:\/\/www.article-marketing.eu\/comunicati\/comunicati-stampa\/eventi\/istanbul-festival-internazionale-della-gastronomia-dal-21-al-24-marzo-2009\/\" \/>\n<meta property=\"og:locale\" content=\"it_IT\" \/>\n<meta property=\"og:type\" content=\"article\" \/>\n<meta property=\"og:title\" content=\"Istanbul: Festival Internazionale della Gastronomia dal 21 al 24 Marzo 2009 - Article Marketing\" \/>\n<meta property=\"og:description\" content=\"Negli ultimi anni la cucina turca ha cominciato ad espandersi oltre i confini nazionali, trovando estimatori in vari paesi. C\u2019\u00e8 per\u00f2 da dire che la maggior parte della gente, quando pensa alle specialit\u00e0 turche, pensa solo al Kebab o a poco altro, che pur essendo un piatto gustoso e sostanzioso, \u00e8 solo una piccola parte della tradizione culinaria turca.\" \/>\n<meta property=\"og:url\" content=\"https:\/\/www.article-marketing.eu\/comunicati\/comunicati-stampa\/eventi\/istanbul-festival-internazionale-della-gastronomia-dal-21-al-24-marzo-2009\/\" \/>\n<meta property=\"og:site_name\" content=\"Article Marketing\" \/>\n<meta property=\"article:published_time\" content=\"2009-03-12T15:08:47+00:00\" \/>\n<meta name=\"author\" content=\"Redazione Comunicati Stampa\" \/>\n<meta name=\"twitter:card\" content=\"summary_large_image\" \/>\n<meta name=\"twitter:label1\" content=\"Scritto da\" \/>\n\t<meta name=\"twitter:data1\" content=\"Redazione Comunicati Stampa\" \/>\n\t<meta name=\"twitter:label2\" content=\"Tempo di lettura stimato\" \/>\n\t<meta name=\"twitter:data2\" content=\"3 minuti\" \/>\n<script type=\"application\/ld+json\" class=\"yoast-schema-graph\">{\"@context\":\"https:\/\/schema.org\",\"@graph\":[{\"@type\":\"Article\",\"@id\":\"https:\/\/www.article-marketing.eu\/comunicati\/comunicati-stampa\/eventi\/istanbul-festival-internazionale-della-gastronomia-dal-21-al-24-marzo-2009\/#article\",\"isPartOf\":{\"@id\":\"https:\/\/www.article-marketing.eu\/comunicati\/comunicati-stampa\/eventi\/istanbul-festival-internazionale-della-gastronomia-dal-21-al-24-marzo-2009\/\"},\"author\":{\"name\":\"Redazione Comunicati Stampa\",\"@id\":\"https:\/\/www.article-marketing.eu\/comunicati\/#\/schema\/person\/44372e4d4d0fa797b18e03ed1ace9017\"},\"headline\":\"Istanbul: Festival Internazionale della Gastronomia dal 21 al 24 Marzo 2009\",\"datePublished\":\"2009-03-12T15:08:47+00:00\",\"mainEntityOfPage\":{\"@id\":\"https:\/\/www.article-marketing.eu\/comunicati\/comunicati-stampa\/eventi\/istanbul-festival-internazionale-della-gastronomia-dal-21-al-24-marzo-2009\/\"},\"wordCount\":522,\"commentCount\":0,\"keywords\":[\"concorsi\",\"cucina\",\"festival\",\"gastronomia\",\"istanbul\",\"kebab\"],\"articleSection\":[\"Eventi\"],\"inLanguage\":\"it-IT\",\"potentialAction\":[{\"@type\":\"CommentAction\",\"name\":\"Comment\",\"target\":[\"https:\/\/www.article-marketing.eu\/comunicati\/comunicati-stampa\/eventi\/istanbul-festival-internazionale-della-gastronomia-dal-21-al-24-marzo-2009\/#respond\"]}]},{\"@type\":\"WebPage\",\"@id\":\"https:\/\/www.article-marketing.eu\/comunicati\/comunicati-stampa\/eventi\/istanbul-festival-internazionale-della-gastronomia-dal-21-al-24-marzo-2009\/\",\"url\":\"https:\/\/www.article-marketing.eu\/comunicati\/comunicati-stampa\/eventi\/istanbul-festival-internazionale-della-gastronomia-dal-21-al-24-marzo-2009\/\",\"name\":\"Istanbul: Festival Internazionale della Gastronomia dal 21 al 24 Marzo 2009 - Article Marketing\",\"isPartOf\":{\"@id\":\"https:\/\/www.article-marketing.eu\/comunicati\/#website\"},\"datePublished\":\"2009-03-12T15:08:47+00:00\",\"author\":{\"@id\":\"https:\/\/www.article-marketing.eu\/comunicati\/#\/schema\/person\/44372e4d4d0fa797b18e03ed1ace9017\"},\"breadcrumb\":{\"@id\":\"https:\/\/www.article-marketing.eu\/comunicati\/comunicati-stampa\/eventi\/istanbul-festival-internazionale-della-gastronomia-dal-21-al-24-marzo-2009\/#breadcrumb\"},\"inLanguage\":\"it-IT\",\"potentialAction\":[{\"@type\":\"ReadAction\",\"target\":[\"https:\/\/www.article-marketing.eu\/comunicati\/comunicati-stampa\/eventi\/istanbul-festival-internazionale-della-gastronomia-dal-21-al-24-marzo-2009\/\"]}]},{\"@type\":\"BreadcrumbList\",\"@id\":\"https:\/\/www.article-marketing.eu\/comunicati\/comunicati-stampa\/eventi\/istanbul-festival-internazionale-della-gastronomia-dal-21-al-24-marzo-2009\/#breadcrumb\",\"itemListElement\":[{\"@type\":\"ListItem\",\"position\":1,\"name\":\"Home\",\"item\":\"https:\/\/www.article-marketing.eu\/comunicati\/\"},{\"@type\":\"ListItem\",\"position\":2,\"name\":\"Istanbul: Festival Internazionale della Gastronomia dal 21 al 24 Marzo 2009\"}]},{\"@type\":\"WebSite\",\"@id\":\"https:\/\/www.article-marketing.eu\/comunicati\/#website\",\"url\":\"https:\/\/www.article-marketing.eu\/comunicati\/\",\"name\":\"Article Marketing\",\"description\":\"article marketing &amp; press release\",\"potentialAction\":[{\"@type\":\"SearchAction\",\"target\":{\"@type\":\"EntryPoint\",\"urlTemplate\":\"https:\/\/www.article-marketing.eu\/comunicati\/?s={search_term_string}\"},\"query-input\":{\"@type\":\"PropertyValueSpecification\",\"valueRequired\":true,\"valueName\":\"search_term_string\"}}],\"inLanguage\":\"it-IT\"},{\"@type\":\"Person\",\"@id\":\"https:\/\/www.article-marketing.eu\/comunicati\/#\/schema\/person\/44372e4d4d0fa797b18e03ed1ace9017\",\"name\":\"Redazione Comunicati Stampa\",\"image\":{\"@type\":\"ImageObject\",\"inLanguage\":\"it-IT\",\"@id\":\"https:\/\/www.article-marketing.eu\/comunicati\/#\/schema\/person\/image\/\",\"url\":\"https:\/\/secure.gravatar.com\/avatar\/50e5c6421d3072f42e7ace803501602c60d75233d34e29fd05feb91c8760b792?s=96&d=mm&r=g\",\"contentUrl\":\"https:\/\/secure.gravatar.com\/avatar\/50e5c6421d3072f42e7ace803501602c60d75233d34e29fd05feb91c8760b792?s=96&d=mm&r=g\",\"caption\":\"Redazione Comunicati Stampa\"},\"url\":\"https:\/\/www.article-marketing.eu\/comunicati\/author\/redazione-comunicati-stampa\/\"}]}<\/script>\n<!-- \/ Yoast SEO plugin. -->","yoast_head_json":{"title":"Istanbul: Festival Internazionale della Gastronomia dal 21 al 24 Marzo 2009 - Article Marketing","robots":{"index":"index","follow":"follow","max-snippet":"max-snippet:-1","max-image-preview":"max-image-preview:large","max-video-preview":"max-video-preview:-1"},"canonical":"https:\/\/www.article-marketing.eu\/comunicati\/comunicati-stampa\/eventi\/istanbul-festival-internazionale-della-gastronomia-dal-21-al-24-marzo-2009\/","og_locale":"it_IT","og_type":"article","og_title":"Istanbul: Festival Internazionale della Gastronomia dal 21 al 24 Marzo 2009 - Article Marketing","og_description":"Negli ultimi anni la cucina turca ha cominciato ad espandersi oltre i confini nazionali, trovando estimatori in vari paesi. C\u2019\u00e8 per\u00f2 da dire che la maggior parte della gente, quando pensa alle specialit\u00e0 turche, pensa solo al Kebab o a poco altro, che pur essendo un piatto gustoso e sostanzioso, \u00e8 solo una piccola parte della tradizione culinaria turca.","og_url":"https:\/\/www.article-marketing.eu\/comunicati\/comunicati-stampa\/eventi\/istanbul-festival-internazionale-della-gastronomia-dal-21-al-24-marzo-2009\/","og_site_name":"Article Marketing","article_published_time":"2009-03-12T15:08:47+00:00","author":"Redazione Comunicati Stampa","twitter_card":"summary_large_image","twitter_misc":{"Scritto da":"Redazione Comunicati Stampa","Tempo di lettura stimato":"3 minuti"},"schema":{"@context":"https:\/\/schema.org","@graph":[{"@type":"Article","@id":"https:\/\/www.article-marketing.eu\/comunicati\/comunicati-stampa\/eventi\/istanbul-festival-internazionale-della-gastronomia-dal-21-al-24-marzo-2009\/#article","isPartOf":{"@id":"https:\/\/www.article-marketing.eu\/comunicati\/comunicati-stampa\/eventi\/istanbul-festival-internazionale-della-gastronomia-dal-21-al-24-marzo-2009\/"},"author":{"name":"Redazione Comunicati Stampa","@id":"https:\/\/www.article-marketing.eu\/comunicati\/#\/schema\/person\/44372e4d4d0fa797b18e03ed1ace9017"},"headline":"Istanbul: Festival Internazionale della Gastronomia dal 21 al 24 Marzo 2009","datePublished":"2009-03-12T15:08:47+00:00","mainEntityOfPage":{"@id":"https:\/\/www.article-marketing.eu\/comunicati\/comunicati-stampa\/eventi\/istanbul-festival-internazionale-della-gastronomia-dal-21-al-24-marzo-2009\/"},"wordCount":522,"commentCount":0,"keywords":["concorsi","cucina","festival","gastronomia","istanbul","kebab"],"articleSection":["Eventi"],"inLanguage":"it-IT","potentialAction":[{"@type":"CommentAction","name":"Comment","target":["https:\/\/www.article-marketing.eu\/comunicati\/comunicati-stampa\/eventi\/istanbul-festival-internazionale-della-gastronomia-dal-21-al-24-marzo-2009\/#respond"]}]},{"@type":"WebPage","@id":"https:\/\/www.article-marketing.eu\/comunicati\/comunicati-stampa\/eventi\/istanbul-festival-internazionale-della-gastronomia-dal-21-al-24-marzo-2009\/","url":"https:\/\/www.article-marketing.eu\/comunicati\/comunicati-stampa\/eventi\/istanbul-festival-internazionale-della-gastronomia-dal-21-al-24-marzo-2009\/","name":"Istanbul: Festival Internazionale della Gastronomia dal 21 al 24 Marzo 2009 - Article Marketing","isPartOf":{"@id":"https:\/\/www.article-marketing.eu\/comunicati\/#website"},"datePublished":"2009-03-12T15:08:47+00:00","author":{"@id":"https:\/\/www.article-marketing.eu\/comunicati\/#\/schema\/person\/44372e4d4d0fa797b18e03ed1ace9017"},"breadcrumb":{"@id":"https:\/\/www.article-marketing.eu\/comunicati\/comunicati-stampa\/eventi\/istanbul-festival-internazionale-della-gastronomia-dal-21-al-24-marzo-2009\/#breadcrumb"},"inLanguage":"it-IT","potentialAction":[{"@type":"ReadAction","target":["https:\/\/www.article-marketing.eu\/comunicati\/comunicati-stampa\/eventi\/istanbul-festival-internazionale-della-gastronomia-dal-21-al-24-marzo-2009\/"]}]},{"@type":"BreadcrumbList","@id":"https:\/\/www.article-marketing.eu\/comunicati\/comunicati-stampa\/eventi\/istanbul-festival-internazionale-della-gastronomia-dal-21-al-24-marzo-2009\/#breadcrumb","itemListElement":[{"@type":"ListItem","position":1,"name":"Home","item":"https:\/\/www.article-marketing.eu\/comunicati\/"},{"@type":"ListItem","position":2,"name":"Istanbul: Festival Internazionale della Gastronomia dal 21 al 24 Marzo 2009"}]},{"@type":"WebSite","@id":"https:\/\/www.article-marketing.eu\/comunicati\/#website","url":"https:\/\/www.article-marketing.eu\/comunicati\/","name":"Article Marketing","description":"article marketing &amp; press release","potentialAction":[{"@type":"SearchAction","target":{"@type":"EntryPoint","urlTemplate":"https:\/\/www.article-marketing.eu\/comunicati\/?s={search_term_string}"},"query-input":{"@type":"PropertyValueSpecification","valueRequired":true,"valueName":"search_term_string"}}],"inLanguage":"it-IT"},{"@type":"Person","@id":"https:\/\/www.article-marketing.eu\/comunicati\/#\/schema\/person\/44372e4d4d0fa797b18e03ed1ace9017","name":"Redazione Comunicati Stampa","image":{"@type":"ImageObject","inLanguage":"it-IT","@id":"https:\/\/www.article-marketing.eu\/comunicati\/#\/schema\/person\/image\/","url":"https:\/\/secure.gravatar.com\/avatar\/50e5c6421d3072f42e7ace803501602c60d75233d34e29fd05feb91c8760b792?s=96&d=mm&r=g","contentUrl":"https:\/\/secure.gravatar.com\/avatar\/50e5c6421d3072f42e7ace803501602c60d75233d34e29fd05feb91c8760b792?s=96&d=mm&r=g","caption":"Redazione Comunicati Stampa"},"url":"https:\/\/www.article-marketing.eu\/comunicati\/author\/redazione-comunicati-stampa\/"}]}},"_links":{"self":[{"href":"https:\/\/www.article-marketing.eu\/comunicati\/wp-json\/wp\/v2\/posts\/1551","targetHints":{"allow":["GET"]}}],"collection":[{"href":"https:\/\/www.article-marketing.eu\/comunicati\/wp-json\/wp\/v2\/posts"}],"about":[{"href":"https:\/\/www.article-marketing.eu\/comunicati\/wp-json\/wp\/v2\/types\/post"}],"author":[{"embeddable":true,"href":"https:\/\/www.article-marketing.eu\/comunicati\/wp-json\/wp\/v2\/users\/10"}],"replies":[{"embeddable":true,"href":"https:\/\/www.article-marketing.eu\/comunicati\/wp-json\/wp\/v2\/comments?post=1551"}],"version-history":[{"count":0,"href":"https:\/\/www.article-marketing.eu\/comunicati\/wp-json\/wp\/v2\/posts\/1551\/revisions"}],"wp:attachment":[{"href":"https:\/\/www.article-marketing.eu\/comunicati\/wp-json\/wp\/v2\/media?parent=1551"}],"wp:term":[{"taxonomy":"category","embeddable":true,"href":"https:\/\/www.article-marketing.eu\/comunicati\/wp-json\/wp\/v2\/categories?post=1551"},{"taxonomy":"post_tag","embeddable":true,"href":"https:\/\/www.article-marketing.eu\/comunicati\/wp-json\/wp\/v2\/tags?post=1551"}],"curies":[{"name":"wp","href":"https:\/\/api.w.org\/{rel}","templated":true}]}}