{"id":1560,"date":"2009-03-13T16:13:27","date_gmt":"2009-03-13T15:13:27","guid":{"rendered":"http:\/\/www.article-marketing.eu\/comunicati\/senza-categoria\/napoli-comicon-dal-24-al-26-aprile-2009\/"},"modified":"2009-03-13T16:13:27","modified_gmt":"2009-03-13T15:13:27","slug":"napoli-comicon-dal-24-al-26-aprile-2009","status":"publish","type":"post","link":"https:\/\/www.article-marketing.eu\/comunicati\/comunicati-stampa\/eventi\/napoli-comicon-dal-24-al-26-aprile-2009\/","title":{"rendered":"Napoli: Comicon dal 24 al 26 Aprile 2009"},"content":{"rendered":"<p style=\"TEXT-ALIGN: justify\">L\u2019obiettivo di Comicon \u00e8 quello di far conoscere e apprezzare l\u2019abilit\u00e0 e i risultati eccellenti raggiunti da alcuni dei pi\u00f9 grandi fumettisti italiani e internazionali, contribuendo cos\u00ec a diminuire lo scarto tre le arti cosiddette maggiori e il fumetto, considerato la \u201cnona arte\u201d. <\/p>\n<p style=\"TEXT-ALIGN: justify\">&nbsp;<\/p>\n<p style=\"TEXT-ALIGN: justify\">Per rendere questo obiettivo ancora pi\u00f9 esplicito, il Comicon viene ospitato a Castel Sant\u2019Elmo, castello medievale adibito a museo e sede di numerose mostre, e in una citt\u00e0 d\u2019arte come Napoli, che sta diventando un importante centro per l\u2019arte contemporanea e che anche per questo attira sempre molti turisti, che approfittano delle numerose vacanze economiche nella&nbsp;citt\u00e0. Da pi\u00f9 di 10 anni (la prima edizione del Comicon risale al 1998) il salone del fumetto di Napoli persegue il suo progetto culturale puntando soprattutto sulla qualit\u00e0 e sull\u2019approfondimento, che si manifestano nella cura delle esposizioni delle tavole e nella ricercatezza degli allestimenti, ma anche nella variet\u00e0 di eventi organizzati durante la mostra (dibattiti, rassegne cinematografiche, anteprime, seminari, concorsi ed esposizioni di giovani talenti), che sottolineano come il fumetto debba essere considerato una forma d\u2019arte. <\/p>\n<p style=\"TEXT-ALIGN: justify\">&nbsp;<\/p>\n<p style=\"TEXT-ALIGN: justify\">Il programma del Comicon \u00e8 quindi sempre molto ricco e interessante: trascorrendo un weekend in una pensione a Napoli non avrete solo la possibilit\u00e0 di aggirarvi tra gli stand del salone e acquistare fumetti e gadget, ma potrete veramente immergervi in questo fantastico mondo, incontrando, per esempio, i vostri autori preferiti: tra i pi\u00f9 attesi, Tanino Liberatore, che ha anche realizzato il manifesto dell\u2019evento, a cui verr\u00e0 dedicata una personale, Alan Davis, un talento conosciuto in tutto il mondo e che ha collaborato con prestigiose riviste come <em>Warrior<\/em> e <em>2000 AD<\/em>, e Massimo Carnevale, da poco collaboratore di <em>Dylan Dog<\/em> e anch\u2019egli protagonista, come Liberatore, di una mostra personale. Per avvicinare ulteriormente il pubblico al mondo dei fumetti, il Comicon ospita ogni anno al suo interno \u201cL\u2019ufficio scuola Napoli Comicon\u201d, un laboratorio a cura di un artista, disegnatore o sceneggiatore che permette ai numerosi visitatori (oltre 20.000 persone, molte delle quali affollano ogni anno i numerosi <a href=\"http:\/\/it.flashbooking.com\/navigation\/europa_italia_napoli_bed-and-breakfast_all.html%22\">bed and breakfast di Napoli<\/a> di partecipare attivamente all\u2019evento. <\/p>\n<p style=\"TEXT-ALIGN: justify\">&nbsp;<\/p>\n<p style=\"TEXT-ALIGN: justify\">Un altro obiettivo del salone del fumetto, oltre che promuovere la nona arte, \u00e8 quello si premiare le eccellenze in questo campo, e durante il Comicon infatti una giuria di esperti composta da vignettisti, artisti, musicisti e docenti assegna i premi \u201cAttilio Micheluzzi\u201d al miglior fumetto, al miglior disegnatore, al miglior sceneggiatore, alla migliore serie realistica e alla migliore serie umoristica, al miglior fumetto estero e cos\u00ec via. Oltre a questi premi, viene anche indetto il concorso \u201cImago\u201d, i cui partecipanti sono chiamati a realizzare tavole sul tema \u201cWe all live in a yellow submarine\u2026Rinnoviamo l\u2019energia!\u201d, e il Comicon Cosplay Challenge, una gara che premia i migliori costumi e le migliori interpretazioni dei cosplay. <\/p>\n<p style=\"TEXT-ALIGN: justify\">&nbsp;<\/p>\n<p style=\"TEXT-ALIGN: justify\">A rendere il programma ancora pi\u00f9 ricco, gli eventi del Comic(on)off, una serie di appuntamenti che si terranno al di fuori di Castel Sant\u2019Elmo, come la mostra e l\u2019incontro con la fumettista Isabel Kreitz al Goethe-Institut e la mostra su \u00c1ngel de la Calle all\u2019Instituto Cervantes.<\/p>\n<p style=\"TEXT-ALIGN: justify\">&nbsp;<\/p>\n<p style=\"TEXT-ALIGN: justify\">Date: 24 \u2013 26 Aprile 2009<\/p>\n<p style=\"TEXT-ALIGN: justify\">Dove: Castel Sant\u2019Elmo, Napoli <\/p>\n<p style=\"TEXT-ALIGN: justify\">&nbsp;<\/p>\n","protected":false},"excerpt":{"rendered":"<p>Se siete degli accaniti lettori di fumetti, e pensate che non siano solo un divertimento per ragazzi, ma che costituiscano una vera e propria forma d\u2019arte, non lasciatevi scappare il Comicon di Napoli, il salone internazionale del fumetto pi\u00f9 importante d\u2019Italia.<\/p>\n","protected":false},"author":10,"featured_media":0,"comment_status":"open","ping_status":"open","sticky":false,"template":"","format":"standard","meta":{"cybocfi_hide_featured_image":"","footnotes":""},"categories":[388],"tags":[171,5111,5112,3050,562,707,597],"class_list":["post-1560","post","type-post","status-publish","format-standard","hentry","category-eventi","tag-arte","tag-comicon","tag-cosplay","tag-film","tag-fumetti","tag-mostre","tag-napoli"],"yoast_head":"<!-- This site is optimized with the Yoast SEO plugin v27.0 - https:\/\/yoast.com\/product\/yoast-seo-wordpress\/ -->\n<title>Napoli: Comicon dal 24 al 26 Aprile 2009 - Article Marketing<\/title>\n<meta name=\"robots\" content=\"index, follow, max-snippet:-1, max-image-preview:large, max-video-preview:-1\" \/>\n<link rel=\"canonical\" href=\"https:\/\/www.article-marketing.eu\/comunicati\/comunicati-stampa\/eventi\/napoli-comicon-dal-24-al-26-aprile-2009\/\" \/>\n<meta property=\"og:locale\" content=\"it_IT\" \/>\n<meta property=\"og:type\" content=\"article\" \/>\n<meta property=\"og:title\" content=\"Napoli: Comicon dal 24 al 26 Aprile 2009 - Article Marketing\" \/>\n<meta property=\"og:description\" content=\"Se siete degli accaniti lettori di fumetti, e pensate che non siano solo un divertimento per ragazzi, ma che costituiscano una vera e propria forma d\u2019arte, non lasciatevi scappare il Comicon di Napoli, il salone internazionale del fumetto pi\u00f9 importante d\u2019Italia.\" \/>\n<meta property=\"og:url\" content=\"https:\/\/www.article-marketing.eu\/comunicati\/comunicati-stampa\/eventi\/napoli-comicon-dal-24-al-26-aprile-2009\/\" \/>\n<meta property=\"og:site_name\" content=\"Article Marketing\" \/>\n<meta property=\"article:published_time\" content=\"2009-03-13T15:13:27+00:00\" \/>\n<meta name=\"author\" content=\"Redazione Comunicati Stampa\" \/>\n<meta name=\"twitter:card\" content=\"summary_large_image\" \/>\n<meta name=\"twitter:label1\" content=\"Scritto da\" \/>\n\t<meta name=\"twitter:data1\" content=\"Redazione Comunicati Stampa\" \/>\n\t<meta name=\"twitter:label2\" content=\"Tempo di lettura stimato\" \/>\n\t<meta name=\"twitter:data2\" content=\"3 minuti\" \/>\n<script type=\"application\/ld+json\" class=\"yoast-schema-graph\">{\"@context\":\"https:\/\/schema.org\",\"@graph\":[{\"@type\":\"Article\",\"@id\":\"https:\/\/www.article-marketing.eu\/comunicati\/comunicati-stampa\/eventi\/napoli-comicon-dal-24-al-26-aprile-2009\/#article\",\"isPartOf\":{\"@id\":\"https:\/\/www.article-marketing.eu\/comunicati\/comunicati-stampa\/eventi\/napoli-comicon-dal-24-al-26-aprile-2009\/\"},\"author\":{\"name\":\"Redazione Comunicati Stampa\",\"@id\":\"https:\/\/www.article-marketing.eu\/comunicati\/#\/schema\/person\/44372e4d4d0fa797b18e03ed1ace9017\"},\"headline\":\"Napoli: Comicon dal 24 al 26 Aprile 2009\",\"datePublished\":\"2009-03-13T15:13:27+00:00\",\"mainEntityOfPage\":{\"@id\":\"https:\/\/www.article-marketing.eu\/comunicati\/comunicati-stampa\/eventi\/napoli-comicon-dal-24-al-26-aprile-2009\/\"},\"wordCount\":531,\"commentCount\":0,\"keywords\":[\"arte\",\"comicon\",\"cosplay\",\"film\",\"fumetti\",\"mostre\",\"napoli\"],\"articleSection\":[\"Eventi\"],\"inLanguage\":\"it-IT\",\"potentialAction\":[{\"@type\":\"CommentAction\",\"name\":\"Comment\",\"target\":[\"https:\/\/www.article-marketing.eu\/comunicati\/comunicati-stampa\/eventi\/napoli-comicon-dal-24-al-26-aprile-2009\/#respond\"]}]},{\"@type\":\"WebPage\",\"@id\":\"https:\/\/www.article-marketing.eu\/comunicati\/comunicati-stampa\/eventi\/napoli-comicon-dal-24-al-26-aprile-2009\/\",\"url\":\"https:\/\/www.article-marketing.eu\/comunicati\/comunicati-stampa\/eventi\/napoli-comicon-dal-24-al-26-aprile-2009\/\",\"name\":\"Napoli: Comicon dal 24 al 26 Aprile 2009 - Article Marketing\",\"isPartOf\":{\"@id\":\"https:\/\/www.article-marketing.eu\/comunicati\/#website\"},\"datePublished\":\"2009-03-13T15:13:27+00:00\",\"author\":{\"@id\":\"https:\/\/www.article-marketing.eu\/comunicati\/#\/schema\/person\/44372e4d4d0fa797b18e03ed1ace9017\"},\"breadcrumb\":{\"@id\":\"https:\/\/www.article-marketing.eu\/comunicati\/comunicati-stampa\/eventi\/napoli-comicon-dal-24-al-26-aprile-2009\/#breadcrumb\"},\"inLanguage\":\"it-IT\",\"potentialAction\":[{\"@type\":\"ReadAction\",\"target\":[\"https:\/\/www.article-marketing.eu\/comunicati\/comunicati-stampa\/eventi\/napoli-comicon-dal-24-al-26-aprile-2009\/\"]}]},{\"@type\":\"BreadcrumbList\",\"@id\":\"https:\/\/www.article-marketing.eu\/comunicati\/comunicati-stampa\/eventi\/napoli-comicon-dal-24-al-26-aprile-2009\/#breadcrumb\",\"itemListElement\":[{\"@type\":\"ListItem\",\"position\":1,\"name\":\"Home\",\"item\":\"https:\/\/www.article-marketing.eu\/comunicati\/\"},{\"@type\":\"ListItem\",\"position\":2,\"name\":\"Napoli: Comicon dal 24 al 26 Aprile 2009\"}]},{\"@type\":\"WebSite\",\"@id\":\"https:\/\/www.article-marketing.eu\/comunicati\/#website\",\"url\":\"https:\/\/www.article-marketing.eu\/comunicati\/\",\"name\":\"Article Marketing\",\"description\":\"article marketing &amp; press release\",\"potentialAction\":[{\"@type\":\"SearchAction\",\"target\":{\"@type\":\"EntryPoint\",\"urlTemplate\":\"https:\/\/www.article-marketing.eu\/comunicati\/?s={search_term_string}\"},\"query-input\":{\"@type\":\"PropertyValueSpecification\",\"valueRequired\":true,\"valueName\":\"search_term_string\"}}],\"inLanguage\":\"it-IT\"},{\"@type\":\"Person\",\"@id\":\"https:\/\/www.article-marketing.eu\/comunicati\/#\/schema\/person\/44372e4d4d0fa797b18e03ed1ace9017\",\"name\":\"Redazione Comunicati Stampa\",\"image\":{\"@type\":\"ImageObject\",\"inLanguage\":\"it-IT\",\"@id\":\"https:\/\/www.article-marketing.eu\/comunicati\/#\/schema\/person\/image\/\",\"url\":\"https:\/\/secure.gravatar.com\/avatar\/50e5c6421d3072f42e7ace803501602c60d75233d34e29fd05feb91c8760b792?s=96&d=mm&r=g\",\"contentUrl\":\"https:\/\/secure.gravatar.com\/avatar\/50e5c6421d3072f42e7ace803501602c60d75233d34e29fd05feb91c8760b792?s=96&d=mm&r=g\",\"caption\":\"Redazione Comunicati Stampa\"},\"url\":\"https:\/\/www.article-marketing.eu\/comunicati\/author\/redazione-comunicati-stampa\/\"}]}<\/script>\n<!-- \/ Yoast SEO plugin. -->","yoast_head_json":{"title":"Napoli: Comicon dal 24 al 26 Aprile 2009 - Article Marketing","robots":{"index":"index","follow":"follow","max-snippet":"max-snippet:-1","max-image-preview":"max-image-preview:large","max-video-preview":"max-video-preview:-1"},"canonical":"https:\/\/www.article-marketing.eu\/comunicati\/comunicati-stampa\/eventi\/napoli-comicon-dal-24-al-26-aprile-2009\/","og_locale":"it_IT","og_type":"article","og_title":"Napoli: Comicon dal 24 al 26 Aprile 2009 - Article Marketing","og_description":"Se siete degli accaniti lettori di fumetti, e pensate che non siano solo un divertimento per ragazzi, ma che costituiscano una vera e propria forma d\u2019arte, non lasciatevi scappare il Comicon di Napoli, il salone internazionale del fumetto pi\u00f9 importante d\u2019Italia.","og_url":"https:\/\/www.article-marketing.eu\/comunicati\/comunicati-stampa\/eventi\/napoli-comicon-dal-24-al-26-aprile-2009\/","og_site_name":"Article Marketing","article_published_time":"2009-03-13T15:13:27+00:00","author":"Redazione Comunicati Stampa","twitter_card":"summary_large_image","twitter_misc":{"Scritto da":"Redazione Comunicati Stampa","Tempo di lettura stimato":"3 minuti"},"schema":{"@context":"https:\/\/schema.org","@graph":[{"@type":"Article","@id":"https:\/\/www.article-marketing.eu\/comunicati\/comunicati-stampa\/eventi\/napoli-comicon-dal-24-al-26-aprile-2009\/#article","isPartOf":{"@id":"https:\/\/www.article-marketing.eu\/comunicati\/comunicati-stampa\/eventi\/napoli-comicon-dal-24-al-26-aprile-2009\/"},"author":{"name":"Redazione Comunicati Stampa","@id":"https:\/\/www.article-marketing.eu\/comunicati\/#\/schema\/person\/44372e4d4d0fa797b18e03ed1ace9017"},"headline":"Napoli: Comicon dal 24 al 26 Aprile 2009","datePublished":"2009-03-13T15:13:27+00:00","mainEntityOfPage":{"@id":"https:\/\/www.article-marketing.eu\/comunicati\/comunicati-stampa\/eventi\/napoli-comicon-dal-24-al-26-aprile-2009\/"},"wordCount":531,"commentCount":0,"keywords":["arte","comicon","cosplay","film","fumetti","mostre","napoli"],"articleSection":["Eventi"],"inLanguage":"it-IT","potentialAction":[{"@type":"CommentAction","name":"Comment","target":["https:\/\/www.article-marketing.eu\/comunicati\/comunicati-stampa\/eventi\/napoli-comicon-dal-24-al-26-aprile-2009\/#respond"]}]},{"@type":"WebPage","@id":"https:\/\/www.article-marketing.eu\/comunicati\/comunicati-stampa\/eventi\/napoli-comicon-dal-24-al-26-aprile-2009\/","url":"https:\/\/www.article-marketing.eu\/comunicati\/comunicati-stampa\/eventi\/napoli-comicon-dal-24-al-26-aprile-2009\/","name":"Napoli: Comicon dal 24 al 26 Aprile 2009 - Article Marketing","isPartOf":{"@id":"https:\/\/www.article-marketing.eu\/comunicati\/#website"},"datePublished":"2009-03-13T15:13:27+00:00","author":{"@id":"https:\/\/www.article-marketing.eu\/comunicati\/#\/schema\/person\/44372e4d4d0fa797b18e03ed1ace9017"},"breadcrumb":{"@id":"https:\/\/www.article-marketing.eu\/comunicati\/comunicati-stampa\/eventi\/napoli-comicon-dal-24-al-26-aprile-2009\/#breadcrumb"},"inLanguage":"it-IT","potentialAction":[{"@type":"ReadAction","target":["https:\/\/www.article-marketing.eu\/comunicati\/comunicati-stampa\/eventi\/napoli-comicon-dal-24-al-26-aprile-2009\/"]}]},{"@type":"BreadcrumbList","@id":"https:\/\/www.article-marketing.eu\/comunicati\/comunicati-stampa\/eventi\/napoli-comicon-dal-24-al-26-aprile-2009\/#breadcrumb","itemListElement":[{"@type":"ListItem","position":1,"name":"Home","item":"https:\/\/www.article-marketing.eu\/comunicati\/"},{"@type":"ListItem","position":2,"name":"Napoli: Comicon dal 24 al 26 Aprile 2009"}]},{"@type":"WebSite","@id":"https:\/\/www.article-marketing.eu\/comunicati\/#website","url":"https:\/\/www.article-marketing.eu\/comunicati\/","name":"Article Marketing","description":"article marketing &amp; press release","potentialAction":[{"@type":"SearchAction","target":{"@type":"EntryPoint","urlTemplate":"https:\/\/www.article-marketing.eu\/comunicati\/?s={search_term_string}"},"query-input":{"@type":"PropertyValueSpecification","valueRequired":true,"valueName":"search_term_string"}}],"inLanguage":"it-IT"},{"@type":"Person","@id":"https:\/\/www.article-marketing.eu\/comunicati\/#\/schema\/person\/44372e4d4d0fa797b18e03ed1ace9017","name":"Redazione Comunicati Stampa","image":{"@type":"ImageObject","inLanguage":"it-IT","@id":"https:\/\/www.article-marketing.eu\/comunicati\/#\/schema\/person\/image\/","url":"https:\/\/secure.gravatar.com\/avatar\/50e5c6421d3072f42e7ace803501602c60d75233d34e29fd05feb91c8760b792?s=96&d=mm&r=g","contentUrl":"https:\/\/secure.gravatar.com\/avatar\/50e5c6421d3072f42e7ace803501602c60d75233d34e29fd05feb91c8760b792?s=96&d=mm&r=g","caption":"Redazione Comunicati Stampa"},"url":"https:\/\/www.article-marketing.eu\/comunicati\/author\/redazione-comunicati-stampa\/"}]}},"_links":{"self":[{"href":"https:\/\/www.article-marketing.eu\/comunicati\/wp-json\/wp\/v2\/posts\/1560","targetHints":{"allow":["GET"]}}],"collection":[{"href":"https:\/\/www.article-marketing.eu\/comunicati\/wp-json\/wp\/v2\/posts"}],"about":[{"href":"https:\/\/www.article-marketing.eu\/comunicati\/wp-json\/wp\/v2\/types\/post"}],"author":[{"embeddable":true,"href":"https:\/\/www.article-marketing.eu\/comunicati\/wp-json\/wp\/v2\/users\/10"}],"replies":[{"embeddable":true,"href":"https:\/\/www.article-marketing.eu\/comunicati\/wp-json\/wp\/v2\/comments?post=1560"}],"version-history":[{"count":0,"href":"https:\/\/www.article-marketing.eu\/comunicati\/wp-json\/wp\/v2\/posts\/1560\/revisions"}],"wp:attachment":[{"href":"https:\/\/www.article-marketing.eu\/comunicati\/wp-json\/wp\/v2\/media?parent=1560"}],"wp:term":[{"taxonomy":"category","embeddable":true,"href":"https:\/\/www.article-marketing.eu\/comunicati\/wp-json\/wp\/v2\/categories?post=1560"},{"taxonomy":"post_tag","embeddable":true,"href":"https:\/\/www.article-marketing.eu\/comunicati\/wp-json\/wp\/v2\/tags?post=1560"}],"curies":[{"name":"wp","href":"https:\/\/api.w.org\/{rel}","templated":true}]}}