{"id":1561,"date":"2009-03-13T16:20:28","date_gmt":"2009-03-13T15:20:28","guid":{"rendered":"http:\/\/www.article-marketing.eu\/comunicati\/senza-categoria\/ancora-negativo-il-bilancio-settimanale-delle-borse-mondiali\/"},"modified":"2009-03-13T16:20:28","modified_gmt":"2009-03-13T15:20:28","slug":"ancora-negativo-il-bilancio-settimanale-delle-borse-mondiali","status":"publish","type":"post","link":"https:\/\/www.article-marketing.eu\/comunicati\/arte-e-cultura\/giornalismo\/ancora-negativo-il-bilancio-settimanale-delle-borse-mondiali\/","title":{"rendered":"Ancora negativo il bilancio settimanale delle borse mondiali"},"content":{"rendered":"<p>Mercato azionario italiano  Piazza Affari Settimana molto difficile per la <a title=\"Piazza Affari\" href=\"http:\/\/www.titoli.com\/tag\/piazza-affari.html\"><u><strong>Borsa Valori di Milano<\/strong><\/u><\/a>, che ha chiuso con il peggior risultato in Europa. Le vendite hanno investito tutti i comparti concentrandosi pesantemente sui finanziari, dove la crisi economica \u00e8 sentita in maniera particolare, anche in vista dell&#8217;esposizione dei principali istituti italiani ai paesi dell&#8217;Est Europa a rischio di default. Non hanno inoltre aiutato le parole allarmanti pronunciate dal presidente della <u><strong>Bce<\/strong><\/u>, durante la conferenza stampa in occasione dell&#8217;annuncio del taglio del costo del denaro, orami al minimo storico. Rivolgendo gli occhi verso il listino \u00e8 evidente come in fondo si pongano i bancari con le pesantissime perdite di <strong>Banco Popolare<\/strong> (-31%), <strong>Unicredit<\/strong> (-28%) e <strong>Intesa Sanpaolo<\/strong> (-25%). Perdite anche per gli assicurativi dove si segnalano il 12,5% di <strong>Generali<\/strong> e il 15 di <strong>Unipol<\/strong>. Le quotazioni petrolifere altamente volatili hanno penalizzato tutto il comparto e soprattutto il titolo <strong>Eni<\/strong> (-22%), mentre fra le utilities soffrono in modo particolare <strong>Enel<\/strong> (-12%) e <strong>Seat Pagine Gialle<\/strong> (-29%). In controtendenza <strong>Fiat<\/strong> (+10,6%), galvanizzata dai risultati ANFIA relativi alle vendite di veicoli commerciali: nonostante l&#8217;ulteriore calo degli ordini, la casa torinese mantiene stabilmente la leadership di mercato, con una quota che arriva al 41%. Guadagna anche <strong>Lottomatica<\/strong> (+6,46%), grazie ai risultati annunciati in settimana. <br \/>Mercati azionari europei Non vanno meglio i mercati europei come sottolineato dall&#8217;indice <strong>Dow Jones Stoxx600<\/strong>, in calo per la quarta settimana consecutiva. La fiducia ispirata dal piano economico presentato dalla Cina non ha sortito gli effetti desiderati, consumandosi velocemente nella giornata di mercoled\u00ec. I timori principali sono legati al mantenimento del sistema bancario, dopo l&#8217;ulteriore peggioramento della qualit\u00e0 del credito e dello scenario congiunturale, che ha spinto la <strong>Boe<\/strong> e la <u><strong>Bce<\/strong><\/u> ad un&#8217;altra stretta monetaria. In complesso i finanziari hanno perso il 17%: in fondo troviamo <strong>Ing Groep<\/strong> (-31,8%) e <strong>Aviva<\/strong> (-43%). Crollano le banche inglesi con <strong>Lloyds<\/strong> in calo del 28%, dopo che il governo inglese ha aumentato la partecipazione nell&#8217;istituto al 65%; pesante anche il risultato del colosso <strong>Hsbc<\/strong> (-27%). Guadagnano i titoli del settore auto dove segnaliamo le buone performance di <strong>Volkswagen<\/strong> (+8,8%) e <strong>Daimler<\/strong> (+3%).<br \/>Mercati Azionari Internazionali: Stati Uniti \/ Asia \/ Paesi emergenti Indici statunitensi in rosso per la quarta settimana consecutiva. In settimana altre notizie negative hanno peggiorato un quadro economico gi\u00e0 sotto pressione: disoccupazione all&#8217;8,1%, ordini industriali in calo per il sesto mese consecutivo. Il colosso assicurativo <strong>Aig<\/strong> (-16,67%), ha annunciato una perdita trimestrale di 61,7 miliardi di dollari, la pi\u00f9 alta mai registrata in Usa, rendendo necessario un nuovo aiuto governativo. Ritorna lo spettro del fallimento per <strong>General Motors<\/strong>, che nel corso dell&#8217;ottava ha lasciato sul terreno il 35,56%. I bancari hanno perso complessivamente quasi il 23%: male i big <strong>Bank of America<\/strong>, <strong>Wells Fargo<\/strong>. <strong>JPMorgan<\/strong> e <strong>Citigroup<\/strong>. In perdita tutti i settori: industriali 10,05%, consumi discrezionali 7,9%, materiali di base 5,44%, consumi di base e farmaceutici (oltre il 4%).<br \/>Le perdite sui mercati asiatici industrializzati, sebbene consistenti, si sono rivelate inferiori a quelle registrate in America ed Europa. In <strong>Giappone<\/strong> pesano bancari e produttori di auto. A <strong>Hong Kong<\/strong> ha pesato il crollo del gigante anglo-asiatico <strong>Hsbc<\/strong>, che ha annunciato un consistente aumento di capitale. Anche i <strong>mercati australiani<\/strong> hanno risentito della debolezza del comparto finanziario.<br \/>Nel complesso negativi i paesi emergenti, fatta eccezione per <strong>Shangai<\/strong> e <strong>Mosca<\/strong>, che sono riuscite a sfruttare a pieno l&#8217;ottimismo portato mercoled\u00ec dal piano di salvataggio economico cinese. L&#8217;area pi\u00f9 colpita, invece, \u00e8 quella dell&#8217;<strong>America Latina<\/strong>, sempre molto esposta ai movimenti statunitensi. Particolarmente colpito il <strong>Messico<\/strong>.<\/p>\n","protected":false},"excerpt":{"rendered":"<p>La crisi economica continua a spaventare i mercati, sui quali pesa la debolezza di tutto il settore finanziario al centro di una vera e propria tempesta di vendite.<\/p>\n","protected":false},"author":10,"featured_media":0,"comment_status":"open","ping_status":"open","sticky":false,"template":"","format":"standard","meta":{"cybocfi_hide_featured_image":"","footnotes":""},"categories":[218],"tags":[],"class_list":["post-1561","post","type-post","status-publish","format-standard","hentry","category-giornalismo"],"yoast_head":"<!-- This site is optimized with the Yoast SEO plugin v27.0 - https:\/\/yoast.com\/product\/yoast-seo-wordpress\/ -->\n<title>Ancora negativo il bilancio settimanale delle borse mondiali - Article Marketing<\/title>\n<meta name=\"robots\" content=\"index, follow, max-snippet:-1, max-image-preview:large, max-video-preview:-1\" \/>\n<link rel=\"canonical\" href=\"https:\/\/www.article-marketing.eu\/comunicati\/arte-e-cultura\/giornalismo\/ancora-negativo-il-bilancio-settimanale-delle-borse-mondiali\/\" \/>\n<meta property=\"og:locale\" content=\"it_IT\" \/>\n<meta property=\"og:type\" content=\"article\" \/>\n<meta property=\"og:title\" content=\"Ancora negativo il bilancio settimanale delle borse mondiali - Article Marketing\" \/>\n<meta property=\"og:description\" content=\"La crisi economica continua a spaventare i mercati, sui quali pesa la debolezza di tutto il settore finanziario al centro di una vera e propria tempesta di vendite.\" \/>\n<meta property=\"og:url\" content=\"https:\/\/www.article-marketing.eu\/comunicati\/arte-e-cultura\/giornalismo\/ancora-negativo-il-bilancio-settimanale-delle-borse-mondiali\/\" \/>\n<meta property=\"og:site_name\" content=\"Article Marketing\" \/>\n<meta property=\"article:published_time\" content=\"2009-03-13T15:20:28+00:00\" \/>\n<meta name=\"author\" content=\"Redazione Comunicati Stampa\" \/>\n<meta name=\"twitter:card\" content=\"summary_large_image\" \/>\n<meta name=\"twitter:label1\" content=\"Scritto da\" \/>\n\t<meta name=\"twitter:data1\" content=\"Redazione Comunicati Stampa\" \/>\n\t<meta name=\"twitter:label2\" content=\"Tempo di lettura stimato\" \/>\n\t<meta name=\"twitter:data2\" content=\"3 minuti\" \/>\n<script type=\"application\/ld+json\" class=\"yoast-schema-graph\">{\"@context\":\"https:\/\/schema.org\",\"@graph\":[{\"@type\":\"Article\",\"@id\":\"https:\/\/www.article-marketing.eu\/comunicati\/arte-e-cultura\/giornalismo\/ancora-negativo-il-bilancio-settimanale-delle-borse-mondiali\/#article\",\"isPartOf\":{\"@id\":\"https:\/\/www.article-marketing.eu\/comunicati\/arte-e-cultura\/giornalismo\/ancora-negativo-il-bilancio-settimanale-delle-borse-mondiali\/\"},\"author\":{\"name\":\"Redazione Comunicati Stampa\",\"@id\":\"https:\/\/www.article-marketing.eu\/comunicati\/#\/schema\/person\/44372e4d4d0fa797b18e03ed1ace9017\"},\"headline\":\"Ancora negativo il bilancio settimanale delle borse mondiali\",\"datePublished\":\"2009-03-13T15:20:28+00:00\",\"mainEntityOfPage\":{\"@id\":\"https:\/\/www.article-marketing.eu\/comunicati\/arte-e-cultura\/giornalismo\/ancora-negativo-il-bilancio-settimanale-delle-borse-mondiali\/\"},\"wordCount\":569,\"commentCount\":0,\"articleSection\":[\"Giornalismo\"],\"inLanguage\":\"it-IT\",\"potentialAction\":[{\"@type\":\"CommentAction\",\"name\":\"Comment\",\"target\":[\"https:\/\/www.article-marketing.eu\/comunicati\/arte-e-cultura\/giornalismo\/ancora-negativo-il-bilancio-settimanale-delle-borse-mondiali\/#respond\"]}]},{\"@type\":\"WebPage\",\"@id\":\"https:\/\/www.article-marketing.eu\/comunicati\/arte-e-cultura\/giornalismo\/ancora-negativo-il-bilancio-settimanale-delle-borse-mondiali\/\",\"url\":\"https:\/\/www.article-marketing.eu\/comunicati\/arte-e-cultura\/giornalismo\/ancora-negativo-il-bilancio-settimanale-delle-borse-mondiali\/\",\"name\":\"Ancora negativo il bilancio settimanale delle borse mondiali - Article Marketing\",\"isPartOf\":{\"@id\":\"https:\/\/www.article-marketing.eu\/comunicati\/#website\"},\"datePublished\":\"2009-03-13T15:20:28+00:00\",\"author\":{\"@id\":\"https:\/\/www.article-marketing.eu\/comunicati\/#\/schema\/person\/44372e4d4d0fa797b18e03ed1ace9017\"},\"breadcrumb\":{\"@id\":\"https:\/\/www.article-marketing.eu\/comunicati\/arte-e-cultura\/giornalismo\/ancora-negativo-il-bilancio-settimanale-delle-borse-mondiali\/#breadcrumb\"},\"inLanguage\":\"it-IT\",\"potentialAction\":[{\"@type\":\"ReadAction\",\"target\":[\"https:\/\/www.article-marketing.eu\/comunicati\/arte-e-cultura\/giornalismo\/ancora-negativo-il-bilancio-settimanale-delle-borse-mondiali\/\"]}]},{\"@type\":\"BreadcrumbList\",\"@id\":\"https:\/\/www.article-marketing.eu\/comunicati\/arte-e-cultura\/giornalismo\/ancora-negativo-il-bilancio-settimanale-delle-borse-mondiali\/#breadcrumb\",\"itemListElement\":[{\"@type\":\"ListItem\",\"position\":1,\"name\":\"Home\",\"item\":\"https:\/\/www.article-marketing.eu\/comunicati\/\"},{\"@type\":\"ListItem\",\"position\":2,\"name\":\"Ancora negativo il bilancio settimanale delle borse mondiali\"}]},{\"@type\":\"WebSite\",\"@id\":\"https:\/\/www.article-marketing.eu\/comunicati\/#website\",\"url\":\"https:\/\/www.article-marketing.eu\/comunicati\/\",\"name\":\"Article Marketing\",\"description\":\"article marketing &amp; press release\",\"potentialAction\":[{\"@type\":\"SearchAction\",\"target\":{\"@type\":\"EntryPoint\",\"urlTemplate\":\"https:\/\/www.article-marketing.eu\/comunicati\/?s={search_term_string}\"},\"query-input\":{\"@type\":\"PropertyValueSpecification\",\"valueRequired\":true,\"valueName\":\"search_term_string\"}}],\"inLanguage\":\"it-IT\"},{\"@type\":\"Person\",\"@id\":\"https:\/\/www.article-marketing.eu\/comunicati\/#\/schema\/person\/44372e4d4d0fa797b18e03ed1ace9017\",\"name\":\"Redazione Comunicati Stampa\",\"image\":{\"@type\":\"ImageObject\",\"inLanguage\":\"it-IT\",\"@id\":\"https:\/\/www.article-marketing.eu\/comunicati\/#\/schema\/person\/image\/\",\"url\":\"https:\/\/secure.gravatar.com\/avatar\/50e5c6421d3072f42e7ace803501602c60d75233d34e29fd05feb91c8760b792?s=96&d=mm&r=g\",\"contentUrl\":\"https:\/\/secure.gravatar.com\/avatar\/50e5c6421d3072f42e7ace803501602c60d75233d34e29fd05feb91c8760b792?s=96&d=mm&r=g\",\"caption\":\"Redazione Comunicati Stampa\"},\"url\":\"https:\/\/www.article-marketing.eu\/comunicati\/author\/redazione-comunicati-stampa\/\"}]}<\/script>\n<!-- \/ Yoast SEO plugin. -->","yoast_head_json":{"title":"Ancora negativo il bilancio settimanale delle borse mondiali - Article Marketing","robots":{"index":"index","follow":"follow","max-snippet":"max-snippet:-1","max-image-preview":"max-image-preview:large","max-video-preview":"max-video-preview:-1"},"canonical":"https:\/\/www.article-marketing.eu\/comunicati\/arte-e-cultura\/giornalismo\/ancora-negativo-il-bilancio-settimanale-delle-borse-mondiali\/","og_locale":"it_IT","og_type":"article","og_title":"Ancora negativo il bilancio settimanale delle borse mondiali - Article Marketing","og_description":"La crisi economica continua a spaventare i mercati, sui quali pesa la debolezza di tutto il settore finanziario al centro di una vera e propria tempesta di vendite.","og_url":"https:\/\/www.article-marketing.eu\/comunicati\/arte-e-cultura\/giornalismo\/ancora-negativo-il-bilancio-settimanale-delle-borse-mondiali\/","og_site_name":"Article Marketing","article_published_time":"2009-03-13T15:20:28+00:00","author":"Redazione Comunicati Stampa","twitter_card":"summary_large_image","twitter_misc":{"Scritto da":"Redazione Comunicati Stampa","Tempo di lettura stimato":"3 minuti"},"schema":{"@context":"https:\/\/schema.org","@graph":[{"@type":"Article","@id":"https:\/\/www.article-marketing.eu\/comunicati\/arte-e-cultura\/giornalismo\/ancora-negativo-il-bilancio-settimanale-delle-borse-mondiali\/#article","isPartOf":{"@id":"https:\/\/www.article-marketing.eu\/comunicati\/arte-e-cultura\/giornalismo\/ancora-negativo-il-bilancio-settimanale-delle-borse-mondiali\/"},"author":{"name":"Redazione Comunicati Stampa","@id":"https:\/\/www.article-marketing.eu\/comunicati\/#\/schema\/person\/44372e4d4d0fa797b18e03ed1ace9017"},"headline":"Ancora negativo il bilancio settimanale delle borse mondiali","datePublished":"2009-03-13T15:20:28+00:00","mainEntityOfPage":{"@id":"https:\/\/www.article-marketing.eu\/comunicati\/arte-e-cultura\/giornalismo\/ancora-negativo-il-bilancio-settimanale-delle-borse-mondiali\/"},"wordCount":569,"commentCount":0,"articleSection":["Giornalismo"],"inLanguage":"it-IT","potentialAction":[{"@type":"CommentAction","name":"Comment","target":["https:\/\/www.article-marketing.eu\/comunicati\/arte-e-cultura\/giornalismo\/ancora-negativo-il-bilancio-settimanale-delle-borse-mondiali\/#respond"]}]},{"@type":"WebPage","@id":"https:\/\/www.article-marketing.eu\/comunicati\/arte-e-cultura\/giornalismo\/ancora-negativo-il-bilancio-settimanale-delle-borse-mondiali\/","url":"https:\/\/www.article-marketing.eu\/comunicati\/arte-e-cultura\/giornalismo\/ancora-negativo-il-bilancio-settimanale-delle-borse-mondiali\/","name":"Ancora negativo il bilancio settimanale delle borse mondiali - Article Marketing","isPartOf":{"@id":"https:\/\/www.article-marketing.eu\/comunicati\/#website"},"datePublished":"2009-03-13T15:20:28+00:00","author":{"@id":"https:\/\/www.article-marketing.eu\/comunicati\/#\/schema\/person\/44372e4d4d0fa797b18e03ed1ace9017"},"breadcrumb":{"@id":"https:\/\/www.article-marketing.eu\/comunicati\/arte-e-cultura\/giornalismo\/ancora-negativo-il-bilancio-settimanale-delle-borse-mondiali\/#breadcrumb"},"inLanguage":"it-IT","potentialAction":[{"@type":"ReadAction","target":["https:\/\/www.article-marketing.eu\/comunicati\/arte-e-cultura\/giornalismo\/ancora-negativo-il-bilancio-settimanale-delle-borse-mondiali\/"]}]},{"@type":"BreadcrumbList","@id":"https:\/\/www.article-marketing.eu\/comunicati\/arte-e-cultura\/giornalismo\/ancora-negativo-il-bilancio-settimanale-delle-borse-mondiali\/#breadcrumb","itemListElement":[{"@type":"ListItem","position":1,"name":"Home","item":"https:\/\/www.article-marketing.eu\/comunicati\/"},{"@type":"ListItem","position":2,"name":"Ancora negativo il bilancio settimanale delle borse mondiali"}]},{"@type":"WebSite","@id":"https:\/\/www.article-marketing.eu\/comunicati\/#website","url":"https:\/\/www.article-marketing.eu\/comunicati\/","name":"Article Marketing","description":"article marketing &amp; press release","potentialAction":[{"@type":"SearchAction","target":{"@type":"EntryPoint","urlTemplate":"https:\/\/www.article-marketing.eu\/comunicati\/?s={search_term_string}"},"query-input":{"@type":"PropertyValueSpecification","valueRequired":true,"valueName":"search_term_string"}}],"inLanguage":"it-IT"},{"@type":"Person","@id":"https:\/\/www.article-marketing.eu\/comunicati\/#\/schema\/person\/44372e4d4d0fa797b18e03ed1ace9017","name":"Redazione Comunicati Stampa","image":{"@type":"ImageObject","inLanguage":"it-IT","@id":"https:\/\/www.article-marketing.eu\/comunicati\/#\/schema\/person\/image\/","url":"https:\/\/secure.gravatar.com\/avatar\/50e5c6421d3072f42e7ace803501602c60d75233d34e29fd05feb91c8760b792?s=96&d=mm&r=g","contentUrl":"https:\/\/secure.gravatar.com\/avatar\/50e5c6421d3072f42e7ace803501602c60d75233d34e29fd05feb91c8760b792?s=96&d=mm&r=g","caption":"Redazione Comunicati Stampa"},"url":"https:\/\/www.article-marketing.eu\/comunicati\/author\/redazione-comunicati-stampa\/"}]}},"_links":{"self":[{"href":"https:\/\/www.article-marketing.eu\/comunicati\/wp-json\/wp\/v2\/posts\/1561","targetHints":{"allow":["GET"]}}],"collection":[{"href":"https:\/\/www.article-marketing.eu\/comunicati\/wp-json\/wp\/v2\/posts"}],"about":[{"href":"https:\/\/www.article-marketing.eu\/comunicati\/wp-json\/wp\/v2\/types\/post"}],"author":[{"embeddable":true,"href":"https:\/\/www.article-marketing.eu\/comunicati\/wp-json\/wp\/v2\/users\/10"}],"replies":[{"embeddable":true,"href":"https:\/\/www.article-marketing.eu\/comunicati\/wp-json\/wp\/v2\/comments?post=1561"}],"version-history":[{"count":0,"href":"https:\/\/www.article-marketing.eu\/comunicati\/wp-json\/wp\/v2\/posts\/1561\/revisions"}],"wp:attachment":[{"href":"https:\/\/www.article-marketing.eu\/comunicati\/wp-json\/wp\/v2\/media?parent=1561"}],"wp:term":[{"taxonomy":"category","embeddable":true,"href":"https:\/\/www.article-marketing.eu\/comunicati\/wp-json\/wp\/v2\/categories?post=1561"},{"taxonomy":"post_tag","embeddable":true,"href":"https:\/\/www.article-marketing.eu\/comunicati\/wp-json\/wp\/v2\/tags?post=1561"}],"curies":[{"name":"wp","href":"https:\/\/api.w.org\/{rel}","templated":true}]}}