{"id":1572,"date":"2009-03-16T03:00:40","date_gmt":"2009-03-16T02:00:40","guid":{"rendered":"http:\/\/www.article-marketing.eu\/comunicati\/senza-categoria\/corso-cms-milano-28-e-29-marzo-2009-webmaster-cms\/"},"modified":"2018-06-04T20:12:57","modified_gmt":"2018-06-04T18:12:57","slug":"corso-cms-milano-28-e-29-marzo-2009-webmaster-cms","status":"publish","type":"post","link":"https:\/\/www.article-marketing.eu\/comunicati\/comunicati-stampa\/web\/corso-cms-milano-28-e-29-marzo-2009-webmaster-cms\/","title":{"rendered":"corso CMS Milano, 5 e 6 settembre 2009 &#8211; Webmaster CMS"},"content":{"rendered":"<p>Finalmente il primo <strong><em>corso di CMS italiano <\/em><\/strong>!<\/p>\n<p>Ebbene si, anche da noi \u00e8 giunto il <em>cms della worldsoft<\/em>, <em>azienda svizzera<\/em> che da anni promuove in tutta europa il suo cms, semplice, completo di numerose funzionalit\u00e0 per trasformare il proprio <em>sito da statico a dinamico<\/em>, uno <em>strumento<\/em> unico per<em> ampliare il proprio business<\/em>.<\/p>\n<p>Il cms \u00e8 un sistema innovativo che permette all&#8217;utente finale di poter realizzare e gestire il proprio sito fin nei minimi dettagli, senza pi\u00f9 bisogno di dover ricorrere ad un web design, caro e non sempre disponibile \ud83d\ude09<\/p>\n<p>NB \u00e8 richiesta solo una conoscenza di base di windows e di web.<\/p>\n<p>alcune delle funzionalit\u00e0:<\/p>\n<p><img decoding=\"async\" alt=\"Website CMS Logo von Worldsoft\" src=\"http:\/\/images.worldsoft-cms.info\/wcms\/ftp\/w\/worldsoft.it\/siteimages\/2148.gif\" complete=\"true\" complete=\"true\" \/> <strong><img decoding=\"async\" src=\"http:\/\/images.worldsoft-cms.info\/wcms\/ftp\/w\/worldsoft.it\/siteimages\/2695.gif\" border=\"0\" complete=\"true\" complete=\"true\" \/>&nbsp;Website -CMS <\/strong>Modifica&nbsp;facile e veloce dei contenuti tramite il&nbsp;One-Click-Editing,&nbsp;nessun acquisto necessario&nbsp;di software costoso, nessun costo di Update, raggiungibile da tutto il mondo tramite internet,&nbsp; diritti utenti e gruppi, creazione automatica della navigazione, motore di ricerca ottimato (crea file &quot;html&quot;) e molto altro ancora.&nbsp;&nbsp; <img decoding=\"async\" alt=\"Worldsoft Online-Shop Logo\" src=\"http:\/\/images.worldsoft-cms.info\/wcms\/ftp\/w\/worldsoft.it\/siteimages\/2427.jpg\" border=\"0\" complete=\"true\" complete=\"true\" \/> <strong><img decoding=\"async\" src=\"http:\/\/images.worldsoft-cms.info\/wcms\/ftp\/w\/worldsoft.it\/siteimages\/2695.gif\" border=\"0\" complete=\"true\" complete=\"true\" \/>&nbsp;Online-Shop<\/strong> Sia che vogliate iniziare con un piccolo Online Shop&nbsp; &#8211; oppure che abbiate gi\u00e0&nbsp;bisogno di&nbsp;un grande&nbsp;Internet Shop con molte migliaia di articoli, abbiamo la soluzione professionale per Voi!&nbsp;Con il collegamento a PayPal potete offrire in modo semplice la modalit\u00e0 per carta di credito.&nbsp; <img decoding=\"async\" alt=\"News \u2013 Modul. Zeitgesteuert Neuigkeiten pr\u00e4sentieren\" src=\"http:\/\/images.worldsoft-cms.info\/wcms\/ftp\/w\/worldsoft.it\/siteimages\/2167.gif\" border=\"0\" complete=\"true\" complete=\"true\" \/> <strong><img decoding=\"async\" src=\"http:\/\/images.worldsoft-cms.info\/wcms\/ftp\/w\/worldsoft.it\/siteimages\/2695.gif\" border=\"0\" complete=\"true\" complete=\"true\" \/>&nbsp;News<\/strong> Offrite ai Vostri clienti le news aggiornate. Varianti di testo&nbsp;breve e lungo.&nbsp;Il modulo delle News Vi permette di visualizzare sempre le news aggiornate sul Vostro sito web. Queste news possono essere regolate a tempo, cos\u00ec da apparire e sparire ad un ora precisa oppure essere visibili solo dopo aver immesso il nome utente e la password.&nbsp;&nbsp;&nbsp; <img decoding=\"async\" alt=\"Mit einem G\u00e4stebuch von Worldsoft bereichern Sie Ihre Website\" src=\"http:\/\/images.worldsoft-cms.info\/wcms\/ftp\/w\/worldsoft.it\/siteimages\/2174.gif\" border=\"0\" complete=\"true\" complete=\"true\" \/> <strong><img decoding=\"async\" src=\"http:\/\/images.worldsoft-cms.info\/wcms\/ftp\/w\/worldsoft.it\/siteimages\/2695.gif\" border=\"0\" complete=\"true\" complete=\"true\" \/>&nbsp;Libro degli ospiti&nbsp;<\/strong> Ai visitatori dell&#8217;homepage far\u00e0&nbsp;piacere trovare un libro degli ospiti. Avrete sempre dei nuovi commenti che renderanno il Vostro sito ancora pi\u00f9 interessante. Naturalmente avrete il controllo completo su ci\u00f2 che&nbsp;verr\u00e0 scritto e potrete anche cancellare qualche commento.&nbsp;&nbsp;&nbsp; <img decoding=\"async\" alt=\"Forum Module auf Ihrer CMS von Worldsoft\" src=\"http:\/\/images.worldsoft-cms.info\/wcms\/ftp\/w\/worldsoft.it\/siteimages\/2176.gif\" complete=\"true\" complete=\"true\" \/> <strong><img decoding=\"async\" src=\"http:\/\/images.worldsoft-cms.info\/wcms\/ftp\/w\/worldsoft.it\/siteimages\/2695.gif\" border=\"0\" complete=\"true\" complete=\"true\" \/>&nbsp;Forum<\/strong> Un&nbsp;homepage vivente attraverso il forum dei clienti.&nbsp;Date ai&nbsp;visitatori della Vostra homepage&nbsp;di prendere parte ad un foro di discussione. Naturalmente avrete il controllo completo su ci\u00f2 che&nbsp;verr\u00e0 scritto e potrete anche cancellare qualche commento.&nbsp;&nbsp; <img decoding=\"async\" alt=\"Veranstaltungskalender f\u00fcr die Worldsoft CMS\" src=\"http:\/\/images.worldsoft-cms.info\/wcms\/ftp\/w\/worldsoft.it\/siteimages\/2177.gif\" complete=\"true\" complete=\"true\" \/> <strong><img decoding=\"async\" src=\"http:\/\/images.worldsoft-cms.info\/wcms\/ftp\/w\/worldsoft.it\/siteimages\/2695.gif\" border=\"0\" complete=\"true\" complete=\"true\" \/>&nbsp;Calendario degli eventi<\/strong> Con questo calendario dinamico degli eventi potete indicare ai visitatori del Vostro sito web gli eventi pi\u00f9 attuali. Potete inserire o anche cancellare in ogni momento appuntamenti.&nbsp;&nbsp;&nbsp; <img decoding=\"async\" alt=\"Ein Worldsoft Modul die Fotogalerie\" src=\"http:\/\/images.worldsoft-cms.info\/wcms\/ftp\/w\/worldsoft.it\/siteimages\/2171.gif\" complete=\"true\" complete=\"true\" \/> <strong><img decoding=\"async\" src=\"http:\/\/images.worldsoft-cms.info\/wcms\/ftp\/w\/worldsoft.it\/siteimages\/2695.gif\" border=\"0\" complete=\"true\" complete=\"true\" \/>&nbsp;Galleria fotografica<\/strong> Create una galleria fotografica! Le foto rendono vivo qualsiasi sito web!&nbsp;Potete inserire o cancellare in ogni momento&nbsp;nuove immagini.&nbsp; <img decoding=\"async\" alt=\"F\u00fcr Seminarveranstalter unverzichtbar \u2013 Das Seminar-Anmelde Modul von Worldsoft\" src=\"http:\/\/images.worldsoft-cms.info\/wcms\/ftp\/w\/worldsoft.it\/siteimages\/2696.gif\" border=\"0\" complete=\"true\" complete=\"true\" \/> <strong><img decoding=\"async\" src=\"http:\/\/images.worldsoft-cms.info\/wcms\/ftp\/w\/worldsoft.it\/siteimages\/2695.gif\" border=\"0\" complete=\"true\" complete=\"true\" \/>&nbsp;Modulo di iscrizione al seminario<\/strong> Se organizzate dei seminari, potete risparmiare MOLTISSIMO tempo (e denaro) nell&#8217;amministrazione. Il modulo di iscrizione al seminario della Worldsoft scrive i dati dell&#8217;iscrizione direttamente in una banca dati!&nbsp;I clienti ricevono&nbsp;ESATTAMENTE dopo l&#8217;iscrizione&nbsp;ONLINE&nbsp;un invito e una mappa per arrivare! In pi\u00f9 potrete stampare con pochi click lettere di conferma e promemoria!&nbsp;&nbsp;&nbsp; <\/p>\n<p>&nbsp;<\/p>\n<p>Il corso della durata di 2 gioni full time si terr\u00e0 nel week end, sabato 28 e domenica 29 marzo 2009 dalle ore 10 alle 13 e dalle 14 alle 18 presso la nostra sede di Milano.<\/p>\n<p>costo corso : \u20ac 500 + iva.<\/p>\n<p>a disposizione per qualsiasi chiarimento<\/p>\n<p>* 340.5836390 Carlo<br \/>* mailto: info@informatica-speedy.com <br \/>* http:\/\/webdesigncms.net<\/p>\n<p><\/p>\n","protected":false},"excerpt":{"rendered":"<p>Ebbene si, anche da noi \u00e8 giunto il cms della worldsoft, azienda svizzera che da anni promuove in tutta europa il suo cms, semplice, completo di numerose funzionalit\u00e0 per trasformare il proprio sito da statico a dinamico, uno strumento unico per ampliare il proprio business.<\/p>\n","protected":false},"author":10,"featured_media":0,"comment_status":"open","ping_status":"open","sticky":false,"template":"","format":"standard","meta":{"cybocfi_hide_featured_image":"","footnotes":""},"categories":[154],"tags":[5198,723,2251,1343,5200,4265,5199],"class_list":["post-1572","post","type-post","status-publish","format-standard","hentry","category-web","tag-cms","tag-corsi","tag-corso","tag-milano","tag-realizzare-sito","tag-web-design","tag-web-designer"],"yoast_head":"<!-- This site is optimized with the Yoast SEO plugin v27.0 - https:\/\/yoast.com\/product\/yoast-seo-wordpress\/ -->\n<title>corso CMS Milano, 5 e 6 settembre 2009 - Webmaster CMS - Article Marketing<\/title>\n<meta name=\"robots\" content=\"index, follow, max-snippet:-1, max-image-preview:large, max-video-preview:-1\" \/>\n<link rel=\"canonical\" href=\"https:\/\/www.article-marketing.eu\/comunicati\/comunicati-stampa\/web\/corso-cms-milano-28-e-29-marzo-2009-webmaster-cms\/\" \/>\n<meta property=\"og:locale\" content=\"it_IT\" \/>\n<meta property=\"og:type\" content=\"article\" \/>\n<meta property=\"og:title\" content=\"corso CMS Milano, 5 e 6 settembre 2009 - Webmaster CMS - Article Marketing\" \/>\n<meta property=\"og:description\" content=\"Ebbene si, anche da noi \u00e8 giunto il cms della worldsoft, azienda svizzera che da anni promuove in tutta europa il suo cms, semplice, completo di numerose funzionalit\u00e0 per trasformare il proprio sito da statico a dinamico, uno strumento unico per ampliare il proprio business.\" \/>\n<meta property=\"og:url\" content=\"https:\/\/www.article-marketing.eu\/comunicati\/comunicati-stampa\/web\/corso-cms-milano-28-e-29-marzo-2009-webmaster-cms\/\" \/>\n<meta property=\"og:site_name\" content=\"Article Marketing\" \/>\n<meta property=\"article:published_time\" content=\"2009-03-16T02:00:40+00:00\" \/>\n<meta property=\"article:modified_time\" content=\"2018-06-04T18:12:57+00:00\" \/>\n<meta property=\"og:image\" content=\"http:\/\/images.worldsoft-cms.info\/wcms\/ftp\/w\/worldsoft.it\/siteimages\/2148.gif\" \/>\n<meta name=\"author\" content=\"Redazione Comunicati Stampa\" \/>\n<meta name=\"twitter:card\" content=\"summary_large_image\" \/>\n<meta name=\"twitter:label1\" content=\"Scritto da\" \/>\n\t<meta name=\"twitter:data1\" content=\"Redazione Comunicati Stampa\" \/>\n\t<meta name=\"twitter:label2\" content=\"Tempo di lettura stimato\" \/>\n\t<meta name=\"twitter:data2\" content=\"3 minuti\" \/>\n<script type=\"application\/ld+json\" class=\"yoast-schema-graph\">{\"@context\":\"https:\/\/schema.org\",\"@graph\":[{\"@type\":\"Article\",\"@id\":\"https:\/\/www.article-marketing.eu\/comunicati\/comunicati-stampa\/web\/corso-cms-milano-28-e-29-marzo-2009-webmaster-cms\/#article\",\"isPartOf\":{\"@id\":\"https:\/\/www.article-marketing.eu\/comunicati\/comunicati-stampa\/web\/corso-cms-milano-28-e-29-marzo-2009-webmaster-cms\/\"},\"author\":{\"name\":\"Redazione Comunicati Stampa\",\"@id\":\"https:\/\/www.article-marketing.eu\/comunicati\/#\/schema\/person\/44372e4d4d0fa797b18e03ed1ace9017\"},\"headline\":\"corso CMS Milano, 5 e 6 settembre 2009 &#8211; Webmaster CMS\",\"datePublished\":\"2009-03-16T02:00:40+00:00\",\"dateModified\":\"2018-06-04T18:12:57+00:00\",\"mainEntityOfPage\":{\"@id\":\"https:\/\/www.article-marketing.eu\/comunicati\/comunicati-stampa\/web\/corso-cms-milano-28-e-29-marzo-2009-webmaster-cms\/\"},\"wordCount\":557,\"commentCount\":0,\"image\":{\"@id\":\"https:\/\/www.article-marketing.eu\/comunicati\/comunicati-stampa\/web\/corso-cms-milano-28-e-29-marzo-2009-webmaster-cms\/#primaryimage\"},\"thumbnailUrl\":\"http:\/\/images.worldsoft-cms.info\/wcms\/ftp\/w\/worldsoft.it\/siteimages\/2148.gif\",\"keywords\":[\"cms\",\"corsi\",\"corso\",\"milano\",\"realizzare sito.\",\"web design\",\"web designer\"],\"articleSection\":[\"Web\"],\"inLanguage\":\"it-IT\",\"potentialAction\":[{\"@type\":\"CommentAction\",\"name\":\"Comment\",\"target\":[\"https:\/\/www.article-marketing.eu\/comunicati\/comunicati-stampa\/web\/corso-cms-milano-28-e-29-marzo-2009-webmaster-cms\/#respond\"]}]},{\"@type\":\"WebPage\",\"@id\":\"https:\/\/www.article-marketing.eu\/comunicati\/comunicati-stampa\/web\/corso-cms-milano-28-e-29-marzo-2009-webmaster-cms\/\",\"url\":\"https:\/\/www.article-marketing.eu\/comunicati\/comunicati-stampa\/web\/corso-cms-milano-28-e-29-marzo-2009-webmaster-cms\/\",\"name\":\"corso CMS Milano, 5 e 6 settembre 2009 - Webmaster CMS - Article Marketing\",\"isPartOf\":{\"@id\":\"https:\/\/www.article-marketing.eu\/comunicati\/#website\"},\"primaryImageOfPage\":{\"@id\":\"https:\/\/www.article-marketing.eu\/comunicati\/comunicati-stampa\/web\/corso-cms-milano-28-e-29-marzo-2009-webmaster-cms\/#primaryimage\"},\"image\":{\"@id\":\"https:\/\/www.article-marketing.eu\/comunicati\/comunicati-stampa\/web\/corso-cms-milano-28-e-29-marzo-2009-webmaster-cms\/#primaryimage\"},\"thumbnailUrl\":\"http:\/\/images.worldsoft-cms.info\/wcms\/ftp\/w\/worldsoft.it\/siteimages\/2148.gif\",\"datePublished\":\"2009-03-16T02:00:40+00:00\",\"dateModified\":\"2018-06-04T18:12:57+00:00\",\"author\":{\"@id\":\"https:\/\/www.article-marketing.eu\/comunicati\/#\/schema\/person\/44372e4d4d0fa797b18e03ed1ace9017\"},\"breadcrumb\":{\"@id\":\"https:\/\/www.article-marketing.eu\/comunicati\/comunicati-stampa\/web\/corso-cms-milano-28-e-29-marzo-2009-webmaster-cms\/#breadcrumb\"},\"inLanguage\":\"it-IT\",\"potentialAction\":[{\"@type\":\"ReadAction\",\"target\":[\"https:\/\/www.article-marketing.eu\/comunicati\/comunicati-stampa\/web\/corso-cms-milano-28-e-29-marzo-2009-webmaster-cms\/\"]}]},{\"@type\":\"ImageObject\",\"inLanguage\":\"it-IT\",\"@id\":\"https:\/\/www.article-marketing.eu\/comunicati\/comunicati-stampa\/web\/corso-cms-milano-28-e-29-marzo-2009-webmaster-cms\/#primaryimage\",\"url\":\"http:\/\/images.worldsoft-cms.info\/wcms\/ftp\/w\/worldsoft.it\/siteimages\/2148.gif\",\"contentUrl\":\"http:\/\/images.worldsoft-cms.info\/wcms\/ftp\/w\/worldsoft.it\/siteimages\/2148.gif\"},{\"@type\":\"BreadcrumbList\",\"@id\":\"https:\/\/www.article-marketing.eu\/comunicati\/comunicati-stampa\/web\/corso-cms-milano-28-e-29-marzo-2009-webmaster-cms\/#breadcrumb\",\"itemListElement\":[{\"@type\":\"ListItem\",\"position\":1,\"name\":\"Home\",\"item\":\"https:\/\/www.article-marketing.eu\/comunicati\/\"},{\"@type\":\"ListItem\",\"position\":2,\"name\":\"corso CMS Milano, 5 e 6 settembre 2009 &#8211; Webmaster CMS\"}]},{\"@type\":\"WebSite\",\"@id\":\"https:\/\/www.article-marketing.eu\/comunicati\/#website\",\"url\":\"https:\/\/www.article-marketing.eu\/comunicati\/\",\"name\":\"Article Marketing\",\"description\":\"article marketing &amp; press release\",\"potentialAction\":[{\"@type\":\"SearchAction\",\"target\":{\"@type\":\"EntryPoint\",\"urlTemplate\":\"https:\/\/www.article-marketing.eu\/comunicati\/?s={search_term_string}\"},\"query-input\":{\"@type\":\"PropertyValueSpecification\",\"valueRequired\":true,\"valueName\":\"search_term_string\"}}],\"inLanguage\":\"it-IT\"},{\"@type\":\"Person\",\"@id\":\"https:\/\/www.article-marketing.eu\/comunicati\/#\/schema\/person\/44372e4d4d0fa797b18e03ed1ace9017\",\"name\":\"Redazione Comunicati Stampa\",\"image\":{\"@type\":\"ImageObject\",\"inLanguage\":\"it-IT\",\"@id\":\"https:\/\/www.article-marketing.eu\/comunicati\/#\/schema\/person\/image\/\",\"url\":\"https:\/\/secure.gravatar.com\/avatar\/50e5c6421d3072f42e7ace803501602c60d75233d34e29fd05feb91c8760b792?s=96&d=mm&r=g\",\"contentUrl\":\"https:\/\/secure.gravatar.com\/avatar\/50e5c6421d3072f42e7ace803501602c60d75233d34e29fd05feb91c8760b792?s=96&d=mm&r=g\",\"caption\":\"Redazione Comunicati Stampa\"},\"url\":\"https:\/\/www.article-marketing.eu\/comunicati\/author\/redazione-comunicati-stampa\/\"}]}<\/script>\n<!-- \/ Yoast SEO plugin. -->","yoast_head_json":{"title":"corso CMS Milano, 5 e 6 settembre 2009 - Webmaster CMS - Article Marketing","robots":{"index":"index","follow":"follow","max-snippet":"max-snippet:-1","max-image-preview":"max-image-preview:large","max-video-preview":"max-video-preview:-1"},"canonical":"https:\/\/www.article-marketing.eu\/comunicati\/comunicati-stampa\/web\/corso-cms-milano-28-e-29-marzo-2009-webmaster-cms\/","og_locale":"it_IT","og_type":"article","og_title":"corso CMS Milano, 5 e 6 settembre 2009 - Webmaster CMS - Article Marketing","og_description":"Ebbene si, anche da noi \u00e8 giunto il cms della worldsoft, azienda svizzera che da anni promuove in tutta europa il suo cms, semplice, completo di numerose funzionalit\u00e0 per trasformare il proprio sito da statico a dinamico, uno strumento unico per ampliare il proprio business.","og_url":"https:\/\/www.article-marketing.eu\/comunicati\/comunicati-stampa\/web\/corso-cms-milano-28-e-29-marzo-2009-webmaster-cms\/","og_site_name":"Article Marketing","article_published_time":"2009-03-16T02:00:40+00:00","article_modified_time":"2018-06-04T18:12:57+00:00","og_image":[{"url":"http:\/\/images.worldsoft-cms.info\/wcms\/ftp\/w\/worldsoft.it\/siteimages\/2148.gif","type":"","width":"","height":""}],"author":"Redazione Comunicati Stampa","twitter_card":"summary_large_image","twitter_misc":{"Scritto da":"Redazione Comunicati Stampa","Tempo di lettura stimato":"3 minuti"},"schema":{"@context":"https:\/\/schema.org","@graph":[{"@type":"Article","@id":"https:\/\/www.article-marketing.eu\/comunicati\/comunicati-stampa\/web\/corso-cms-milano-28-e-29-marzo-2009-webmaster-cms\/#article","isPartOf":{"@id":"https:\/\/www.article-marketing.eu\/comunicati\/comunicati-stampa\/web\/corso-cms-milano-28-e-29-marzo-2009-webmaster-cms\/"},"author":{"name":"Redazione Comunicati Stampa","@id":"https:\/\/www.article-marketing.eu\/comunicati\/#\/schema\/person\/44372e4d4d0fa797b18e03ed1ace9017"},"headline":"corso CMS Milano, 5 e 6 settembre 2009 &#8211; Webmaster CMS","datePublished":"2009-03-16T02:00:40+00:00","dateModified":"2018-06-04T18:12:57+00:00","mainEntityOfPage":{"@id":"https:\/\/www.article-marketing.eu\/comunicati\/comunicati-stampa\/web\/corso-cms-milano-28-e-29-marzo-2009-webmaster-cms\/"},"wordCount":557,"commentCount":0,"image":{"@id":"https:\/\/www.article-marketing.eu\/comunicati\/comunicati-stampa\/web\/corso-cms-milano-28-e-29-marzo-2009-webmaster-cms\/#primaryimage"},"thumbnailUrl":"http:\/\/images.worldsoft-cms.info\/wcms\/ftp\/w\/worldsoft.it\/siteimages\/2148.gif","keywords":["cms","corsi","corso","milano","realizzare sito.","web design","web designer"],"articleSection":["Web"],"inLanguage":"it-IT","potentialAction":[{"@type":"CommentAction","name":"Comment","target":["https:\/\/www.article-marketing.eu\/comunicati\/comunicati-stampa\/web\/corso-cms-milano-28-e-29-marzo-2009-webmaster-cms\/#respond"]}]},{"@type":"WebPage","@id":"https:\/\/www.article-marketing.eu\/comunicati\/comunicati-stampa\/web\/corso-cms-milano-28-e-29-marzo-2009-webmaster-cms\/","url":"https:\/\/www.article-marketing.eu\/comunicati\/comunicati-stampa\/web\/corso-cms-milano-28-e-29-marzo-2009-webmaster-cms\/","name":"corso CMS Milano, 5 e 6 settembre 2009 - Webmaster CMS - Article Marketing","isPartOf":{"@id":"https:\/\/www.article-marketing.eu\/comunicati\/#website"},"primaryImageOfPage":{"@id":"https:\/\/www.article-marketing.eu\/comunicati\/comunicati-stampa\/web\/corso-cms-milano-28-e-29-marzo-2009-webmaster-cms\/#primaryimage"},"image":{"@id":"https:\/\/www.article-marketing.eu\/comunicati\/comunicati-stampa\/web\/corso-cms-milano-28-e-29-marzo-2009-webmaster-cms\/#primaryimage"},"thumbnailUrl":"http:\/\/images.worldsoft-cms.info\/wcms\/ftp\/w\/worldsoft.it\/siteimages\/2148.gif","datePublished":"2009-03-16T02:00:40+00:00","dateModified":"2018-06-04T18:12:57+00:00","author":{"@id":"https:\/\/www.article-marketing.eu\/comunicati\/#\/schema\/person\/44372e4d4d0fa797b18e03ed1ace9017"},"breadcrumb":{"@id":"https:\/\/www.article-marketing.eu\/comunicati\/comunicati-stampa\/web\/corso-cms-milano-28-e-29-marzo-2009-webmaster-cms\/#breadcrumb"},"inLanguage":"it-IT","potentialAction":[{"@type":"ReadAction","target":["https:\/\/www.article-marketing.eu\/comunicati\/comunicati-stampa\/web\/corso-cms-milano-28-e-29-marzo-2009-webmaster-cms\/"]}]},{"@type":"ImageObject","inLanguage":"it-IT","@id":"https:\/\/www.article-marketing.eu\/comunicati\/comunicati-stampa\/web\/corso-cms-milano-28-e-29-marzo-2009-webmaster-cms\/#primaryimage","url":"http:\/\/images.worldsoft-cms.info\/wcms\/ftp\/w\/worldsoft.it\/siteimages\/2148.gif","contentUrl":"http:\/\/images.worldsoft-cms.info\/wcms\/ftp\/w\/worldsoft.it\/siteimages\/2148.gif"},{"@type":"BreadcrumbList","@id":"https:\/\/www.article-marketing.eu\/comunicati\/comunicati-stampa\/web\/corso-cms-milano-28-e-29-marzo-2009-webmaster-cms\/#breadcrumb","itemListElement":[{"@type":"ListItem","position":1,"name":"Home","item":"https:\/\/www.article-marketing.eu\/comunicati\/"},{"@type":"ListItem","position":2,"name":"corso CMS Milano, 5 e 6 settembre 2009 &#8211; Webmaster CMS"}]},{"@type":"WebSite","@id":"https:\/\/www.article-marketing.eu\/comunicati\/#website","url":"https:\/\/www.article-marketing.eu\/comunicati\/","name":"Article Marketing","description":"article marketing &amp; press release","potentialAction":[{"@type":"SearchAction","target":{"@type":"EntryPoint","urlTemplate":"https:\/\/www.article-marketing.eu\/comunicati\/?s={search_term_string}"},"query-input":{"@type":"PropertyValueSpecification","valueRequired":true,"valueName":"search_term_string"}}],"inLanguage":"it-IT"},{"@type":"Person","@id":"https:\/\/www.article-marketing.eu\/comunicati\/#\/schema\/person\/44372e4d4d0fa797b18e03ed1ace9017","name":"Redazione Comunicati Stampa","image":{"@type":"ImageObject","inLanguage":"it-IT","@id":"https:\/\/www.article-marketing.eu\/comunicati\/#\/schema\/person\/image\/","url":"https:\/\/secure.gravatar.com\/avatar\/50e5c6421d3072f42e7ace803501602c60d75233d34e29fd05feb91c8760b792?s=96&d=mm&r=g","contentUrl":"https:\/\/secure.gravatar.com\/avatar\/50e5c6421d3072f42e7ace803501602c60d75233d34e29fd05feb91c8760b792?s=96&d=mm&r=g","caption":"Redazione Comunicati Stampa"},"url":"https:\/\/www.article-marketing.eu\/comunicati\/author\/redazione-comunicati-stampa\/"}]}},"_links":{"self":[{"href":"https:\/\/www.article-marketing.eu\/comunicati\/wp-json\/wp\/v2\/posts\/1572","targetHints":{"allow":["GET"]}}],"collection":[{"href":"https:\/\/www.article-marketing.eu\/comunicati\/wp-json\/wp\/v2\/posts"}],"about":[{"href":"https:\/\/www.article-marketing.eu\/comunicati\/wp-json\/wp\/v2\/types\/post"}],"author":[{"embeddable":true,"href":"https:\/\/www.article-marketing.eu\/comunicati\/wp-json\/wp\/v2\/users\/10"}],"replies":[{"embeddable":true,"href":"https:\/\/www.article-marketing.eu\/comunicati\/wp-json\/wp\/v2\/comments?post=1572"}],"version-history":[{"count":1,"href":"https:\/\/www.article-marketing.eu\/comunicati\/wp-json\/wp\/v2\/posts\/1572\/revisions"}],"predecessor-version":[{"id":55383,"href":"https:\/\/www.article-marketing.eu\/comunicati\/wp-json\/wp\/v2\/posts\/1572\/revisions\/55383"}],"wp:attachment":[{"href":"https:\/\/www.article-marketing.eu\/comunicati\/wp-json\/wp\/v2\/media?parent=1572"}],"wp:term":[{"taxonomy":"category","embeddable":true,"href":"https:\/\/www.article-marketing.eu\/comunicati\/wp-json\/wp\/v2\/categories?post=1572"},{"taxonomy":"post_tag","embeddable":true,"href":"https:\/\/www.article-marketing.eu\/comunicati\/wp-json\/wp\/v2\/tags?post=1572"}],"curies":[{"name":"wp","href":"https:\/\/api.w.org\/{rel}","templated":true}]}}