{"id":158,"date":"2008-01-26T00:39:52","date_gmt":"2008-01-25T23:39:52","guid":{"rendered":"http:\/\/www.article-marketing.eu\/comunicati\/senza-categoria\/abecedario-del-grafico-michele-spera\/"},"modified":"2008-01-26T00:39:52","modified_gmt":"2008-01-25T23:39:52","slug":"abecedario-del-grafico-michele-spera","status":"publish","type":"post","link":"https:\/\/www.article-marketing.eu\/comunicati\/arte-e-cultura\/libri\/abecedario-del-grafico-michele-spera\/","title":{"rendered":"Abecedario del grafico, Michele Spera"},"content":{"rendered":"<p><a href=\"http:\/\/giotto.internetbookshop.it\/cop\/copj13.asp?f=9788849207897\"><img decoding=\"async\" src=\"http:\/\/giotto.internetbookshop.it\/cop\/copj13.asp?f=9788849207897\" style=\"margin: 0pt 10px 10px 0pt; float: left; cursor: pointer; width: 174px; height: 284px\" border=\"0\" \/><\/a><br \/>\nQuesto volume, che raccoglie le sue lezioni al Corso di laurea in Disegno industriale, alla Facolt\u00e0 di Architettura universitaria di Roma &#8220;La Sapienza&#8221; tratta tutti gli argomenti pi\u00f9 importanti della grafica.<br \/>\nCon oltre 2000 illustrazioni \u00e8 di semplicissima consultazione e chi sta scrivendo ne fa utilizzo copioso nello svolgimento del suo mestiere.<br \/>\nMichele Spera \u00e8 un grande maestro. E questo libro esalta proprio la sua capacit\u00e0 di insegnante. Organizzato in lezioni \u00e8 di estrema utilit\u00e0 sia per lo studente, che pu\u00f2 misurarsi con tutte le problematiche del mestiere, che per il professionista, che potr\u00e0 consultare il volume &#8211; organizzato a schede &#8211; per rivedere in maniera comoda la problematica del lavoro che si trova ad analizzare.<br \/>\nGli argomenti trattati sono praticamente tutti quelli necessari al mestiere.<br \/>\nUn breve sunto dei contenuti pi\u00f9 importanti:<br \/>\nRicerche e progetti, un metodo per organizzare i propri lavori in un book, strumento necessario per la promozione dell&#8217;attivit\u00e0;<br \/>\nL&#8217;armonia dei rapporti: i segreti dei progettisti (dalla sezione aurea ai disegni della geometria di Escher per una composizione armonica e funzionale);<br \/>\nla Composizione; studio di gabbie e relazioni interne alla pagina, sistemi per calcolare gli ingombri dei testi e di misurazione di interlinea<br \/>\nLe norme per l&#8217;editing;<br \/>\nLa leggibilit\u00e0 del testo, questo \u00e8 un capitolo che ho trovato particolarmente interessante soprattutto per la tabella di leggibilit\u00e0 di un testo in relazione alla distanza, soprattutto per la progettazione di manifesti grandi e di sistemi di segnaletica;<br \/>\nLa tipografia, storia da Gutemberg ad oggi<br \/>\nIl carattere, certamente non esaustiva ma eccellente introduzione ad un argomento che per essere approfondito ha bisogno di intere enciclopedie, vengono approfonditi tutti gli argomenti correlati come la spaziatura e il lettering;<br \/>\nessenziali per ogni studente sono gli approfondimenti su La percezione visiva, i Pittogrammi, Marchi e logotipi<br \/>\nUna sezione apposita del libro \u00e8 dedicata alla realizzazione pratica di un manuale di immagine coordinata.<br \/>\nUlteriori capitoli sono dedicati al Packaging, alla grafica editoriale, alla segnaletica e agli allestimenti.<\/p>\n<p>Per acquistare il volume puoi fare click qui<\/p>\n","protected":false},"excerpt":{"rendered":"<p>Recensione di un testo fondamentale per lo studio della grafica e del design.<\/p>\n","protected":false},"author":10,"featured_media":0,"comment_status":"open","ping_status":"open","sticky":false,"template":"","format":"standard","meta":{"cybocfi_hide_featured_image":"","footnotes":""},"categories":[88],"tags":[606,605,90,608,609,544,607,611,610],"class_list":["post-158","post","type-post","status-publish","format-standard","hentry","category-libri","tag-abecedario-del-grafico","tag-grafica","tag-libri","tag-libro","tag-michele-spera","tag-recensione","tag-recensioni","tag-testi","tag-testo"],"yoast_head":"<!-- This site is optimized with the Yoast SEO plugin v27.0 - https:\/\/yoast.com\/product\/yoast-seo-wordpress\/ -->\n<title>Abecedario del grafico, Michele Spera - Article Marketing<\/title>\n<meta name=\"robots\" content=\"index, follow, max-snippet:-1, max-image-preview:large, max-video-preview:-1\" \/>\n<link rel=\"canonical\" href=\"https:\/\/www.article-marketing.eu\/comunicati\/arte-e-cultura\/libri\/abecedario-del-grafico-michele-spera\/\" \/>\n<meta property=\"og:locale\" content=\"it_IT\" \/>\n<meta property=\"og:type\" content=\"article\" \/>\n<meta property=\"og:title\" content=\"Abecedario del grafico, Michele Spera - Article Marketing\" \/>\n<meta property=\"og:description\" content=\"Recensione di un testo fondamentale per lo studio della grafica e del design.\" \/>\n<meta property=\"og:url\" content=\"https:\/\/www.article-marketing.eu\/comunicati\/arte-e-cultura\/libri\/abecedario-del-grafico-michele-spera\/\" \/>\n<meta property=\"og:site_name\" content=\"Article Marketing\" \/>\n<meta property=\"article:published_time\" content=\"2008-01-25T23:39:52+00:00\" \/>\n<meta property=\"og:image\" content=\"http:\/\/giotto.internetbookshop.it\/cop\/copj13.asp?f=9788849207897\" \/>\n<meta name=\"author\" content=\"Redazione Comunicati Stampa\" \/>\n<meta name=\"twitter:card\" content=\"summary_large_image\" \/>\n<meta name=\"twitter:label1\" content=\"Scritto da\" \/>\n\t<meta name=\"twitter:data1\" content=\"Redazione Comunicati Stampa\" \/>\n\t<meta name=\"twitter:label2\" content=\"Tempo di lettura stimato\" \/>\n\t<meta name=\"twitter:data2\" content=\"2 minuti\" \/>\n<script type=\"application\/ld+json\" class=\"yoast-schema-graph\">{\"@context\":\"https:\/\/schema.org\",\"@graph\":[{\"@type\":\"Article\",\"@id\":\"https:\/\/www.article-marketing.eu\/comunicati\/arte-e-cultura\/libri\/abecedario-del-grafico-michele-spera\/#article\",\"isPartOf\":{\"@id\":\"https:\/\/www.article-marketing.eu\/comunicati\/arte-e-cultura\/libri\/abecedario-del-grafico-michele-spera\/\"},\"author\":{\"name\":\"Redazione Comunicati Stampa\",\"@id\":\"https:\/\/www.article-marketing.eu\/comunicati\/#\/schema\/person\/44372e4d4d0fa797b18e03ed1ace9017\"},\"headline\":\"Abecedario del grafico, Michele Spera\",\"datePublished\":\"2008-01-25T23:39:52+00:00\",\"mainEntityOfPage\":{\"@id\":\"https:\/\/www.article-marketing.eu\/comunicati\/arte-e-cultura\/libri\/abecedario-del-grafico-michele-spera\/\"},\"wordCount\":330,\"commentCount\":0,\"image\":{\"@id\":\"https:\/\/www.article-marketing.eu\/comunicati\/arte-e-cultura\/libri\/abecedario-del-grafico-michele-spera\/#primaryimage\"},\"thumbnailUrl\":\"http:\/\/giotto.internetbookshop.it\/cop\/copj13.asp?f=9788849207897\",\"keywords\":[\"Abecedario del grafico\",\"Grafica\",\"libri\",\"libro\",\"michele spera\",\"recensione\",\"recensioni\",\"testi\",\"testo\"],\"articleSection\":[\"Libri\"],\"inLanguage\":\"it-IT\",\"potentialAction\":[{\"@type\":\"CommentAction\",\"name\":\"Comment\",\"target\":[\"https:\/\/www.article-marketing.eu\/comunicati\/arte-e-cultura\/libri\/abecedario-del-grafico-michele-spera\/#respond\"]}]},{\"@type\":\"WebPage\",\"@id\":\"https:\/\/www.article-marketing.eu\/comunicati\/arte-e-cultura\/libri\/abecedario-del-grafico-michele-spera\/\",\"url\":\"https:\/\/www.article-marketing.eu\/comunicati\/arte-e-cultura\/libri\/abecedario-del-grafico-michele-spera\/\",\"name\":\"Abecedario del grafico, Michele Spera - Article Marketing\",\"isPartOf\":{\"@id\":\"https:\/\/www.article-marketing.eu\/comunicati\/#website\"},\"primaryImageOfPage\":{\"@id\":\"https:\/\/www.article-marketing.eu\/comunicati\/arte-e-cultura\/libri\/abecedario-del-grafico-michele-spera\/#primaryimage\"},\"image\":{\"@id\":\"https:\/\/www.article-marketing.eu\/comunicati\/arte-e-cultura\/libri\/abecedario-del-grafico-michele-spera\/#primaryimage\"},\"thumbnailUrl\":\"http:\/\/giotto.internetbookshop.it\/cop\/copj13.asp?f=9788849207897\",\"datePublished\":\"2008-01-25T23:39:52+00:00\",\"author\":{\"@id\":\"https:\/\/www.article-marketing.eu\/comunicati\/#\/schema\/person\/44372e4d4d0fa797b18e03ed1ace9017\"},\"breadcrumb\":{\"@id\":\"https:\/\/www.article-marketing.eu\/comunicati\/arte-e-cultura\/libri\/abecedario-del-grafico-michele-spera\/#breadcrumb\"},\"inLanguage\":\"it-IT\",\"potentialAction\":[{\"@type\":\"ReadAction\",\"target\":[\"https:\/\/www.article-marketing.eu\/comunicati\/arte-e-cultura\/libri\/abecedario-del-grafico-michele-spera\/\"]}]},{\"@type\":\"ImageObject\",\"inLanguage\":\"it-IT\",\"@id\":\"https:\/\/www.article-marketing.eu\/comunicati\/arte-e-cultura\/libri\/abecedario-del-grafico-michele-spera\/#primaryimage\",\"url\":\"http:\/\/giotto.internetbookshop.it\/cop\/copj13.asp?f=9788849207897\",\"contentUrl\":\"http:\/\/giotto.internetbookshop.it\/cop\/copj13.asp?f=9788849207897\"},{\"@type\":\"BreadcrumbList\",\"@id\":\"https:\/\/www.article-marketing.eu\/comunicati\/arte-e-cultura\/libri\/abecedario-del-grafico-michele-spera\/#breadcrumb\",\"itemListElement\":[{\"@type\":\"ListItem\",\"position\":1,\"name\":\"Home\",\"item\":\"https:\/\/www.article-marketing.eu\/comunicati\/\"},{\"@type\":\"ListItem\",\"position\":2,\"name\":\"Abecedario del grafico, Michele Spera\"}]},{\"@type\":\"WebSite\",\"@id\":\"https:\/\/www.article-marketing.eu\/comunicati\/#website\",\"url\":\"https:\/\/www.article-marketing.eu\/comunicati\/\",\"name\":\"Article Marketing\",\"description\":\"article marketing &amp; press release\",\"potentialAction\":[{\"@type\":\"SearchAction\",\"target\":{\"@type\":\"EntryPoint\",\"urlTemplate\":\"https:\/\/www.article-marketing.eu\/comunicati\/?s={search_term_string}\"},\"query-input\":{\"@type\":\"PropertyValueSpecification\",\"valueRequired\":true,\"valueName\":\"search_term_string\"}}],\"inLanguage\":\"it-IT\"},{\"@type\":\"Person\",\"@id\":\"https:\/\/www.article-marketing.eu\/comunicati\/#\/schema\/person\/44372e4d4d0fa797b18e03ed1ace9017\",\"name\":\"Redazione Comunicati Stampa\",\"image\":{\"@type\":\"ImageObject\",\"inLanguage\":\"it-IT\",\"@id\":\"https:\/\/www.article-marketing.eu\/comunicati\/#\/schema\/person\/image\/\",\"url\":\"https:\/\/secure.gravatar.com\/avatar\/50e5c6421d3072f42e7ace803501602c60d75233d34e29fd05feb91c8760b792?s=96&d=mm&r=g\",\"contentUrl\":\"https:\/\/secure.gravatar.com\/avatar\/50e5c6421d3072f42e7ace803501602c60d75233d34e29fd05feb91c8760b792?s=96&d=mm&r=g\",\"caption\":\"Redazione Comunicati Stampa\"},\"url\":\"https:\/\/www.article-marketing.eu\/comunicati\/author\/redazione-comunicati-stampa\/\"}]}<\/script>\n<!-- \/ Yoast SEO plugin. -->","yoast_head_json":{"title":"Abecedario del grafico, Michele Spera - Article Marketing","robots":{"index":"index","follow":"follow","max-snippet":"max-snippet:-1","max-image-preview":"max-image-preview:large","max-video-preview":"max-video-preview:-1"},"canonical":"https:\/\/www.article-marketing.eu\/comunicati\/arte-e-cultura\/libri\/abecedario-del-grafico-michele-spera\/","og_locale":"it_IT","og_type":"article","og_title":"Abecedario del grafico, Michele Spera - Article Marketing","og_description":"Recensione di un testo fondamentale per lo studio della grafica e del design.","og_url":"https:\/\/www.article-marketing.eu\/comunicati\/arte-e-cultura\/libri\/abecedario-del-grafico-michele-spera\/","og_site_name":"Article Marketing","article_published_time":"2008-01-25T23:39:52+00:00","og_image":[{"url":"http:\/\/giotto.internetbookshop.it\/cop\/copj13.asp?f=9788849207897","type":"","width":"","height":""}],"author":"Redazione Comunicati Stampa","twitter_card":"summary_large_image","twitter_misc":{"Scritto da":"Redazione Comunicati Stampa","Tempo di lettura stimato":"2 minuti"},"schema":{"@context":"https:\/\/schema.org","@graph":[{"@type":"Article","@id":"https:\/\/www.article-marketing.eu\/comunicati\/arte-e-cultura\/libri\/abecedario-del-grafico-michele-spera\/#article","isPartOf":{"@id":"https:\/\/www.article-marketing.eu\/comunicati\/arte-e-cultura\/libri\/abecedario-del-grafico-michele-spera\/"},"author":{"name":"Redazione Comunicati Stampa","@id":"https:\/\/www.article-marketing.eu\/comunicati\/#\/schema\/person\/44372e4d4d0fa797b18e03ed1ace9017"},"headline":"Abecedario del grafico, Michele Spera","datePublished":"2008-01-25T23:39:52+00:00","mainEntityOfPage":{"@id":"https:\/\/www.article-marketing.eu\/comunicati\/arte-e-cultura\/libri\/abecedario-del-grafico-michele-spera\/"},"wordCount":330,"commentCount":0,"image":{"@id":"https:\/\/www.article-marketing.eu\/comunicati\/arte-e-cultura\/libri\/abecedario-del-grafico-michele-spera\/#primaryimage"},"thumbnailUrl":"http:\/\/giotto.internetbookshop.it\/cop\/copj13.asp?f=9788849207897","keywords":["Abecedario del grafico","Grafica","libri","libro","michele spera","recensione","recensioni","testi","testo"],"articleSection":["Libri"],"inLanguage":"it-IT","potentialAction":[{"@type":"CommentAction","name":"Comment","target":["https:\/\/www.article-marketing.eu\/comunicati\/arte-e-cultura\/libri\/abecedario-del-grafico-michele-spera\/#respond"]}]},{"@type":"WebPage","@id":"https:\/\/www.article-marketing.eu\/comunicati\/arte-e-cultura\/libri\/abecedario-del-grafico-michele-spera\/","url":"https:\/\/www.article-marketing.eu\/comunicati\/arte-e-cultura\/libri\/abecedario-del-grafico-michele-spera\/","name":"Abecedario del grafico, Michele Spera - Article Marketing","isPartOf":{"@id":"https:\/\/www.article-marketing.eu\/comunicati\/#website"},"primaryImageOfPage":{"@id":"https:\/\/www.article-marketing.eu\/comunicati\/arte-e-cultura\/libri\/abecedario-del-grafico-michele-spera\/#primaryimage"},"image":{"@id":"https:\/\/www.article-marketing.eu\/comunicati\/arte-e-cultura\/libri\/abecedario-del-grafico-michele-spera\/#primaryimage"},"thumbnailUrl":"http:\/\/giotto.internetbookshop.it\/cop\/copj13.asp?f=9788849207897","datePublished":"2008-01-25T23:39:52+00:00","author":{"@id":"https:\/\/www.article-marketing.eu\/comunicati\/#\/schema\/person\/44372e4d4d0fa797b18e03ed1ace9017"},"breadcrumb":{"@id":"https:\/\/www.article-marketing.eu\/comunicati\/arte-e-cultura\/libri\/abecedario-del-grafico-michele-spera\/#breadcrumb"},"inLanguage":"it-IT","potentialAction":[{"@type":"ReadAction","target":["https:\/\/www.article-marketing.eu\/comunicati\/arte-e-cultura\/libri\/abecedario-del-grafico-michele-spera\/"]}]},{"@type":"ImageObject","inLanguage":"it-IT","@id":"https:\/\/www.article-marketing.eu\/comunicati\/arte-e-cultura\/libri\/abecedario-del-grafico-michele-spera\/#primaryimage","url":"http:\/\/giotto.internetbookshop.it\/cop\/copj13.asp?f=9788849207897","contentUrl":"http:\/\/giotto.internetbookshop.it\/cop\/copj13.asp?f=9788849207897"},{"@type":"BreadcrumbList","@id":"https:\/\/www.article-marketing.eu\/comunicati\/arte-e-cultura\/libri\/abecedario-del-grafico-michele-spera\/#breadcrumb","itemListElement":[{"@type":"ListItem","position":1,"name":"Home","item":"https:\/\/www.article-marketing.eu\/comunicati\/"},{"@type":"ListItem","position":2,"name":"Abecedario del grafico, Michele Spera"}]},{"@type":"WebSite","@id":"https:\/\/www.article-marketing.eu\/comunicati\/#website","url":"https:\/\/www.article-marketing.eu\/comunicati\/","name":"Article Marketing","description":"article marketing &amp; press release","potentialAction":[{"@type":"SearchAction","target":{"@type":"EntryPoint","urlTemplate":"https:\/\/www.article-marketing.eu\/comunicati\/?s={search_term_string}"},"query-input":{"@type":"PropertyValueSpecification","valueRequired":true,"valueName":"search_term_string"}}],"inLanguage":"it-IT"},{"@type":"Person","@id":"https:\/\/www.article-marketing.eu\/comunicati\/#\/schema\/person\/44372e4d4d0fa797b18e03ed1ace9017","name":"Redazione Comunicati Stampa","image":{"@type":"ImageObject","inLanguage":"it-IT","@id":"https:\/\/www.article-marketing.eu\/comunicati\/#\/schema\/person\/image\/","url":"https:\/\/secure.gravatar.com\/avatar\/50e5c6421d3072f42e7ace803501602c60d75233d34e29fd05feb91c8760b792?s=96&d=mm&r=g","contentUrl":"https:\/\/secure.gravatar.com\/avatar\/50e5c6421d3072f42e7ace803501602c60d75233d34e29fd05feb91c8760b792?s=96&d=mm&r=g","caption":"Redazione Comunicati Stampa"},"url":"https:\/\/www.article-marketing.eu\/comunicati\/author\/redazione-comunicati-stampa\/"}]}},"_links":{"self":[{"href":"https:\/\/www.article-marketing.eu\/comunicati\/wp-json\/wp\/v2\/posts\/158","targetHints":{"allow":["GET"]}}],"collection":[{"href":"https:\/\/www.article-marketing.eu\/comunicati\/wp-json\/wp\/v2\/posts"}],"about":[{"href":"https:\/\/www.article-marketing.eu\/comunicati\/wp-json\/wp\/v2\/types\/post"}],"author":[{"embeddable":true,"href":"https:\/\/www.article-marketing.eu\/comunicati\/wp-json\/wp\/v2\/users\/10"}],"replies":[{"embeddable":true,"href":"https:\/\/www.article-marketing.eu\/comunicati\/wp-json\/wp\/v2\/comments?post=158"}],"version-history":[{"count":0,"href":"https:\/\/www.article-marketing.eu\/comunicati\/wp-json\/wp\/v2\/posts\/158\/revisions"}],"wp:attachment":[{"href":"https:\/\/www.article-marketing.eu\/comunicati\/wp-json\/wp\/v2\/media?parent=158"}],"wp:term":[{"taxonomy":"category","embeddable":true,"href":"https:\/\/www.article-marketing.eu\/comunicati\/wp-json\/wp\/v2\/categories?post=158"},{"taxonomy":"post_tag","embeddable":true,"href":"https:\/\/www.article-marketing.eu\/comunicati\/wp-json\/wp\/v2\/tags?post=158"}],"curies":[{"name":"wp","href":"https:\/\/api.w.org\/{rel}","templated":true}]}}