{"id":1585,"date":"2009-03-16T21:24:11","date_gmt":"2009-03-16T20:24:11","guid":{"rendered":"http:\/\/www.article-marketing.eu\/comunicati\/senza-categoria\/capri-art-film-festival-in-giuria-valerio-caprara-e-alessandro-dalatri\/"},"modified":"2018-06-04T20:12:58","modified_gmt":"2018-06-04T18:12:58","slug":"capri-art-film-festival-in-giuria-valerio-caprara-e-alessandro-dalatri","status":"publish","type":"post","link":"https:\/\/www.article-marketing.eu\/comunicati\/arte-e-cultura\/cinema\/capri-art-film-festival-in-giuria-valerio-caprara-e-alessandro-dalatri\/","title":{"rendered":"Capri Art Film Festival: in giuria Valerio Caprara e Alessandro D&#8217;Alatri"},"content":{"rendered":"<p>Capri &#8211; A poche settimane dal terza edizione del <a title=\"Il festival cinematografico dei giovani capresi\" href=\"http:\/\/www.capriartfilmfestival.com\" target=\"_blank\">Capri Art Film Festival<\/a>, la kermesse di cortometraggi, teatro e musica dedicata al <strong>tema della Diversit\u00e0<\/strong> (La paura della diversit\u00e0 \u00e8 la difesa dei nostri limiti) che si terr\u00e0 a <strong>Capri dal 22 al 25 Aprile<\/strong>, si delinea la giura tecnica del concorso di cortometraggi \u201cCortoinCapri\u201d aperto ai giovani registi con et\u00e0 inferiore ai 30 anni.<\/p>\n<p>Anche quest\u2019anno personaggi di assoluto prestigio chiamati a giudicare i <strong>lavori provenienti da tutta Italia<\/strong> che affronteranno le pi\u00f9 delicate tematiche dell\u2019attualit\u00e0.<\/p>\n<p>Insieme a <strong>Gianni Minervini<\/strong>, produttore Premio Oscar per \u201cMediterraneo\u201d e presidente di giuria, e a <strong>Mario Zaccaria<\/strong>, direttore Ansa Campania, sono state infatti annunciate la presenze del critico Valerio Caprara e del regista <strong>Alessandro D\u2019Alatri<\/strong>.<\/p>\n<p><strong>Valerio Caprara<\/strong>, firma de &#8220;<strong>Il Mattino<\/strong>&#8221; di Napoli e ospite fisso alla trasmissione \u201cIl Cinematografo\u201d, condotta da Gigi Marzullo in onda su Rai 1, \u00e8 uno dei pi\u00f9 illustri critici cinematografici d\u2019Italia. Autore di numerosi saggi e pubblicazioni, professore ordinario presso le Universit\u00e0 degli Studi \u201cL\u2019Orientale\u201d e \u201cSuor Orsola Benincasa\u201d di Napoli, \u00e8 stato da ultimo autore de il &#8220;Dizionario del cinema erotico&#8221; che ha riscosso grande successo tra il pubblico.<\/p>\n<p><strong>Alessandro D\u2019Alatri<\/strong>, regista, attore e sceneggiatore, \u00e8 uno pi\u00f9 affermati e poliedrici personaggi del panorama cinematografico italiano. Nel 2006 ha diretto \u201cCommediasexi\u201d, con <strong>Sergio Rubini<\/strong>, Paolo Bonolis, Margherita Buy, Stefania Rocca, Elena Santarelli, Rocco Papaleo e Michele Placido. Da giovanissimo ha recitato con maestri del cinema italiano come Vittorio De Sica e con i suoi spot pubblicitari ha ottenuto importanti riconoscimenti come il <strong>Leone D\u2019Argento<\/strong> al Festival della Pubblicit\u00e0 di Cannes. <\/p>\n<p>Nel 1991 con \u201cAmericano Rosso\u201d ha ottenuto il David di Donatello e il Ciak d\u2019Oro come miglior regista emergente dell\u2019anno. Ha diretto \u201cSenza Pelle\u201d e \u201cI giardini dell\u2019Eden\u201d con Kim Rossi Stuart e con <strong>Fabio Volo<\/strong> \u201cCasomai\u201d e \u201cLa Febbre\u201d, film che hanno ricevuto tutti un enorme successo di critica e pubblico. Nel 2008 ha ricevuto il Premio \u201cCitt\u00e0 di Trieste\u201d, riconoscimento alla carriera per il cinema.<\/p>\n<p>La partecipazione al concorso (aperto a tutti i registi nati successivamente all\u201901.04.1979)\u00e8 aperta fino al 1 Aprile. Bando e scheda di partecipazione sono scaricabili dal sito www.capriartfilmfestival.com<\/p>\n<p><strong>Ufficio stampa<\/strong><br \/>\nTeodorico Boniello 3491583890<br \/>\nAntonino Esposito 3389253287<\/p>\n","protected":false},"excerpt":{"rendered":"<p>Pubblicati gli attesissimi nomi della giuria tecnica del Capri Art Film Festival 2009<\/p>\n","protected":false},"author":10,"featured_media":0,"comment_status":"open","ping_status":"open","sticky":false,"template":"","format":"standard","meta":{"cybocfi_hide_featured_image":"","footnotes":""},"categories":[202],"tags":[4412,4413,5235],"class_list":["post-1585","post","type-post","status-publish","format-standard","hentry","category-cinema","tag-capri-art-film-festival","tag-capri-cinema","tag-cortometraggi"],"yoast_head":"<!-- This site is optimized with the Yoast SEO plugin v27.0 - https:\/\/yoast.com\/product\/yoast-seo-wordpress\/ -->\n<title>Capri Art Film Festival: in giuria Valerio Caprara e Alessandro D&#039;Alatri - Article Marketing<\/title>\n<meta name=\"robots\" content=\"index, follow, max-snippet:-1, max-image-preview:large, max-video-preview:-1\" \/>\n<link rel=\"canonical\" href=\"https:\/\/www.article-marketing.eu\/comunicati\/arte-e-cultura\/cinema\/capri-art-film-festival-in-giuria-valerio-caprara-e-alessandro-dalatri\/\" \/>\n<meta property=\"og:locale\" content=\"it_IT\" \/>\n<meta property=\"og:type\" content=\"article\" \/>\n<meta property=\"og:title\" content=\"Capri Art Film Festival: in giuria Valerio Caprara e Alessandro D&#039;Alatri - Article Marketing\" \/>\n<meta property=\"og:description\" content=\"Pubblicati gli attesissimi nomi della giuria tecnica del Capri Art Film Festival 2009\" \/>\n<meta property=\"og:url\" content=\"https:\/\/www.article-marketing.eu\/comunicati\/arte-e-cultura\/cinema\/capri-art-film-festival-in-giuria-valerio-caprara-e-alessandro-dalatri\/\" \/>\n<meta property=\"og:site_name\" content=\"Article Marketing\" \/>\n<meta property=\"article:published_time\" content=\"2009-03-16T20:24:11+00:00\" \/>\n<meta property=\"article:modified_time\" content=\"2018-06-04T18:12:58+00:00\" \/>\n<meta name=\"author\" content=\"Redazione Comunicati Stampa\" \/>\n<meta name=\"twitter:card\" content=\"summary_large_image\" \/>\n<meta name=\"twitter:label1\" content=\"Scritto da\" \/>\n\t<meta name=\"twitter:data1\" content=\"Redazione Comunicati Stampa\" \/>\n\t<meta name=\"twitter:label2\" content=\"Tempo di lettura stimato\" \/>\n\t<meta name=\"twitter:data2\" content=\"2 minuti\" \/>\n<script type=\"application\/ld+json\" class=\"yoast-schema-graph\">{\"@context\":\"https:\/\/schema.org\",\"@graph\":[{\"@type\":\"Article\",\"@id\":\"https:\/\/www.article-marketing.eu\/comunicati\/arte-e-cultura\/cinema\/capri-art-film-festival-in-giuria-valerio-caprara-e-alessandro-dalatri\/#article\",\"isPartOf\":{\"@id\":\"https:\/\/www.article-marketing.eu\/comunicati\/arte-e-cultura\/cinema\/capri-art-film-festival-in-giuria-valerio-caprara-e-alessandro-dalatri\/\"},\"author\":{\"name\":\"Redazione Comunicati Stampa\",\"@id\":\"https:\/\/www.article-marketing.eu\/comunicati\/#\/schema\/person\/44372e4d4d0fa797b18e03ed1ace9017\"},\"headline\":\"Capri Art Film Festival: in giuria Valerio Caprara e Alessandro D&#8217;Alatri\",\"datePublished\":\"2009-03-16T20:24:11+00:00\",\"dateModified\":\"2018-06-04T18:12:58+00:00\",\"mainEntityOfPage\":{\"@id\":\"https:\/\/www.article-marketing.eu\/comunicati\/arte-e-cultura\/cinema\/capri-art-film-festival-in-giuria-valerio-caprara-e-alessandro-dalatri\/\"},\"wordCount\":375,\"commentCount\":0,\"keywords\":[\"capri art film festival\",\"capri cinema\",\"cortometraggi\"],\"articleSection\":[\"Cinema\"],\"inLanguage\":\"it-IT\",\"potentialAction\":[{\"@type\":\"CommentAction\",\"name\":\"Comment\",\"target\":[\"https:\/\/www.article-marketing.eu\/comunicati\/arte-e-cultura\/cinema\/capri-art-film-festival-in-giuria-valerio-caprara-e-alessandro-dalatri\/#respond\"]}]},{\"@type\":\"WebPage\",\"@id\":\"https:\/\/www.article-marketing.eu\/comunicati\/arte-e-cultura\/cinema\/capri-art-film-festival-in-giuria-valerio-caprara-e-alessandro-dalatri\/\",\"url\":\"https:\/\/www.article-marketing.eu\/comunicati\/arte-e-cultura\/cinema\/capri-art-film-festival-in-giuria-valerio-caprara-e-alessandro-dalatri\/\",\"name\":\"Capri Art Film Festival: in giuria Valerio Caprara e Alessandro D'Alatri - Article Marketing\",\"isPartOf\":{\"@id\":\"https:\/\/www.article-marketing.eu\/comunicati\/#website\"},\"datePublished\":\"2009-03-16T20:24:11+00:00\",\"dateModified\":\"2018-06-04T18:12:58+00:00\",\"author\":{\"@id\":\"https:\/\/www.article-marketing.eu\/comunicati\/#\/schema\/person\/44372e4d4d0fa797b18e03ed1ace9017\"},\"breadcrumb\":{\"@id\":\"https:\/\/www.article-marketing.eu\/comunicati\/arte-e-cultura\/cinema\/capri-art-film-festival-in-giuria-valerio-caprara-e-alessandro-dalatri\/#breadcrumb\"},\"inLanguage\":\"it-IT\",\"potentialAction\":[{\"@type\":\"ReadAction\",\"target\":[\"https:\/\/www.article-marketing.eu\/comunicati\/arte-e-cultura\/cinema\/capri-art-film-festival-in-giuria-valerio-caprara-e-alessandro-dalatri\/\"]}]},{\"@type\":\"BreadcrumbList\",\"@id\":\"https:\/\/www.article-marketing.eu\/comunicati\/arte-e-cultura\/cinema\/capri-art-film-festival-in-giuria-valerio-caprara-e-alessandro-dalatri\/#breadcrumb\",\"itemListElement\":[{\"@type\":\"ListItem\",\"position\":1,\"name\":\"Home\",\"item\":\"https:\/\/www.article-marketing.eu\/comunicati\/\"},{\"@type\":\"ListItem\",\"position\":2,\"name\":\"Capri Art Film Festival: in giuria Valerio Caprara e Alessandro D&#8217;Alatri\"}]},{\"@type\":\"WebSite\",\"@id\":\"https:\/\/www.article-marketing.eu\/comunicati\/#website\",\"url\":\"https:\/\/www.article-marketing.eu\/comunicati\/\",\"name\":\"Article Marketing\",\"description\":\"article marketing &amp; press release\",\"potentialAction\":[{\"@type\":\"SearchAction\",\"target\":{\"@type\":\"EntryPoint\",\"urlTemplate\":\"https:\/\/www.article-marketing.eu\/comunicati\/?s={search_term_string}\"},\"query-input\":{\"@type\":\"PropertyValueSpecification\",\"valueRequired\":true,\"valueName\":\"search_term_string\"}}],\"inLanguage\":\"it-IT\"},{\"@type\":\"Person\",\"@id\":\"https:\/\/www.article-marketing.eu\/comunicati\/#\/schema\/person\/44372e4d4d0fa797b18e03ed1ace9017\",\"name\":\"Redazione Comunicati Stampa\",\"image\":{\"@type\":\"ImageObject\",\"inLanguage\":\"it-IT\",\"@id\":\"https:\/\/www.article-marketing.eu\/comunicati\/#\/schema\/person\/image\/\",\"url\":\"https:\/\/secure.gravatar.com\/avatar\/50e5c6421d3072f42e7ace803501602c60d75233d34e29fd05feb91c8760b792?s=96&d=mm&r=g\",\"contentUrl\":\"https:\/\/secure.gravatar.com\/avatar\/50e5c6421d3072f42e7ace803501602c60d75233d34e29fd05feb91c8760b792?s=96&d=mm&r=g\",\"caption\":\"Redazione Comunicati Stampa\"},\"url\":\"https:\/\/www.article-marketing.eu\/comunicati\/author\/redazione-comunicati-stampa\/\"}]}<\/script>\n<!-- \/ Yoast SEO plugin. -->","yoast_head_json":{"title":"Capri Art Film Festival: in giuria Valerio Caprara e Alessandro D'Alatri - Article Marketing","robots":{"index":"index","follow":"follow","max-snippet":"max-snippet:-1","max-image-preview":"max-image-preview:large","max-video-preview":"max-video-preview:-1"},"canonical":"https:\/\/www.article-marketing.eu\/comunicati\/arte-e-cultura\/cinema\/capri-art-film-festival-in-giuria-valerio-caprara-e-alessandro-dalatri\/","og_locale":"it_IT","og_type":"article","og_title":"Capri Art Film Festival: in giuria Valerio Caprara e Alessandro D'Alatri - Article Marketing","og_description":"Pubblicati gli attesissimi nomi della giuria tecnica del Capri Art Film Festival 2009","og_url":"https:\/\/www.article-marketing.eu\/comunicati\/arte-e-cultura\/cinema\/capri-art-film-festival-in-giuria-valerio-caprara-e-alessandro-dalatri\/","og_site_name":"Article Marketing","article_published_time":"2009-03-16T20:24:11+00:00","article_modified_time":"2018-06-04T18:12:58+00:00","author":"Redazione Comunicati Stampa","twitter_card":"summary_large_image","twitter_misc":{"Scritto da":"Redazione Comunicati Stampa","Tempo di lettura stimato":"2 minuti"},"schema":{"@context":"https:\/\/schema.org","@graph":[{"@type":"Article","@id":"https:\/\/www.article-marketing.eu\/comunicati\/arte-e-cultura\/cinema\/capri-art-film-festival-in-giuria-valerio-caprara-e-alessandro-dalatri\/#article","isPartOf":{"@id":"https:\/\/www.article-marketing.eu\/comunicati\/arte-e-cultura\/cinema\/capri-art-film-festival-in-giuria-valerio-caprara-e-alessandro-dalatri\/"},"author":{"name":"Redazione Comunicati Stampa","@id":"https:\/\/www.article-marketing.eu\/comunicati\/#\/schema\/person\/44372e4d4d0fa797b18e03ed1ace9017"},"headline":"Capri Art Film Festival: in giuria Valerio Caprara e Alessandro D&#8217;Alatri","datePublished":"2009-03-16T20:24:11+00:00","dateModified":"2018-06-04T18:12:58+00:00","mainEntityOfPage":{"@id":"https:\/\/www.article-marketing.eu\/comunicati\/arte-e-cultura\/cinema\/capri-art-film-festival-in-giuria-valerio-caprara-e-alessandro-dalatri\/"},"wordCount":375,"commentCount":0,"keywords":["capri art film festival","capri cinema","cortometraggi"],"articleSection":["Cinema"],"inLanguage":"it-IT","potentialAction":[{"@type":"CommentAction","name":"Comment","target":["https:\/\/www.article-marketing.eu\/comunicati\/arte-e-cultura\/cinema\/capri-art-film-festival-in-giuria-valerio-caprara-e-alessandro-dalatri\/#respond"]}]},{"@type":"WebPage","@id":"https:\/\/www.article-marketing.eu\/comunicati\/arte-e-cultura\/cinema\/capri-art-film-festival-in-giuria-valerio-caprara-e-alessandro-dalatri\/","url":"https:\/\/www.article-marketing.eu\/comunicati\/arte-e-cultura\/cinema\/capri-art-film-festival-in-giuria-valerio-caprara-e-alessandro-dalatri\/","name":"Capri Art Film Festival: in giuria Valerio Caprara e Alessandro D'Alatri - Article Marketing","isPartOf":{"@id":"https:\/\/www.article-marketing.eu\/comunicati\/#website"},"datePublished":"2009-03-16T20:24:11+00:00","dateModified":"2018-06-04T18:12:58+00:00","author":{"@id":"https:\/\/www.article-marketing.eu\/comunicati\/#\/schema\/person\/44372e4d4d0fa797b18e03ed1ace9017"},"breadcrumb":{"@id":"https:\/\/www.article-marketing.eu\/comunicati\/arte-e-cultura\/cinema\/capri-art-film-festival-in-giuria-valerio-caprara-e-alessandro-dalatri\/#breadcrumb"},"inLanguage":"it-IT","potentialAction":[{"@type":"ReadAction","target":["https:\/\/www.article-marketing.eu\/comunicati\/arte-e-cultura\/cinema\/capri-art-film-festival-in-giuria-valerio-caprara-e-alessandro-dalatri\/"]}]},{"@type":"BreadcrumbList","@id":"https:\/\/www.article-marketing.eu\/comunicati\/arte-e-cultura\/cinema\/capri-art-film-festival-in-giuria-valerio-caprara-e-alessandro-dalatri\/#breadcrumb","itemListElement":[{"@type":"ListItem","position":1,"name":"Home","item":"https:\/\/www.article-marketing.eu\/comunicati\/"},{"@type":"ListItem","position":2,"name":"Capri Art Film Festival: in giuria Valerio Caprara e Alessandro D&#8217;Alatri"}]},{"@type":"WebSite","@id":"https:\/\/www.article-marketing.eu\/comunicati\/#website","url":"https:\/\/www.article-marketing.eu\/comunicati\/","name":"Article Marketing","description":"article marketing &amp; press release","potentialAction":[{"@type":"SearchAction","target":{"@type":"EntryPoint","urlTemplate":"https:\/\/www.article-marketing.eu\/comunicati\/?s={search_term_string}"},"query-input":{"@type":"PropertyValueSpecification","valueRequired":true,"valueName":"search_term_string"}}],"inLanguage":"it-IT"},{"@type":"Person","@id":"https:\/\/www.article-marketing.eu\/comunicati\/#\/schema\/person\/44372e4d4d0fa797b18e03ed1ace9017","name":"Redazione Comunicati Stampa","image":{"@type":"ImageObject","inLanguage":"it-IT","@id":"https:\/\/www.article-marketing.eu\/comunicati\/#\/schema\/person\/image\/","url":"https:\/\/secure.gravatar.com\/avatar\/50e5c6421d3072f42e7ace803501602c60d75233d34e29fd05feb91c8760b792?s=96&d=mm&r=g","contentUrl":"https:\/\/secure.gravatar.com\/avatar\/50e5c6421d3072f42e7ace803501602c60d75233d34e29fd05feb91c8760b792?s=96&d=mm&r=g","caption":"Redazione Comunicati Stampa"},"url":"https:\/\/www.article-marketing.eu\/comunicati\/author\/redazione-comunicati-stampa\/"}]}},"_links":{"self":[{"href":"https:\/\/www.article-marketing.eu\/comunicati\/wp-json\/wp\/v2\/posts\/1585","targetHints":{"allow":["GET"]}}],"collection":[{"href":"https:\/\/www.article-marketing.eu\/comunicati\/wp-json\/wp\/v2\/posts"}],"about":[{"href":"https:\/\/www.article-marketing.eu\/comunicati\/wp-json\/wp\/v2\/types\/post"}],"author":[{"embeddable":true,"href":"https:\/\/www.article-marketing.eu\/comunicati\/wp-json\/wp\/v2\/users\/10"}],"replies":[{"embeddable":true,"href":"https:\/\/www.article-marketing.eu\/comunicati\/wp-json\/wp\/v2\/comments?post=1585"}],"version-history":[{"count":1,"href":"https:\/\/www.article-marketing.eu\/comunicati\/wp-json\/wp\/v2\/posts\/1585\/revisions"}],"predecessor-version":[{"id":55385,"href":"https:\/\/www.article-marketing.eu\/comunicati\/wp-json\/wp\/v2\/posts\/1585\/revisions\/55385"}],"wp:attachment":[{"href":"https:\/\/www.article-marketing.eu\/comunicati\/wp-json\/wp\/v2\/media?parent=1585"}],"wp:term":[{"taxonomy":"category","embeddable":true,"href":"https:\/\/www.article-marketing.eu\/comunicati\/wp-json\/wp\/v2\/categories?post=1585"},{"taxonomy":"post_tag","embeddable":true,"href":"https:\/\/www.article-marketing.eu\/comunicati\/wp-json\/wp\/v2\/tags?post=1585"}],"curies":[{"name":"wp","href":"https:\/\/api.w.org\/{rel}","templated":true}]}}