{"id":1586,"date":"2009-03-17T01:07:05","date_gmt":"2009-03-17T00:07:05","guid":{"rendered":"http:\/\/www.article-marketing.eu\/comunicati\/senza-categoria\/claudia-dal-grande-fratello-in-esclusiva-a-mediagol-it-sono-pazza-del-palermo-e-di-bresciano-non-vedo-l%b4ora-di-vedere-hernandez-in-campo\/"},"modified":"2009-03-17T01:07:05","modified_gmt":"2009-03-17T00:07:05","slug":"claudia-dal-grande-fratello-in-esclusiva-a-mediagol-it-sono-pazza-del-palermo-e-di-bresciano-non-vedo-l%b4ora-di-vedere-hernandez-in-campo","status":"publish","type":"post","link":"https:\/\/www.article-marketing.eu\/comunicati\/arte-e-cultura\/cinema\/claudia-dal-grande-fratello-in-esclusiva-a-mediagol-it-sono-pazza-del-palermo-e-di-bresciano-non-vedo-l%b4ora-di-vedere-hernandez-in-campo\/","title":{"rendered":"Claudia dal Grande Fratello in esclusiva a Mediagol.it &#8220;Sono pazza del Palermo e di Bresciano! Non vedo l\u00b4ora di vedere Hernandez in campo&#8221;"},"content":{"rendered":"<p>Il grande pubblico l\u00b4ha conosciuta per il suoi pianti di gioia e per il suo modo semplice di essere. Si \u00e8 distinta nella casa<br \/>\npi\u00f9 spiata d\u00b4Italia per la sua moralit\u00e0, spesso in contrasto con<br \/>\nculture e modi di affrontare la vita fin troppo leggeri. Per una volta<br \/>\nlo stereotipo del &#8220;palermitano all\u00b4estero&#8221; \u00e8 stato ribaltato,<br \/>\nproponendo l\u00b4immagine bella e positiva di una citt\u00e0 splendida come<br \/>\nPalermo. Stiamo parlando della 25enne palermitana <strong>Claudia Perna<\/strong>, tra i personaggi pi\u00f9 amati della casa del <strong>Grande Fratello<\/strong>, che \u00e8 uscita ieri sera dal reality pi\u00f9 seguito d\u00b4Italia. Oggi, in esclusiva a <strong>Mediagol.it<\/strong>,<br \/>\nClaudia racconta il suo rapporto con la squadra del cuore, quella<br \/>\nrosanero, e con gli ex coinquilini della &#8220;casa&#8221; di Cinecitt\u00e0.<\/p>\n<p><img decoding=\"async\" src=\"http:\/\/www.mediagol.it\/images\/cla.jpg\" \/> <\/p>\n<p><em>di Simona Camarda<\/em> <\/p>\n<p><strong>Claudia, da quando sei entrata al Grande Fratello non hai avuto<br \/>\npi\u00f9 notizie del mondo esterno. Prima di entrare nella casa seguivi le<br \/>\nsorti del Palermo?<\/strong> <br \/><em> Se seguivo il Palermo? Sono una patita dei rosanero! Appena<br \/>\nuscita dalla casa mi sono subito informata sull andamento della squadra<br \/>\nperch\u00e9 naturalmente durante i due mesi passati al Grande Fratello non<br \/>\nho potuto. Ho anche lavorato allo stadio e per un programma televisivo,<br \/>\n Tifosi  in onda su Telesud (il luned\u00ec alle 21.30 con Carlo Cangemi e<br \/>\nFederico Orlando, ndr)<\/em>&#8220;. <\/p>\n<p><strong>Come vivi la tua passione per il Palermo? Vai allo stadio?<\/strong> <br \/><em>&#8220;Solitamente alla curva preferisco la tribuna perch\u00e9 riesco ad avere una visuale migliore. In quanto a tifo sono una che si scalda molto e mi diverte partecipare ai cori <\/em>. <\/p>\n<p><strong>Hai avuto la fortuna<br \/>\ndi non vedere la sconfitta dei rosanero contro il Catania per 4-0 in<br \/>\ncasa. La partita ha buttato tutti i tifosi nello sconforto&#8230;<\/strong> <br \/><em> Sono molto dispiaciuta. Mi conosco e sono sicura che l avrei vissuta malissimo. Al Barbera,<br \/>\ndavanti al tuo pubblico, se perdi devi accettare la delusione dei<br \/>\ntifosi. Anche per i giocatori penso sia stata pesante da digerire <\/em>.  <\/p>\n<p><strong>Tra i rosanero c\u00b4\u00e8 qualche giocatore che stimi in particolar modo?<\/strong> <br \/><em> Mark Bresciano! E  il mio idolo! La mia punta di diamante! Mi<br \/>\npiace il suo modo di giocare, con gran classe e stile. Va alla ricerca<br \/>\ndel gol e in campo d\u00e0 l anima&#8221;<\/em>. <\/p>\n<p><strong>Sai che ci sono anche dei giocatori nuovi?<\/strong> <br \/><em>&#8220;Ho saputo che abbiamo acquistato Hernandez e, da quello che<br \/>\ndicono, non vedo l ora di vederlo giocare in campo con la maglia del<br \/>\nPalermo <\/em>. <\/p>\n<p><strong>E del tecnico Ballardini, che ne pensi?<\/strong> <br \/><em>&#8220;Mi piace da morire. Da quello che si vede, sembra un uomo<br \/>\npacato. Se ne sta l\u00ec, tranquillo, davanti alla sua panchina, con gli<br \/>\nocchiali da sole, scrutando senza farsi vedere. Lo ritengo un grande<br \/>\ntecnico <\/em>. <\/p>\n<p><strong>Claudia, ti abbiamo seguito qui da Palermo per due mesi, ti abbiamo sostenuta, purtroppo non \u00e8 bastato&#038;<\/strong> <br \/><em> Sono contenta comunque, \u00e8 stata un esperienza bellissima, non<br \/>\nimmaginavo che ascoltavate ogni minima parola. Ho rivisto da poco la<br \/>\nmia famiglia e sono felice. Adesso, finiti gli impegni, non vedo l ora<br \/>\ndi tornare in Sicilia nella mia bellissima Mondello e mangiare un<br \/>\ncannolo alla faccia loro(gli inquilini della casa di Cinecitt\u00e0) <\/em>. <\/p>\n<p><strong>Fino alla scorsa settimana eri nel gruppo degli  intoccabili , poi cosa \u00e8 successo?<\/strong> <br \/><em> E  successo che Vanessa ha fatto il suo gioco, \u00e8 stata<br \/>\nbravissima a farmi passare per la falsa anche con Gianluca che era mio<br \/>\namico e ci \u00e8 scappata la nomination. Per fortuna almeno Vittorio e<br \/>\nAlberto non ci sono cascati <\/em>.  <br \/> (<a href=\"http:\/\/www.mediagol.it\/\">Mediagol.it<\/a>)<\/p>\n","protected":false},"excerpt":{"rendered":"<p>Il grande pubblico l\u00b4ha conosciuta per il suoi pianti di gioia e per il suo modo semplice di essere. Si \u00e8 distinta nella casa pi\u00f9 spiata d\u00b4Italia per la sua moralit\u00e0, spesso in contrasto con culture e modi di affrontare la vita fin troppo leggeri. Per una volta lo stereotipo del &#8220;palermitano all\u00b4estero&#8221; \u00e8 stato ribaltato, proponendo l\u00b4immagine bella e positiva di una citt\u00e0 splendida come Palermo. Stiamo parlando della 25enne palermitana Claudia Perna, tra i personaggi pi\u00f9 amati della casa del Grande Fratello, che \u00e8 uscita ieri sera dal reality pi\u00f9 seguito d\u00b4Italia. Oggi, in esclusiva a Mediagol.it, Claudia racconta il suo rapporto con la squadra del cuore, quella rosanero, e con gli ex coinquilini della &#8220;casa&#8221; di Cinecitt\u00e0.<\/p>\n","protected":false},"author":10,"featured_media":0,"comment_status":"open","ping_status":"open","sticky":false,"template":"","format":"standard","meta":{"cybocfi_hide_featured_image":"","footnotes":""},"categories":[202],"tags":[],"class_list":["post-1586","post","type-post","status-publish","format-standard","hentry","category-cinema"],"yoast_head":"<!-- This site is optimized with the Yoast SEO plugin v27.0 - https:\/\/yoast.com\/product\/yoast-seo-wordpress\/ -->\n<title>Claudia dal Grande Fratello in esclusiva a Mediagol.it &quot;Sono pazza del Palermo e di Bresciano! Non vedo l\u00b4ora di vedere Hernandez in campo&quot; - Article Marketing<\/title>\n<meta name=\"robots\" content=\"index, follow, max-snippet:-1, max-image-preview:large, max-video-preview:-1\" \/>\n<link rel=\"canonical\" href=\"https:\/\/www.article-marketing.eu\/comunicati\/arte-e-cultura\/cinema\/claudia-dal-grande-fratello-in-esclusiva-a-mediagol-it-sono-pazza-del-palermo-e-di-bresciano-non-vedo-l?ora-di-vedere-hernandez-in-campo\/\" \/>\n<meta property=\"og:locale\" content=\"it_IT\" \/>\n<meta property=\"og:type\" content=\"article\" \/>\n<meta property=\"og:title\" content=\"Claudia dal Grande Fratello in esclusiva a Mediagol.it &quot;Sono pazza del Palermo e di Bresciano! Non vedo l\u00b4ora di vedere Hernandez in campo&quot; - Article Marketing\" \/>\n<meta property=\"og:description\" content=\"Il grande pubblico l\u00b4ha conosciuta per il suoi pianti di gioia e per il suo modo semplice di essere. Si \u00e8 distinta nella casa pi\u00f9 spiata d\u00b4Italia per la sua moralit\u00e0, spesso in contrasto con culture e modi di affrontare la vita fin troppo leggeri. Per una volta lo stereotipo del &quot;palermitano all\u00b4estero&quot; \u00e8 stato ribaltato, proponendo l\u00b4immagine bella e positiva di una citt\u00e0 splendida come Palermo. Stiamo parlando della 25enne palermitana Claudia Perna, tra i personaggi pi\u00f9 amati della casa del Grande Fratello, che \u00e8 uscita ieri sera dal reality pi\u00f9 seguito d\u00b4Italia. Oggi, in esclusiva a Mediagol.it, Claudia racconta il suo rapporto con la squadra del cuore, quella rosanero, e con gli ex coinquilini della &quot;casa&quot; di Cinecitt\u00e0.\" \/>\n<meta property=\"og:url\" content=\"\" \/>\n<meta property=\"og:site_name\" content=\"Article Marketing\" \/>\n<meta property=\"article:published_time\" content=\"2009-03-17T00:07:05+00:00\" \/>\n<meta property=\"og:image\" content=\"http:\/\/www.mediagol.it\/images\/cla.jpg\" \/>\n<meta name=\"author\" content=\"Redazione Comunicati Stampa\" \/>\n<meta name=\"twitter:card\" content=\"summary_large_image\" \/>\n<meta name=\"twitter:label1\" content=\"Scritto da\" \/>\n\t<meta name=\"twitter:data1\" content=\"Redazione Comunicati Stampa\" \/>\n\t<meta name=\"twitter:label2\" content=\"Tempo di lettura stimato\" \/>\n\t<meta name=\"twitter:data2\" content=\"3 minuti\" \/>\n<script type=\"application\/ld+json\" class=\"yoast-schema-graph\">{\"@context\":\"https:\/\/schema.org\",\"@graph\":[{\"@type\":\"Article\",\"@id\":\"https:\/\/www.article-marketing.eu\/comunicati\/arte-e-cultura\/cinema\/claudia-dal-grande-fratello-in-esclusiva-a-mediagol-it-sono-pazza-del-palermo-e-di-bresciano-non-vedo-l%b4ora-di-vedere-hernandez-in-campo\/#article\",\"isPartOf\":{\"@id\":\"https:\/\/www.article-marketing.eu\/comunicati\/arte-e-cultura\/cinema\/claudia-dal-grande-fratello-in-esclusiva-a-mediagol-it-sono-pazza-del-palermo-e-di-bresciano-non-vedo-l%b4ora-di-vedere-hernandez-in-campo\/\"},\"author\":{\"name\":\"Redazione Comunicati Stampa\",\"@id\":\"https:\/\/www.article-marketing.eu\/comunicati\/#\/schema\/person\/44372e4d4d0fa797b18e03ed1ace9017\"},\"headline\":\"Claudia dal Grande Fratello in esclusiva a Mediagol.it &#8220;Sono pazza del Palermo e di Bresciano! Non vedo l\u00b4ora di vedere Hernandez in campo&#8221;\",\"datePublished\":\"2009-03-17T00:07:05+00:00\",\"mainEntityOfPage\":{\"@id\":\"https:\/\/www.article-marketing.eu\/comunicati\/arte-e-cultura\/cinema\/claudia-dal-grande-fratello-in-esclusiva-a-mediagol-it-sono-pazza-del-palermo-e-di-bresciano-non-vedo-l%b4ora-di-vedere-hernandez-in-campo\/\"},\"wordCount\":583,\"commentCount\":0,\"image\":{\"@id\":\"https:\/\/www.article-marketing.eu\/comunicati\/arte-e-cultura\/cinema\/claudia-dal-grande-fratello-in-esclusiva-a-mediagol-it-sono-pazza-del-palermo-e-di-bresciano-non-vedo-l%b4ora-di-vedere-hernandez-in-campo\/#primaryimage\"},\"thumbnailUrl\":\"http:\/\/www.mediagol.it\/images\/cla.jpg\",\"articleSection\":[\"Cinema\"],\"inLanguage\":\"it-IT\",\"potentialAction\":[{\"@type\":\"CommentAction\",\"name\":\"Comment\",\"target\":[\"https:\/\/www.article-marketing.eu\/comunicati\/arte-e-cultura\/cinema\/claudia-dal-grande-fratello-in-esclusiva-a-mediagol-it-sono-pazza-del-palermo-e-di-bresciano-non-vedo-l%b4ora-di-vedere-hernandez-in-campo\/#respond\"]}]},{\"@type\":\"WebPage\",\"@id\":\"https:\/\/www.article-marketing.eu\/comunicati\/arte-e-cultura\/cinema\/claudia-dal-grande-fratello-in-esclusiva-a-mediagol-it-sono-pazza-del-palermo-e-di-bresciano-non-vedo-l%b4ora-di-vedere-hernandez-in-campo\/\",\"url\":\"https:\/\/www.article-marketing.eu\/comunicati\/arte-e-cultura\/cinema\/claudia-dal-grande-fratello-in-esclusiva-a-mediagol-it-sono-pazza-del-palermo-e-di-bresciano-non-vedo-l%b4ora-di-vedere-hernandez-in-campo\/\",\"name\":\"Claudia dal Grande Fratello in esclusiva a Mediagol.it \\\"Sono pazza del Palermo e di Bresciano! Non vedo l\u00b4ora di vedere Hernandez in campo\\\" - Article Marketing\",\"isPartOf\":{\"@id\":\"https:\/\/www.article-marketing.eu\/comunicati\/#website\"},\"primaryImageOfPage\":{\"@id\":\"https:\/\/www.article-marketing.eu\/comunicati\/arte-e-cultura\/cinema\/claudia-dal-grande-fratello-in-esclusiva-a-mediagol-it-sono-pazza-del-palermo-e-di-bresciano-non-vedo-l%b4ora-di-vedere-hernandez-in-campo\/#primaryimage\"},\"image\":{\"@id\":\"https:\/\/www.article-marketing.eu\/comunicati\/arte-e-cultura\/cinema\/claudia-dal-grande-fratello-in-esclusiva-a-mediagol-it-sono-pazza-del-palermo-e-di-bresciano-non-vedo-l%b4ora-di-vedere-hernandez-in-campo\/#primaryimage\"},\"thumbnailUrl\":\"http:\/\/www.mediagol.it\/images\/cla.jpg\",\"datePublished\":\"2009-03-17T00:07:05+00:00\",\"author\":{\"@id\":\"https:\/\/www.article-marketing.eu\/comunicati\/#\/schema\/person\/44372e4d4d0fa797b18e03ed1ace9017\"},\"breadcrumb\":{\"@id\":\"https:\/\/www.article-marketing.eu\/comunicati\/arte-e-cultura\/cinema\/claudia-dal-grande-fratello-in-esclusiva-a-mediagol-it-sono-pazza-del-palermo-e-di-bresciano-non-vedo-l%b4ora-di-vedere-hernandez-in-campo\/#breadcrumb\"},\"inLanguage\":\"it-IT\",\"potentialAction\":[{\"@type\":\"ReadAction\",\"target\":[\"https:\/\/www.article-marketing.eu\/comunicati\/arte-e-cultura\/cinema\/claudia-dal-grande-fratello-in-esclusiva-a-mediagol-it-sono-pazza-del-palermo-e-di-bresciano-non-vedo-l%b4ora-di-vedere-hernandez-in-campo\/\"]}]},{\"@type\":\"ImageObject\",\"inLanguage\":\"it-IT\",\"@id\":\"https:\/\/www.article-marketing.eu\/comunicati\/arte-e-cultura\/cinema\/claudia-dal-grande-fratello-in-esclusiva-a-mediagol-it-sono-pazza-del-palermo-e-di-bresciano-non-vedo-l%b4ora-di-vedere-hernandez-in-campo\/#primaryimage\",\"url\":\"http:\/\/www.mediagol.it\/images\/cla.jpg\",\"contentUrl\":\"http:\/\/www.mediagol.it\/images\/cla.jpg\"},{\"@type\":\"BreadcrumbList\",\"@id\":\"https:\/\/www.article-marketing.eu\/comunicati\/arte-e-cultura\/cinema\/claudia-dal-grande-fratello-in-esclusiva-a-mediagol-it-sono-pazza-del-palermo-e-di-bresciano-non-vedo-l%b4ora-di-vedere-hernandez-in-campo\/#breadcrumb\",\"itemListElement\":[{\"@type\":\"ListItem\",\"position\":1,\"name\":\"Home\",\"item\":\"https:\/\/www.article-marketing.eu\/comunicati\/\"},{\"@type\":\"ListItem\",\"position\":2,\"name\":\"Claudia dal Grande Fratello in esclusiva a Mediagol.it &#8220;Sono pazza del Palermo e di Bresciano! Non vedo l\u00b4ora di vedere Hernandez in campo&#8221;\"}]},{\"@type\":\"WebSite\",\"@id\":\"https:\/\/www.article-marketing.eu\/comunicati\/#website\",\"url\":\"https:\/\/www.article-marketing.eu\/comunicati\/\",\"name\":\"Article Marketing\",\"description\":\"article marketing &amp; press release\",\"potentialAction\":[{\"@type\":\"SearchAction\",\"target\":{\"@type\":\"EntryPoint\",\"urlTemplate\":\"https:\/\/www.article-marketing.eu\/comunicati\/?s={search_term_string}\"},\"query-input\":{\"@type\":\"PropertyValueSpecification\",\"valueRequired\":true,\"valueName\":\"search_term_string\"}}],\"inLanguage\":\"it-IT\"},{\"@type\":\"Person\",\"@id\":\"https:\/\/www.article-marketing.eu\/comunicati\/#\/schema\/person\/44372e4d4d0fa797b18e03ed1ace9017\",\"name\":\"Redazione Comunicati Stampa\",\"image\":{\"@type\":\"ImageObject\",\"inLanguage\":\"it-IT\",\"@id\":\"https:\/\/www.article-marketing.eu\/comunicati\/#\/schema\/person\/image\/\",\"url\":\"https:\/\/secure.gravatar.com\/avatar\/50e5c6421d3072f42e7ace803501602c60d75233d34e29fd05feb91c8760b792?s=96&d=mm&r=g\",\"contentUrl\":\"https:\/\/secure.gravatar.com\/avatar\/50e5c6421d3072f42e7ace803501602c60d75233d34e29fd05feb91c8760b792?s=96&d=mm&r=g\",\"caption\":\"Redazione Comunicati Stampa\"},\"url\":\"https:\/\/www.article-marketing.eu\/comunicati\/author\/redazione-comunicati-stampa\/\"}]}<\/script>\n<!-- \/ Yoast SEO plugin. -->","yoast_head_json":{"title":"Claudia dal Grande Fratello in esclusiva a Mediagol.it \"Sono pazza del Palermo e di Bresciano! Non vedo l\u00b4ora di vedere Hernandez in campo\" - Article Marketing","robots":{"index":"index","follow":"follow","max-snippet":"max-snippet:-1","max-image-preview":"max-image-preview:large","max-video-preview":"max-video-preview:-1"},"canonical":"https:\/\/www.article-marketing.eu\/comunicati\/arte-e-cultura\/cinema\/claudia-dal-grande-fratello-in-esclusiva-a-mediagol-it-sono-pazza-del-palermo-e-di-bresciano-non-vedo-l?ora-di-vedere-hernandez-in-campo\/","og_locale":"it_IT","og_type":"article","og_title":"Claudia dal Grande Fratello in esclusiva a Mediagol.it \"Sono pazza del Palermo e di Bresciano! Non vedo l\u00b4ora di vedere Hernandez in campo\" - Article Marketing","og_description":"Il grande pubblico l\u00b4ha conosciuta per il suoi pianti di gioia e per il suo modo semplice di essere. Si \u00e8 distinta nella casa pi\u00f9 spiata d\u00b4Italia per la sua moralit\u00e0, spesso in contrasto con culture e modi di affrontare la vita fin troppo leggeri. Per una volta lo stereotipo del \"palermitano all\u00b4estero\" \u00e8 stato ribaltato, proponendo l\u00b4immagine bella e positiva di una citt\u00e0 splendida come Palermo. Stiamo parlando della 25enne palermitana Claudia Perna, tra i personaggi pi\u00f9 amati della casa del Grande Fratello, che \u00e8 uscita ieri sera dal reality pi\u00f9 seguito d\u00b4Italia. Oggi, in esclusiva a Mediagol.it, Claudia racconta il suo rapporto con la squadra del cuore, quella rosanero, e con gli ex coinquilini della \"casa\" di Cinecitt\u00e0.","og_url":"https:\/\/www.article-marketing.eu\/comunicati\/arte-e-cultura\/cinema\/claudia-dal-grande-fratello-in-esclusiva-a-mediagol-it-sono-pazza-del-palermo-e-di-bresciano-non-vedo-l?ora-di-vedere-hernandez-in-campo\/","og_site_name":"Article Marketing","article_published_time":"2009-03-17T00:07:05+00:00","og_image":[{"url":"http:\/\/www.mediagol.it\/images\/cla.jpg","type":"","width":"","height":""}],"author":"Redazione Comunicati Stampa","twitter_card":"summary_large_image","twitter_misc":{"Scritto da":"Redazione Comunicati Stampa","Tempo di lettura stimato":"3 minuti"},"schema":{"@context":"https:\/\/schema.org","@graph":[{"@type":"Article","@id":"https:\/\/www.article-marketing.eu\/comunicati\/arte-e-cultura\/cinema\/claudia-dal-grande-fratello-in-esclusiva-a-mediagol-it-sono-pazza-del-palermo-e-di-bresciano-non-vedo-l%b4ora-di-vedere-hernandez-in-campo\/#article","isPartOf":{"@id":"https:\/\/www.article-marketing.eu\/comunicati\/arte-e-cultura\/cinema\/claudia-dal-grande-fratello-in-esclusiva-a-mediagol-it-sono-pazza-del-palermo-e-di-bresciano-non-vedo-l%b4ora-di-vedere-hernandez-in-campo\/"},"author":{"name":"Redazione Comunicati Stampa","@id":"https:\/\/www.article-marketing.eu\/comunicati\/#\/schema\/person\/44372e4d4d0fa797b18e03ed1ace9017"},"headline":"Claudia dal Grande Fratello in esclusiva a Mediagol.it &#8220;Sono pazza del Palermo e di Bresciano! Non vedo l\u00b4ora di vedere Hernandez in campo&#8221;","datePublished":"2009-03-17T00:07:05+00:00","mainEntityOfPage":{"@id":"https:\/\/www.article-marketing.eu\/comunicati\/arte-e-cultura\/cinema\/claudia-dal-grande-fratello-in-esclusiva-a-mediagol-it-sono-pazza-del-palermo-e-di-bresciano-non-vedo-l%b4ora-di-vedere-hernandez-in-campo\/"},"wordCount":583,"commentCount":0,"image":{"@id":"https:\/\/www.article-marketing.eu\/comunicati\/arte-e-cultura\/cinema\/claudia-dal-grande-fratello-in-esclusiva-a-mediagol-it-sono-pazza-del-palermo-e-di-bresciano-non-vedo-l%b4ora-di-vedere-hernandez-in-campo\/#primaryimage"},"thumbnailUrl":"http:\/\/www.mediagol.it\/images\/cla.jpg","articleSection":["Cinema"],"inLanguage":"it-IT","potentialAction":[{"@type":"CommentAction","name":"Comment","target":["https:\/\/www.article-marketing.eu\/comunicati\/arte-e-cultura\/cinema\/claudia-dal-grande-fratello-in-esclusiva-a-mediagol-it-sono-pazza-del-palermo-e-di-bresciano-non-vedo-l%b4ora-di-vedere-hernandez-in-campo\/#respond"]}]},{"@type":"WebPage","@id":"https:\/\/www.article-marketing.eu\/comunicati\/arte-e-cultura\/cinema\/claudia-dal-grande-fratello-in-esclusiva-a-mediagol-it-sono-pazza-del-palermo-e-di-bresciano-non-vedo-l%b4ora-di-vedere-hernandez-in-campo\/","url":"https:\/\/www.article-marketing.eu\/comunicati\/arte-e-cultura\/cinema\/claudia-dal-grande-fratello-in-esclusiva-a-mediagol-it-sono-pazza-del-palermo-e-di-bresciano-non-vedo-l%b4ora-di-vedere-hernandez-in-campo\/","name":"Claudia dal Grande Fratello in esclusiva a Mediagol.it \"Sono pazza del Palermo e di Bresciano! Non vedo l\u00b4ora di vedere Hernandez in campo\" - Article Marketing","isPartOf":{"@id":"https:\/\/www.article-marketing.eu\/comunicati\/#website"},"primaryImageOfPage":{"@id":"https:\/\/www.article-marketing.eu\/comunicati\/arte-e-cultura\/cinema\/claudia-dal-grande-fratello-in-esclusiva-a-mediagol-it-sono-pazza-del-palermo-e-di-bresciano-non-vedo-l%b4ora-di-vedere-hernandez-in-campo\/#primaryimage"},"image":{"@id":"https:\/\/www.article-marketing.eu\/comunicati\/arte-e-cultura\/cinema\/claudia-dal-grande-fratello-in-esclusiva-a-mediagol-it-sono-pazza-del-palermo-e-di-bresciano-non-vedo-l%b4ora-di-vedere-hernandez-in-campo\/#primaryimage"},"thumbnailUrl":"http:\/\/www.mediagol.it\/images\/cla.jpg","datePublished":"2009-03-17T00:07:05+00:00","author":{"@id":"https:\/\/www.article-marketing.eu\/comunicati\/#\/schema\/person\/44372e4d4d0fa797b18e03ed1ace9017"},"breadcrumb":{"@id":"https:\/\/www.article-marketing.eu\/comunicati\/arte-e-cultura\/cinema\/claudia-dal-grande-fratello-in-esclusiva-a-mediagol-it-sono-pazza-del-palermo-e-di-bresciano-non-vedo-l%b4ora-di-vedere-hernandez-in-campo\/#breadcrumb"},"inLanguage":"it-IT","potentialAction":[{"@type":"ReadAction","target":["https:\/\/www.article-marketing.eu\/comunicati\/arte-e-cultura\/cinema\/claudia-dal-grande-fratello-in-esclusiva-a-mediagol-it-sono-pazza-del-palermo-e-di-bresciano-non-vedo-l%b4ora-di-vedere-hernandez-in-campo\/"]}]},{"@type":"ImageObject","inLanguage":"it-IT","@id":"https:\/\/www.article-marketing.eu\/comunicati\/arte-e-cultura\/cinema\/claudia-dal-grande-fratello-in-esclusiva-a-mediagol-it-sono-pazza-del-palermo-e-di-bresciano-non-vedo-l%b4ora-di-vedere-hernandez-in-campo\/#primaryimage","url":"http:\/\/www.mediagol.it\/images\/cla.jpg","contentUrl":"http:\/\/www.mediagol.it\/images\/cla.jpg"},{"@type":"BreadcrumbList","@id":"https:\/\/www.article-marketing.eu\/comunicati\/arte-e-cultura\/cinema\/claudia-dal-grande-fratello-in-esclusiva-a-mediagol-it-sono-pazza-del-palermo-e-di-bresciano-non-vedo-l%b4ora-di-vedere-hernandez-in-campo\/#breadcrumb","itemListElement":[{"@type":"ListItem","position":1,"name":"Home","item":"https:\/\/www.article-marketing.eu\/comunicati\/"},{"@type":"ListItem","position":2,"name":"Claudia dal Grande Fratello in esclusiva a Mediagol.it &#8220;Sono pazza del Palermo e di Bresciano! Non vedo l\u00b4ora di vedere Hernandez in campo&#8221;"}]},{"@type":"WebSite","@id":"https:\/\/www.article-marketing.eu\/comunicati\/#website","url":"https:\/\/www.article-marketing.eu\/comunicati\/","name":"Article Marketing","description":"article marketing &amp; press release","potentialAction":[{"@type":"SearchAction","target":{"@type":"EntryPoint","urlTemplate":"https:\/\/www.article-marketing.eu\/comunicati\/?s={search_term_string}"},"query-input":{"@type":"PropertyValueSpecification","valueRequired":true,"valueName":"search_term_string"}}],"inLanguage":"it-IT"},{"@type":"Person","@id":"https:\/\/www.article-marketing.eu\/comunicati\/#\/schema\/person\/44372e4d4d0fa797b18e03ed1ace9017","name":"Redazione Comunicati Stampa","image":{"@type":"ImageObject","inLanguage":"it-IT","@id":"https:\/\/www.article-marketing.eu\/comunicati\/#\/schema\/person\/image\/","url":"https:\/\/secure.gravatar.com\/avatar\/50e5c6421d3072f42e7ace803501602c60d75233d34e29fd05feb91c8760b792?s=96&d=mm&r=g","contentUrl":"https:\/\/secure.gravatar.com\/avatar\/50e5c6421d3072f42e7ace803501602c60d75233d34e29fd05feb91c8760b792?s=96&d=mm&r=g","caption":"Redazione Comunicati Stampa"},"url":"https:\/\/www.article-marketing.eu\/comunicati\/author\/redazione-comunicati-stampa\/"}]}},"_links":{"self":[{"href":"https:\/\/www.article-marketing.eu\/comunicati\/wp-json\/wp\/v2\/posts\/1586","targetHints":{"allow":["GET"]}}],"collection":[{"href":"https:\/\/www.article-marketing.eu\/comunicati\/wp-json\/wp\/v2\/posts"}],"about":[{"href":"https:\/\/www.article-marketing.eu\/comunicati\/wp-json\/wp\/v2\/types\/post"}],"author":[{"embeddable":true,"href":"https:\/\/www.article-marketing.eu\/comunicati\/wp-json\/wp\/v2\/users\/10"}],"replies":[{"embeddable":true,"href":"https:\/\/www.article-marketing.eu\/comunicati\/wp-json\/wp\/v2\/comments?post=1586"}],"version-history":[{"count":0,"href":"https:\/\/www.article-marketing.eu\/comunicati\/wp-json\/wp\/v2\/posts\/1586\/revisions"}],"wp:attachment":[{"href":"https:\/\/www.article-marketing.eu\/comunicati\/wp-json\/wp\/v2\/media?parent=1586"}],"wp:term":[{"taxonomy":"category","embeddable":true,"href":"https:\/\/www.article-marketing.eu\/comunicati\/wp-json\/wp\/v2\/categories?post=1586"},{"taxonomy":"post_tag","embeddable":true,"href":"https:\/\/www.article-marketing.eu\/comunicati\/wp-json\/wp\/v2\/tags?post=1586"}],"curies":[{"name":"wp","href":"https:\/\/api.w.org\/{rel}","templated":true}]}}