{"id":15919,"date":"2011-05-09T23:44:11","date_gmt":"2011-05-09T21:44:11","guid":{"rendered":"http:\/\/www.article-marketing.eu\/comunicati\/senza-categoria\/il-mondo-del-palio-edizioni-straordinarie-e-le-donne-del-palio-di-siena\/"},"modified":"2011-05-09T23:44:11","modified_gmt":"2011-05-09T21:44:11","slug":"il-mondo-del-palio-edizioni-straordinarie-e-le-donne-del-palio-di-siena","status":"publish","type":"post","link":"https:\/\/www.article-marketing.eu\/comunicati\/arte-e-cultura\/il-mondo-del-palio-edizioni-straordinarie-e-le-donne-del-palio-di-siena\/","title":{"rendered":"Il mondo del Palio: edizioni straordinarie e le donne del Palio di Siena"},"content":{"rendered":"<p><strong>Le donne e il mondo del Palio<\/strong><\/p>\n<p>II Palio del 16 agosto 1957 &egrave; passato alla storia per la presenza in Piazza, per la prima ed unica volta, di un fantino donna. A correre sul tufo fu Rosanna Bonelli, una giovane senese soprannominata &#8220;Rompicollo&#8221;. In precedenza, solo un&#8217;altra donna aveva corso il Palio, la quindicenne Virginia Tecci, una pastorella che nel 1581 difese i colori del Drago piazzandosi seconda. Ai tempi della leggendaria Virginia, per&ograve;, il Palio si correva ancora &#8220;alla lunga&#8221;, non in piazza ma per strada. &Egrave; &#8220;Rompicollo&#8221;, quindi, la prima ed unica donna fantino della <a href=\"http:\/\/www.sienaxnoi.it\/contrade-palio.php\">storia del Palio<\/a>. Le vicende che la portarono sul tufo sono piuttosto curiose. Tutto cominci&ograve; quando il regista Luigi Zampa approd&ograve; in un&#8217;assolata piazza del Campo per girare un film con Gassman. Il film si chiamava &#8220;La ragazza del Palio&#8221; ed era la storia di una fantina. Rosanna Bonelli, allora giovanissima, approfitt&ograve; della momentanea assenza di un fantino impegnato nelle riprese per sostituirsi a lui. Fu cos&igrave; che, indossati giubbetto e zucchino, sal&igrave; a cavallo e fece il suo primo giro in piazza. La strada che avrebbe condotto al Palio l&#8217;aspirante fantina era ormai spianata. Poco tempo dopo, infatti, la controfigura di Diana Dors, l&#8217;attrice inglese che interpretava la ragazza del Palio, cadde e si rifiut&ograve; di salire di nuovo a cavallo. Come controfigura venne allora scelta Rosanna. Che indoss&ograve; la parrucca bionda della Dors e gir&ograve; il film. Al termine delle riprese, la produzione lanci&ograve; la proposta: Rosanna avrebbe corso il Palio. Si trattava solo di trovare una contrada disposta a far correre una donna. La Selva &#8211; di cui Rosanna era originaria &#8211; si rifiut&ograve; perch&eacute; lo zio della giovane, allora capitano, non se la sent&igrave; di far correre la nipote. L&#8217;Aquila, invece, accett&ograve; di buon grado. E nell&#8217;agosto del 1957 Rosanna scese in Piazza montando Percina. Purtroppo il destino volle che &#8220;Rompicollo&#8221; cadesse al secondo giro insieme al fantino della Lupa. A vincere fu invece Vittorino per la contrada del Nicchio.<br \/>Un Drappellone al femminile<br \/>Per la prima volta, il 2 luglio 1921, il Palio fu dipinto da una donna, Maria de Maria. La scelta di commissionare il &#8220;cencio&#8221; ad una pittrice invece che ad un pittore dest&ograve;, all&#8217;epoca, non poche critiche, tanto che la de Maria decise di rinunciare, suo malgrado, all&#8217;incarico che le era stato assegnato anche per il Palio di agosto. Il suo &ldquo;drappellone&rdquo; &egrave; custodito nel Museo della Contrada del Drago, che vinse il Palio di Provenzano con il fantino Testino sulla cavalla Baia.<br \/>Una capitana al Palio<br \/>Per la prima volta nella storia una donna ricopr&igrave; la carica di Capitano e rest&ograve; in carica dal luglio 1947 al luglio 1951. Era Sobilia Palmieri Nuti Carafa di Roccella, che vinse all&#8217;esordio con il suo Nicchio grazie all&#8217;abilit&agrave; di Ciancone sulla grigia Salom&egrave;. Nell&#8217;agosto successivo la capitana ebbe la sua prima delusione: in quell&#8217;occasione Ciancone su Brillante non riusc&igrave; ad imporsi ed i <em>nicchiaioli<\/em> non risparmiarono al loro fantino ed alla capitana una vivace contestazione. Nonostante questa sconfitta, Sobilia Palmieri rest&ograve; in carica per altri quattro anni, disputando un totale di 8 Carriere e aprendo la strada ad altre donne che, cimentatesi nel difficile ruolo di capitano, sono riuscite a conquistare numerose vittorie. Tra queste, un&#8217;altra <em>nicchiaiola<\/em>, Lucia Cioni, vincitrice nel 1981.<\/p>\n<p><strong>Alcune edizioni straordinarie del Palio<\/strong><\/p>\n<p>Nel 1986 il Palio Straordinario si corse in occasione del Centenario dell&#8217;istituzione della municipalizzazione della citt&agrave; di Siena. Ad aggiudicarselo fu il Valdimontone con Giuseppe Pes, detto Il Pesse, su Brandano.<br \/>Palio di &#8220;recupero&#8221; &ndash; 1849<br \/>Quello dell&#8217;ottobre del 1849 &egrave; il Palio di &#8220;recupero&#8221; del luglio 1848, sospeso a causa della Guerra d&#8217;Indipendenza. Quel Palio si sarebbe dovuto correre il 19 agosto per la venuta a Siena di Leopoldo II, che era tornato a governare la Toscana il 20 luglio. Ma anche in quell&#8217;occasione Siena fu costretta a rimandarlo perch&egrave;, a causa della malattia della figlia, Leopoldo dovette rinunciare alla visita. Alla fine, fu deciso che il Palio del 19 agosto venisse recuperato il 21 ottobre in occasione dell&#8217;inaugurazione della &#8220;strada ferrata&#8221;, alla presenza di Leopoldo II. A vincere fu l&#8217;Oca. Per il rione correva il fantino Santini, detto Saragiolo il Gobbo, su Morello, di Giuseppe Casini.<br \/>Per la vittoria dei Cristiani sui Turchi &ndash; 1685<br \/>Nel 1685 <em>lo Straordinario<\/em> fu fatto correre dai principi tedeschi per celebrare la vittoria delle armi cristiane sui Turchi. Lo vinse la Selva. Il Palio Straordinario &egrave; una Carriera che si corre al di fuori delle ricorrenze &#8220;ordinarie&#8221; &#8211; 2 luglio e 16 agosto -, in occasione di circostanze o avvenimenti di carattere assolutamente eccezionale, esclusivamente su iniziativa del Sindaco, della Giunta Municipale o del Consiglio Comunale, del Magistrato delle Contrade o di Enti o Comitati cittadini.<br \/>In onore del secondogenito dell&#8217;Imperatore &#8211; 1682<br \/>Nel 1682, lo Straordinario fu corso per celebrare la nascita del secondogenito dell&#8217;imperatore, per volont&agrave; della comunit&agrave; tedesca presente a Siena. Il Palio Straordinario &egrave; una Carriera che si corre al di fuori delle ricorrenze &#8220;ordinarie&#8221;- 2 luglio e 16 agosto -, in occasione di circostanze o avvenimenti di carattere assolutamente eccezionale, esclusivamente su iniziativa del Sindaco, della Giunta Municipale o del Consiglio Comunale, del Magistrato delle Contrade o di Enti o Comitati cittadini.<\/p>\n","protected":false},"excerpt":{"rendered":"<p>Il legame a doppio filo tra il Palio e la sua citt\u00e0 \u00e8 testimoniato anche da edizioni straordinarie e dalle donne Senesi il cui nome \u00e8 legato a questo straordinario evento.<\/p>\n","protected":false},"author":10,"featured_media":0,"comment_status":"open","ping_status":"open","sticky":false,"template":"","format":"standard","meta":{"cybocfi_hide_featured_image":"","footnotes":""},"categories":[27],"tags":[26173,16815,5798],"class_list":["post-15919","post","type-post","status-publish","format-standard","hentry","category-arte-e-cultura","tag-donne-senesi","tag-palio-di-siena","tag-siena"],"yoast_head":"<!-- This site is optimized with the Yoast SEO plugin v27.0 - https:\/\/yoast.com\/product\/yoast-seo-wordpress\/ -->\n<title>Il mondo del Palio: edizioni straordinarie e le donne del Palio di Siena - Article Marketing<\/title>\n<meta name=\"robots\" content=\"index, follow, max-snippet:-1, max-image-preview:large, max-video-preview:-1\" \/>\n<link rel=\"canonical\" href=\"https:\/\/www.article-marketing.eu\/comunicati\/arte-e-cultura\/il-mondo-del-palio-edizioni-straordinarie-e-le-donne-del-palio-di-siena\/\" \/>\n<meta property=\"og:locale\" content=\"it_IT\" \/>\n<meta property=\"og:type\" content=\"article\" \/>\n<meta property=\"og:title\" content=\"Il mondo del Palio: edizioni straordinarie e le donne del Palio di Siena - Article Marketing\" \/>\n<meta property=\"og:description\" content=\"Il legame a doppio filo tra il Palio e la sua citt\u00e0 \u00e8 testimoniato anche da edizioni straordinarie e dalle donne Senesi il cui nome \u00e8 legato a questo straordinario evento.\" \/>\n<meta property=\"og:url\" content=\"https:\/\/www.article-marketing.eu\/comunicati\/arte-e-cultura\/il-mondo-del-palio-edizioni-straordinarie-e-le-donne-del-palio-di-siena\/\" \/>\n<meta property=\"og:site_name\" content=\"Article Marketing\" \/>\n<meta property=\"article:published_time\" content=\"2011-05-09T21:44:11+00:00\" \/>\n<meta name=\"author\" content=\"Redazione Comunicati Stampa\" \/>\n<meta name=\"twitter:card\" content=\"summary_large_image\" \/>\n<meta name=\"twitter:label1\" content=\"Scritto da\" \/>\n\t<meta name=\"twitter:data1\" content=\"Redazione Comunicati Stampa\" \/>\n\t<meta name=\"twitter:label2\" content=\"Tempo di lettura stimato\" \/>\n\t<meta name=\"twitter:data2\" content=\"4 minuti\" \/>\n<script type=\"application\/ld+json\" class=\"yoast-schema-graph\">{\"@context\":\"https:\/\/schema.org\",\"@graph\":[{\"@type\":\"Article\",\"@id\":\"https:\/\/www.article-marketing.eu\/comunicati\/arte-e-cultura\/il-mondo-del-palio-edizioni-straordinarie-e-le-donne-del-palio-di-siena\/#article\",\"isPartOf\":{\"@id\":\"https:\/\/www.article-marketing.eu\/comunicati\/arte-e-cultura\/il-mondo-del-palio-edizioni-straordinarie-e-le-donne-del-palio-di-siena\/\"},\"author\":{\"name\":\"Redazione Comunicati Stampa\",\"@id\":\"https:\/\/www.article-marketing.eu\/comunicati\/#\/schema\/person\/44372e4d4d0fa797b18e03ed1ace9017\"},\"headline\":\"Il mondo del Palio: edizioni straordinarie e le donne del Palio di Siena\",\"datePublished\":\"2011-05-09T21:44:11+00:00\",\"mainEntityOfPage\":{\"@id\":\"https:\/\/www.article-marketing.eu\/comunicati\/arte-e-cultura\/il-mondo-del-palio-edizioni-straordinarie-e-le-donne-del-palio-di-siena\/\"},\"wordCount\":879,\"commentCount\":0,\"keywords\":[\"donne senesi\",\"Palio di Siena\",\"siena\"],\"articleSection\":[\"Arte e cultura\"],\"inLanguage\":\"it-IT\",\"potentialAction\":[{\"@type\":\"CommentAction\",\"name\":\"Comment\",\"target\":[\"https:\/\/www.article-marketing.eu\/comunicati\/arte-e-cultura\/il-mondo-del-palio-edizioni-straordinarie-e-le-donne-del-palio-di-siena\/#respond\"]}]},{\"@type\":\"WebPage\",\"@id\":\"https:\/\/www.article-marketing.eu\/comunicati\/arte-e-cultura\/il-mondo-del-palio-edizioni-straordinarie-e-le-donne-del-palio-di-siena\/\",\"url\":\"https:\/\/www.article-marketing.eu\/comunicati\/arte-e-cultura\/il-mondo-del-palio-edizioni-straordinarie-e-le-donne-del-palio-di-siena\/\",\"name\":\"Il mondo del Palio: edizioni straordinarie e le donne del Palio di Siena - Article Marketing\",\"isPartOf\":{\"@id\":\"https:\/\/www.article-marketing.eu\/comunicati\/#website\"},\"datePublished\":\"2011-05-09T21:44:11+00:00\",\"author\":{\"@id\":\"https:\/\/www.article-marketing.eu\/comunicati\/#\/schema\/person\/44372e4d4d0fa797b18e03ed1ace9017\"},\"breadcrumb\":{\"@id\":\"https:\/\/www.article-marketing.eu\/comunicati\/arte-e-cultura\/il-mondo-del-palio-edizioni-straordinarie-e-le-donne-del-palio-di-siena\/#breadcrumb\"},\"inLanguage\":\"it-IT\",\"potentialAction\":[{\"@type\":\"ReadAction\",\"target\":[\"https:\/\/www.article-marketing.eu\/comunicati\/arte-e-cultura\/il-mondo-del-palio-edizioni-straordinarie-e-le-donne-del-palio-di-siena\/\"]}]},{\"@type\":\"BreadcrumbList\",\"@id\":\"https:\/\/www.article-marketing.eu\/comunicati\/arte-e-cultura\/il-mondo-del-palio-edizioni-straordinarie-e-le-donne-del-palio-di-siena\/#breadcrumb\",\"itemListElement\":[{\"@type\":\"ListItem\",\"position\":1,\"name\":\"Home\",\"item\":\"https:\/\/www.article-marketing.eu\/comunicati\/\"},{\"@type\":\"ListItem\",\"position\":2,\"name\":\"Il mondo del Palio: edizioni straordinarie e le donne del Palio di Siena\"}]},{\"@type\":\"WebSite\",\"@id\":\"https:\/\/www.article-marketing.eu\/comunicati\/#website\",\"url\":\"https:\/\/www.article-marketing.eu\/comunicati\/\",\"name\":\"Article Marketing\",\"description\":\"article marketing &amp; press release\",\"potentialAction\":[{\"@type\":\"SearchAction\",\"target\":{\"@type\":\"EntryPoint\",\"urlTemplate\":\"https:\/\/www.article-marketing.eu\/comunicati\/?s={search_term_string}\"},\"query-input\":{\"@type\":\"PropertyValueSpecification\",\"valueRequired\":true,\"valueName\":\"search_term_string\"}}],\"inLanguage\":\"it-IT\"},{\"@type\":\"Person\",\"@id\":\"https:\/\/www.article-marketing.eu\/comunicati\/#\/schema\/person\/44372e4d4d0fa797b18e03ed1ace9017\",\"name\":\"Redazione Comunicati Stampa\",\"image\":{\"@type\":\"ImageObject\",\"inLanguage\":\"it-IT\",\"@id\":\"https:\/\/www.article-marketing.eu\/comunicati\/#\/schema\/person\/image\/\",\"url\":\"https:\/\/secure.gravatar.com\/avatar\/50e5c6421d3072f42e7ace803501602c60d75233d34e29fd05feb91c8760b792?s=96&d=mm&r=g\",\"contentUrl\":\"https:\/\/secure.gravatar.com\/avatar\/50e5c6421d3072f42e7ace803501602c60d75233d34e29fd05feb91c8760b792?s=96&d=mm&r=g\",\"caption\":\"Redazione Comunicati Stampa\"},\"url\":\"https:\/\/www.article-marketing.eu\/comunicati\/author\/redazione-comunicati-stampa\/\"}]}<\/script>\n<!-- \/ Yoast SEO plugin. -->","yoast_head_json":{"title":"Il mondo del Palio: edizioni straordinarie e le donne del Palio di Siena - Article Marketing","robots":{"index":"index","follow":"follow","max-snippet":"max-snippet:-1","max-image-preview":"max-image-preview:large","max-video-preview":"max-video-preview:-1"},"canonical":"https:\/\/www.article-marketing.eu\/comunicati\/arte-e-cultura\/il-mondo-del-palio-edizioni-straordinarie-e-le-donne-del-palio-di-siena\/","og_locale":"it_IT","og_type":"article","og_title":"Il mondo del Palio: edizioni straordinarie e le donne del Palio di Siena - Article Marketing","og_description":"Il legame a doppio filo tra il Palio e la sua citt\u00e0 \u00e8 testimoniato anche da edizioni straordinarie e dalle donne Senesi il cui nome \u00e8 legato a questo straordinario evento.","og_url":"https:\/\/www.article-marketing.eu\/comunicati\/arte-e-cultura\/il-mondo-del-palio-edizioni-straordinarie-e-le-donne-del-palio-di-siena\/","og_site_name":"Article Marketing","article_published_time":"2011-05-09T21:44:11+00:00","author":"Redazione Comunicati Stampa","twitter_card":"summary_large_image","twitter_misc":{"Scritto da":"Redazione Comunicati Stampa","Tempo di lettura stimato":"4 minuti"},"schema":{"@context":"https:\/\/schema.org","@graph":[{"@type":"Article","@id":"https:\/\/www.article-marketing.eu\/comunicati\/arte-e-cultura\/il-mondo-del-palio-edizioni-straordinarie-e-le-donne-del-palio-di-siena\/#article","isPartOf":{"@id":"https:\/\/www.article-marketing.eu\/comunicati\/arte-e-cultura\/il-mondo-del-palio-edizioni-straordinarie-e-le-donne-del-palio-di-siena\/"},"author":{"name":"Redazione Comunicati Stampa","@id":"https:\/\/www.article-marketing.eu\/comunicati\/#\/schema\/person\/44372e4d4d0fa797b18e03ed1ace9017"},"headline":"Il mondo del Palio: edizioni straordinarie e le donne del Palio di Siena","datePublished":"2011-05-09T21:44:11+00:00","mainEntityOfPage":{"@id":"https:\/\/www.article-marketing.eu\/comunicati\/arte-e-cultura\/il-mondo-del-palio-edizioni-straordinarie-e-le-donne-del-palio-di-siena\/"},"wordCount":879,"commentCount":0,"keywords":["donne senesi","Palio di Siena","siena"],"articleSection":["Arte e cultura"],"inLanguage":"it-IT","potentialAction":[{"@type":"CommentAction","name":"Comment","target":["https:\/\/www.article-marketing.eu\/comunicati\/arte-e-cultura\/il-mondo-del-palio-edizioni-straordinarie-e-le-donne-del-palio-di-siena\/#respond"]}]},{"@type":"WebPage","@id":"https:\/\/www.article-marketing.eu\/comunicati\/arte-e-cultura\/il-mondo-del-palio-edizioni-straordinarie-e-le-donne-del-palio-di-siena\/","url":"https:\/\/www.article-marketing.eu\/comunicati\/arte-e-cultura\/il-mondo-del-palio-edizioni-straordinarie-e-le-donne-del-palio-di-siena\/","name":"Il mondo del Palio: edizioni straordinarie e le donne del Palio di Siena - Article Marketing","isPartOf":{"@id":"https:\/\/www.article-marketing.eu\/comunicati\/#website"},"datePublished":"2011-05-09T21:44:11+00:00","author":{"@id":"https:\/\/www.article-marketing.eu\/comunicati\/#\/schema\/person\/44372e4d4d0fa797b18e03ed1ace9017"},"breadcrumb":{"@id":"https:\/\/www.article-marketing.eu\/comunicati\/arte-e-cultura\/il-mondo-del-palio-edizioni-straordinarie-e-le-donne-del-palio-di-siena\/#breadcrumb"},"inLanguage":"it-IT","potentialAction":[{"@type":"ReadAction","target":["https:\/\/www.article-marketing.eu\/comunicati\/arte-e-cultura\/il-mondo-del-palio-edizioni-straordinarie-e-le-donne-del-palio-di-siena\/"]}]},{"@type":"BreadcrumbList","@id":"https:\/\/www.article-marketing.eu\/comunicati\/arte-e-cultura\/il-mondo-del-palio-edizioni-straordinarie-e-le-donne-del-palio-di-siena\/#breadcrumb","itemListElement":[{"@type":"ListItem","position":1,"name":"Home","item":"https:\/\/www.article-marketing.eu\/comunicati\/"},{"@type":"ListItem","position":2,"name":"Il mondo del Palio: edizioni straordinarie e le donne del Palio di Siena"}]},{"@type":"WebSite","@id":"https:\/\/www.article-marketing.eu\/comunicati\/#website","url":"https:\/\/www.article-marketing.eu\/comunicati\/","name":"Article Marketing","description":"article marketing &amp; press release","potentialAction":[{"@type":"SearchAction","target":{"@type":"EntryPoint","urlTemplate":"https:\/\/www.article-marketing.eu\/comunicati\/?s={search_term_string}"},"query-input":{"@type":"PropertyValueSpecification","valueRequired":true,"valueName":"search_term_string"}}],"inLanguage":"it-IT"},{"@type":"Person","@id":"https:\/\/www.article-marketing.eu\/comunicati\/#\/schema\/person\/44372e4d4d0fa797b18e03ed1ace9017","name":"Redazione Comunicati Stampa","image":{"@type":"ImageObject","inLanguage":"it-IT","@id":"https:\/\/www.article-marketing.eu\/comunicati\/#\/schema\/person\/image\/","url":"https:\/\/secure.gravatar.com\/avatar\/50e5c6421d3072f42e7ace803501602c60d75233d34e29fd05feb91c8760b792?s=96&d=mm&r=g","contentUrl":"https:\/\/secure.gravatar.com\/avatar\/50e5c6421d3072f42e7ace803501602c60d75233d34e29fd05feb91c8760b792?s=96&d=mm&r=g","caption":"Redazione Comunicati Stampa"},"url":"https:\/\/www.article-marketing.eu\/comunicati\/author\/redazione-comunicati-stampa\/"}]}},"_links":{"self":[{"href":"https:\/\/www.article-marketing.eu\/comunicati\/wp-json\/wp\/v2\/posts\/15919","targetHints":{"allow":["GET"]}}],"collection":[{"href":"https:\/\/www.article-marketing.eu\/comunicati\/wp-json\/wp\/v2\/posts"}],"about":[{"href":"https:\/\/www.article-marketing.eu\/comunicati\/wp-json\/wp\/v2\/types\/post"}],"author":[{"embeddable":true,"href":"https:\/\/www.article-marketing.eu\/comunicati\/wp-json\/wp\/v2\/users\/10"}],"replies":[{"embeddable":true,"href":"https:\/\/www.article-marketing.eu\/comunicati\/wp-json\/wp\/v2\/comments?post=15919"}],"version-history":[{"count":0,"href":"https:\/\/www.article-marketing.eu\/comunicati\/wp-json\/wp\/v2\/posts\/15919\/revisions"}],"wp:attachment":[{"href":"https:\/\/www.article-marketing.eu\/comunicati\/wp-json\/wp\/v2\/media?parent=15919"}],"wp:term":[{"taxonomy":"category","embeddable":true,"href":"https:\/\/www.article-marketing.eu\/comunicati\/wp-json\/wp\/v2\/categories?post=15919"},{"taxonomy":"post_tag","embeddable":true,"href":"https:\/\/www.article-marketing.eu\/comunicati\/wp-json\/wp\/v2\/tags?post=15919"}],"curies":[{"name":"wp","href":"https:\/\/api.w.org\/{rel}","templated":true}]}}