{"id":1597,"date":"2009-03-18T17:08:45","date_gmt":"2009-03-18T16:08:45","guid":{"rendered":"http:\/\/www.article-marketing.eu\/comunicati\/senza-categoria\/cracovia-reminiscenze-teatrali-dal-20-al-26-aprile-2009\/"},"modified":"2009-03-18T17:08:45","modified_gmt":"2009-03-18T16:08:45","slug":"cracovia-reminiscenze-teatrali-dal-20-al-26-aprile-2009","status":"publish","type":"post","link":"https:\/\/www.article-marketing.eu\/comunicati\/comunicati-stampa\/eventi\/cracovia-reminiscenze-teatrali-dal-20-al-26-aprile-2009\/","title":{"rendered":"Cracovia: Reminiscenze Teatrali dal 20 al 26 Aprile 2009"},"content":{"rendered":"<p style=\"TEXT-ALIGN: justify\">Molti sono i festival e gli eventi che si svolgono in tutto il mondo per celebrare questa forma d\u2019arte, e in ogni citt\u00e0 la stagione teatrale costituisce il fiore all\u2019occhiello del programma degli eventi culturali annuali. Tra gli eventi pi\u00f9 rinomati del settore il festival \u201cReminiscenze Teatrali\u201d di Cracovia, che ospita ogni anno sia pi\u00e8ce di autori polacchi che stranieri, occupa sicuramente un posto di rilievo. Il festival \u00e8 anche uno dei pi\u00f9 antichi e pi\u00f9 apprezzati eventi teatrali della Polonia, e si svolge ogni anno verso aprile (in particolare, quest\u2019anno si svolger\u00e0 dal 20 al 26 aprile), offrendo ai turisti la possibilit\u00e0 di combinare un evento culturale di alto livello con una visita ad una delle citt\u00e0 pi\u00f9 belle d\u2019Europa, in un momento dell\u2019anno in cui l\u2019arrivo della primavera rende una<strong> <\/strong>vacanza<strong> <\/strong>e un soggiorno in uno dei tanti <a href=\"http:\/\/it.flashbooking.com\/navigation\/europa_polonia_cracovia_ostello_all.html\">ostelli economici di Cracovia<\/a> &nbsp;ancora pi\u00f9 accattivante.<\/p>\n<p style=\"TEXT-ALIGN: justify\">&nbsp;<\/p>\n<p style=\"TEXT-ALIGN: justify\">La prima edizione del festival si svolse nel 1975, e all\u2019inizio la formula del festival era diversa da quella attuale: l\u2019interesse degli organizzatori era infatti riversato soprattutto sul teatro alternativo (si parlava infatti di \u201cfestival del teatro alternativo\u201d) e sul fenomeno del movimento del teatro studentesco, molto rilevante in Polonia tra gli anni Sessanta e Ottanta. In questo periodo il festival cominci\u00f2 ad ospitare le anteprime di alcune delle opere polacche pi\u00f9 significative, acquisendo col tempo un\u2019importanza e una fama internazionali. <\/p>\n<p style=\"TEXT-ALIGN: justify\">&nbsp;<\/p>\n<p style=\"TEXT-ALIGN: justify\">A partire dal 2002 il festival, cambiando organizzatori, ha modificato anche la sua formula, pur rimanendo un evento imperdibile per tutti gli appassionati di teatro, che ogni anno approfittano di offerte di viaggi low cost per assistere ad ottime performance teatrali. Il cambiamento pi\u00f9 significativo riguarda l\u2019etichetta \u201calternativo\u201d, che \u00e8 stata anche rimossa dalla denominazione ufficiale del festival: la nuova formula prevede infatti di allargare la prospettive del festival e di avvicinarsi alle varie forme di espressione teatrale attuali senza nessun vincolo di genere, allo scopo di fornire un quadro completo e veritiero di quello che sta effettivamente succedendo all\u2019interno di questo mondo. Questa scelta \u00e8 derivata anche dai cambiamenti che hanno caratterizzato negli ultimi anni l\u2019universo teatrale, cambiamenti che hanno portato il teatro pi\u00f9 tradizionale a percorrere alcuni percorsi tracciati dal teatro alternativo, rendendo sempre pi\u00f9 difficile distinguere tra teatro alternativo e non alternativo.<\/p>\n<p style=\"TEXT-ALIGN: justify\">&nbsp;<\/p>\n<p style=\"TEXT-ALIGN: justify\">Un\u2019altra importante novit\u00e0 nella formula del festival \u00e8 data dal fatto che ogni anno l\u2019evento si ispira ad una precisa tematica, che permette di raccogliere tutte le opere presentate sotto un unico comune denominatore. Questa formula permette un confronto pi\u00f9 diretto fra diverse forme espressive, e d\u00e0 al contempo la possibilit\u00e0 di prendere in considerazione le rappresentazioni da un diverso punto di vista.&nbsp; Nonostante il cambiamento di formula, \u201cReminiscenze teatrali\u201d continua ad attirare nei bed and breakfast di Cracovia<strong> <\/strong>molti appassionati di teatro, interessati anche ai numerosi eventi collaterali (proiezioni di film, dibattiti, laboratori, concerti) che si svolgono nella citt\u00e0 nel periodo del festival.<\/p>\n<p style=\"TEXT-ALIGN: justify\">&nbsp;<\/p>\n<p style=\"TEXT-ALIGN: justify\">&nbsp;<\/p>\n<p style=\"TEXT-ALIGN: justify\">Date: 20 \u2013 26 Aprile 2009&nbsp; <\/p>\n<p style=\"TEXT-ALIGN: justify\">Dove: vari teatri, Cracovia, Polonia<\/p>\n<p style=\"TEXT-ALIGN: justify\">&nbsp;<\/p>\n","protected":false},"excerpt":{"rendered":"<p>Dalle tragedie greche agli splendori del teatro elisabettiano, dal N&#333; giapponese al teatro epico di Brecht, il teatro \u00e8 sempre stato una delle forme d\u2019arte e di espressione pi\u00f9 forti ed importanti presso vari popoli, sia che si parli di opere altamente popolari e apprezzate da vari strati della popolazione, come le tragedie e le commedie di Shakespeare, che di opere pi\u00f9 elitarie o di difficile comprensione per i pi\u00f9, come il N&#333; giapponese.<\/p>\n","protected":false},"author":10,"featured_media":0,"comment_status":"open","ping_status":"open","sticky":false,"template":"","format":"standard","meta":{"cybocfi_hide_featured_image":"","footnotes":""},"categories":[388],"tags":[1840,5265,1379,5266,1468],"class_list":["post-1597","post","type-post","status-publish","format-standard","hentry","category-eventi","tag-concerti","tag-cracovia","tag-festival","tag-rassegna-cinematografica","tag-teatro"],"yoast_head":"<!-- This site is optimized with the Yoast SEO plugin v27.0 - https:\/\/yoast.com\/product\/yoast-seo-wordpress\/ -->\n<title>Cracovia: Reminiscenze Teatrali dal 20 al 26 Aprile 2009 - Article Marketing<\/title>\n<meta name=\"robots\" content=\"index, follow, max-snippet:-1, max-image-preview:large, max-video-preview:-1\" \/>\n<link rel=\"canonical\" href=\"https:\/\/www.article-marketing.eu\/comunicati\/comunicati-stampa\/eventi\/cracovia-reminiscenze-teatrali-dal-20-al-26-aprile-2009\/\" \/>\n<meta property=\"og:locale\" content=\"it_IT\" \/>\n<meta property=\"og:type\" content=\"article\" \/>\n<meta property=\"og:title\" content=\"Cracovia: Reminiscenze Teatrali dal 20 al 26 Aprile 2009 - Article Marketing\" \/>\n<meta property=\"og:description\" content=\"Dalle tragedie greche agli splendori del teatro elisabettiano, dal N&#333; giapponese al teatro epico di Brecht, il teatro \u00e8 sempre stato una delle forme d\u2019arte e di espressione pi\u00f9 forti ed importanti presso vari popoli, sia che si parli di opere altamente popolari e apprezzate da vari strati della popolazione, come le tragedie e le commedie di Shakespeare, che di opere pi\u00f9 elitarie o di difficile comprensione per i pi\u00f9, come il N&#333; giapponese.\" \/>\n<meta property=\"og:url\" content=\"https:\/\/www.article-marketing.eu\/comunicati\/comunicati-stampa\/eventi\/cracovia-reminiscenze-teatrali-dal-20-al-26-aprile-2009\/\" \/>\n<meta property=\"og:site_name\" content=\"Article Marketing\" \/>\n<meta property=\"article:published_time\" content=\"2009-03-18T16:08:45+00:00\" \/>\n<meta name=\"author\" content=\"Redazione Comunicati Stampa\" \/>\n<meta name=\"twitter:card\" content=\"summary_large_image\" \/>\n<meta name=\"twitter:label1\" content=\"Scritto da\" \/>\n\t<meta name=\"twitter:data1\" content=\"Redazione Comunicati Stampa\" \/>\n\t<meta name=\"twitter:label2\" content=\"Tempo di lettura stimato\" \/>\n\t<meta name=\"twitter:data2\" content=\"3 minuti\" \/>\n<script type=\"application\/ld+json\" class=\"yoast-schema-graph\">{\"@context\":\"https:\/\/schema.org\",\"@graph\":[{\"@type\":\"Article\",\"@id\":\"https:\/\/www.article-marketing.eu\/comunicati\/comunicati-stampa\/eventi\/cracovia-reminiscenze-teatrali-dal-20-al-26-aprile-2009\/#article\",\"isPartOf\":{\"@id\":\"https:\/\/www.article-marketing.eu\/comunicati\/comunicati-stampa\/eventi\/cracovia-reminiscenze-teatrali-dal-20-al-26-aprile-2009\/\"},\"author\":{\"name\":\"Redazione Comunicati Stampa\",\"@id\":\"https:\/\/www.article-marketing.eu\/comunicati\/#\/schema\/person\/44372e4d4d0fa797b18e03ed1ace9017\"},\"headline\":\"Cracovia: Reminiscenze Teatrali dal 20 al 26 Aprile 2009\",\"datePublished\":\"2009-03-18T16:08:45+00:00\",\"mainEntityOfPage\":{\"@id\":\"https:\/\/www.article-marketing.eu\/comunicati\/comunicati-stampa\/eventi\/cracovia-reminiscenze-teatrali-dal-20-al-26-aprile-2009\/\"},\"wordCount\":506,\"commentCount\":0,\"keywords\":[\"concerti\",\"Cracovia\",\"festival\",\"rassegna cinematografica\",\"teatro\"],\"articleSection\":[\"Eventi\"],\"inLanguage\":\"it-IT\",\"potentialAction\":[{\"@type\":\"CommentAction\",\"name\":\"Comment\",\"target\":[\"https:\/\/www.article-marketing.eu\/comunicati\/comunicati-stampa\/eventi\/cracovia-reminiscenze-teatrali-dal-20-al-26-aprile-2009\/#respond\"]}]},{\"@type\":\"WebPage\",\"@id\":\"https:\/\/www.article-marketing.eu\/comunicati\/comunicati-stampa\/eventi\/cracovia-reminiscenze-teatrali-dal-20-al-26-aprile-2009\/\",\"url\":\"https:\/\/www.article-marketing.eu\/comunicati\/comunicati-stampa\/eventi\/cracovia-reminiscenze-teatrali-dal-20-al-26-aprile-2009\/\",\"name\":\"Cracovia: Reminiscenze Teatrali dal 20 al 26 Aprile 2009 - Article Marketing\",\"isPartOf\":{\"@id\":\"https:\/\/www.article-marketing.eu\/comunicati\/#website\"},\"datePublished\":\"2009-03-18T16:08:45+00:00\",\"author\":{\"@id\":\"https:\/\/www.article-marketing.eu\/comunicati\/#\/schema\/person\/44372e4d4d0fa797b18e03ed1ace9017\"},\"breadcrumb\":{\"@id\":\"https:\/\/www.article-marketing.eu\/comunicati\/comunicati-stampa\/eventi\/cracovia-reminiscenze-teatrali-dal-20-al-26-aprile-2009\/#breadcrumb\"},\"inLanguage\":\"it-IT\",\"potentialAction\":[{\"@type\":\"ReadAction\",\"target\":[\"https:\/\/www.article-marketing.eu\/comunicati\/comunicati-stampa\/eventi\/cracovia-reminiscenze-teatrali-dal-20-al-26-aprile-2009\/\"]}]},{\"@type\":\"BreadcrumbList\",\"@id\":\"https:\/\/www.article-marketing.eu\/comunicati\/comunicati-stampa\/eventi\/cracovia-reminiscenze-teatrali-dal-20-al-26-aprile-2009\/#breadcrumb\",\"itemListElement\":[{\"@type\":\"ListItem\",\"position\":1,\"name\":\"Home\",\"item\":\"https:\/\/www.article-marketing.eu\/comunicati\/\"},{\"@type\":\"ListItem\",\"position\":2,\"name\":\"Cracovia: Reminiscenze Teatrali dal 20 al 26 Aprile 2009\"}]},{\"@type\":\"WebSite\",\"@id\":\"https:\/\/www.article-marketing.eu\/comunicati\/#website\",\"url\":\"https:\/\/www.article-marketing.eu\/comunicati\/\",\"name\":\"Article Marketing\",\"description\":\"article marketing &amp; press release\",\"potentialAction\":[{\"@type\":\"SearchAction\",\"target\":{\"@type\":\"EntryPoint\",\"urlTemplate\":\"https:\/\/www.article-marketing.eu\/comunicati\/?s={search_term_string}\"},\"query-input\":{\"@type\":\"PropertyValueSpecification\",\"valueRequired\":true,\"valueName\":\"search_term_string\"}}],\"inLanguage\":\"it-IT\"},{\"@type\":\"Person\",\"@id\":\"https:\/\/www.article-marketing.eu\/comunicati\/#\/schema\/person\/44372e4d4d0fa797b18e03ed1ace9017\",\"name\":\"Redazione Comunicati Stampa\",\"image\":{\"@type\":\"ImageObject\",\"inLanguage\":\"it-IT\",\"@id\":\"https:\/\/www.article-marketing.eu\/comunicati\/#\/schema\/person\/image\/\",\"url\":\"https:\/\/secure.gravatar.com\/avatar\/50e5c6421d3072f42e7ace803501602c60d75233d34e29fd05feb91c8760b792?s=96&d=mm&r=g\",\"contentUrl\":\"https:\/\/secure.gravatar.com\/avatar\/50e5c6421d3072f42e7ace803501602c60d75233d34e29fd05feb91c8760b792?s=96&d=mm&r=g\",\"caption\":\"Redazione Comunicati Stampa\"},\"url\":\"https:\/\/www.article-marketing.eu\/comunicati\/author\/redazione-comunicati-stampa\/\"}]}<\/script>\n<!-- \/ Yoast SEO plugin. -->","yoast_head_json":{"title":"Cracovia: Reminiscenze Teatrali dal 20 al 26 Aprile 2009 - Article Marketing","robots":{"index":"index","follow":"follow","max-snippet":"max-snippet:-1","max-image-preview":"max-image-preview:large","max-video-preview":"max-video-preview:-1"},"canonical":"https:\/\/www.article-marketing.eu\/comunicati\/comunicati-stampa\/eventi\/cracovia-reminiscenze-teatrali-dal-20-al-26-aprile-2009\/","og_locale":"it_IT","og_type":"article","og_title":"Cracovia: Reminiscenze Teatrali dal 20 al 26 Aprile 2009 - Article Marketing","og_description":"Dalle tragedie greche agli splendori del teatro elisabettiano, dal N&#333; giapponese al teatro epico di Brecht, il teatro \u00e8 sempre stato una delle forme d\u2019arte e di espressione pi\u00f9 forti ed importanti presso vari popoli, sia che si parli di opere altamente popolari e apprezzate da vari strati della popolazione, come le tragedie e le commedie di Shakespeare, che di opere pi\u00f9 elitarie o di difficile comprensione per i pi\u00f9, come il N&#333; giapponese.","og_url":"https:\/\/www.article-marketing.eu\/comunicati\/comunicati-stampa\/eventi\/cracovia-reminiscenze-teatrali-dal-20-al-26-aprile-2009\/","og_site_name":"Article Marketing","article_published_time":"2009-03-18T16:08:45+00:00","author":"Redazione Comunicati Stampa","twitter_card":"summary_large_image","twitter_misc":{"Scritto da":"Redazione Comunicati Stampa","Tempo di lettura stimato":"3 minuti"},"schema":{"@context":"https:\/\/schema.org","@graph":[{"@type":"Article","@id":"https:\/\/www.article-marketing.eu\/comunicati\/comunicati-stampa\/eventi\/cracovia-reminiscenze-teatrali-dal-20-al-26-aprile-2009\/#article","isPartOf":{"@id":"https:\/\/www.article-marketing.eu\/comunicati\/comunicati-stampa\/eventi\/cracovia-reminiscenze-teatrali-dal-20-al-26-aprile-2009\/"},"author":{"name":"Redazione Comunicati Stampa","@id":"https:\/\/www.article-marketing.eu\/comunicati\/#\/schema\/person\/44372e4d4d0fa797b18e03ed1ace9017"},"headline":"Cracovia: Reminiscenze Teatrali dal 20 al 26 Aprile 2009","datePublished":"2009-03-18T16:08:45+00:00","mainEntityOfPage":{"@id":"https:\/\/www.article-marketing.eu\/comunicati\/comunicati-stampa\/eventi\/cracovia-reminiscenze-teatrali-dal-20-al-26-aprile-2009\/"},"wordCount":506,"commentCount":0,"keywords":["concerti","Cracovia","festival","rassegna cinematografica","teatro"],"articleSection":["Eventi"],"inLanguage":"it-IT","potentialAction":[{"@type":"CommentAction","name":"Comment","target":["https:\/\/www.article-marketing.eu\/comunicati\/comunicati-stampa\/eventi\/cracovia-reminiscenze-teatrali-dal-20-al-26-aprile-2009\/#respond"]}]},{"@type":"WebPage","@id":"https:\/\/www.article-marketing.eu\/comunicati\/comunicati-stampa\/eventi\/cracovia-reminiscenze-teatrali-dal-20-al-26-aprile-2009\/","url":"https:\/\/www.article-marketing.eu\/comunicati\/comunicati-stampa\/eventi\/cracovia-reminiscenze-teatrali-dal-20-al-26-aprile-2009\/","name":"Cracovia: Reminiscenze Teatrali dal 20 al 26 Aprile 2009 - Article Marketing","isPartOf":{"@id":"https:\/\/www.article-marketing.eu\/comunicati\/#website"},"datePublished":"2009-03-18T16:08:45+00:00","author":{"@id":"https:\/\/www.article-marketing.eu\/comunicati\/#\/schema\/person\/44372e4d4d0fa797b18e03ed1ace9017"},"breadcrumb":{"@id":"https:\/\/www.article-marketing.eu\/comunicati\/comunicati-stampa\/eventi\/cracovia-reminiscenze-teatrali-dal-20-al-26-aprile-2009\/#breadcrumb"},"inLanguage":"it-IT","potentialAction":[{"@type":"ReadAction","target":["https:\/\/www.article-marketing.eu\/comunicati\/comunicati-stampa\/eventi\/cracovia-reminiscenze-teatrali-dal-20-al-26-aprile-2009\/"]}]},{"@type":"BreadcrumbList","@id":"https:\/\/www.article-marketing.eu\/comunicati\/comunicati-stampa\/eventi\/cracovia-reminiscenze-teatrali-dal-20-al-26-aprile-2009\/#breadcrumb","itemListElement":[{"@type":"ListItem","position":1,"name":"Home","item":"https:\/\/www.article-marketing.eu\/comunicati\/"},{"@type":"ListItem","position":2,"name":"Cracovia: Reminiscenze Teatrali dal 20 al 26 Aprile 2009"}]},{"@type":"WebSite","@id":"https:\/\/www.article-marketing.eu\/comunicati\/#website","url":"https:\/\/www.article-marketing.eu\/comunicati\/","name":"Article Marketing","description":"article marketing &amp; press release","potentialAction":[{"@type":"SearchAction","target":{"@type":"EntryPoint","urlTemplate":"https:\/\/www.article-marketing.eu\/comunicati\/?s={search_term_string}"},"query-input":{"@type":"PropertyValueSpecification","valueRequired":true,"valueName":"search_term_string"}}],"inLanguage":"it-IT"},{"@type":"Person","@id":"https:\/\/www.article-marketing.eu\/comunicati\/#\/schema\/person\/44372e4d4d0fa797b18e03ed1ace9017","name":"Redazione Comunicati Stampa","image":{"@type":"ImageObject","inLanguage":"it-IT","@id":"https:\/\/www.article-marketing.eu\/comunicati\/#\/schema\/person\/image\/","url":"https:\/\/secure.gravatar.com\/avatar\/50e5c6421d3072f42e7ace803501602c60d75233d34e29fd05feb91c8760b792?s=96&d=mm&r=g","contentUrl":"https:\/\/secure.gravatar.com\/avatar\/50e5c6421d3072f42e7ace803501602c60d75233d34e29fd05feb91c8760b792?s=96&d=mm&r=g","caption":"Redazione Comunicati Stampa"},"url":"https:\/\/www.article-marketing.eu\/comunicati\/author\/redazione-comunicati-stampa\/"}]}},"_links":{"self":[{"href":"https:\/\/www.article-marketing.eu\/comunicati\/wp-json\/wp\/v2\/posts\/1597","targetHints":{"allow":["GET"]}}],"collection":[{"href":"https:\/\/www.article-marketing.eu\/comunicati\/wp-json\/wp\/v2\/posts"}],"about":[{"href":"https:\/\/www.article-marketing.eu\/comunicati\/wp-json\/wp\/v2\/types\/post"}],"author":[{"embeddable":true,"href":"https:\/\/www.article-marketing.eu\/comunicati\/wp-json\/wp\/v2\/users\/10"}],"replies":[{"embeddable":true,"href":"https:\/\/www.article-marketing.eu\/comunicati\/wp-json\/wp\/v2\/comments?post=1597"}],"version-history":[{"count":0,"href":"https:\/\/www.article-marketing.eu\/comunicati\/wp-json\/wp\/v2\/posts\/1597\/revisions"}],"wp:attachment":[{"href":"https:\/\/www.article-marketing.eu\/comunicati\/wp-json\/wp\/v2\/media?parent=1597"}],"wp:term":[{"taxonomy":"category","embeddable":true,"href":"https:\/\/www.article-marketing.eu\/comunicati\/wp-json\/wp\/v2\/categories?post=1597"},{"taxonomy":"post_tag","embeddable":true,"href":"https:\/\/www.article-marketing.eu\/comunicati\/wp-json\/wp\/v2\/tags?post=1597"}],"curies":[{"name":"wp","href":"https:\/\/api.w.org\/{rel}","templated":true}]}}