{"id":1599,"date":"2009-03-19T11:07:46","date_gmt":"2009-03-19T10:07:46","guid":{"rendered":"http:\/\/www.article-marketing.eu\/comunicati\/senza-categoria\/amsterdam-giorno-della-regina-dal-29-al-30-aprile-2009\/"},"modified":"2009-03-19T11:07:46","modified_gmt":"2009-03-19T10:07:46","slug":"amsterdam-giorno-della-regina-dal-29-al-30-aprile-2009","status":"publish","type":"post","link":"https:\/\/www.article-marketing.eu\/comunicati\/comunicati-stampa\/eventi\/amsterdam-giorno-della-regina-dal-29-al-30-aprile-2009\/","title":{"rendered":"Amsterdam: Giorno della Regina dal 29 al 30 Aprile 2009"},"content":{"rendered":"<p style=\"TEXT-ALIGN: justify\">Il giorno della regina \u00e8 la ricorrenza con cui gli olandesi festeggiano il compleanno della propria regina e celebrano l\u2019unit\u00e0 nazionale, ma con gli anni \u00e8 diventato soprattutto una grande occasione di festa. L\u2019origine della festa viene fatta risalire al 1885: inizialmente la festa era nominata \u201cGiorno della principessa\u201d, in quanto veniva organizzata per il compleanno della principessa Guglielmina, ma dal 1890, anno della sua incoronazione, il nome della celebrazione venne cambiato in \u201cGiorno della regina\u201d. La festa si svolgeva il 31 agosto, giorno del compleanno di Guglielmina, ma quando le succedette la Regina Giuliana, nel 1948, la festa venne spostata al 30 aprile, giorno del compleanno di quest\u2019ultima. Ancora oggi i festeggiamenti hanno luogo il 30 aprile, anche se l\u2019attuale regina, Beatrice, festeggia il genetliaco il 31 gennaio. <\/p>\n<p style=\"TEXT-ALIGN: justify\">&nbsp;<\/p>\n<p style=\"TEXT-ALIGN: justify\">Il giorno della regina viene festeggiato in tutte le citt\u00e0 olandesi, ma se volete godervi la festa pi\u00f9 grande e pi\u00f9 ricca prenotate per Amsterdam. Ad Amsterdam infatti la festa \u00e8 pi\u00f9 animata che in qualsiasi altro posto, e la citt\u00e0 offre innumerevoli occasioni di divertimento gi\u00e0 a partire dalla sera del 29 aprile, quando i locali e le discoteche organizzano feste ed eventi speciali per scaldare gli animi in vista delle celebrazioni del giorno dopo. <\/p>\n<p style=\"TEXT-ALIGN: justify\">&nbsp;<\/p>\n<p style=\"TEXT-ALIGN: justify\">Visitare Amsterdam il 30 aprile, se da una parte pu\u00f2 apparire un po\u2019 difficile, a causa del grandissimo numero di persone che affolla strade, ponti e canali, rendendo quasi problematico il solo muoversi per la citt\u00e0, dall\u2019altra offre ai turisti l\u2019occasione per vivere una delle feste all\u2019aria aperta pi\u00f9 conosciute d\u2019Europa. <\/p>\n<p style=\"TEXT-ALIGN: justify\">&nbsp;<\/p>\n<p style=\"TEXT-ALIGN: justify\">In questa giornata le persone si riversano sulle strade indossando qualcosa di arancione (il colore della casa regnante), festeggiando, ballando e cantando. Ogni angolo della citt\u00e0 \u00e8 animato da musica, feste improvvisate ed esibizioni di artisti di strada, e ogni anno si svolgono anche dei concerti rock che attirano molto i giovani turisti che alloggiano negli <a href=\"http:\/\/it.flashbooking.com\/navigation\/europa_paesi-bassi_amsterdam_ostello_all.html\">ostelli in centro Amsterdam<\/a>. Nemmeno i canali della citt\u00e0 vengono risparmiati dalla folla di persone festanti: moltissime barche decorate ospitano feste galleggianti e invadono le vie d\u2019acqua, diffondendo musica per tutta la citt\u00e0. <\/p>\n<p style=\"TEXT-ALIGN: justify\">&nbsp;<\/p>\n<p style=\"TEXT-ALIGN: justify\">Ma l\u2019elemento pi\u00f9 particolare di questa giornata \u00e8 probabilmente il mercatino delle pulci: il giorno della regina \u00e8 infatti l\u2019unico giorno in cui \u00e8 permesso vendere oggetti in strada senza bisogno di una licenza, e i cittadini di Amsterdam approfittano dell\u2019occasione per sgombrare cantine e soffitte e mettere tutto in vendita: fra cianfrusaglie di ogni tipo, giocattoli rotti, vestiti usati, a volte \u00e8 possibile trovare anche qualche oggetto interessante. Il mercatino comincia alle 6 del mattino e i prezzi sono solitamente molto bassi e negoziabili: la gente del posto considera infatti questo mercato pi\u00f9 come un\u2019occasione di socializzazione e di divertimento, anche per i bambini, che una reale occasione di guadagno.<\/p>\n<p style=\"TEXT-ALIGN: justify\">&nbsp;<\/p>\n<p style=\"TEXT-ALIGN: justify\">Tutti questi elementi fanno del giorno della regina un evento cui vale la pena partecipare almeno una volta nella vita, e sono in molti a pensarla cos\u00ec: ogni anno tra le 500.000 e le 800.000 persone si radunano ad Amsterdam il 30 aprile, e se non si prenota in anticipo pu\u00f2 essere molto difficile trovare posto nei bed and breakfast economici della citt\u00e0.<\/p>\n<p style=\"TEXT-ALIGN: justify\">&nbsp;<\/p>\n<p style=\"TEXT-ALIGN: justify\">Date: 29 \u2013 30 Aprile 2009 <\/p>\n<p style=\"TEXT-ALIGN: justify\">Dove: Amsterdam, Paesi Bassi<\/p>\n<p style=\"TEXT-ALIGN: justify\">&nbsp;<\/p>\n","protected":false},"excerpt":{"rendered":"<p>Musica per le strade, feste all\u2019aperto, carri colorati, canali pieni di barche decorate, strade affollate di persone vestite di arancione, mercatini delle pulci e molto altro ancora&#8230;non sembra impossibile che tutto ci\u00f2 possa succedere in appena due giorni e in un\u2019unica festa? Eppure il \u201cGiorno della regina\u201d, che si svolge ogni anno in Olanda, \u00e8 la dimostrazione vivente che tutto ci\u00f2 pu\u00f2 accadere!<\/p>\n","protected":false},"author":10,"featured_media":0,"comment_status":"open","ping_status":"open","sticky":false,"template":"","format":"standard","meta":{"cybocfi_hide_featured_image":"","footnotes":""},"categories":[388],"tags":[2443,1840,5267,929,5268,45],"class_list":["post-1599","post","type-post","status-publish","format-standard","hentry","category-eventi","tag-amsterdam","tag-concerti","tag-divertimenti","tag-festa","tag-mercatino-delle-pulci","tag-musica"],"yoast_head":"<!-- This site is optimized with the Yoast SEO plugin v27.0 - https:\/\/yoast.com\/product\/yoast-seo-wordpress\/ -->\n<title>Amsterdam: Giorno della Regina dal 29 al 30 Aprile 2009 - Article Marketing<\/title>\n<meta name=\"robots\" content=\"index, follow, max-snippet:-1, max-image-preview:large, max-video-preview:-1\" \/>\n<link rel=\"canonical\" href=\"https:\/\/www.article-marketing.eu\/comunicati\/comunicati-stampa\/eventi\/amsterdam-giorno-della-regina-dal-29-al-30-aprile-2009\/\" \/>\n<meta property=\"og:locale\" content=\"it_IT\" \/>\n<meta property=\"og:type\" content=\"article\" \/>\n<meta property=\"og:title\" content=\"Amsterdam: Giorno della Regina dal 29 al 30 Aprile 2009 - Article Marketing\" \/>\n<meta property=\"og:description\" content=\"Musica per le strade, feste all\u2019aperto, carri colorati, canali pieni di barche decorate, strade affollate di persone vestite di arancione, mercatini delle pulci e molto altro ancora...non sembra impossibile che tutto ci\u00f2 possa succedere in appena due giorni e in un\u2019unica festa? Eppure il \u201cGiorno della regina\u201d, che si svolge ogni anno in Olanda, \u00e8 la dimostrazione vivente che tutto ci\u00f2 pu\u00f2 accadere!\" \/>\n<meta property=\"og:url\" content=\"https:\/\/www.article-marketing.eu\/comunicati\/comunicati-stampa\/eventi\/amsterdam-giorno-della-regina-dal-29-al-30-aprile-2009\/\" \/>\n<meta property=\"og:site_name\" content=\"Article Marketing\" \/>\n<meta property=\"article:published_time\" content=\"2009-03-19T10:07:46+00:00\" \/>\n<meta name=\"author\" content=\"Redazione Comunicati Stampa\" \/>\n<meta name=\"twitter:card\" content=\"summary_large_image\" \/>\n<meta name=\"twitter:label1\" content=\"Scritto da\" \/>\n\t<meta name=\"twitter:data1\" content=\"Redazione Comunicati Stampa\" \/>\n\t<meta name=\"twitter:label2\" content=\"Tempo di lettura stimato\" \/>\n\t<meta name=\"twitter:data2\" content=\"3 minuti\" \/>\n<script type=\"application\/ld+json\" class=\"yoast-schema-graph\">{\"@context\":\"https:\/\/schema.org\",\"@graph\":[{\"@type\":\"Article\",\"@id\":\"https:\/\/www.article-marketing.eu\/comunicati\/comunicati-stampa\/eventi\/amsterdam-giorno-della-regina-dal-29-al-30-aprile-2009\/#article\",\"isPartOf\":{\"@id\":\"https:\/\/www.article-marketing.eu\/comunicati\/comunicati-stampa\/eventi\/amsterdam-giorno-della-regina-dal-29-al-30-aprile-2009\/\"},\"author\":{\"name\":\"Redazione Comunicati Stampa\",\"@id\":\"https:\/\/www.article-marketing.eu\/comunicati\/#\/schema\/person\/44372e4d4d0fa797b18e03ed1ace9017\"},\"headline\":\"Amsterdam: Giorno della Regina dal 29 al 30 Aprile 2009\",\"datePublished\":\"2009-03-19T10:07:46+00:00\",\"mainEntityOfPage\":{\"@id\":\"https:\/\/www.article-marketing.eu\/comunicati\/comunicati-stampa\/eventi\/amsterdam-giorno-della-regina-dal-29-al-30-aprile-2009\/\"},\"wordCount\":531,\"commentCount\":0,\"keywords\":[\"amsterdam\",\"concerti\",\"divertimenti\",\"festa\",\"mercatino delle pulci\",\"musica\"],\"articleSection\":[\"Eventi\"],\"inLanguage\":\"it-IT\",\"potentialAction\":[{\"@type\":\"CommentAction\",\"name\":\"Comment\",\"target\":[\"https:\/\/www.article-marketing.eu\/comunicati\/comunicati-stampa\/eventi\/amsterdam-giorno-della-regina-dal-29-al-30-aprile-2009\/#respond\"]}]},{\"@type\":\"WebPage\",\"@id\":\"https:\/\/www.article-marketing.eu\/comunicati\/comunicati-stampa\/eventi\/amsterdam-giorno-della-regina-dal-29-al-30-aprile-2009\/\",\"url\":\"https:\/\/www.article-marketing.eu\/comunicati\/comunicati-stampa\/eventi\/amsterdam-giorno-della-regina-dal-29-al-30-aprile-2009\/\",\"name\":\"Amsterdam: Giorno della Regina dal 29 al 30 Aprile 2009 - Article Marketing\",\"isPartOf\":{\"@id\":\"https:\/\/www.article-marketing.eu\/comunicati\/#website\"},\"datePublished\":\"2009-03-19T10:07:46+00:00\",\"author\":{\"@id\":\"https:\/\/www.article-marketing.eu\/comunicati\/#\/schema\/person\/44372e4d4d0fa797b18e03ed1ace9017\"},\"breadcrumb\":{\"@id\":\"https:\/\/www.article-marketing.eu\/comunicati\/comunicati-stampa\/eventi\/amsterdam-giorno-della-regina-dal-29-al-30-aprile-2009\/#breadcrumb\"},\"inLanguage\":\"it-IT\",\"potentialAction\":[{\"@type\":\"ReadAction\",\"target\":[\"https:\/\/www.article-marketing.eu\/comunicati\/comunicati-stampa\/eventi\/amsterdam-giorno-della-regina-dal-29-al-30-aprile-2009\/\"]}]},{\"@type\":\"BreadcrumbList\",\"@id\":\"https:\/\/www.article-marketing.eu\/comunicati\/comunicati-stampa\/eventi\/amsterdam-giorno-della-regina-dal-29-al-30-aprile-2009\/#breadcrumb\",\"itemListElement\":[{\"@type\":\"ListItem\",\"position\":1,\"name\":\"Home\",\"item\":\"https:\/\/www.article-marketing.eu\/comunicati\/\"},{\"@type\":\"ListItem\",\"position\":2,\"name\":\"Amsterdam: Giorno della Regina dal 29 al 30 Aprile 2009\"}]},{\"@type\":\"WebSite\",\"@id\":\"https:\/\/www.article-marketing.eu\/comunicati\/#website\",\"url\":\"https:\/\/www.article-marketing.eu\/comunicati\/\",\"name\":\"Article Marketing\",\"description\":\"article marketing &amp; press release\",\"potentialAction\":[{\"@type\":\"SearchAction\",\"target\":{\"@type\":\"EntryPoint\",\"urlTemplate\":\"https:\/\/www.article-marketing.eu\/comunicati\/?s={search_term_string}\"},\"query-input\":{\"@type\":\"PropertyValueSpecification\",\"valueRequired\":true,\"valueName\":\"search_term_string\"}}],\"inLanguage\":\"it-IT\"},{\"@type\":\"Person\",\"@id\":\"https:\/\/www.article-marketing.eu\/comunicati\/#\/schema\/person\/44372e4d4d0fa797b18e03ed1ace9017\",\"name\":\"Redazione Comunicati Stampa\",\"image\":{\"@type\":\"ImageObject\",\"inLanguage\":\"it-IT\",\"@id\":\"https:\/\/www.article-marketing.eu\/comunicati\/#\/schema\/person\/image\/\",\"url\":\"https:\/\/secure.gravatar.com\/avatar\/50e5c6421d3072f42e7ace803501602c60d75233d34e29fd05feb91c8760b792?s=96&d=mm&r=g\",\"contentUrl\":\"https:\/\/secure.gravatar.com\/avatar\/50e5c6421d3072f42e7ace803501602c60d75233d34e29fd05feb91c8760b792?s=96&d=mm&r=g\",\"caption\":\"Redazione Comunicati Stampa\"},\"url\":\"https:\/\/www.article-marketing.eu\/comunicati\/author\/redazione-comunicati-stampa\/\"}]}<\/script>\n<!-- \/ Yoast SEO plugin. -->","yoast_head_json":{"title":"Amsterdam: Giorno della Regina dal 29 al 30 Aprile 2009 - Article Marketing","robots":{"index":"index","follow":"follow","max-snippet":"max-snippet:-1","max-image-preview":"max-image-preview:large","max-video-preview":"max-video-preview:-1"},"canonical":"https:\/\/www.article-marketing.eu\/comunicati\/comunicati-stampa\/eventi\/amsterdam-giorno-della-regina-dal-29-al-30-aprile-2009\/","og_locale":"it_IT","og_type":"article","og_title":"Amsterdam: Giorno della Regina dal 29 al 30 Aprile 2009 - Article Marketing","og_description":"Musica per le strade, feste all\u2019aperto, carri colorati, canali pieni di barche decorate, strade affollate di persone vestite di arancione, mercatini delle pulci e molto altro ancora...non sembra impossibile che tutto ci\u00f2 possa succedere in appena due giorni e in un\u2019unica festa? Eppure il \u201cGiorno della regina\u201d, che si svolge ogni anno in Olanda, \u00e8 la dimostrazione vivente che tutto ci\u00f2 pu\u00f2 accadere!","og_url":"https:\/\/www.article-marketing.eu\/comunicati\/comunicati-stampa\/eventi\/amsterdam-giorno-della-regina-dal-29-al-30-aprile-2009\/","og_site_name":"Article Marketing","article_published_time":"2009-03-19T10:07:46+00:00","author":"Redazione Comunicati Stampa","twitter_card":"summary_large_image","twitter_misc":{"Scritto da":"Redazione Comunicati Stampa","Tempo di lettura stimato":"3 minuti"},"schema":{"@context":"https:\/\/schema.org","@graph":[{"@type":"Article","@id":"https:\/\/www.article-marketing.eu\/comunicati\/comunicati-stampa\/eventi\/amsterdam-giorno-della-regina-dal-29-al-30-aprile-2009\/#article","isPartOf":{"@id":"https:\/\/www.article-marketing.eu\/comunicati\/comunicati-stampa\/eventi\/amsterdam-giorno-della-regina-dal-29-al-30-aprile-2009\/"},"author":{"name":"Redazione Comunicati Stampa","@id":"https:\/\/www.article-marketing.eu\/comunicati\/#\/schema\/person\/44372e4d4d0fa797b18e03ed1ace9017"},"headline":"Amsterdam: Giorno della Regina dal 29 al 30 Aprile 2009","datePublished":"2009-03-19T10:07:46+00:00","mainEntityOfPage":{"@id":"https:\/\/www.article-marketing.eu\/comunicati\/comunicati-stampa\/eventi\/amsterdam-giorno-della-regina-dal-29-al-30-aprile-2009\/"},"wordCount":531,"commentCount":0,"keywords":["amsterdam","concerti","divertimenti","festa","mercatino delle pulci","musica"],"articleSection":["Eventi"],"inLanguage":"it-IT","potentialAction":[{"@type":"CommentAction","name":"Comment","target":["https:\/\/www.article-marketing.eu\/comunicati\/comunicati-stampa\/eventi\/amsterdam-giorno-della-regina-dal-29-al-30-aprile-2009\/#respond"]}]},{"@type":"WebPage","@id":"https:\/\/www.article-marketing.eu\/comunicati\/comunicati-stampa\/eventi\/amsterdam-giorno-della-regina-dal-29-al-30-aprile-2009\/","url":"https:\/\/www.article-marketing.eu\/comunicati\/comunicati-stampa\/eventi\/amsterdam-giorno-della-regina-dal-29-al-30-aprile-2009\/","name":"Amsterdam: Giorno della Regina dal 29 al 30 Aprile 2009 - Article Marketing","isPartOf":{"@id":"https:\/\/www.article-marketing.eu\/comunicati\/#website"},"datePublished":"2009-03-19T10:07:46+00:00","author":{"@id":"https:\/\/www.article-marketing.eu\/comunicati\/#\/schema\/person\/44372e4d4d0fa797b18e03ed1ace9017"},"breadcrumb":{"@id":"https:\/\/www.article-marketing.eu\/comunicati\/comunicati-stampa\/eventi\/amsterdam-giorno-della-regina-dal-29-al-30-aprile-2009\/#breadcrumb"},"inLanguage":"it-IT","potentialAction":[{"@type":"ReadAction","target":["https:\/\/www.article-marketing.eu\/comunicati\/comunicati-stampa\/eventi\/amsterdam-giorno-della-regina-dal-29-al-30-aprile-2009\/"]}]},{"@type":"BreadcrumbList","@id":"https:\/\/www.article-marketing.eu\/comunicati\/comunicati-stampa\/eventi\/amsterdam-giorno-della-regina-dal-29-al-30-aprile-2009\/#breadcrumb","itemListElement":[{"@type":"ListItem","position":1,"name":"Home","item":"https:\/\/www.article-marketing.eu\/comunicati\/"},{"@type":"ListItem","position":2,"name":"Amsterdam: Giorno della Regina dal 29 al 30 Aprile 2009"}]},{"@type":"WebSite","@id":"https:\/\/www.article-marketing.eu\/comunicati\/#website","url":"https:\/\/www.article-marketing.eu\/comunicati\/","name":"Article Marketing","description":"article marketing &amp; press release","potentialAction":[{"@type":"SearchAction","target":{"@type":"EntryPoint","urlTemplate":"https:\/\/www.article-marketing.eu\/comunicati\/?s={search_term_string}"},"query-input":{"@type":"PropertyValueSpecification","valueRequired":true,"valueName":"search_term_string"}}],"inLanguage":"it-IT"},{"@type":"Person","@id":"https:\/\/www.article-marketing.eu\/comunicati\/#\/schema\/person\/44372e4d4d0fa797b18e03ed1ace9017","name":"Redazione Comunicati Stampa","image":{"@type":"ImageObject","inLanguage":"it-IT","@id":"https:\/\/www.article-marketing.eu\/comunicati\/#\/schema\/person\/image\/","url":"https:\/\/secure.gravatar.com\/avatar\/50e5c6421d3072f42e7ace803501602c60d75233d34e29fd05feb91c8760b792?s=96&d=mm&r=g","contentUrl":"https:\/\/secure.gravatar.com\/avatar\/50e5c6421d3072f42e7ace803501602c60d75233d34e29fd05feb91c8760b792?s=96&d=mm&r=g","caption":"Redazione Comunicati Stampa"},"url":"https:\/\/www.article-marketing.eu\/comunicati\/author\/redazione-comunicati-stampa\/"}]}},"_links":{"self":[{"href":"https:\/\/www.article-marketing.eu\/comunicati\/wp-json\/wp\/v2\/posts\/1599","targetHints":{"allow":["GET"]}}],"collection":[{"href":"https:\/\/www.article-marketing.eu\/comunicati\/wp-json\/wp\/v2\/posts"}],"about":[{"href":"https:\/\/www.article-marketing.eu\/comunicati\/wp-json\/wp\/v2\/types\/post"}],"author":[{"embeddable":true,"href":"https:\/\/www.article-marketing.eu\/comunicati\/wp-json\/wp\/v2\/users\/10"}],"replies":[{"embeddable":true,"href":"https:\/\/www.article-marketing.eu\/comunicati\/wp-json\/wp\/v2\/comments?post=1599"}],"version-history":[{"count":0,"href":"https:\/\/www.article-marketing.eu\/comunicati\/wp-json\/wp\/v2\/posts\/1599\/revisions"}],"wp:attachment":[{"href":"https:\/\/www.article-marketing.eu\/comunicati\/wp-json\/wp\/v2\/media?parent=1599"}],"wp:term":[{"taxonomy":"category","embeddable":true,"href":"https:\/\/www.article-marketing.eu\/comunicati\/wp-json\/wp\/v2\/categories?post=1599"},{"taxonomy":"post_tag","embeddable":true,"href":"https:\/\/www.article-marketing.eu\/comunicati\/wp-json\/wp\/v2\/tags?post=1599"}],"curies":[{"name":"wp","href":"https:\/\/api.w.org\/{rel}","templated":true}]}}