{"id":1602,"date":"2009-03-19T16:54:06","date_gmt":"2009-03-19T15:54:06","guid":{"rendered":"http:\/\/www.article-marketing.eu\/comunicati\/senza-categoria\/una-giornata-di-vacanza-a-cagliari\/"},"modified":"2009-03-19T16:54:06","modified_gmt":"2009-03-19T15:54:06","slug":"una-giornata-di-vacanza-a-cagliari","status":"publish","type":"post","link":"https:\/\/www.article-marketing.eu\/comunicati\/viaggi-e-vacanze\/destinazioni\/una-giornata-di-vacanza-a-cagliari\/","title":{"rendered":"Una giornata di vacanza a Cagliari"},"content":{"rendered":"<p>Cagliari pu\u00f2 essere giustamente considerata come una delle capitali del Mediterraneo. Citt\u00e0 moderna, ma dal passato florido e nobile che si riverbera nella vita contemporanea, forgiata da frenetici interscambi culturali e commerciali. Capoluogo dell&#8217;autonomia sarda, l&#8217;antica Karalis non \u00e8 solamente il fulcro economico e politico della <b>Sardegna<\/b>. Da sempre citt\u00e0 di scambi e connessioni con il mondo esterno, rappresenta bene quell&#8217;ambiguit\u00e0 tipica del popolo sardo, vinto dall&#8217;isolamento, ma vincitore rispetto a molti eserciti invasori, portatori di culture e diversit\u00e0 non propriamente affini con il carattere isolano. <\/p>\n<p>Questo protendersi verso l&#8217;esterno, col grande porto, teatro di storie e vicissitudini romanzesche, come una specie di trampolino lanciato verso il Mediterraneo e le sue ricchezze, fa da contrasto alle torreggianti dimore dei signori pisani e spagnoli, che difendevano il cuore della citt\u00e0 dall&#8217;invasione dei Saraceni. I famigerati mori presenti nella ben nota bandiera sarda.<\/p>\n<p>Una contraddizione dunque. Aperta all&#8217;esterno in direzione delle contaminazioni tipiche dei paesi arabi affacciati sulle sponde opposte, ma insieme intimorita dalla lora ferocia, che ha portato guerre unite al pensiero filosofico e all&#8217;arte tipica dei paesi islamici.<\/p>\n<p><strong>Cagliari<\/strong>, forte comunque del suo tratto caratteristico irrimediabilmente sardo, offre al turista delle opportunit\u00e0 culturali di primo livello. La storia nuragica della Sardegna \u00e8 conservata nel grande Museo Archeologico Nazionale, vero e proprio cuore pulsante della grande civilt\u00e0 dei Sardi, considerati un popolo intellettualmente ed economicamente avanzato, ben prima dell&#8217;avvento della storia ufficiale dei popoli della penisola, come i Romani. I resti della prima grande occupazione straniera, quella fenicia, sono conservati a Tuvixeddu, la pi\u00f9 grande area archeologica punica dell&#8217;intero Mediterraneo. La necropoli \u00e8 stata rilanciata negli ultimi anni, a segnalare la vitalit\u00e0 culturale dell&#8217;isola e della sua citt\u00e0 principale. Sempre in citt\u00e0 \u00e8 presente un anfiteatro romano, ancora utilizzato per degli spettacoli dal vivo.<\/p>\n<p>A epoche pi\u00f9 moderne appartengono i grandi edifici del centro storico e del salotto, affacciato tra <b>Via Roma<\/b> e il Corso. Nel quartiere Castello, tuttavia, rimane indelebile il segno della fierezza e dell&#8217;anima cagliaritana, stretto com&#8217;\u00e8 negli spazi angusti divorati dall&#8217;urbanizzazione recente. Lo dice il nome: questo era il <strong>centro<\/strong> difensivo, posto in sommit\u00e0, armato dai Pisani con torri, fortezze e bastioni, dei quali rimangono in piedi ampie testimonianze. Di invasore in invasore il quartiere ha visto crescere le proprie fortificazioni, fino ad arrivare ai Savoia, che edificarono il celebre Bastione di Saint Remy, uno degli edifici nevralgici della vita sociale cagliaritana. Sempre sul quartiere Castello si trovano il Palazzo Regio e la Cattedrale.<\/p>\n<p>Scendendo verso il porto trovano spazio, ovviamente, gli edifici degli ultimi due secoli, come la sede dell&#8217;amministrazione cittadina, il notevole Palazzo Civico, di un biancore esaltante, che si coniuga alla perfezione con il cielo terso delle estati cagliaritane. Affacciato su Via Roma, apre lo spazio ai Portici, che rappresentano il ritrovo serale per i turisti e gli abitanti, tra bar e boutiques, che offrono ristoro durante le ore calde. Il profumo del mare che si respira a pieni polmoni non pu\u00f2 non far pensare alla spiaggia del Poetto, non troppo distante dal centro della citt\u00e0 e facilmente raggiungibile con i mezzi pubblici.<\/p>\n<p>Pernottare a pochi passi da queste meraviglie \u00e8 possibile, basta servirsi, per esempio, del <a href=\"http:\/\/www.centrostoricoviamanno.it\/\">bed and breakfast a Cagliari<\/a> &#8220;Centro Storico Via Manno&#8221;, situato a pochi passi da Piazza Yenne. La citt\u00e0 offre comunque svariate possibilit\u00e0 di alloggio, per non farvi perdere il gusto di assaporare ogni momento dell&#8217;atmosfera <i>casteddana<\/i>.<\/p>\n","protected":false},"excerpt":{"rendered":"<p>Le mete turistiche della citt\u00e0 di Cagliari, capoluogo storico e culturale, anima della Sardegna.<\/p>\n","protected":false},"author":10,"featured_media":0,"comment_status":"open","ping_status":"open","sticky":false,"template":"","format":"standard","meta":{"cybocfi_hide_featured_image":"","footnotes":""},"categories":[143],"tags":[595,1400],"class_list":["post-1602","post","type-post","status-publish","format-standard","hentry","category-destinazioni","tag-bed-and-breakfast","tag-cagliari"],"yoast_head":"<!-- This site is optimized with the Yoast SEO plugin v27.0 - https:\/\/yoast.com\/product\/yoast-seo-wordpress\/ -->\n<title>Una giornata di vacanza a Cagliari - Article Marketing<\/title>\n<meta name=\"robots\" content=\"index, follow, max-snippet:-1, max-image-preview:large, max-video-preview:-1\" \/>\n<link rel=\"canonical\" href=\"https:\/\/www.article-marketing.eu\/comunicati\/viaggi-e-vacanze\/destinazioni\/una-giornata-di-vacanza-a-cagliari\/\" \/>\n<meta property=\"og:locale\" content=\"it_IT\" \/>\n<meta property=\"og:type\" content=\"article\" \/>\n<meta property=\"og:title\" content=\"Una giornata di vacanza a Cagliari - Article Marketing\" \/>\n<meta property=\"og:description\" content=\"Le mete turistiche della citt\u00e0 di Cagliari, capoluogo storico e culturale, anima della Sardegna.\" \/>\n<meta property=\"og:url\" content=\"https:\/\/www.article-marketing.eu\/comunicati\/viaggi-e-vacanze\/destinazioni\/una-giornata-di-vacanza-a-cagliari\/\" \/>\n<meta property=\"og:site_name\" content=\"Article Marketing\" \/>\n<meta property=\"article:published_time\" content=\"2009-03-19T15:54:06+00:00\" \/>\n<meta name=\"author\" content=\"Redazione Comunicati Stampa\" \/>\n<meta name=\"twitter:card\" content=\"summary_large_image\" \/>\n<meta name=\"twitter:label1\" content=\"Scritto da\" \/>\n\t<meta name=\"twitter:data1\" content=\"Redazione Comunicati Stampa\" \/>\n\t<meta name=\"twitter:label2\" content=\"Tempo di lettura stimato\" \/>\n\t<meta name=\"twitter:data2\" content=\"3 minuti\" \/>\n<script type=\"application\/ld+json\" class=\"yoast-schema-graph\">{\"@context\":\"https:\/\/schema.org\",\"@graph\":[{\"@type\":\"Article\",\"@id\":\"https:\/\/www.article-marketing.eu\/comunicati\/viaggi-e-vacanze\/destinazioni\/una-giornata-di-vacanza-a-cagliari\/#article\",\"isPartOf\":{\"@id\":\"https:\/\/www.article-marketing.eu\/comunicati\/viaggi-e-vacanze\/destinazioni\/una-giornata-di-vacanza-a-cagliari\/\"},\"author\":{\"name\":\"Redazione Comunicati Stampa\",\"@id\":\"https:\/\/www.article-marketing.eu\/comunicati\/#\/schema\/person\/44372e4d4d0fa797b18e03ed1ace9017\"},\"headline\":\"Una giornata di vacanza a Cagliari\",\"datePublished\":\"2009-03-19T15:54:06+00:00\",\"mainEntityOfPage\":{\"@id\":\"https:\/\/www.article-marketing.eu\/comunicati\/viaggi-e-vacanze\/destinazioni\/una-giornata-di-vacanza-a-cagliari\/\"},\"wordCount\":560,\"commentCount\":0,\"keywords\":[\"Bed and Breakfast\",\"cagliari\"],\"articleSection\":[\"Destinazioni\"],\"inLanguage\":\"it-IT\",\"potentialAction\":[{\"@type\":\"CommentAction\",\"name\":\"Comment\",\"target\":[\"https:\/\/www.article-marketing.eu\/comunicati\/viaggi-e-vacanze\/destinazioni\/una-giornata-di-vacanza-a-cagliari\/#respond\"]}]},{\"@type\":\"WebPage\",\"@id\":\"https:\/\/www.article-marketing.eu\/comunicati\/viaggi-e-vacanze\/destinazioni\/una-giornata-di-vacanza-a-cagliari\/\",\"url\":\"https:\/\/www.article-marketing.eu\/comunicati\/viaggi-e-vacanze\/destinazioni\/una-giornata-di-vacanza-a-cagliari\/\",\"name\":\"Una giornata di vacanza a Cagliari - Article Marketing\",\"isPartOf\":{\"@id\":\"https:\/\/www.article-marketing.eu\/comunicati\/#website\"},\"datePublished\":\"2009-03-19T15:54:06+00:00\",\"author\":{\"@id\":\"https:\/\/www.article-marketing.eu\/comunicati\/#\/schema\/person\/44372e4d4d0fa797b18e03ed1ace9017\"},\"breadcrumb\":{\"@id\":\"https:\/\/www.article-marketing.eu\/comunicati\/viaggi-e-vacanze\/destinazioni\/una-giornata-di-vacanza-a-cagliari\/#breadcrumb\"},\"inLanguage\":\"it-IT\",\"potentialAction\":[{\"@type\":\"ReadAction\",\"target\":[\"https:\/\/www.article-marketing.eu\/comunicati\/viaggi-e-vacanze\/destinazioni\/una-giornata-di-vacanza-a-cagliari\/\"]}]},{\"@type\":\"BreadcrumbList\",\"@id\":\"https:\/\/www.article-marketing.eu\/comunicati\/viaggi-e-vacanze\/destinazioni\/una-giornata-di-vacanza-a-cagliari\/#breadcrumb\",\"itemListElement\":[{\"@type\":\"ListItem\",\"position\":1,\"name\":\"Home\",\"item\":\"https:\/\/www.article-marketing.eu\/comunicati\/\"},{\"@type\":\"ListItem\",\"position\":2,\"name\":\"Una giornata di vacanza a Cagliari\"}]},{\"@type\":\"WebSite\",\"@id\":\"https:\/\/www.article-marketing.eu\/comunicati\/#website\",\"url\":\"https:\/\/www.article-marketing.eu\/comunicati\/\",\"name\":\"Article Marketing\",\"description\":\"article marketing &amp; press release\",\"potentialAction\":[{\"@type\":\"SearchAction\",\"target\":{\"@type\":\"EntryPoint\",\"urlTemplate\":\"https:\/\/www.article-marketing.eu\/comunicati\/?s={search_term_string}\"},\"query-input\":{\"@type\":\"PropertyValueSpecification\",\"valueRequired\":true,\"valueName\":\"search_term_string\"}}],\"inLanguage\":\"it-IT\"},{\"@type\":\"Person\",\"@id\":\"https:\/\/www.article-marketing.eu\/comunicati\/#\/schema\/person\/44372e4d4d0fa797b18e03ed1ace9017\",\"name\":\"Redazione Comunicati Stampa\",\"image\":{\"@type\":\"ImageObject\",\"inLanguage\":\"it-IT\",\"@id\":\"https:\/\/www.article-marketing.eu\/comunicati\/#\/schema\/person\/image\/\",\"url\":\"https:\/\/secure.gravatar.com\/avatar\/50e5c6421d3072f42e7ace803501602c60d75233d34e29fd05feb91c8760b792?s=96&d=mm&r=g\",\"contentUrl\":\"https:\/\/secure.gravatar.com\/avatar\/50e5c6421d3072f42e7ace803501602c60d75233d34e29fd05feb91c8760b792?s=96&d=mm&r=g\",\"caption\":\"Redazione Comunicati Stampa\"},\"url\":\"https:\/\/www.article-marketing.eu\/comunicati\/author\/redazione-comunicati-stampa\/\"}]}<\/script>\n<!-- \/ Yoast SEO plugin. -->","yoast_head_json":{"title":"Una giornata di vacanza a Cagliari - Article Marketing","robots":{"index":"index","follow":"follow","max-snippet":"max-snippet:-1","max-image-preview":"max-image-preview:large","max-video-preview":"max-video-preview:-1"},"canonical":"https:\/\/www.article-marketing.eu\/comunicati\/viaggi-e-vacanze\/destinazioni\/una-giornata-di-vacanza-a-cagliari\/","og_locale":"it_IT","og_type":"article","og_title":"Una giornata di vacanza a Cagliari - Article Marketing","og_description":"Le mete turistiche della citt\u00e0 di Cagliari, capoluogo storico e culturale, anima della Sardegna.","og_url":"https:\/\/www.article-marketing.eu\/comunicati\/viaggi-e-vacanze\/destinazioni\/una-giornata-di-vacanza-a-cagliari\/","og_site_name":"Article Marketing","article_published_time":"2009-03-19T15:54:06+00:00","author":"Redazione Comunicati Stampa","twitter_card":"summary_large_image","twitter_misc":{"Scritto da":"Redazione Comunicati Stampa","Tempo di lettura stimato":"3 minuti"},"schema":{"@context":"https:\/\/schema.org","@graph":[{"@type":"Article","@id":"https:\/\/www.article-marketing.eu\/comunicati\/viaggi-e-vacanze\/destinazioni\/una-giornata-di-vacanza-a-cagliari\/#article","isPartOf":{"@id":"https:\/\/www.article-marketing.eu\/comunicati\/viaggi-e-vacanze\/destinazioni\/una-giornata-di-vacanza-a-cagliari\/"},"author":{"name":"Redazione Comunicati Stampa","@id":"https:\/\/www.article-marketing.eu\/comunicati\/#\/schema\/person\/44372e4d4d0fa797b18e03ed1ace9017"},"headline":"Una giornata di vacanza a Cagliari","datePublished":"2009-03-19T15:54:06+00:00","mainEntityOfPage":{"@id":"https:\/\/www.article-marketing.eu\/comunicati\/viaggi-e-vacanze\/destinazioni\/una-giornata-di-vacanza-a-cagliari\/"},"wordCount":560,"commentCount":0,"keywords":["Bed and Breakfast","cagliari"],"articleSection":["Destinazioni"],"inLanguage":"it-IT","potentialAction":[{"@type":"CommentAction","name":"Comment","target":["https:\/\/www.article-marketing.eu\/comunicati\/viaggi-e-vacanze\/destinazioni\/una-giornata-di-vacanza-a-cagliari\/#respond"]}]},{"@type":"WebPage","@id":"https:\/\/www.article-marketing.eu\/comunicati\/viaggi-e-vacanze\/destinazioni\/una-giornata-di-vacanza-a-cagliari\/","url":"https:\/\/www.article-marketing.eu\/comunicati\/viaggi-e-vacanze\/destinazioni\/una-giornata-di-vacanza-a-cagliari\/","name":"Una giornata di vacanza a Cagliari - Article Marketing","isPartOf":{"@id":"https:\/\/www.article-marketing.eu\/comunicati\/#website"},"datePublished":"2009-03-19T15:54:06+00:00","author":{"@id":"https:\/\/www.article-marketing.eu\/comunicati\/#\/schema\/person\/44372e4d4d0fa797b18e03ed1ace9017"},"breadcrumb":{"@id":"https:\/\/www.article-marketing.eu\/comunicati\/viaggi-e-vacanze\/destinazioni\/una-giornata-di-vacanza-a-cagliari\/#breadcrumb"},"inLanguage":"it-IT","potentialAction":[{"@type":"ReadAction","target":["https:\/\/www.article-marketing.eu\/comunicati\/viaggi-e-vacanze\/destinazioni\/una-giornata-di-vacanza-a-cagliari\/"]}]},{"@type":"BreadcrumbList","@id":"https:\/\/www.article-marketing.eu\/comunicati\/viaggi-e-vacanze\/destinazioni\/una-giornata-di-vacanza-a-cagliari\/#breadcrumb","itemListElement":[{"@type":"ListItem","position":1,"name":"Home","item":"https:\/\/www.article-marketing.eu\/comunicati\/"},{"@type":"ListItem","position":2,"name":"Una giornata di vacanza a Cagliari"}]},{"@type":"WebSite","@id":"https:\/\/www.article-marketing.eu\/comunicati\/#website","url":"https:\/\/www.article-marketing.eu\/comunicati\/","name":"Article Marketing","description":"article marketing &amp; press release","potentialAction":[{"@type":"SearchAction","target":{"@type":"EntryPoint","urlTemplate":"https:\/\/www.article-marketing.eu\/comunicati\/?s={search_term_string}"},"query-input":{"@type":"PropertyValueSpecification","valueRequired":true,"valueName":"search_term_string"}}],"inLanguage":"it-IT"},{"@type":"Person","@id":"https:\/\/www.article-marketing.eu\/comunicati\/#\/schema\/person\/44372e4d4d0fa797b18e03ed1ace9017","name":"Redazione Comunicati Stampa","image":{"@type":"ImageObject","inLanguage":"it-IT","@id":"https:\/\/www.article-marketing.eu\/comunicati\/#\/schema\/person\/image\/","url":"https:\/\/secure.gravatar.com\/avatar\/50e5c6421d3072f42e7ace803501602c60d75233d34e29fd05feb91c8760b792?s=96&d=mm&r=g","contentUrl":"https:\/\/secure.gravatar.com\/avatar\/50e5c6421d3072f42e7ace803501602c60d75233d34e29fd05feb91c8760b792?s=96&d=mm&r=g","caption":"Redazione Comunicati Stampa"},"url":"https:\/\/www.article-marketing.eu\/comunicati\/author\/redazione-comunicati-stampa\/"}]}},"_links":{"self":[{"href":"https:\/\/www.article-marketing.eu\/comunicati\/wp-json\/wp\/v2\/posts\/1602","targetHints":{"allow":["GET"]}}],"collection":[{"href":"https:\/\/www.article-marketing.eu\/comunicati\/wp-json\/wp\/v2\/posts"}],"about":[{"href":"https:\/\/www.article-marketing.eu\/comunicati\/wp-json\/wp\/v2\/types\/post"}],"author":[{"embeddable":true,"href":"https:\/\/www.article-marketing.eu\/comunicati\/wp-json\/wp\/v2\/users\/10"}],"replies":[{"embeddable":true,"href":"https:\/\/www.article-marketing.eu\/comunicati\/wp-json\/wp\/v2\/comments?post=1602"}],"version-history":[{"count":0,"href":"https:\/\/www.article-marketing.eu\/comunicati\/wp-json\/wp\/v2\/posts\/1602\/revisions"}],"wp:attachment":[{"href":"https:\/\/www.article-marketing.eu\/comunicati\/wp-json\/wp\/v2\/media?parent=1602"}],"wp:term":[{"taxonomy":"category","embeddable":true,"href":"https:\/\/www.article-marketing.eu\/comunicati\/wp-json\/wp\/v2\/categories?post=1602"},{"taxonomy":"post_tag","embeddable":true,"href":"https:\/\/www.article-marketing.eu\/comunicati\/wp-json\/wp\/v2\/tags?post=1602"}],"curies":[{"name":"wp","href":"https:\/\/api.w.org\/{rel}","templated":true}]}}