{"id":1606,"date":"2009-03-20T11:19:53","date_gmt":"2009-03-20T10:19:53","guid":{"rendered":"http:\/\/www.article-marketing.eu\/comunicati\/senza-categoria\/eva-fischer-la-memoria-e-larte\/"},"modified":"2009-03-20T11:19:53","modified_gmt":"2009-03-20T10:19:53","slug":"eva-fischer-la-memoria-e-larte","status":"publish","type":"post","link":"https:\/\/www.article-marketing.eu\/comunicati\/arte-e-cultura\/eva-fischer-la-memoria-e-larte\/","title":{"rendered":"EVA FISCHER La Memoria e l&#8217;Arte"},"content":{"rendered":"<p>10 aprile &#8211; 17 maggio 2009<\/p>\n<p>EVA FISCHER<br \/>\nLa Memoria e l\u2019Arte<\/p>\n<p>IL TEMPO OFFESO<br \/>\nGalleria Museo della battaglia del Senio<br \/>\nPiazza della Resistenza, 2 \u2013 Alfonsine (RA)<br \/>\nOrari: Tutti i giorni (sabato e domenica compresi): 9.00-12.00 e 15.00-18.00<\/p>\n<p>I COLORI DEL TEMPO<br \/>\nPalazzo Marini<br \/>\nVia Roma, 10 \u2013 Alfonsine (RA)<br \/>\nTutti i giorni (escluso il luned\u00ec) 15.30-18.00<\/p>\n<p>Ingresso gratuito<\/p>\n<p>Si inaugureranno il 10 aprile 2009 ad Alfonsine (RA), due significative mostre della pittrice Eva Fischer, rispettivamente sulla memoria della Shoah, presso il Museo della Battaglia del Senio (Il tempo offeso), ed un\u2019antologica a Palazzo Marini (I colori del tempo).<\/p>\n<p>La scelta di ospitare l\u2019artista considerata da molti l\u2019ultima esponente della scuola romana del dopoguerra non \u00e8 stata casuale. Si \u00e8 scelto prima di tutto di celebrare la Memoria, sempre lucida in coloro che hanno vissuto i soprusi delle deportazioni. Il Comune di Alfonsine, infatti, durante la seconda guerra mondiale &#8211; tra il dicembre 1944 e il 10 aprile 1945 &#8211; fu teatro di cruenti scontri tra tedeschi, alleati e partigiani che combatterono sul fronte situato sul fiume Senio. All&#8217;indomani della liberazione, il panorama sconfortante era rappresentato dalla distruzione del 70% delle abitazioni e dalla scomparsa del vecchio centro storico, che venne dapprima pesantemente bombardato dagli alleati, e in seguito minato dei tedeschi prima della loro ritirata verso nord. Nel Museo della Battaglia sul Senio, luogo che commemora tale battaglia, la Memoria di ieri sar\u00e0 oggi espressa attraverso il segno pittorico di Eva Fischer in una produzione a tema che \u00e8 stata definita dalla critica &#8220;patrimonio dell&#8217;uomo di domani&#8221;.<br \/>\nNata nella ex Jugoslavia, la Fischer giunse durante il periodo bellico in Italia per fuggire alle incursioni naziste per mezzo delle quali erano stati deportati il padre ed altri 33 familiari. Fu un periodo travagliato, fatto di fughe e costellato da privazioni e duri sacrifici nel quale Eva non si sottraeva al pericolo di dare aiuto e solidariet\u00e0 ai perseguitati, collaborando a Bologna, sotto falso nome, con i partigiani, tanto che \u00e8 tuttora membro onorario dell\u2019ANPI. <\/p>\n<p>Il secondo aspetto per il quale il Comune di Alfonsine intende omaggiare Eva Fischer \u00e8 la sua Arte, costituita dallo stile, dal tempo e dall\u2019esperienza: un lungo percorso che l\u2019ha portata ad incontrare i pi\u00f9 alti rappresentanti della cultura e della societ\u00e0 del Novecento &#8211; da Picasso a De Chirico, da Dal\u00ec a Chagall, da Ungaretti a Pertini, Saragat, Alberto Sordi, Ungaretti e molti altri. La sua produzione, che conta alcune migliaia di opere, verr\u00e0 sintetizzata nell\u2019antologica di Palazzo Marini testimoniando i momenti pittorici che hanno collocato la Fischer tra le personalit\u00e0 pi\u00f9 significative della cultura del XX secolo: le barche, i paesaggi mediterranei, i muri, lo scambio culturale con Ennio Morricone, le scuole di ballo, le figure, le nature morte, le biciclette, i mercati di Roma, etc. Dal dopoguerra, Eva ha portato la sua espressivit\u00e0 &#8211; ricca di storia personale e non &#8211; e la cultura italiana, nel mondo: pi\u00f9 di 120 sono le mostre personali e molteplici sono le opere che fanno parte di collezioni pubbliche e private. Per tali motivazioni il Presidente della Repubblica Giorgio Napolitano l\u2019ha insignita nel 2008 del titolo di \u201cCavaliere Ordine al Merito della Repubblica Italiana\u201d per la sua lunga carriera.<\/p>\n<p>Per maggiori info sull\u2019artista:<br \/>\nwww.evafischer.com &#8211; http:\/\/it.wikipedia.org\/wiki\/Eva_Fischer<\/p>\n<p>Infoline: Museo della Battaglia del Senio &#8211; Direttrice D.ssa Antonietta Di Carluccio<br \/>\nTelefono 0544-866672 Fax 0544-80440 &#8211; e-mail: museodelsenio@racine.ra.it<\/p>\n<p>Ufficio stampa: Elisabetta Castiglioni per Artmann (www.artmann.it)<br \/>\nTel\/Fax 06 3225044 \u2013 328 4112014 \u2013 e-mail: e.castiglioni@artmann.it<\/p>\n","protected":false},"excerpt":{"rendered":"<p>dal 10 aprile al 17 maggio 2009<\/p>\n<p>doppia mostra di Eva Fischer ad Alfonsine (Ravenna)<\/p>\n","protected":false},"author":10,"featured_media":0,"comment_status":"open","ping_status":"open","sticky":false,"template":"","format":"standard","meta":{"cybocfi_hide_featured_image":"","footnotes":""},"categories":[27],"tags":[5276,5274,1000,5275,1001,2194],"class_list":["post-1606","post","type-post","status-publish","format-standard","hentry","category-arte-e-cultura","tag-alfonsine","tag-eva-fischer","tag-mostra","tag-pittrice","tag-pittura","tag-ravenna"],"yoast_head":"<!-- This site is optimized with the Yoast SEO plugin v27.0 - https:\/\/yoast.com\/product\/yoast-seo-wordpress\/ -->\n<title>EVA FISCHER La Memoria e l&#039;Arte - Article Marketing<\/title>\n<meta name=\"robots\" content=\"index, follow, max-snippet:-1, max-image-preview:large, max-video-preview:-1\" \/>\n<link rel=\"canonical\" href=\"https:\/\/www.article-marketing.eu\/comunicati\/arte-e-cultura\/eva-fischer-la-memoria-e-larte\/\" \/>\n<meta property=\"og:locale\" content=\"it_IT\" \/>\n<meta property=\"og:type\" content=\"article\" \/>\n<meta property=\"og:title\" content=\"EVA FISCHER La Memoria e l&#039;Arte - Article Marketing\" \/>\n<meta property=\"og:description\" content=\"dal 10 aprile al 17 maggio 2009 doppia mostra di Eva Fischer ad Alfonsine (Ravenna)\" \/>\n<meta property=\"og:url\" content=\"https:\/\/www.article-marketing.eu\/comunicati\/arte-e-cultura\/eva-fischer-la-memoria-e-larte\/\" \/>\n<meta property=\"og:site_name\" content=\"Article Marketing\" \/>\n<meta property=\"article:published_time\" content=\"2009-03-20T10:19:53+00:00\" \/>\n<meta name=\"author\" content=\"Redazione Comunicati Stampa\" \/>\n<meta name=\"twitter:card\" content=\"summary_large_image\" \/>\n<meta name=\"twitter:label1\" content=\"Scritto da\" \/>\n\t<meta name=\"twitter:data1\" content=\"Redazione Comunicati Stampa\" \/>\n\t<meta name=\"twitter:label2\" content=\"Tempo di lettura stimato\" \/>\n\t<meta name=\"twitter:data2\" content=\"3 minuti\" \/>\n<script type=\"application\/ld+json\" class=\"yoast-schema-graph\">{\"@context\":\"https:\/\/schema.org\",\"@graph\":[{\"@type\":\"Article\",\"@id\":\"https:\/\/www.article-marketing.eu\/comunicati\/arte-e-cultura\/eva-fischer-la-memoria-e-larte\/#article\",\"isPartOf\":{\"@id\":\"https:\/\/www.article-marketing.eu\/comunicati\/arte-e-cultura\/eva-fischer-la-memoria-e-larte\/\"},\"author\":{\"name\":\"Redazione Comunicati Stampa\",\"@id\":\"https:\/\/www.article-marketing.eu\/comunicati\/#\/schema\/person\/44372e4d4d0fa797b18e03ed1ace9017\"},\"headline\":\"EVA FISCHER La Memoria e l&#8217;Arte\",\"datePublished\":\"2009-03-20T10:19:53+00:00\",\"mainEntityOfPage\":{\"@id\":\"https:\/\/www.article-marketing.eu\/comunicati\/arte-e-cultura\/eva-fischer-la-memoria-e-larte\/\"},\"wordCount\":582,\"commentCount\":0,\"keywords\":[\"alfonsine\",\"eva fischer\",\"Mostra\",\"pittrice\",\"pittura\",\"ravenna\"],\"articleSection\":[\"Arte e cultura\"],\"inLanguage\":\"it-IT\",\"potentialAction\":[{\"@type\":\"CommentAction\",\"name\":\"Comment\",\"target\":[\"https:\/\/www.article-marketing.eu\/comunicati\/arte-e-cultura\/eva-fischer-la-memoria-e-larte\/#respond\"]}]},{\"@type\":\"WebPage\",\"@id\":\"https:\/\/www.article-marketing.eu\/comunicati\/arte-e-cultura\/eva-fischer-la-memoria-e-larte\/\",\"url\":\"https:\/\/www.article-marketing.eu\/comunicati\/arte-e-cultura\/eva-fischer-la-memoria-e-larte\/\",\"name\":\"EVA FISCHER La Memoria e l'Arte - Article Marketing\",\"isPartOf\":{\"@id\":\"https:\/\/www.article-marketing.eu\/comunicati\/#website\"},\"datePublished\":\"2009-03-20T10:19:53+00:00\",\"author\":{\"@id\":\"https:\/\/www.article-marketing.eu\/comunicati\/#\/schema\/person\/44372e4d4d0fa797b18e03ed1ace9017\"},\"breadcrumb\":{\"@id\":\"https:\/\/www.article-marketing.eu\/comunicati\/arte-e-cultura\/eva-fischer-la-memoria-e-larte\/#breadcrumb\"},\"inLanguage\":\"it-IT\",\"potentialAction\":[{\"@type\":\"ReadAction\",\"target\":[\"https:\/\/www.article-marketing.eu\/comunicati\/arte-e-cultura\/eva-fischer-la-memoria-e-larte\/\"]}]},{\"@type\":\"BreadcrumbList\",\"@id\":\"https:\/\/www.article-marketing.eu\/comunicati\/arte-e-cultura\/eva-fischer-la-memoria-e-larte\/#breadcrumb\",\"itemListElement\":[{\"@type\":\"ListItem\",\"position\":1,\"name\":\"Home\",\"item\":\"https:\/\/www.article-marketing.eu\/comunicati\/\"},{\"@type\":\"ListItem\",\"position\":2,\"name\":\"EVA FISCHER La Memoria e l&#8217;Arte\"}]},{\"@type\":\"WebSite\",\"@id\":\"https:\/\/www.article-marketing.eu\/comunicati\/#website\",\"url\":\"https:\/\/www.article-marketing.eu\/comunicati\/\",\"name\":\"Article Marketing\",\"description\":\"article marketing &amp; press release\",\"potentialAction\":[{\"@type\":\"SearchAction\",\"target\":{\"@type\":\"EntryPoint\",\"urlTemplate\":\"https:\/\/www.article-marketing.eu\/comunicati\/?s={search_term_string}\"},\"query-input\":{\"@type\":\"PropertyValueSpecification\",\"valueRequired\":true,\"valueName\":\"search_term_string\"}}],\"inLanguage\":\"it-IT\"},{\"@type\":\"Person\",\"@id\":\"https:\/\/www.article-marketing.eu\/comunicati\/#\/schema\/person\/44372e4d4d0fa797b18e03ed1ace9017\",\"name\":\"Redazione Comunicati Stampa\",\"image\":{\"@type\":\"ImageObject\",\"inLanguage\":\"it-IT\",\"@id\":\"https:\/\/www.article-marketing.eu\/comunicati\/#\/schema\/person\/image\/\",\"url\":\"https:\/\/secure.gravatar.com\/avatar\/50e5c6421d3072f42e7ace803501602c60d75233d34e29fd05feb91c8760b792?s=96&d=mm&r=g\",\"contentUrl\":\"https:\/\/secure.gravatar.com\/avatar\/50e5c6421d3072f42e7ace803501602c60d75233d34e29fd05feb91c8760b792?s=96&d=mm&r=g\",\"caption\":\"Redazione Comunicati Stampa\"},\"url\":\"https:\/\/www.article-marketing.eu\/comunicati\/author\/redazione-comunicati-stampa\/\"}]}<\/script>\n<!-- \/ Yoast SEO plugin. -->","yoast_head_json":{"title":"EVA FISCHER La Memoria e l'Arte - Article Marketing","robots":{"index":"index","follow":"follow","max-snippet":"max-snippet:-1","max-image-preview":"max-image-preview:large","max-video-preview":"max-video-preview:-1"},"canonical":"https:\/\/www.article-marketing.eu\/comunicati\/arte-e-cultura\/eva-fischer-la-memoria-e-larte\/","og_locale":"it_IT","og_type":"article","og_title":"EVA FISCHER La Memoria e l'Arte - Article Marketing","og_description":"dal 10 aprile al 17 maggio 2009 doppia mostra di Eva Fischer ad Alfonsine (Ravenna)","og_url":"https:\/\/www.article-marketing.eu\/comunicati\/arte-e-cultura\/eva-fischer-la-memoria-e-larte\/","og_site_name":"Article Marketing","article_published_time":"2009-03-20T10:19:53+00:00","author":"Redazione Comunicati Stampa","twitter_card":"summary_large_image","twitter_misc":{"Scritto da":"Redazione Comunicati Stampa","Tempo di lettura stimato":"3 minuti"},"schema":{"@context":"https:\/\/schema.org","@graph":[{"@type":"Article","@id":"https:\/\/www.article-marketing.eu\/comunicati\/arte-e-cultura\/eva-fischer-la-memoria-e-larte\/#article","isPartOf":{"@id":"https:\/\/www.article-marketing.eu\/comunicati\/arte-e-cultura\/eva-fischer-la-memoria-e-larte\/"},"author":{"name":"Redazione Comunicati Stampa","@id":"https:\/\/www.article-marketing.eu\/comunicati\/#\/schema\/person\/44372e4d4d0fa797b18e03ed1ace9017"},"headline":"EVA FISCHER La Memoria e l&#8217;Arte","datePublished":"2009-03-20T10:19:53+00:00","mainEntityOfPage":{"@id":"https:\/\/www.article-marketing.eu\/comunicati\/arte-e-cultura\/eva-fischer-la-memoria-e-larte\/"},"wordCount":582,"commentCount":0,"keywords":["alfonsine","eva fischer","Mostra","pittrice","pittura","ravenna"],"articleSection":["Arte e cultura"],"inLanguage":"it-IT","potentialAction":[{"@type":"CommentAction","name":"Comment","target":["https:\/\/www.article-marketing.eu\/comunicati\/arte-e-cultura\/eva-fischer-la-memoria-e-larte\/#respond"]}]},{"@type":"WebPage","@id":"https:\/\/www.article-marketing.eu\/comunicati\/arte-e-cultura\/eva-fischer-la-memoria-e-larte\/","url":"https:\/\/www.article-marketing.eu\/comunicati\/arte-e-cultura\/eva-fischer-la-memoria-e-larte\/","name":"EVA FISCHER La Memoria e l'Arte - Article Marketing","isPartOf":{"@id":"https:\/\/www.article-marketing.eu\/comunicati\/#website"},"datePublished":"2009-03-20T10:19:53+00:00","author":{"@id":"https:\/\/www.article-marketing.eu\/comunicati\/#\/schema\/person\/44372e4d4d0fa797b18e03ed1ace9017"},"breadcrumb":{"@id":"https:\/\/www.article-marketing.eu\/comunicati\/arte-e-cultura\/eva-fischer-la-memoria-e-larte\/#breadcrumb"},"inLanguage":"it-IT","potentialAction":[{"@type":"ReadAction","target":["https:\/\/www.article-marketing.eu\/comunicati\/arte-e-cultura\/eva-fischer-la-memoria-e-larte\/"]}]},{"@type":"BreadcrumbList","@id":"https:\/\/www.article-marketing.eu\/comunicati\/arte-e-cultura\/eva-fischer-la-memoria-e-larte\/#breadcrumb","itemListElement":[{"@type":"ListItem","position":1,"name":"Home","item":"https:\/\/www.article-marketing.eu\/comunicati\/"},{"@type":"ListItem","position":2,"name":"EVA FISCHER La Memoria e l&#8217;Arte"}]},{"@type":"WebSite","@id":"https:\/\/www.article-marketing.eu\/comunicati\/#website","url":"https:\/\/www.article-marketing.eu\/comunicati\/","name":"Article Marketing","description":"article marketing &amp; press release","potentialAction":[{"@type":"SearchAction","target":{"@type":"EntryPoint","urlTemplate":"https:\/\/www.article-marketing.eu\/comunicati\/?s={search_term_string}"},"query-input":{"@type":"PropertyValueSpecification","valueRequired":true,"valueName":"search_term_string"}}],"inLanguage":"it-IT"},{"@type":"Person","@id":"https:\/\/www.article-marketing.eu\/comunicati\/#\/schema\/person\/44372e4d4d0fa797b18e03ed1ace9017","name":"Redazione Comunicati Stampa","image":{"@type":"ImageObject","inLanguage":"it-IT","@id":"https:\/\/www.article-marketing.eu\/comunicati\/#\/schema\/person\/image\/","url":"https:\/\/secure.gravatar.com\/avatar\/50e5c6421d3072f42e7ace803501602c60d75233d34e29fd05feb91c8760b792?s=96&d=mm&r=g","contentUrl":"https:\/\/secure.gravatar.com\/avatar\/50e5c6421d3072f42e7ace803501602c60d75233d34e29fd05feb91c8760b792?s=96&d=mm&r=g","caption":"Redazione Comunicati Stampa"},"url":"https:\/\/www.article-marketing.eu\/comunicati\/author\/redazione-comunicati-stampa\/"}]}},"_links":{"self":[{"href":"https:\/\/www.article-marketing.eu\/comunicati\/wp-json\/wp\/v2\/posts\/1606","targetHints":{"allow":["GET"]}}],"collection":[{"href":"https:\/\/www.article-marketing.eu\/comunicati\/wp-json\/wp\/v2\/posts"}],"about":[{"href":"https:\/\/www.article-marketing.eu\/comunicati\/wp-json\/wp\/v2\/types\/post"}],"author":[{"embeddable":true,"href":"https:\/\/www.article-marketing.eu\/comunicati\/wp-json\/wp\/v2\/users\/10"}],"replies":[{"embeddable":true,"href":"https:\/\/www.article-marketing.eu\/comunicati\/wp-json\/wp\/v2\/comments?post=1606"}],"version-history":[{"count":0,"href":"https:\/\/www.article-marketing.eu\/comunicati\/wp-json\/wp\/v2\/posts\/1606\/revisions"}],"wp:attachment":[{"href":"https:\/\/www.article-marketing.eu\/comunicati\/wp-json\/wp\/v2\/media?parent=1606"}],"wp:term":[{"taxonomy":"category","embeddable":true,"href":"https:\/\/www.article-marketing.eu\/comunicati\/wp-json\/wp\/v2\/categories?post=1606"},{"taxonomy":"post_tag","embeddable":true,"href":"https:\/\/www.article-marketing.eu\/comunicati\/wp-json\/wp\/v2\/tags?post=1606"}],"curies":[{"name":"wp","href":"https:\/\/api.w.org\/{rel}","templated":true}]}}