{"id":1607,"date":"2009-03-20T12:22:54","date_gmt":"2009-03-20T11:22:54","guid":{"rendered":"http:\/\/www.article-marketing.eu\/comunicati\/senza-categoria\/il-web-2-0-avvicina-la-politica-al-territorio\/"},"modified":"2018-06-04T20:13:01","modified_gmt":"2018-06-04T18:13:01","slug":"il-web-2-0-avvicina-la-politica-al-territorio","status":"publish","type":"post","link":"https:\/\/www.article-marketing.eu\/comunicati\/comunicati-stampa\/il-web-2-0-avvicina-la-politica-al-territorio\/","title":{"rendered":"Il web 2.0 avvicina la politica al territorio"},"content":{"rendered":"<p><strong>Torino, 20 marzo<\/strong> \u2013 Il web 2.0 pu\u00f2 essere utile alla politica? A questa domanda hanno risposto politici ed esperti di comunicazione digitale intervenuti luned\u00ec 16 marzo al convegno \u201cDalla rete sul territorio al territorio sulla rete?\u201d organizzato da Societ\u00e0 Aperta.<\/p>\n<p>Angelo Burzi, Presidente del Gruppo FI-PDL della Regione Piemonte, ha introdotto i partecipanti e moderato l\u2019incontro sostenendo che \u201cil web 2.0 \u00e8 una piazza molto frequentata specialmente dai giovani e i suoi canali possono risultare estremamente utili alla politica a patto che si utilizzino con la massima libert\u00e0 e responsabilit\u00e0\u201d.<\/p>\n<p>&nbsp;<\/p>\n<p>Claudia Porchietto, l\u2019imprenditrice candidata alla Presidenza della Provincia di Torino per il PdL, \u00e8 stata la prima ad intervenire esprimendo la sua fiducia nei confronti del web 2.0. \u201cLa rete\u201d \u2013 ha dichiarato \u2013 \u201coffre ad un politico numerose e nuove opportunit\u00e0, soprattutto dal punto di vista del dialogo con i cittadini e con il territorio a 360\u00b0. I miei contatti in Facebook, ad esempio, sono arrivati in pochi giorni a 1.400 e ho riscontrato che la platea di questo social network \u00e8 attenta e interessata alla politica.<\/p>\n<p>La condivisione \u00e8 ci\u00f2 che rende gli strumenti web 2.0 estremamente preziosi; consentono di conoscere facilmente i pensieri dei potenziali elettori e attraverso di essi si pu\u00f2 avviare un processo di scambio di opinioni costruttivo, ad esempio sul proprio programma, rivolgendosi ad un numero molto ampio di persone, che a loro volta hanno la possibilit\u00e0 di partecipare anche alla sua redazione\u201d.<\/p>\n<p>&nbsp;<\/p>\n<p>L\u2019On. Daniele Capezzone, portavoce nazionale FI-PDL e Enzo Ghigo, coordinatore regionale FI-PDL, hanno espresso attraverso le loro esperienze sul campo la convinzione riguardo l\u2019utilit\u00e0 del web 2.0, con qualche riserva. <\/p>\n<p>\u201cIl web 2.0\u201d ha affermato L\u2019On. Daniele Capezzone \u201cha portato ad un collegamento con il mondo prima impensabile, ma anche a qualche nevrosi per la perenne raggiungibilit\u00e0 e l\u2019eliminazione della privacy. E\u2019 uno strumento di comunicazione che si sommer\u00e0 a quelli tradizionali anzich\u00e8 soppiantarl, ma. per utilizzare il web nel modo giusto in campo politico si deve tenere presente che in Italia sono soprattutto gli haters, quelli contro, ad intervenire online, perci\u00f2 i politici devono prepararsi pi\u00f9 ai fischi che agli applausi\u201d. <\/p>\n<p>\u201cAlcune considerazioni\u201d &#8211; ha suggerito poi Capezzone \u2013 \u201critengo infine importanti nel rapporto tra web e politica: la comunicazione deve essere in parte digitale e in parte tradizionale, senza esclusione n\u00e9 dell\u2019una n\u00e9 dell\u2019altra e va organizzata per via prima territoriale, poi tematica ed infine telematica; piuttosto che top down, cio\u00e8 verticale e generata dall\u2019alto verso il basso, come \u00e8 avvenuto nella campagna di Obama o come accade nel blog di Beppe Grillo, l\u2019interazione dovrebbe essere maggiormente down-down; per avere maggiore concretezza e misurabilit\u00e0 l\u2019obiettivo deve essere molto specifico e focalizzato; il vero salto nello sdoganamento di internet pu\u00f2 avvenire, pi\u00f9 che con il computer, tramite il telefono mobile che tutti sanno utilizzare\u201d.<\/p>\n<p>&nbsp;<\/p>\n<p>\u201cIl web \u2013 ha affermato Enzo Ghigo &#8211; \u00e8 ancora poco utilizzato dai politici: su 630 parlamentari solo 231 hanno un sito personale e soltanto 133 sono presenti in Facebook. Questo social network pu\u00f2 essere invece estremamente utile in politica perch\u00e9 rappresenta uno spaccato della societ\u00e0 in cui si trovano commenti spontanei. Se in passato pochi pensatori hanno formulato idee universali, non \u00e8 ipotizzabile che le prossime vengano create dal basso, magari dalla rete?\u201d si \u00e8 chiesto concludendo Enzo Ghigo. <\/p>\n<p>&nbsp;<\/p>\n<p>Fabrizio Bellavista, consulente di comunicazione digitale, ha illustrato il cambiamento generato dagli strumenti web 2.0.<\/p>\n<p>\u201cQuella attuale \u00e8 un\u2019era caratterizzata da grandi cambiamenti, ma nello stesso tempo da paura e caos; bisogna cavalcare l\u2019onda di questo nuovo Rinascimento se si considera che in Italia sono 26 milioni e mezzo gli utenti di Internet, 16 milioni quelli delle communities e che Facebook in due mesi ha registrato 2 milioni di iscritti arrivando ad un totale di 8 milioni e 400mila.<\/p>\n<p>La comunicazione \u00e8 profondamente cambiata: prima era verticale, con Internet \u00e8 divenuta orizzontale ed con il web 2.0 e la condivisione, circolare. <\/p>\n<p>La relazione, caratterizzata da nuovo modo di incontrarsi ed esprimersi, rappresenta il futuro, perch\u00e9 agisce velocemente attraverso una cassa di risonanza globale. Interattivit\u00e0 e personalizzazione sono gli elementi fondanti di questo cambiamento, anche se Internet non soppianter\u00e0 i vecchi media ma convivr\u00e0 accanto ad essi in un mix multilevel.<\/p>\n<p>La rete rappresenta una nuova mentalit\u00e0, un water thinking secondo la definizione di Edward De Bono, fatta di interazioni dentro ad un unico ambiente in cui ogni uomo \u00e8 connesso con il mondo e in cui tutti possono partecipare volontariamente\u201d.<\/p>\n<p>&nbsp;<\/p>\n<p>Chiara De Caro, fondatrice di Pickwicki.com (una web community legata a libri che fa da ponte tra un network di librerie indipendenti e i potenziali clienti), ha testimoniato le propria esperienza in rete e ha tracciato la storia della comunicazione pre e post web 2.0: \u201calla nascita di Internet i siti erano statici e i messaggi avevano una direzione verticale dall\u2019alto verso il basso; con l\u2019avvento del web 2.0 i portali sono invece diventati strutture dinamiche, redatte e aggiornate dagli utenti. Sul web si condividono esperienze e conoscenze e ci\u00f2 \u00e8 stato possibile su ampia scala grazie alla banda larga e a strumenti estremamente semplici che non necessitano di conoscenze di programmazione.<\/p>\n<p>Dal punto di vista politico il web pu\u00f2 quindi diventare un bacino di idee e un amplificatore di esigenze che deve per\u00f2 essere misurato su ogni Paese. L\u2019Italia \u00e8 culturalmente diversa dagli USA, il digital divide \u00e8 profondo sia dal punto di vista territoriale che anagrafico, per cui la sfida che i politici italiani dovranno affrontare sar\u00e0 quella di portare innovazione e cambiare la mentalit\u00e0 dei propri elettori attraverso l\u2019invenzione e non l\u2019imitazione\u201d. <\/p>\n<p>&nbsp;<\/p>\n<p>http:\/\/cambiareinsieme.ning.com\/profiles\/blogs\/dalla-rete-sul-territorio-al<\/p>\n","protected":false},"excerpt":{"rendered":"<p>Si \u00e8 svolto il 16 marzo all\u2019Hotel Golden Palace di Torino un convegno organizzato da Societ\u00e0 Aperta sul tema \u201cDalla rete sul territorio al territorio sulla rete?\u201d a cui hanno partecipato esponenti della politica e della comunicazione digitale<\/p>\n","protected":false},"author":10,"featured_media":0,"comment_status":"open","ping_status":"open","sticky":false,"template":"","format":"standard","meta":{"cybocfi_hide_featured_image":"","footnotes":""},"categories":[190],"tags":[5287,5308,5278,5292,5289,5301,5286,5297,2597,5307,2466,5291,2898,5299,3835,5295,5290,1564,2952,5288,5296,5277,1826,5303,5310,630,4755,5305,2620,5300,5282,272,5280,5304,5294,5293,1789,85,5285,5279,2958,5302,1825,2347,5283,2577,5281,5284,1646,5298,2555,5306,883,5309],"class_list":["post-1607","post","type-post","status-publish","format-standard","hentry","category-comunicati-stampa","tag-angelo-burzi","tag-banda-larga","tag-candidata","tag-chiara-de-caro","tag-claudia-porchietto","tag-comunicazione-circolare","tag-comunicazione-digitale","tag-comunicazione-tradizionale","tag-condivisione","tag-connesso","tag-convegno","tag-daniele-capezzone","tag-digital-divide","tag-down-down","tag-edward-de-bono","tag-elettori","tag-enzo-ghigo","tag-fabrizio-bellavista","tag-facebook","tag-fi-pdl","tag-haters","tag-hotel-golden-palace","tag-innovazione","tag-interattivita","tag-invenzione","tag-italia","tag-liberta","tag-mix-multilevel","tag-mobile","tag-nuovo-rinascimento","tag-oratori","tag-parlamentari","tag-pdl","tag-personalizzazione","tag-piazza","tag-pickwicki","tag-piemonte","tag-politica","tag-politici","tag-presidenza-provincia-torino","tag-programma","tag-relazione","tag-responsabilita","tag-rete","tag-rinnovamento","tag-social-network","tag-societa-aperta","tag-strumenti","tag-territorio","tag-top-down","tag-torino","tag-water-thinking","tag-web-2-0","tag-web-community"],"yoast_head":"<!-- This site is optimized with the Yoast SEO plugin v27.0 - https:\/\/yoast.com\/product\/yoast-seo-wordpress\/ -->\n<title>Il web 2.0 avvicina la politica al territorio - Article Marketing<\/title>\n<meta name=\"robots\" content=\"index, follow, max-snippet:-1, max-image-preview:large, max-video-preview:-1\" \/>\n<link rel=\"canonical\" href=\"https:\/\/www.article-marketing.eu\/comunicati\/comunicati-stampa\/il-web-2-0-avvicina-la-politica-al-territorio\/\" \/>\n<meta property=\"og:locale\" content=\"it_IT\" \/>\n<meta property=\"og:type\" content=\"article\" \/>\n<meta property=\"og:title\" content=\"Il web 2.0 avvicina la politica al territorio - Article Marketing\" \/>\n<meta property=\"og:description\" content=\"Si \u00e8 svolto il 16 marzo all\u2019Hotel Golden Palace di Torino un convegno organizzato da Societ\u00e0 Aperta sul tema \u201cDalla rete sul territorio al territorio sulla rete?\u201d a cui hanno partecipato esponenti della politica e della comunicazione digitale\" \/>\n<meta property=\"og:url\" content=\"https:\/\/www.article-marketing.eu\/comunicati\/comunicati-stampa\/il-web-2-0-avvicina-la-politica-al-territorio\/\" \/>\n<meta property=\"og:site_name\" content=\"Article Marketing\" \/>\n<meta property=\"article:published_time\" content=\"2009-03-20T11:22:54+00:00\" \/>\n<meta property=\"article:modified_time\" content=\"2018-06-04T18:13:01+00:00\" \/>\n<meta name=\"author\" content=\"Redazione Comunicati Stampa\" \/>\n<meta name=\"twitter:card\" content=\"summary_large_image\" \/>\n<meta name=\"twitter:label1\" content=\"Scritto da\" \/>\n\t<meta name=\"twitter:data1\" content=\"Redazione Comunicati Stampa\" \/>\n\t<meta name=\"twitter:label2\" content=\"Tempo di lettura stimato\" \/>\n\t<meta name=\"twitter:data2\" content=\"5 minuti\" \/>\n<script type=\"application\/ld+json\" class=\"yoast-schema-graph\">{\"@context\":\"https:\/\/schema.org\",\"@graph\":[{\"@type\":\"Article\",\"@id\":\"https:\/\/www.article-marketing.eu\/comunicati\/comunicati-stampa\/il-web-2-0-avvicina-la-politica-al-territorio\/#article\",\"isPartOf\":{\"@id\":\"https:\/\/www.article-marketing.eu\/comunicati\/comunicati-stampa\/il-web-2-0-avvicina-la-politica-al-territorio\/\"},\"author\":{\"name\":\"Redazione Comunicati Stampa\",\"@id\":\"https:\/\/www.article-marketing.eu\/comunicati\/#\/schema\/person\/44372e4d4d0fa797b18e03ed1ace9017\"},\"headline\":\"Il web 2.0 avvicina la politica al territorio\",\"datePublished\":\"2009-03-20T11:22:54+00:00\",\"dateModified\":\"2018-06-04T18:13:01+00:00\",\"mainEntityOfPage\":{\"@id\":\"https:\/\/www.article-marketing.eu\/comunicati\/comunicati-stampa\/il-web-2-0-avvicina-la-politica-al-territorio\/\"},\"wordCount\":918,\"commentCount\":0,\"keywords\":[\"angelo burzi\",\"banda larga\",\"candidata\",\"chiara de caro\",\"claudia porchietto\",\"comunicazione circolare\",\"comunicazione digitale\",\"comunicazione tradizionale\",\"condivisione\",\"connesso\",\"convegno\",\"daniele capezzone\",\"digital divide\",\"down-down\",\"edward de bono\",\"elettori\",\"enzo ghigo\",\"fabrizio bellavista\",\"facebook\",\"fi-pdl\",\"haters\",\"hotel golden palace\",\"innovazione\",\"interattivit\u00e0\",\"invenzione\",\"Italia\",\"libert\u00e0\",\"mix multilevel\",\"mobile\",\"nuovo rinascimento\",\"oratori\",\"parlamentari\",\"pdl\",\"personalizzazione\",\"piazza\",\"pickwicki\",\"piemonte\",\"politica\",\"politici\",\"presidenza provincia torino\",\"programma\",\"relazione\",\"responsabilit\u00e0\",\"rete\",\"rinnovamento\",\"social network\",\"societ\u00e0 aperta\",\"strumenti\",\"territorio\",\"top down\",\"Torino\",\"water thinking\",\"web 2.0\",\"web community\"],\"articleSection\":[\"Comunicati stampa\"],\"inLanguage\":\"it-IT\",\"potentialAction\":[{\"@type\":\"CommentAction\",\"name\":\"Comment\",\"target\":[\"https:\/\/www.article-marketing.eu\/comunicati\/comunicati-stampa\/il-web-2-0-avvicina-la-politica-al-territorio\/#respond\"]}]},{\"@type\":\"WebPage\",\"@id\":\"https:\/\/www.article-marketing.eu\/comunicati\/comunicati-stampa\/il-web-2-0-avvicina-la-politica-al-territorio\/\",\"url\":\"https:\/\/www.article-marketing.eu\/comunicati\/comunicati-stampa\/il-web-2-0-avvicina-la-politica-al-territorio\/\",\"name\":\"Il web 2.0 avvicina la politica al territorio - Article Marketing\",\"isPartOf\":{\"@id\":\"https:\/\/www.article-marketing.eu\/comunicati\/#website\"},\"datePublished\":\"2009-03-20T11:22:54+00:00\",\"dateModified\":\"2018-06-04T18:13:01+00:00\",\"author\":{\"@id\":\"https:\/\/www.article-marketing.eu\/comunicati\/#\/schema\/person\/44372e4d4d0fa797b18e03ed1ace9017\"},\"breadcrumb\":{\"@id\":\"https:\/\/www.article-marketing.eu\/comunicati\/comunicati-stampa\/il-web-2-0-avvicina-la-politica-al-territorio\/#breadcrumb\"},\"inLanguage\":\"it-IT\",\"potentialAction\":[{\"@type\":\"ReadAction\",\"target\":[\"https:\/\/www.article-marketing.eu\/comunicati\/comunicati-stampa\/il-web-2-0-avvicina-la-politica-al-territorio\/\"]}]},{\"@type\":\"BreadcrumbList\",\"@id\":\"https:\/\/www.article-marketing.eu\/comunicati\/comunicati-stampa\/il-web-2-0-avvicina-la-politica-al-territorio\/#breadcrumb\",\"itemListElement\":[{\"@type\":\"ListItem\",\"position\":1,\"name\":\"Home\",\"item\":\"https:\/\/www.article-marketing.eu\/comunicati\/\"},{\"@type\":\"ListItem\",\"position\":2,\"name\":\"Il web 2.0 avvicina la politica al territorio\"}]},{\"@type\":\"WebSite\",\"@id\":\"https:\/\/www.article-marketing.eu\/comunicati\/#website\",\"url\":\"https:\/\/www.article-marketing.eu\/comunicati\/\",\"name\":\"Article Marketing\",\"description\":\"article marketing &amp; press release\",\"potentialAction\":[{\"@type\":\"SearchAction\",\"target\":{\"@type\":\"EntryPoint\",\"urlTemplate\":\"https:\/\/www.article-marketing.eu\/comunicati\/?s={search_term_string}\"},\"query-input\":{\"@type\":\"PropertyValueSpecification\",\"valueRequired\":true,\"valueName\":\"search_term_string\"}}],\"inLanguage\":\"it-IT\"},{\"@type\":\"Person\",\"@id\":\"https:\/\/www.article-marketing.eu\/comunicati\/#\/schema\/person\/44372e4d4d0fa797b18e03ed1ace9017\",\"name\":\"Redazione Comunicati Stampa\",\"image\":{\"@type\":\"ImageObject\",\"inLanguage\":\"it-IT\",\"@id\":\"https:\/\/www.article-marketing.eu\/comunicati\/#\/schema\/person\/image\/\",\"url\":\"https:\/\/secure.gravatar.com\/avatar\/50e5c6421d3072f42e7ace803501602c60d75233d34e29fd05feb91c8760b792?s=96&d=mm&r=g\",\"contentUrl\":\"https:\/\/secure.gravatar.com\/avatar\/50e5c6421d3072f42e7ace803501602c60d75233d34e29fd05feb91c8760b792?s=96&d=mm&r=g\",\"caption\":\"Redazione Comunicati Stampa\"},\"url\":\"https:\/\/www.article-marketing.eu\/comunicati\/author\/redazione-comunicati-stampa\/\"}]}<\/script>\n<!-- \/ Yoast SEO plugin. -->","yoast_head_json":{"title":"Il web 2.0 avvicina la politica al territorio - Article Marketing","robots":{"index":"index","follow":"follow","max-snippet":"max-snippet:-1","max-image-preview":"max-image-preview:large","max-video-preview":"max-video-preview:-1"},"canonical":"https:\/\/www.article-marketing.eu\/comunicati\/comunicati-stampa\/il-web-2-0-avvicina-la-politica-al-territorio\/","og_locale":"it_IT","og_type":"article","og_title":"Il web 2.0 avvicina la politica al territorio - Article Marketing","og_description":"Si \u00e8 svolto il 16 marzo all\u2019Hotel Golden Palace di Torino un convegno organizzato da Societ\u00e0 Aperta sul tema \u201cDalla rete sul territorio al territorio sulla rete?\u201d a cui hanno partecipato esponenti della politica e della comunicazione digitale","og_url":"https:\/\/www.article-marketing.eu\/comunicati\/comunicati-stampa\/il-web-2-0-avvicina-la-politica-al-territorio\/","og_site_name":"Article Marketing","article_published_time":"2009-03-20T11:22:54+00:00","article_modified_time":"2018-06-04T18:13:01+00:00","author":"Redazione Comunicati Stampa","twitter_card":"summary_large_image","twitter_misc":{"Scritto da":"Redazione Comunicati Stampa","Tempo di lettura stimato":"5 minuti"},"schema":{"@context":"https:\/\/schema.org","@graph":[{"@type":"Article","@id":"https:\/\/www.article-marketing.eu\/comunicati\/comunicati-stampa\/il-web-2-0-avvicina-la-politica-al-territorio\/#article","isPartOf":{"@id":"https:\/\/www.article-marketing.eu\/comunicati\/comunicati-stampa\/il-web-2-0-avvicina-la-politica-al-territorio\/"},"author":{"name":"Redazione Comunicati Stampa","@id":"https:\/\/www.article-marketing.eu\/comunicati\/#\/schema\/person\/44372e4d4d0fa797b18e03ed1ace9017"},"headline":"Il web 2.0 avvicina la politica al territorio","datePublished":"2009-03-20T11:22:54+00:00","dateModified":"2018-06-04T18:13:01+00:00","mainEntityOfPage":{"@id":"https:\/\/www.article-marketing.eu\/comunicati\/comunicati-stampa\/il-web-2-0-avvicina-la-politica-al-territorio\/"},"wordCount":918,"commentCount":0,"keywords":["angelo burzi","banda larga","candidata","chiara de caro","claudia porchietto","comunicazione circolare","comunicazione digitale","comunicazione tradizionale","condivisione","connesso","convegno","daniele capezzone","digital divide","down-down","edward de bono","elettori","enzo ghigo","fabrizio bellavista","facebook","fi-pdl","haters","hotel golden palace","innovazione","interattivit\u00e0","invenzione","Italia","libert\u00e0","mix multilevel","mobile","nuovo rinascimento","oratori","parlamentari","pdl","personalizzazione","piazza","pickwicki","piemonte","politica","politici","presidenza provincia torino","programma","relazione","responsabilit\u00e0","rete","rinnovamento","social network","societ\u00e0 aperta","strumenti","territorio","top down","Torino","water thinking","web 2.0","web community"],"articleSection":["Comunicati stampa"],"inLanguage":"it-IT","potentialAction":[{"@type":"CommentAction","name":"Comment","target":["https:\/\/www.article-marketing.eu\/comunicati\/comunicati-stampa\/il-web-2-0-avvicina-la-politica-al-territorio\/#respond"]}]},{"@type":"WebPage","@id":"https:\/\/www.article-marketing.eu\/comunicati\/comunicati-stampa\/il-web-2-0-avvicina-la-politica-al-territorio\/","url":"https:\/\/www.article-marketing.eu\/comunicati\/comunicati-stampa\/il-web-2-0-avvicina-la-politica-al-territorio\/","name":"Il web 2.0 avvicina la politica al territorio - Article Marketing","isPartOf":{"@id":"https:\/\/www.article-marketing.eu\/comunicati\/#website"},"datePublished":"2009-03-20T11:22:54+00:00","dateModified":"2018-06-04T18:13:01+00:00","author":{"@id":"https:\/\/www.article-marketing.eu\/comunicati\/#\/schema\/person\/44372e4d4d0fa797b18e03ed1ace9017"},"breadcrumb":{"@id":"https:\/\/www.article-marketing.eu\/comunicati\/comunicati-stampa\/il-web-2-0-avvicina-la-politica-al-territorio\/#breadcrumb"},"inLanguage":"it-IT","potentialAction":[{"@type":"ReadAction","target":["https:\/\/www.article-marketing.eu\/comunicati\/comunicati-stampa\/il-web-2-0-avvicina-la-politica-al-territorio\/"]}]},{"@type":"BreadcrumbList","@id":"https:\/\/www.article-marketing.eu\/comunicati\/comunicati-stampa\/il-web-2-0-avvicina-la-politica-al-territorio\/#breadcrumb","itemListElement":[{"@type":"ListItem","position":1,"name":"Home","item":"https:\/\/www.article-marketing.eu\/comunicati\/"},{"@type":"ListItem","position":2,"name":"Il web 2.0 avvicina la politica al territorio"}]},{"@type":"WebSite","@id":"https:\/\/www.article-marketing.eu\/comunicati\/#website","url":"https:\/\/www.article-marketing.eu\/comunicati\/","name":"Article Marketing","description":"article marketing &amp; press release","potentialAction":[{"@type":"SearchAction","target":{"@type":"EntryPoint","urlTemplate":"https:\/\/www.article-marketing.eu\/comunicati\/?s={search_term_string}"},"query-input":{"@type":"PropertyValueSpecification","valueRequired":true,"valueName":"search_term_string"}}],"inLanguage":"it-IT"},{"@type":"Person","@id":"https:\/\/www.article-marketing.eu\/comunicati\/#\/schema\/person\/44372e4d4d0fa797b18e03ed1ace9017","name":"Redazione Comunicati Stampa","image":{"@type":"ImageObject","inLanguage":"it-IT","@id":"https:\/\/www.article-marketing.eu\/comunicati\/#\/schema\/person\/image\/","url":"https:\/\/secure.gravatar.com\/avatar\/50e5c6421d3072f42e7ace803501602c60d75233d34e29fd05feb91c8760b792?s=96&d=mm&r=g","contentUrl":"https:\/\/secure.gravatar.com\/avatar\/50e5c6421d3072f42e7ace803501602c60d75233d34e29fd05feb91c8760b792?s=96&d=mm&r=g","caption":"Redazione Comunicati Stampa"},"url":"https:\/\/www.article-marketing.eu\/comunicati\/author\/redazione-comunicati-stampa\/"}]}},"_links":{"self":[{"href":"https:\/\/www.article-marketing.eu\/comunicati\/wp-json\/wp\/v2\/posts\/1607","targetHints":{"allow":["GET"]}}],"collection":[{"href":"https:\/\/www.article-marketing.eu\/comunicati\/wp-json\/wp\/v2\/posts"}],"about":[{"href":"https:\/\/www.article-marketing.eu\/comunicati\/wp-json\/wp\/v2\/types\/post"}],"author":[{"embeddable":true,"href":"https:\/\/www.article-marketing.eu\/comunicati\/wp-json\/wp\/v2\/users\/10"}],"replies":[{"embeddable":true,"href":"https:\/\/www.article-marketing.eu\/comunicati\/wp-json\/wp\/v2\/comments?post=1607"}],"version-history":[{"count":1,"href":"https:\/\/www.article-marketing.eu\/comunicati\/wp-json\/wp\/v2\/posts\/1607\/revisions"}],"predecessor-version":[{"id":55393,"href":"https:\/\/www.article-marketing.eu\/comunicati\/wp-json\/wp\/v2\/posts\/1607\/revisions\/55393"}],"wp:attachment":[{"href":"https:\/\/www.article-marketing.eu\/comunicati\/wp-json\/wp\/v2\/media?parent=1607"}],"wp:term":[{"taxonomy":"category","embeddable":true,"href":"https:\/\/www.article-marketing.eu\/comunicati\/wp-json\/wp\/v2\/categories?post=1607"},{"taxonomy":"post_tag","embeddable":true,"href":"https:\/\/www.article-marketing.eu\/comunicati\/wp-json\/wp\/v2\/tags?post=1607"}],"curies":[{"name":"wp","href":"https:\/\/api.w.org\/{rel}","templated":true}]}}