{"id":16177,"date":"2011-05-16T16:19:12","date_gmt":"2011-05-16T14:19:12","guid":{"rendered":"http:\/\/www.article-marketing.eu\/comunicati\/senza-categoria\/a-bellaria-il-film-festival-il-mare-la-cultura\/"},"modified":"2011-05-16T16:19:12","modified_gmt":"2011-05-16T14:19:12","slug":"a-bellaria-il-film-festival-il-mare-la-cultura","status":"publish","type":"post","link":"https:\/\/www.article-marketing.eu\/comunicati\/viaggi-e-vacanze\/viaggi-e-turismo\/a-bellaria-il-film-festival-il-mare-la-cultura\/","title":{"rendered":"A Bellaria il Film Festival, il mare, la cultura"},"content":{"rendered":"<p>A Bellaria tutto &egrave; ormai pronto per la 29&deg; edizione del Film Festival. Dal 2 al 5 giugno, i vari appuntamenti del festival riempiranno le giornate dei fortunati partecipanti; nato nel 1983, il festival da sempre accende i riflettori sul cinema indipendente italiano. Negli ultimi anni l&#8217;attenzione si &egrave; concentrata sul genere del documentario, sia italiano che internazionale; quest&#8217;anno ci saranno due concorsi, Italia Doc e Crossmedia Doc, il primo dedicato a lavori nazionali, l&#8217;altro alle forme pi&ugrave; sperimentali di documentario, che utilizzano i nuovi media per la loro diffusione.<\/p>\n<p>Bellaria &egrave; una localit&agrave; balneare in provincia di Rimini: la meta preferita dalle famiglie, offre spiagge dai fondali bassi, costantemente monitorate da esperti bagnini e una vasta gamma di attrezzature per far divertire grandi e piccini. A Bellaria &egrave; possibile fare shopping lungo il bel viale dei Platani, gustare un buon gelato fresco, portare i bambini a divertirsi con le altalene nei parchi e stare in spiaggia l&#8217;intera giornata, alternando bagni di sole a bagni in mare. Sugli<a href=\"http:\/\/www.hotelsbellaria.net\" target=\"_blank\"> alberghi a Bellaria i commenti <\/a>sono quasi sempre entusiasti, perch&eacute; gli hotel sono gestiti da famiglie cordiali e con una lunga esperienza alle spalle: ce ne sono per ogni fascia di prezzo e per ogni esigenza, e si avr&agrave; l&#8217;imbarazzo della scelta.<\/p>\n<p>Da Bellaria &egrave; possibile raggiungere in breve tempo l&#8217;Italia in Miniatura, parco tematico unico nel suo genere, che in pochi ettari ricostruisce i principali monumenti del nostro Bel Paese; oppure, proseguendo qualche chilometro pi&ugrave; a sud, si potr&agrave; giungere a Rimini, che ha un centro storico che offre molto da un punto di vista storico culturale. Essendo di origini romane, infatti, conserva ancora importantissime testimonianze dei fasti imperiali, come l&#8217;Arco d&#8217;Augusto, il ponte di Tiberio e le rovine della Domus del Chirurgo, recentemente aperta al pubblico.<br \/>\nAncora, in breve tempo dirigendosi verso nord si giunge a Cesenatico. Una passeggiata lungo il portocanale vi trasporter&agrave; in un&#8217;atmosfera da Nord Europa. Qui, il 20 e il 21 maggio, protagoniste saranno le biciclette con &ldquo;Ciclo &amp; vento&rdquo;, esposizione di tutto ci&ograve; che ruota, &egrave; proprio il caso di dirlo, attorno al mondo del cicloturismo e che si inserisce nell&#8217;ambito della Settimana del Cicloturismo. Giunta alla sedicesima edizione, la manifestazione si tiene sotto il grattacielo e si rivolge a professionisti, amatori o a chi sceglie la bicicletta come mezzo ecologico, economico e salutare per spostarsi in citt&agrave;. Sar&agrave; possibile scoprire tutte le novit&agrave; del settore, dai telai in carbonio fino agli integratori sportivi e alle riviste specializzate. A margine, una serie di iniziative correlate, come lezioni di spinning. Ingresso gratuito.<br \/>\nIl 1&deg; luglio tutta la riviera si illuminer&agrave; di rosa per il capodanno dell&#8217;estate, la Notte Rosa. In piazza Costa, davanti al grattacielo di Cesenatico, in collaborazione con Radio Bruno dalle 22 si terr&agrave; uno show che vedr&agrave; la partecipazione di grossi nomi della musica italiana. A mezzanotte il cielo sar&agrave; illuminato da splendidi fuochi d&#8217;artificio, che saranno ben visibili anche da coloro che avranno deciso di buttarsi in acqua per il bagno di mezzanotte, un&#8217;iniziativa che avverr&agrave; in completa sicurezza grazie alla presenza di personale specializzato.<br \/>\nIl grattacielo di Cesenatico sar&agrave; &ldquo;vestito&rdquo; dalle immagini proiettate sulla sua superficie, che lo renderanno ancora pi&ugrave; interessante da guardare: fermi immagine tratti dalle pellicole che hanno fatto la storia del cinema italiano. Negozi, locali, alberghi e stabilimenti balneari si ricopriranno di rosa grazie ad addobbi e faretti.<\/p>\n","protected":false},"excerpt":{"rendered":"<p>Bellaria, cittadina balneare in provincia di Rimini, a giugno ospita il Film Festival, ottima opportunit\u00e0 per assistere a anteprime speciali. In pi\u00f9, il consueto calore dell&#8217;ospitalit\u00e0 romagnola e la possibilit\u00e0 di visitare i dintorni.<\/p>\n","protected":false},"author":10,"featured_media":0,"comment_status":"open","ping_status":"open","sticky":false,"template":"","format":"standard","meta":{"cybocfi_hide_featured_image":"","footnotes":""},"categories":[2],"tags":[],"class_list":["post-16177","post","type-post","status-publish","format-standard","hentry","category-viaggi-e-turismo"],"yoast_head":"<!-- This site is optimized with the Yoast SEO plugin v27.0 - https:\/\/yoast.com\/product\/yoast-seo-wordpress\/ -->\n<title>A Bellaria il Film Festival, il mare, la cultura - Article Marketing<\/title>\n<meta name=\"robots\" content=\"index, follow, max-snippet:-1, max-image-preview:large, max-video-preview:-1\" \/>\n<link rel=\"canonical\" href=\"https:\/\/www.article-marketing.eu\/comunicati\/viaggi-e-vacanze\/viaggi-e-turismo\/a-bellaria-il-film-festival-il-mare-la-cultura\/\" \/>\n<meta property=\"og:locale\" content=\"it_IT\" \/>\n<meta property=\"og:type\" content=\"article\" \/>\n<meta property=\"og:title\" content=\"A Bellaria il Film Festival, il mare, la cultura - Article Marketing\" \/>\n<meta property=\"og:description\" content=\"Bellaria, cittadina balneare in provincia di Rimini, a giugno ospita il Film Festival, ottima opportunit\u00e0 per assistere a anteprime speciali. In pi\u00f9, il consueto calore dell&#039;ospitalit\u00e0 romagnola e la possibilit\u00e0 di visitare i dintorni.\" \/>\n<meta property=\"og:url\" content=\"https:\/\/www.article-marketing.eu\/comunicati\/viaggi-e-vacanze\/viaggi-e-turismo\/a-bellaria-il-film-festival-il-mare-la-cultura\/\" \/>\n<meta property=\"og:site_name\" content=\"Article Marketing\" \/>\n<meta property=\"article:published_time\" content=\"2011-05-16T14:19:12+00:00\" \/>\n<meta name=\"author\" content=\"Redazione Comunicati Stampa\" \/>\n<meta name=\"twitter:card\" content=\"summary_large_image\" \/>\n<meta name=\"twitter:label1\" content=\"Scritto da\" \/>\n\t<meta name=\"twitter:data1\" content=\"Redazione Comunicati Stampa\" \/>\n\t<meta name=\"twitter:label2\" content=\"Tempo di lettura stimato\" \/>\n\t<meta name=\"twitter:data2\" content=\"3 minuti\" \/>\n<script type=\"application\/ld+json\" class=\"yoast-schema-graph\">{\"@context\":\"https:\/\/schema.org\",\"@graph\":[{\"@type\":\"Article\",\"@id\":\"https:\/\/www.article-marketing.eu\/comunicati\/viaggi-e-vacanze\/viaggi-e-turismo\/a-bellaria-il-film-festival-il-mare-la-cultura\/#article\",\"isPartOf\":{\"@id\":\"https:\/\/www.article-marketing.eu\/comunicati\/viaggi-e-vacanze\/viaggi-e-turismo\/a-bellaria-il-film-festival-il-mare-la-cultura\/\"},\"author\":{\"name\":\"Redazione Comunicati Stampa\",\"@id\":\"https:\/\/www.article-marketing.eu\/comunicati\/#\/schema\/person\/44372e4d4d0fa797b18e03ed1ace9017\"},\"headline\":\"A Bellaria il Film Festival, il mare, la cultura\",\"datePublished\":\"2011-05-16T14:19:12+00:00\",\"mainEntityOfPage\":{\"@id\":\"https:\/\/www.article-marketing.eu\/comunicati\/viaggi-e-vacanze\/viaggi-e-turismo\/a-bellaria-il-film-festival-il-mare-la-cultura\/\"},\"wordCount\":586,\"commentCount\":0,\"articleSection\":[\"Viaggi e Turismo\"],\"inLanguage\":\"it-IT\",\"potentialAction\":[{\"@type\":\"CommentAction\",\"name\":\"Comment\",\"target\":[\"https:\/\/www.article-marketing.eu\/comunicati\/viaggi-e-vacanze\/viaggi-e-turismo\/a-bellaria-il-film-festival-il-mare-la-cultura\/#respond\"]}]},{\"@type\":\"WebPage\",\"@id\":\"https:\/\/www.article-marketing.eu\/comunicati\/viaggi-e-vacanze\/viaggi-e-turismo\/a-bellaria-il-film-festival-il-mare-la-cultura\/\",\"url\":\"https:\/\/www.article-marketing.eu\/comunicati\/viaggi-e-vacanze\/viaggi-e-turismo\/a-bellaria-il-film-festival-il-mare-la-cultura\/\",\"name\":\"A Bellaria il Film Festival, il mare, la cultura - Article Marketing\",\"isPartOf\":{\"@id\":\"https:\/\/www.article-marketing.eu\/comunicati\/#website\"},\"datePublished\":\"2011-05-16T14:19:12+00:00\",\"author\":{\"@id\":\"https:\/\/www.article-marketing.eu\/comunicati\/#\/schema\/person\/44372e4d4d0fa797b18e03ed1ace9017\"},\"breadcrumb\":{\"@id\":\"https:\/\/www.article-marketing.eu\/comunicati\/viaggi-e-vacanze\/viaggi-e-turismo\/a-bellaria-il-film-festival-il-mare-la-cultura\/#breadcrumb\"},\"inLanguage\":\"it-IT\",\"potentialAction\":[{\"@type\":\"ReadAction\",\"target\":[\"https:\/\/www.article-marketing.eu\/comunicati\/viaggi-e-vacanze\/viaggi-e-turismo\/a-bellaria-il-film-festival-il-mare-la-cultura\/\"]}]},{\"@type\":\"BreadcrumbList\",\"@id\":\"https:\/\/www.article-marketing.eu\/comunicati\/viaggi-e-vacanze\/viaggi-e-turismo\/a-bellaria-il-film-festival-il-mare-la-cultura\/#breadcrumb\",\"itemListElement\":[{\"@type\":\"ListItem\",\"position\":1,\"name\":\"Home\",\"item\":\"https:\/\/www.article-marketing.eu\/comunicati\/\"},{\"@type\":\"ListItem\",\"position\":2,\"name\":\"A Bellaria il Film Festival, il mare, la cultura\"}]},{\"@type\":\"WebSite\",\"@id\":\"https:\/\/www.article-marketing.eu\/comunicati\/#website\",\"url\":\"https:\/\/www.article-marketing.eu\/comunicati\/\",\"name\":\"Article Marketing\",\"description\":\"article marketing &amp; press release\",\"potentialAction\":[{\"@type\":\"SearchAction\",\"target\":{\"@type\":\"EntryPoint\",\"urlTemplate\":\"https:\/\/www.article-marketing.eu\/comunicati\/?s={search_term_string}\"},\"query-input\":{\"@type\":\"PropertyValueSpecification\",\"valueRequired\":true,\"valueName\":\"search_term_string\"}}],\"inLanguage\":\"it-IT\"},{\"@type\":\"Person\",\"@id\":\"https:\/\/www.article-marketing.eu\/comunicati\/#\/schema\/person\/44372e4d4d0fa797b18e03ed1ace9017\",\"name\":\"Redazione Comunicati Stampa\",\"image\":{\"@type\":\"ImageObject\",\"inLanguage\":\"it-IT\",\"@id\":\"https:\/\/www.article-marketing.eu\/comunicati\/#\/schema\/person\/image\/\",\"url\":\"https:\/\/secure.gravatar.com\/avatar\/50e5c6421d3072f42e7ace803501602c60d75233d34e29fd05feb91c8760b792?s=96&d=mm&r=g\",\"contentUrl\":\"https:\/\/secure.gravatar.com\/avatar\/50e5c6421d3072f42e7ace803501602c60d75233d34e29fd05feb91c8760b792?s=96&d=mm&r=g\",\"caption\":\"Redazione Comunicati Stampa\"},\"url\":\"https:\/\/www.article-marketing.eu\/comunicati\/author\/redazione-comunicati-stampa\/\"}]}<\/script>\n<!-- \/ Yoast SEO plugin. -->","yoast_head_json":{"title":"A Bellaria il Film Festival, il mare, la cultura - Article Marketing","robots":{"index":"index","follow":"follow","max-snippet":"max-snippet:-1","max-image-preview":"max-image-preview:large","max-video-preview":"max-video-preview:-1"},"canonical":"https:\/\/www.article-marketing.eu\/comunicati\/viaggi-e-vacanze\/viaggi-e-turismo\/a-bellaria-il-film-festival-il-mare-la-cultura\/","og_locale":"it_IT","og_type":"article","og_title":"A Bellaria il Film Festival, il mare, la cultura - Article Marketing","og_description":"Bellaria, cittadina balneare in provincia di Rimini, a giugno ospita il Film Festival, ottima opportunit\u00e0 per assistere a anteprime speciali. In pi\u00f9, il consueto calore dell'ospitalit\u00e0 romagnola e la possibilit\u00e0 di visitare i dintorni.","og_url":"https:\/\/www.article-marketing.eu\/comunicati\/viaggi-e-vacanze\/viaggi-e-turismo\/a-bellaria-il-film-festival-il-mare-la-cultura\/","og_site_name":"Article Marketing","article_published_time":"2011-05-16T14:19:12+00:00","author":"Redazione Comunicati Stampa","twitter_card":"summary_large_image","twitter_misc":{"Scritto da":"Redazione Comunicati Stampa","Tempo di lettura stimato":"3 minuti"},"schema":{"@context":"https:\/\/schema.org","@graph":[{"@type":"Article","@id":"https:\/\/www.article-marketing.eu\/comunicati\/viaggi-e-vacanze\/viaggi-e-turismo\/a-bellaria-il-film-festival-il-mare-la-cultura\/#article","isPartOf":{"@id":"https:\/\/www.article-marketing.eu\/comunicati\/viaggi-e-vacanze\/viaggi-e-turismo\/a-bellaria-il-film-festival-il-mare-la-cultura\/"},"author":{"name":"Redazione Comunicati Stampa","@id":"https:\/\/www.article-marketing.eu\/comunicati\/#\/schema\/person\/44372e4d4d0fa797b18e03ed1ace9017"},"headline":"A Bellaria il Film Festival, il mare, la cultura","datePublished":"2011-05-16T14:19:12+00:00","mainEntityOfPage":{"@id":"https:\/\/www.article-marketing.eu\/comunicati\/viaggi-e-vacanze\/viaggi-e-turismo\/a-bellaria-il-film-festival-il-mare-la-cultura\/"},"wordCount":586,"commentCount":0,"articleSection":["Viaggi e Turismo"],"inLanguage":"it-IT","potentialAction":[{"@type":"CommentAction","name":"Comment","target":["https:\/\/www.article-marketing.eu\/comunicati\/viaggi-e-vacanze\/viaggi-e-turismo\/a-bellaria-il-film-festival-il-mare-la-cultura\/#respond"]}]},{"@type":"WebPage","@id":"https:\/\/www.article-marketing.eu\/comunicati\/viaggi-e-vacanze\/viaggi-e-turismo\/a-bellaria-il-film-festival-il-mare-la-cultura\/","url":"https:\/\/www.article-marketing.eu\/comunicati\/viaggi-e-vacanze\/viaggi-e-turismo\/a-bellaria-il-film-festival-il-mare-la-cultura\/","name":"A Bellaria il Film Festival, il mare, la cultura - Article Marketing","isPartOf":{"@id":"https:\/\/www.article-marketing.eu\/comunicati\/#website"},"datePublished":"2011-05-16T14:19:12+00:00","author":{"@id":"https:\/\/www.article-marketing.eu\/comunicati\/#\/schema\/person\/44372e4d4d0fa797b18e03ed1ace9017"},"breadcrumb":{"@id":"https:\/\/www.article-marketing.eu\/comunicati\/viaggi-e-vacanze\/viaggi-e-turismo\/a-bellaria-il-film-festival-il-mare-la-cultura\/#breadcrumb"},"inLanguage":"it-IT","potentialAction":[{"@type":"ReadAction","target":["https:\/\/www.article-marketing.eu\/comunicati\/viaggi-e-vacanze\/viaggi-e-turismo\/a-bellaria-il-film-festival-il-mare-la-cultura\/"]}]},{"@type":"BreadcrumbList","@id":"https:\/\/www.article-marketing.eu\/comunicati\/viaggi-e-vacanze\/viaggi-e-turismo\/a-bellaria-il-film-festival-il-mare-la-cultura\/#breadcrumb","itemListElement":[{"@type":"ListItem","position":1,"name":"Home","item":"https:\/\/www.article-marketing.eu\/comunicati\/"},{"@type":"ListItem","position":2,"name":"A Bellaria il Film Festival, il mare, la cultura"}]},{"@type":"WebSite","@id":"https:\/\/www.article-marketing.eu\/comunicati\/#website","url":"https:\/\/www.article-marketing.eu\/comunicati\/","name":"Article Marketing","description":"article marketing &amp; press release","potentialAction":[{"@type":"SearchAction","target":{"@type":"EntryPoint","urlTemplate":"https:\/\/www.article-marketing.eu\/comunicati\/?s={search_term_string}"},"query-input":{"@type":"PropertyValueSpecification","valueRequired":true,"valueName":"search_term_string"}}],"inLanguage":"it-IT"},{"@type":"Person","@id":"https:\/\/www.article-marketing.eu\/comunicati\/#\/schema\/person\/44372e4d4d0fa797b18e03ed1ace9017","name":"Redazione Comunicati Stampa","image":{"@type":"ImageObject","inLanguage":"it-IT","@id":"https:\/\/www.article-marketing.eu\/comunicati\/#\/schema\/person\/image\/","url":"https:\/\/secure.gravatar.com\/avatar\/50e5c6421d3072f42e7ace803501602c60d75233d34e29fd05feb91c8760b792?s=96&d=mm&r=g","contentUrl":"https:\/\/secure.gravatar.com\/avatar\/50e5c6421d3072f42e7ace803501602c60d75233d34e29fd05feb91c8760b792?s=96&d=mm&r=g","caption":"Redazione Comunicati Stampa"},"url":"https:\/\/www.article-marketing.eu\/comunicati\/author\/redazione-comunicati-stampa\/"}]}},"_links":{"self":[{"href":"https:\/\/www.article-marketing.eu\/comunicati\/wp-json\/wp\/v2\/posts\/16177","targetHints":{"allow":["GET"]}}],"collection":[{"href":"https:\/\/www.article-marketing.eu\/comunicati\/wp-json\/wp\/v2\/posts"}],"about":[{"href":"https:\/\/www.article-marketing.eu\/comunicati\/wp-json\/wp\/v2\/types\/post"}],"author":[{"embeddable":true,"href":"https:\/\/www.article-marketing.eu\/comunicati\/wp-json\/wp\/v2\/users\/10"}],"replies":[{"embeddable":true,"href":"https:\/\/www.article-marketing.eu\/comunicati\/wp-json\/wp\/v2\/comments?post=16177"}],"version-history":[{"count":0,"href":"https:\/\/www.article-marketing.eu\/comunicati\/wp-json\/wp\/v2\/posts\/16177\/revisions"}],"wp:attachment":[{"href":"https:\/\/www.article-marketing.eu\/comunicati\/wp-json\/wp\/v2\/media?parent=16177"}],"wp:term":[{"taxonomy":"category","embeddable":true,"href":"https:\/\/www.article-marketing.eu\/comunicati\/wp-json\/wp\/v2\/categories?post=16177"},{"taxonomy":"post_tag","embeddable":true,"href":"https:\/\/www.article-marketing.eu\/comunicati\/wp-json\/wp\/v2\/tags?post=16177"}],"curies":[{"name":"wp","href":"https:\/\/api.w.org\/{rel}","templated":true}]}}