{"id":16249,"date":"2011-05-18T12:20:34","date_gmt":"2011-05-18T10:20:34","guid":{"rendered":"http:\/\/www.article-marketing.eu\/comunicati\/senza-categoria\/oltre-1200-persone-a-mirabilandia-per-aprire-lestate\/"},"modified":"2011-05-18T12:20:34","modified_gmt":"2011-05-18T10:20:34","slug":"oltre-1200-persone-a-mirabilandia-per-aprire-lestate","status":"publish","type":"post","link":"https:\/\/www.article-marketing.eu\/comunicati\/comunicati-stampa\/oltre-1200-persone-a-mirabilandia-per-aprire-lestate\/","title":{"rendered":"Oltre 1200 persone a Mirabilandia per aprire l&#8217;estate"},"content":{"rendered":"<p>Non c&#8217;&egrave; modo migliore per festeggiare i 150 anni dell&#8217;Unit&agrave; d&#8217;Italia di quello che &egrave; stato offerto dal parco di Mirabilandia, che ospita la decima edizione di &#8220;Mille strumenti a Mirabilandia&#8221;, raduno nazionale di bande musicali che l&#8217;Associazione Nazionale Bande Musicali Italiane Autonome organizza assieme al parco. Molti <a href=\"http:\/\/www.hotelstresa.com\/\">Hotel 3 stelle rimini<\/a>convenzionati con il parco, e si tratta di hotel per famiglie rimini, hanno proposto offerte all inclusive rimini per soggiornare nella citt&agrave; del divertimento Tutto il personale del parco sfogger&agrave; per l&#8217;evento un tricolore alla Garibaldina. Sono 1.200 i musicisti, appartenenti ad una trentina di bande da ogni parte del Belpaese, che invaderanno Mirabilandia con i loro ottoni, grancasse, timpani, diffondendo immediatamente un&#8217;atmosfera contagiosa, grazie anche alla presenza di majorettes. Le bande faranno il loro ingresso in musica dalle 10 del mattino, sfilando gi&agrave; schierate per i viali del parco, per poi radunarsi nel set di Scuola di Polizia, lo spettacolo di stuntmen pi&ugrave; applaudito di Mirabilandia. Alle 12 il momento pi&ugrave; atteso ed emozionante della giornata: davanti ad una platea gremita (lo spettacolo accoglie 2.500 persone), i musicisti, diretti dal aestro Michele Milione, intoneranno prima &#8220;Mirabilandia&#8221;, il brano composto appositamente in onore del parco, quindi per rendere omaggio ai 150 anni dell&#8217;Unit&agrave; d&#8217;Italia eseguiranno tutti insieme l&#8217;Inno di Mameli, riprodotto su 10.000 cartoline distribuite ai visitatori, invitando il pubblico a cantarlo. Tra le trenta formazioni presenti, da segnalare il &#8220;Gruppo Folkoristico Lo Scrigno della Majella&#8221;, da Chieti, che ripropone i balli della tradizione abruzzese, e il &#8220;Corpo Bandistico di Acquasanta Terme&#8221; (Ap), che dalla sua nascita nel 1873 non ha mai interrotto la sua attivit&agrave; ed &egrave; oggi prevalentemente composto da giovani musicisti tra gli 11 e i 17 anni. Non mancheranno di attirare l&#8217;attenzione del pubblico anche le majorettes in puro stile Usa della Banda Folkoristica di Bettolle, da Siena, accompagnate nella loro performance da una ventina di &#8220;color guards&#8221;, che con le loro colorate bandiere offrono una scenografia davvero unica. Non c&#8217;&egrave; modo migliore per festeggiare i 150 anni dell&#8217;Unit&agrave; d&#8217;Italia di quello che &egrave; stato offerto dal parco di Mirabilandia, che ospita la decima edizione di &#8220;Mille strumenti a Mirabilandia&#8221;, raduno nazionale di bande musicali che l&#8217;Associazione Nazionale Bande Musicali Italiane Autonome organizza assieme al parco. Molti Hotel 3 stelle riminiconvenzionati con il parco, e si tratta di hotel per famiglie rimini, hanno proposto offerte all inclusive rimini per soggiornare nella citt&agrave; del divertimento Tutto il personale del parco sfogger&agrave; per l&#8217;evento un tricolore alla Garibaldina. Sono 1.200 i musicisti, appartenenti ad una trentina di bande da ogni parte del Belpaese, che invaderanno Mirabilandia con i loro ottoni, grancasse, timpani, diffondendo immediatamente un&#8217;atmosfera contagiosa, grazie anche alla presenza di majorettes. Le bande faranno il loro ingresso in musica dalle 10 del mattino, sfilando gi&agrave; schierate per i viali del parco, per poi radunarsi nel set di Scuola di Polizia, lo spettacolo di stuntmen pi&ugrave; applaudito di Mirabilandia. Alle 12 il momento pi&ugrave; atteso ed emozionante della giornata: davanti ad una platea gremita (lo spettacolo accoglie 2.500 persone), i musicisti, diretti dal aestro Michele Milione, intoneranno prima &#8220;Mirabilandia&#8221;, il brano composto appositamente in onore del parco, quindi per rendere omaggio ai 150 anni dell&#8217;Unit&agrave; d&#8217;Italia eseguiranno tutti insieme l&#8217;Inno di Mameli, riprodotto su 10.000 cartoline distribuite ai visitatori, invitando il pubblico a cantarlo. Tra le trenta formazioni presenti, da segnalare il &#8220;Gruppo Folkoristico Lo Scrigno della Majella&#8221;, da Chieti, che ripropone i balli della tradizione abruzzese, e il &#8220;Corpo Bandistico di Acquasanta Terme&#8221; (Ap), che dalla sua nascita nel 1873 non ha mai interrotto la sua attivit&agrave; ed &egrave; oggi prevalentemente composto da giovani musicisti tra gli 11 e i 17 anni. Non mancheranno di attirare l&#8217;attenzione del pubblico anche le majorettes in puro stile Usa della Banda Folkoristica di Bettolle, da Siena, accompagnate nella loro performance da una ventina di &#8220;color guards&#8221;, che con le loro colorate bandiere offrono una scenografia davvero unica.<\/p>\n","protected":false},"excerpt":{"rendered":"<p>Non c&#8217;\u00e8 modo migliore per festeggiare i 150 anni dell&#8217;Unit\u00e0 d&#8217;Italia di quello che \u00e8 stato offerto dal parco di Mirabilandia, che ospita<\/p>\n","protected":false},"author":10,"featured_media":0,"comment_status":"open","ping_status":"open","sticky":false,"template":"","format":"standard","meta":{"cybocfi_hide_featured_image":"","footnotes":""},"categories":[190],"tags":[],"class_list":["post-16249","post","type-post","status-publish","format-standard","hentry","category-comunicati-stampa"],"yoast_head":"<!-- This site is optimized with the Yoast SEO plugin v27.0 - https:\/\/yoast.com\/product\/yoast-seo-wordpress\/ -->\n<title>Oltre 1200 persone a Mirabilandia per aprire l&#039;estate - Article Marketing<\/title>\n<meta name=\"robots\" content=\"index, follow, max-snippet:-1, max-image-preview:large, max-video-preview:-1\" \/>\n<link rel=\"canonical\" href=\"https:\/\/www.article-marketing.eu\/comunicati\/comunicati-stampa\/oltre-1200-persone-a-mirabilandia-per-aprire-lestate\/\" \/>\n<meta property=\"og:locale\" content=\"it_IT\" \/>\n<meta property=\"og:type\" content=\"article\" \/>\n<meta property=\"og:title\" content=\"Oltre 1200 persone a Mirabilandia per aprire l&#039;estate - Article Marketing\" \/>\n<meta property=\"og:description\" content=\"Non c&#039;\u00e8 modo migliore per festeggiare i 150 anni dell&#039;Unit\u00e0 d&#039;Italia di quello che \u00e8 stato offerto dal parco di Mirabilandia, che ospita\" \/>\n<meta property=\"og:url\" content=\"https:\/\/www.article-marketing.eu\/comunicati\/comunicati-stampa\/oltre-1200-persone-a-mirabilandia-per-aprire-lestate\/\" \/>\n<meta property=\"og:site_name\" content=\"Article Marketing\" \/>\n<meta property=\"article:published_time\" content=\"2011-05-18T10:20:34+00:00\" \/>\n<meta name=\"author\" content=\"Redazione Comunicati Stampa\" \/>\n<meta name=\"twitter:card\" content=\"summary_large_image\" \/>\n<meta name=\"twitter:label1\" content=\"Scritto da\" \/>\n\t<meta name=\"twitter:data1\" content=\"Redazione Comunicati Stampa\" \/>\n\t<meta name=\"twitter:label2\" content=\"Tempo di lettura stimato\" \/>\n\t<meta name=\"twitter:data2\" content=\"3 minuti\" \/>\n<script type=\"application\/ld+json\" class=\"yoast-schema-graph\">{\"@context\":\"https:\/\/schema.org\",\"@graph\":[{\"@type\":\"Article\",\"@id\":\"https:\/\/www.article-marketing.eu\/comunicati\/comunicati-stampa\/oltre-1200-persone-a-mirabilandia-per-aprire-lestate\/#article\",\"isPartOf\":{\"@id\":\"https:\/\/www.article-marketing.eu\/comunicati\/comunicati-stampa\/oltre-1200-persone-a-mirabilandia-per-aprire-lestate\/\"},\"author\":{\"name\":\"Redazione Comunicati Stampa\",\"@id\":\"https:\/\/www.article-marketing.eu\/comunicati\/#\/schema\/person\/44372e4d4d0fa797b18e03ed1ace9017\"},\"headline\":\"Oltre 1200 persone a Mirabilandia per aprire l&#8217;estate\",\"datePublished\":\"2011-05-18T10:20:34+00:00\",\"mainEntityOfPage\":{\"@id\":\"https:\/\/www.article-marketing.eu\/comunicati\/comunicati-stampa\/oltre-1200-persone-a-mirabilandia-per-aprire-lestate\/\"},\"wordCount\":651,\"commentCount\":0,\"articleSection\":[\"Comunicati stampa\"],\"inLanguage\":\"it-IT\",\"potentialAction\":[{\"@type\":\"CommentAction\",\"name\":\"Comment\",\"target\":[\"https:\/\/www.article-marketing.eu\/comunicati\/comunicati-stampa\/oltre-1200-persone-a-mirabilandia-per-aprire-lestate\/#respond\"]}]},{\"@type\":\"WebPage\",\"@id\":\"https:\/\/www.article-marketing.eu\/comunicati\/comunicati-stampa\/oltre-1200-persone-a-mirabilandia-per-aprire-lestate\/\",\"url\":\"https:\/\/www.article-marketing.eu\/comunicati\/comunicati-stampa\/oltre-1200-persone-a-mirabilandia-per-aprire-lestate\/\",\"name\":\"Oltre 1200 persone a Mirabilandia per aprire l'estate - Article Marketing\",\"isPartOf\":{\"@id\":\"https:\/\/www.article-marketing.eu\/comunicati\/#website\"},\"datePublished\":\"2011-05-18T10:20:34+00:00\",\"author\":{\"@id\":\"https:\/\/www.article-marketing.eu\/comunicati\/#\/schema\/person\/44372e4d4d0fa797b18e03ed1ace9017\"},\"breadcrumb\":{\"@id\":\"https:\/\/www.article-marketing.eu\/comunicati\/comunicati-stampa\/oltre-1200-persone-a-mirabilandia-per-aprire-lestate\/#breadcrumb\"},\"inLanguage\":\"it-IT\",\"potentialAction\":[{\"@type\":\"ReadAction\",\"target\":[\"https:\/\/www.article-marketing.eu\/comunicati\/comunicati-stampa\/oltre-1200-persone-a-mirabilandia-per-aprire-lestate\/\"]}]},{\"@type\":\"BreadcrumbList\",\"@id\":\"https:\/\/www.article-marketing.eu\/comunicati\/comunicati-stampa\/oltre-1200-persone-a-mirabilandia-per-aprire-lestate\/#breadcrumb\",\"itemListElement\":[{\"@type\":\"ListItem\",\"position\":1,\"name\":\"Home\",\"item\":\"https:\/\/www.article-marketing.eu\/comunicati\/\"},{\"@type\":\"ListItem\",\"position\":2,\"name\":\"Oltre 1200 persone a Mirabilandia per aprire l&#8217;estate\"}]},{\"@type\":\"WebSite\",\"@id\":\"https:\/\/www.article-marketing.eu\/comunicati\/#website\",\"url\":\"https:\/\/www.article-marketing.eu\/comunicati\/\",\"name\":\"Article Marketing\",\"description\":\"article marketing &amp; press release\",\"potentialAction\":[{\"@type\":\"SearchAction\",\"target\":{\"@type\":\"EntryPoint\",\"urlTemplate\":\"https:\/\/www.article-marketing.eu\/comunicati\/?s={search_term_string}\"},\"query-input\":{\"@type\":\"PropertyValueSpecification\",\"valueRequired\":true,\"valueName\":\"search_term_string\"}}],\"inLanguage\":\"it-IT\"},{\"@type\":\"Person\",\"@id\":\"https:\/\/www.article-marketing.eu\/comunicati\/#\/schema\/person\/44372e4d4d0fa797b18e03ed1ace9017\",\"name\":\"Redazione Comunicati Stampa\",\"image\":{\"@type\":\"ImageObject\",\"inLanguage\":\"it-IT\",\"@id\":\"https:\/\/www.article-marketing.eu\/comunicati\/#\/schema\/person\/image\/\",\"url\":\"https:\/\/secure.gravatar.com\/avatar\/50e5c6421d3072f42e7ace803501602c60d75233d34e29fd05feb91c8760b792?s=96&d=mm&r=g\",\"contentUrl\":\"https:\/\/secure.gravatar.com\/avatar\/50e5c6421d3072f42e7ace803501602c60d75233d34e29fd05feb91c8760b792?s=96&d=mm&r=g\",\"caption\":\"Redazione Comunicati Stampa\"},\"url\":\"https:\/\/www.article-marketing.eu\/comunicati\/author\/redazione-comunicati-stampa\/\"}]}<\/script>\n<!-- \/ Yoast SEO plugin. -->","yoast_head_json":{"title":"Oltre 1200 persone a Mirabilandia per aprire l'estate - Article Marketing","robots":{"index":"index","follow":"follow","max-snippet":"max-snippet:-1","max-image-preview":"max-image-preview:large","max-video-preview":"max-video-preview:-1"},"canonical":"https:\/\/www.article-marketing.eu\/comunicati\/comunicati-stampa\/oltre-1200-persone-a-mirabilandia-per-aprire-lestate\/","og_locale":"it_IT","og_type":"article","og_title":"Oltre 1200 persone a Mirabilandia per aprire l'estate - Article Marketing","og_description":"Non c'\u00e8 modo migliore per festeggiare i 150 anni dell'Unit\u00e0 d'Italia di quello che \u00e8 stato offerto dal parco di Mirabilandia, che ospita","og_url":"https:\/\/www.article-marketing.eu\/comunicati\/comunicati-stampa\/oltre-1200-persone-a-mirabilandia-per-aprire-lestate\/","og_site_name":"Article Marketing","article_published_time":"2011-05-18T10:20:34+00:00","author":"Redazione Comunicati Stampa","twitter_card":"summary_large_image","twitter_misc":{"Scritto da":"Redazione Comunicati Stampa","Tempo di lettura stimato":"3 minuti"},"schema":{"@context":"https:\/\/schema.org","@graph":[{"@type":"Article","@id":"https:\/\/www.article-marketing.eu\/comunicati\/comunicati-stampa\/oltre-1200-persone-a-mirabilandia-per-aprire-lestate\/#article","isPartOf":{"@id":"https:\/\/www.article-marketing.eu\/comunicati\/comunicati-stampa\/oltre-1200-persone-a-mirabilandia-per-aprire-lestate\/"},"author":{"name":"Redazione Comunicati Stampa","@id":"https:\/\/www.article-marketing.eu\/comunicati\/#\/schema\/person\/44372e4d4d0fa797b18e03ed1ace9017"},"headline":"Oltre 1200 persone a Mirabilandia per aprire l&#8217;estate","datePublished":"2011-05-18T10:20:34+00:00","mainEntityOfPage":{"@id":"https:\/\/www.article-marketing.eu\/comunicati\/comunicati-stampa\/oltre-1200-persone-a-mirabilandia-per-aprire-lestate\/"},"wordCount":651,"commentCount":0,"articleSection":["Comunicati stampa"],"inLanguage":"it-IT","potentialAction":[{"@type":"CommentAction","name":"Comment","target":["https:\/\/www.article-marketing.eu\/comunicati\/comunicati-stampa\/oltre-1200-persone-a-mirabilandia-per-aprire-lestate\/#respond"]}]},{"@type":"WebPage","@id":"https:\/\/www.article-marketing.eu\/comunicati\/comunicati-stampa\/oltre-1200-persone-a-mirabilandia-per-aprire-lestate\/","url":"https:\/\/www.article-marketing.eu\/comunicati\/comunicati-stampa\/oltre-1200-persone-a-mirabilandia-per-aprire-lestate\/","name":"Oltre 1200 persone a Mirabilandia per aprire l'estate - Article Marketing","isPartOf":{"@id":"https:\/\/www.article-marketing.eu\/comunicati\/#website"},"datePublished":"2011-05-18T10:20:34+00:00","author":{"@id":"https:\/\/www.article-marketing.eu\/comunicati\/#\/schema\/person\/44372e4d4d0fa797b18e03ed1ace9017"},"breadcrumb":{"@id":"https:\/\/www.article-marketing.eu\/comunicati\/comunicati-stampa\/oltre-1200-persone-a-mirabilandia-per-aprire-lestate\/#breadcrumb"},"inLanguage":"it-IT","potentialAction":[{"@type":"ReadAction","target":["https:\/\/www.article-marketing.eu\/comunicati\/comunicati-stampa\/oltre-1200-persone-a-mirabilandia-per-aprire-lestate\/"]}]},{"@type":"BreadcrumbList","@id":"https:\/\/www.article-marketing.eu\/comunicati\/comunicati-stampa\/oltre-1200-persone-a-mirabilandia-per-aprire-lestate\/#breadcrumb","itemListElement":[{"@type":"ListItem","position":1,"name":"Home","item":"https:\/\/www.article-marketing.eu\/comunicati\/"},{"@type":"ListItem","position":2,"name":"Oltre 1200 persone a Mirabilandia per aprire l&#8217;estate"}]},{"@type":"WebSite","@id":"https:\/\/www.article-marketing.eu\/comunicati\/#website","url":"https:\/\/www.article-marketing.eu\/comunicati\/","name":"Article Marketing","description":"article marketing &amp; press release","potentialAction":[{"@type":"SearchAction","target":{"@type":"EntryPoint","urlTemplate":"https:\/\/www.article-marketing.eu\/comunicati\/?s={search_term_string}"},"query-input":{"@type":"PropertyValueSpecification","valueRequired":true,"valueName":"search_term_string"}}],"inLanguage":"it-IT"},{"@type":"Person","@id":"https:\/\/www.article-marketing.eu\/comunicati\/#\/schema\/person\/44372e4d4d0fa797b18e03ed1ace9017","name":"Redazione Comunicati Stampa","image":{"@type":"ImageObject","inLanguage":"it-IT","@id":"https:\/\/www.article-marketing.eu\/comunicati\/#\/schema\/person\/image\/","url":"https:\/\/secure.gravatar.com\/avatar\/50e5c6421d3072f42e7ace803501602c60d75233d34e29fd05feb91c8760b792?s=96&d=mm&r=g","contentUrl":"https:\/\/secure.gravatar.com\/avatar\/50e5c6421d3072f42e7ace803501602c60d75233d34e29fd05feb91c8760b792?s=96&d=mm&r=g","caption":"Redazione Comunicati Stampa"},"url":"https:\/\/www.article-marketing.eu\/comunicati\/author\/redazione-comunicati-stampa\/"}]}},"_links":{"self":[{"href":"https:\/\/www.article-marketing.eu\/comunicati\/wp-json\/wp\/v2\/posts\/16249","targetHints":{"allow":["GET"]}}],"collection":[{"href":"https:\/\/www.article-marketing.eu\/comunicati\/wp-json\/wp\/v2\/posts"}],"about":[{"href":"https:\/\/www.article-marketing.eu\/comunicati\/wp-json\/wp\/v2\/types\/post"}],"author":[{"embeddable":true,"href":"https:\/\/www.article-marketing.eu\/comunicati\/wp-json\/wp\/v2\/users\/10"}],"replies":[{"embeddable":true,"href":"https:\/\/www.article-marketing.eu\/comunicati\/wp-json\/wp\/v2\/comments?post=16249"}],"version-history":[{"count":0,"href":"https:\/\/www.article-marketing.eu\/comunicati\/wp-json\/wp\/v2\/posts\/16249\/revisions"}],"wp:attachment":[{"href":"https:\/\/www.article-marketing.eu\/comunicati\/wp-json\/wp\/v2\/media?parent=16249"}],"wp:term":[{"taxonomy":"category","embeddable":true,"href":"https:\/\/www.article-marketing.eu\/comunicati\/wp-json\/wp\/v2\/categories?post=16249"},{"taxonomy":"post_tag","embeddable":true,"href":"https:\/\/www.article-marketing.eu\/comunicati\/wp-json\/wp\/v2\/tags?post=16249"}],"curies":[{"name":"wp","href":"https:\/\/api.w.org\/{rel}","templated":true}]}}