{"id":16250,"date":"2011-05-18T12:28:16","date_gmt":"2011-05-18T10:28:16","guid":{"rendered":"http:\/\/www.article-marketing.eu\/comunicati\/senza-categoria\/a-firenze-c%c3%a8-florence-design-week\/"},"modified":"2011-05-18T12:28:16","modified_gmt":"2011-05-18T10:28:16","slug":"a-firenze-c%c3%a8-florence-design-week","status":"publish","type":"post","link":"https:\/\/www.article-marketing.eu\/comunicati\/arte-e-cultura\/a-firenze-c%c3%a8-florence-design-week\/","title":{"rendered":"A FIRENZE C&#8217;\u00e8 FLORENCE DESIGN WEEK"},"content":{"rendered":"<p>Una settimana dove design e creativit&agrave; si fondono con la citt&agrave;. Questo &egrave; Florence Design Week: una vetrina internazionale volta a valorizzare e conservare il patrimonio storico e culturale della citt&agrave; con allestimenti d&rsquo;autore, che si terr&agrave; dal 24 al 29 maggio.<br \/>Florence Design Week &egrave; un evento voluto e organizzato dal Ministero per i Beni e le Attivit&agrave; Culturali, in partnership con London Design Festival e in collaborazione con Provincia di Firenze e Comune di Firenze. Per l&rsquo;occasione sono stati creati pi&ugrave; di 40 eventi: open-studios di designers e architetti, vetrine di negozi e gallerie d&rsquo;arte, focus sull&rsquo;eco-sostenibilit&agrave; e appuntamenti con professionisti di fama internazionale. Le locations saranno raggiungibili grazie agli info-bike points, punti informativi che rappresentano un modo sano e pulito di muoversi in citt&agrave;, attraverso un percorso di arte contemporanea e itinerari dedicati agli elementi acqua, terra, aria e fuoco.<br \/>Grande spazio verr&agrave; concesso ai giovani. Ne &egrave; un esempio il concorso &ldquo;Progetti per il Made In Italy&rdquo;, voluto dagli organizzatori per incentivare la produzione del design nostrano ed esportare oltremanica le idee vincenti. I tre vincitori avranno uno spazio riservato a Firenze all&#8217;interno della suggestiva location delle Murate. Tra le grandi novit&agrave; di quest&rsquo;anno, infine, la presentazione ufficiale del progetto &ldquo;Life&amp;Design&rdquo;, un progetto di comunicazione e di servizi il cui obiettivo &egrave; sostenere e promuovere le organizzazioni no profit, il fundraising e l&rsquo;industria creativa attraverso strumenti e servizi legati all&rsquo;arte e al design.<br \/>Per conoscere il programma potete visitare il sito di Florrence Design Week.<\/p>\n<p>A week where design and creativity merge with the city.<br \/> This is Florence Design Week, a showcase for international action to enhance and preserve the historical and cultural city, with productions of copyright, to be held May 24 to 29.<br \/> Florence Design Week is an event organized by the intentional and the Ministry of Heritage and Culture, in partnership with London Design Festival and in collaboration with the Province of Florence and the Municipality of Florence. For the occasion, were created more than 40 events: open studios of designers and architects, shop and art galleries, focus on eco-sustainability and appointments with professionals of international renown. The locations are accessible by bike to the info-points, information points which provide a clean and healthy way to get around the city, through a series of contemporary art and tours dedicated to the elements water, earth, air and fire.<br \/> Great space is given to young people. One example is the competition &#8220;Plans for the Made In Italy&#8221;, the organizers wanted to promote the production of our national design and export overseas winning ideas. The three winners will have a reserved space in Florence in the picturesque location of Walled.<br \/> Among the big news this year, finally, the official presentation of the &#8220;Life &amp; Design&#8221;, a project of communication and services whose purpose is to support and promote non-profit organizations, the fundraising industry through creative tools and related services art and design.<br \/> To find the program Florrence Design Week you can visit the website.<\/p>\n","protected":false},"excerpt":{"rendered":"<p>Una settimana dove design e creativit\u00e0 si fondono con la citt\u00e0. Questo \u00e8 Florence Design Week: una vetrina internazionale volta a valorizzare e conservare il patrimonio storico e culturale della citt\u00e0 con allestimenti d\u2019autore, che si terr\u00e0 dal 24 al 29 maggio.<br \/>Florence Design Week \u00e8 un evento voluto e organizzato dal Ministero per i Beni e le Attivit\u00e0 Culturali, in partnership con London Design Festival e in collaborazione con Provincia di Firenze e Comune di Firenze. Per l\u2019occasione sono stati creati pi\u00f9 di 40 eventi:<\/p>\n","protected":false},"author":10,"featured_media":0,"comment_status":"open","ping_status":"open","sticky":false,"template":"","format":"standard","meta":{"cybocfi_hide_featured_image":"","footnotes":""},"categories":[27],"tags":[],"class_list":["post-16250","post","type-post","status-publish","format-standard","hentry","category-arte-e-cultura"],"yoast_head":"<!-- This site is optimized with the Yoast SEO plugin v27.0 - https:\/\/yoast.com\/product\/yoast-seo-wordpress\/ -->\n<title>A FIRENZE C&#039;\u00e8 FLORENCE DESIGN WEEK - Article Marketing<\/title>\n<meta name=\"robots\" content=\"index, follow, max-snippet:-1, max-image-preview:large, max-video-preview:-1\" \/>\n<link rel=\"canonical\" href=\"https:\/\/www.article-marketing.eu\/comunicati\/arte-e-cultura\/a-firenze-c\u00e8-florence-design-week\/\" \/>\n<meta property=\"og:locale\" content=\"it_IT\" \/>\n<meta property=\"og:type\" content=\"article\" \/>\n<meta property=\"og:title\" content=\"A FIRENZE C&#039;\u00e8 FLORENCE DESIGN WEEK - Article Marketing\" \/>\n<meta property=\"og:description\" content=\"Una settimana dove design e creativit\u00e0 si fondono con la citt\u00e0. Questo \u00e8 Florence Design Week: una vetrina internazionale volta a valorizzare e conservare il patrimonio storico e culturale della citt\u00e0 con allestimenti d\u2019autore, che si terr\u00e0 dal 24 al 29 maggio.Florence Design Week \u00e8 un evento voluto e organizzato dal Ministero per i Beni e le Attivit\u00e0 Culturali, in partnership con London Design Festival e in collaborazione con Provincia di Firenze e Comune di Firenze. Per l\u2019occasione sono stati creati pi\u00f9 di 40 eventi:\" \/>\n<meta property=\"og:url\" content=\"https:\/\/www.article-marketing.eu\/comunicati\/arte-e-cultura\/a-firenze-c\u00e8-florence-design-week\/\" \/>\n<meta property=\"og:site_name\" content=\"Article Marketing\" \/>\n<meta property=\"article:published_time\" content=\"2011-05-18T10:28:16+00:00\" \/>\n<meta name=\"author\" content=\"Redazione Comunicati Stampa\" \/>\n<meta name=\"twitter:card\" content=\"summary_large_image\" \/>\n<meta name=\"twitter:label1\" content=\"Scritto da\" \/>\n\t<meta name=\"twitter:data1\" content=\"Redazione Comunicati Stampa\" \/>\n\t<meta name=\"twitter:label2\" content=\"Tempo di lettura stimato\" \/>\n\t<meta name=\"twitter:data2\" content=\"3 minuti\" \/>\n<script type=\"application\/ld+json\" class=\"yoast-schema-graph\">{\"@context\":\"https:\/\/schema.org\",\"@graph\":[{\"@type\":\"Article\",\"@id\":\"https:\/\/www.article-marketing.eu\/comunicati\/arte-e-cultura\/a-firenze-c%c3%a8-florence-design-week\/#article\",\"isPartOf\":{\"@id\":\"https:\/\/www.article-marketing.eu\/comunicati\/arte-e-cultura\/a-firenze-c%c3%a8-florence-design-week\/\"},\"author\":{\"name\":\"Redazione Comunicati Stampa\",\"@id\":\"https:\/\/www.article-marketing.eu\/comunicati\/#\/schema\/person\/44372e4d4d0fa797b18e03ed1ace9017\"},\"headline\":\"A FIRENZE C&#8217;\u00e8 FLORENCE DESIGN WEEK\",\"datePublished\":\"2011-05-18T10:28:16+00:00\",\"mainEntityOfPage\":{\"@id\":\"https:\/\/www.article-marketing.eu\/comunicati\/arte-e-cultura\/a-firenze-c%c3%a8-florence-design-week\/\"},\"wordCount\":528,\"commentCount\":0,\"articleSection\":[\"Arte e cultura\"],\"inLanguage\":\"it-IT\",\"potentialAction\":[{\"@type\":\"CommentAction\",\"name\":\"Comment\",\"target\":[\"https:\/\/www.article-marketing.eu\/comunicati\/arte-e-cultura\/a-firenze-c%c3%a8-florence-design-week\/#respond\"]}]},{\"@type\":\"WebPage\",\"@id\":\"https:\/\/www.article-marketing.eu\/comunicati\/arte-e-cultura\/a-firenze-c%c3%a8-florence-design-week\/\",\"url\":\"https:\/\/www.article-marketing.eu\/comunicati\/arte-e-cultura\/a-firenze-c%c3%a8-florence-design-week\/\",\"name\":\"A FIRENZE C'\u00e8 FLORENCE DESIGN WEEK - Article Marketing\",\"isPartOf\":{\"@id\":\"https:\/\/www.article-marketing.eu\/comunicati\/#website\"},\"datePublished\":\"2011-05-18T10:28:16+00:00\",\"author\":{\"@id\":\"https:\/\/www.article-marketing.eu\/comunicati\/#\/schema\/person\/44372e4d4d0fa797b18e03ed1ace9017\"},\"breadcrumb\":{\"@id\":\"https:\/\/www.article-marketing.eu\/comunicati\/arte-e-cultura\/a-firenze-c%c3%a8-florence-design-week\/#breadcrumb\"},\"inLanguage\":\"it-IT\",\"potentialAction\":[{\"@type\":\"ReadAction\",\"target\":[\"https:\/\/www.article-marketing.eu\/comunicati\/arte-e-cultura\/a-firenze-c%c3%a8-florence-design-week\/\"]}]},{\"@type\":\"BreadcrumbList\",\"@id\":\"https:\/\/www.article-marketing.eu\/comunicati\/arte-e-cultura\/a-firenze-c%c3%a8-florence-design-week\/#breadcrumb\",\"itemListElement\":[{\"@type\":\"ListItem\",\"position\":1,\"name\":\"Home\",\"item\":\"https:\/\/www.article-marketing.eu\/comunicati\/\"},{\"@type\":\"ListItem\",\"position\":2,\"name\":\"A FIRENZE C&#8217;\u00e8 FLORENCE DESIGN WEEK\"}]},{\"@type\":\"WebSite\",\"@id\":\"https:\/\/www.article-marketing.eu\/comunicati\/#website\",\"url\":\"https:\/\/www.article-marketing.eu\/comunicati\/\",\"name\":\"Article Marketing\",\"description\":\"article marketing &amp; press release\",\"potentialAction\":[{\"@type\":\"SearchAction\",\"target\":{\"@type\":\"EntryPoint\",\"urlTemplate\":\"https:\/\/www.article-marketing.eu\/comunicati\/?s={search_term_string}\"},\"query-input\":{\"@type\":\"PropertyValueSpecification\",\"valueRequired\":true,\"valueName\":\"search_term_string\"}}],\"inLanguage\":\"it-IT\"},{\"@type\":\"Person\",\"@id\":\"https:\/\/www.article-marketing.eu\/comunicati\/#\/schema\/person\/44372e4d4d0fa797b18e03ed1ace9017\",\"name\":\"Redazione Comunicati Stampa\",\"image\":{\"@type\":\"ImageObject\",\"inLanguage\":\"it-IT\",\"@id\":\"https:\/\/www.article-marketing.eu\/comunicati\/#\/schema\/person\/image\/\",\"url\":\"https:\/\/secure.gravatar.com\/avatar\/50e5c6421d3072f42e7ace803501602c60d75233d34e29fd05feb91c8760b792?s=96&d=mm&r=g\",\"contentUrl\":\"https:\/\/secure.gravatar.com\/avatar\/50e5c6421d3072f42e7ace803501602c60d75233d34e29fd05feb91c8760b792?s=96&d=mm&r=g\",\"caption\":\"Redazione Comunicati Stampa\"},\"url\":\"https:\/\/www.article-marketing.eu\/comunicati\/author\/redazione-comunicati-stampa\/\"}]}<\/script>\n<!-- \/ Yoast SEO plugin. -->","yoast_head_json":{"title":"A FIRENZE C'\u00e8 FLORENCE DESIGN WEEK - Article Marketing","robots":{"index":"index","follow":"follow","max-snippet":"max-snippet:-1","max-image-preview":"max-image-preview:large","max-video-preview":"max-video-preview:-1"},"canonical":"https:\/\/www.article-marketing.eu\/comunicati\/arte-e-cultura\/a-firenze-c\u00e8-florence-design-week\/","og_locale":"it_IT","og_type":"article","og_title":"A FIRENZE C'\u00e8 FLORENCE DESIGN WEEK - Article Marketing","og_description":"Una settimana dove design e creativit\u00e0 si fondono con la citt\u00e0. Questo \u00e8 Florence Design Week: una vetrina internazionale volta a valorizzare e conservare il patrimonio storico e culturale della citt\u00e0 con allestimenti d\u2019autore, che si terr\u00e0 dal 24 al 29 maggio.Florence Design Week \u00e8 un evento voluto e organizzato dal Ministero per i Beni e le Attivit\u00e0 Culturali, in partnership con London Design Festival e in collaborazione con Provincia di Firenze e Comune di Firenze. Per l\u2019occasione sono stati creati pi\u00f9 di 40 eventi:","og_url":"https:\/\/www.article-marketing.eu\/comunicati\/arte-e-cultura\/a-firenze-c\u00e8-florence-design-week\/","og_site_name":"Article Marketing","article_published_time":"2011-05-18T10:28:16+00:00","author":"Redazione Comunicati Stampa","twitter_card":"summary_large_image","twitter_misc":{"Scritto da":"Redazione Comunicati Stampa","Tempo di lettura stimato":"3 minuti"},"schema":{"@context":"https:\/\/schema.org","@graph":[{"@type":"Article","@id":"https:\/\/www.article-marketing.eu\/comunicati\/arte-e-cultura\/a-firenze-c%c3%a8-florence-design-week\/#article","isPartOf":{"@id":"https:\/\/www.article-marketing.eu\/comunicati\/arte-e-cultura\/a-firenze-c%c3%a8-florence-design-week\/"},"author":{"name":"Redazione Comunicati Stampa","@id":"https:\/\/www.article-marketing.eu\/comunicati\/#\/schema\/person\/44372e4d4d0fa797b18e03ed1ace9017"},"headline":"A FIRENZE C&#8217;\u00e8 FLORENCE DESIGN WEEK","datePublished":"2011-05-18T10:28:16+00:00","mainEntityOfPage":{"@id":"https:\/\/www.article-marketing.eu\/comunicati\/arte-e-cultura\/a-firenze-c%c3%a8-florence-design-week\/"},"wordCount":528,"commentCount":0,"articleSection":["Arte e cultura"],"inLanguage":"it-IT","potentialAction":[{"@type":"CommentAction","name":"Comment","target":["https:\/\/www.article-marketing.eu\/comunicati\/arte-e-cultura\/a-firenze-c%c3%a8-florence-design-week\/#respond"]}]},{"@type":"WebPage","@id":"https:\/\/www.article-marketing.eu\/comunicati\/arte-e-cultura\/a-firenze-c%c3%a8-florence-design-week\/","url":"https:\/\/www.article-marketing.eu\/comunicati\/arte-e-cultura\/a-firenze-c%c3%a8-florence-design-week\/","name":"A FIRENZE C'\u00e8 FLORENCE DESIGN WEEK - Article Marketing","isPartOf":{"@id":"https:\/\/www.article-marketing.eu\/comunicati\/#website"},"datePublished":"2011-05-18T10:28:16+00:00","author":{"@id":"https:\/\/www.article-marketing.eu\/comunicati\/#\/schema\/person\/44372e4d4d0fa797b18e03ed1ace9017"},"breadcrumb":{"@id":"https:\/\/www.article-marketing.eu\/comunicati\/arte-e-cultura\/a-firenze-c%c3%a8-florence-design-week\/#breadcrumb"},"inLanguage":"it-IT","potentialAction":[{"@type":"ReadAction","target":["https:\/\/www.article-marketing.eu\/comunicati\/arte-e-cultura\/a-firenze-c%c3%a8-florence-design-week\/"]}]},{"@type":"BreadcrumbList","@id":"https:\/\/www.article-marketing.eu\/comunicati\/arte-e-cultura\/a-firenze-c%c3%a8-florence-design-week\/#breadcrumb","itemListElement":[{"@type":"ListItem","position":1,"name":"Home","item":"https:\/\/www.article-marketing.eu\/comunicati\/"},{"@type":"ListItem","position":2,"name":"A FIRENZE C&#8217;\u00e8 FLORENCE DESIGN WEEK"}]},{"@type":"WebSite","@id":"https:\/\/www.article-marketing.eu\/comunicati\/#website","url":"https:\/\/www.article-marketing.eu\/comunicati\/","name":"Article Marketing","description":"article marketing &amp; press release","potentialAction":[{"@type":"SearchAction","target":{"@type":"EntryPoint","urlTemplate":"https:\/\/www.article-marketing.eu\/comunicati\/?s={search_term_string}"},"query-input":{"@type":"PropertyValueSpecification","valueRequired":true,"valueName":"search_term_string"}}],"inLanguage":"it-IT"},{"@type":"Person","@id":"https:\/\/www.article-marketing.eu\/comunicati\/#\/schema\/person\/44372e4d4d0fa797b18e03ed1ace9017","name":"Redazione Comunicati Stampa","image":{"@type":"ImageObject","inLanguage":"it-IT","@id":"https:\/\/www.article-marketing.eu\/comunicati\/#\/schema\/person\/image\/","url":"https:\/\/secure.gravatar.com\/avatar\/50e5c6421d3072f42e7ace803501602c60d75233d34e29fd05feb91c8760b792?s=96&d=mm&r=g","contentUrl":"https:\/\/secure.gravatar.com\/avatar\/50e5c6421d3072f42e7ace803501602c60d75233d34e29fd05feb91c8760b792?s=96&d=mm&r=g","caption":"Redazione Comunicati Stampa"},"url":"https:\/\/www.article-marketing.eu\/comunicati\/author\/redazione-comunicati-stampa\/"}]}},"_links":{"self":[{"href":"https:\/\/www.article-marketing.eu\/comunicati\/wp-json\/wp\/v2\/posts\/16250","targetHints":{"allow":["GET"]}}],"collection":[{"href":"https:\/\/www.article-marketing.eu\/comunicati\/wp-json\/wp\/v2\/posts"}],"about":[{"href":"https:\/\/www.article-marketing.eu\/comunicati\/wp-json\/wp\/v2\/types\/post"}],"author":[{"embeddable":true,"href":"https:\/\/www.article-marketing.eu\/comunicati\/wp-json\/wp\/v2\/users\/10"}],"replies":[{"embeddable":true,"href":"https:\/\/www.article-marketing.eu\/comunicati\/wp-json\/wp\/v2\/comments?post=16250"}],"version-history":[{"count":0,"href":"https:\/\/www.article-marketing.eu\/comunicati\/wp-json\/wp\/v2\/posts\/16250\/revisions"}],"wp:attachment":[{"href":"https:\/\/www.article-marketing.eu\/comunicati\/wp-json\/wp\/v2\/media?parent=16250"}],"wp:term":[{"taxonomy":"category","embeddable":true,"href":"https:\/\/www.article-marketing.eu\/comunicati\/wp-json\/wp\/v2\/categories?post=16250"},{"taxonomy":"post_tag","embeddable":true,"href":"https:\/\/www.article-marketing.eu\/comunicati\/wp-json\/wp\/v2\/tags?post=16250"}],"curies":[{"name":"wp","href":"https:\/\/api.w.org\/{rel}","templated":true}]}}