{"id":1653,"date":"2009-03-26T10:32:36","date_gmt":"2009-03-26T09:32:36","guid":{"rendered":"http:\/\/www.article-marketing.eu\/comunicati\/senza-categoria\/firenze-scoppio-del-carro-12-aprile-2009\/"},"modified":"2009-03-26T10:32:36","modified_gmt":"2009-03-26T09:32:36","slug":"firenze-scoppio-del-carro-12-aprile-2009","status":"publish","type":"post","link":"https:\/\/www.article-marketing.eu\/comunicati\/comunicati-stampa\/eventi\/firenze-scoppio-del-carro-12-aprile-2009\/","title":{"rendered":"Firenze: Scoppio del Carro, 12 Aprile 2009"},"content":{"rendered":"<p style=\"TEXT-ALIGN: justify\">L\u2019origine di questa tradizione, molto sentita dai fiorentini, ma particolarmente apprezzata anche dai turisti che alloggiano nei bed and breakfast di Firenze, \u00e8 molto antica, e risale addirittura ai tempi della prima crociata: nel 1099 i crociati assediarono ed espugnarono Gerusalemme, e si narra che il primo a salire sulle mura della citt\u00e0 santa fu il capitano fiorentino Pazzino de\u2019 Pazzi, che per questo ricevette alcune schegge del Santo Sepolcro. Al rientro a Firenze di Pazzino, nel 1101, le schegge vennero poste a Palazzo dei Pazzi, per poi venir conservate nella Chiesa di Santa Maria Sopra Porta, poi nominata chiesa di San Biagio. Nel 1875, anno in cui la chiesa venne soppressa, le tre schegge vennero portate nella Chiesa dei Santi Apostoli, dove si trovano tuttora. Da quando le schegge giunsero a Firenze, si diffuse in citt\u00e0 la l\u2019abitudine di accendere il fuoco con le suddette pietre, fuoco che poi veniva benedetto e distribuito a tutte le famiglie. In particolare, il fuoco veniva portato in processione su di un carro, su cui era posizionato un tripode con dei carboni ardenti: l\u2019organizzazione della processione era affidata alla famiglia Pazzi, e durante il pontificato di Leone X, all\u2019inizio del Cinquecento, il fuoco cominci\u00f2 ad essere acceso tramite un razzo a forma di colomba. <\/p>\n<p style=\"TEXT-ALIGN: justify\">&nbsp;<\/p>\n<p style=\"TEXT-ALIGN: justify\">Tale cerimonia era molto importante per tutti i fiorentini, ma soprattutto per i contadini, che credevano che dal buon o cattivo esito dell\u2019accensione dipendesse l\u2019andamento del raccolto. Inizialmente il carro che veniva usato per trasportare il fuoco doveva essere sostituito o aggiustato ogni anno, a causa dei danni causati dalle fiamme: per questo motivo i Pazzi diedero l\u2019ordine di costruirne uno pi\u00f9 resistente, che non necessitasse di continui restauri. Venne dunque costruito un imponente carro a tre piani, in uso tuttora durante la cerimonia dello scoppio del carro. <\/p>\n<p style=\"TEXT-ALIGN: justify\">&nbsp;<\/p>\n<p style=\"TEXT-ALIGN: justify\">La tradizione dello scoppio del carro \u00e8 giunta fino ai giorni nostri, seppure subendo qualche cambiamento: innanzitutto \u00e8 diventata molto pi\u00f9 spettacolare, anche perch\u00e9 il tripode con i carboni ardenti \u00e8 stato sostituito da fuochi d\u2019artificio che rendono lo scoppio molto pi\u00f9 suggestivo. La cerimonia attuale, che si svolge sempre la domenica di Pasqua (quest\u2019anno le celebrazioni avranno luogo il 12 aprile) comincia verso le 10 del mattino: nella chiesa dei Santi Apostoli il sacerdote accende un fuoco con le schegge del Sacro Sepolcro, e con questo fuoco vengono resi incandescenti dei carboni. Dalla Chiesa i tizzoni vengono portati in processione verso la Cattedrale: si tratta di un vero e proprio corteo storico (sempre molto apprezzato dai turisti che approfittano delle <a href=\"http:\/\/it.flashbooking.com\/navigation\/europa_italia_firenze_all_all.html\">offerte per un weekend a Firenze<\/a>, che coinvolge un gran numero di persone tra rappresentanti del clero e autorit\u00e0, sempre preceduti dalla bandiera della famiglia Pazzi e dal gonfalone di Firenze. <\/p>\n<p style=\"TEXT-ALIGN: justify\">&nbsp;<\/p>\n<p style=\"TEXT-ALIGN: justify\">Allo stesso tempo il carro, chiamato \u201cBrindellone\u201d, viene trainato, tramite due buoi, dal Piazzale di Porta a Prato verso Piazza del Duomo, e anche in questo caso si svolge una pittoresca processione che coinvolge circa 150 persone tra musicisti, sbandieratori e figuranti vestiti con costumi storici. Quando il corteo giunge in piazza del Duomo i buoi vengono staccati dal carro, cui viene legato un filo di ferro che lo collega all\u2019interno della cattedrale. Verso le 11:00 il celebrante, con il fuoco generato dalle schegge del sacro Sepolcro, accende la miccia della colombina, che percorrendo il filo di ferro giunge al carro, dove sono stati posizionati dei mortaretti, causandone lo \u201cscoppio\u201d: per circa 20 minuti fedeli e turisti possono ammirare un grandioso spettacolo pirotecnico, che simboleggia la distribuzione del fuoco sacro a tutta la citt\u00e0. Da notare che la colombina deve anche compiere il percorso inverso e tornare all\u2019interno della cattedrale, e se tutto si svolge senza intoppi, questo viene interpretato dai fiorentini come un buon segno per il futuro. <\/p>\n<p style=\"TEXT-ALIGN: justify\">Se volete partecipare ad un\u2019antica e spettacolare cerimonia, prenotate subito un campeggio economico a Firenze e assistete allo scoppio del carro.&nbsp; <\/p>\n<p style=\"TEXT-ALIGN: justify\">&nbsp;<\/p>\n<p style=\"TEXT-ALIGN: justify\">Data: 12 Aprile 2009 <\/p>\n<p style=\"TEXT-ALIGN: justify\">Dove: Piazza del Duomo, Firenze, Italia<\/p>\n<p style=\"TEXT-ALIGN: justify\">&nbsp;<\/p>\n","protected":false},"excerpt":{"rendered":"<p>In una delle piazze pi\u00f9 famose del mondo, Piazza del Duomo a Firenze, ogni anno a Pasqua si svolge un\u2019antica cerimonia: lo scoppio del carro.<\/p>\n","protected":false},"author":10,"featured_media":0,"comment_status":"open","ping_status":"open","sticky":false,"template":"","format":"standard","meta":{"cybocfi_hide_featured_image":"","footnotes":""},"categories":[388],"tags":[5414,2706,5238,4746,5413],"class_list":["post-1653","post","type-post","status-publish","format-standard","hentry","category-eventi","tag-feste-tradizionali","tag-firenze","tag-pasqua","tag-processione","tag-scoppio-del-carro"],"yoast_head":"<!-- This site is optimized with the Yoast SEO plugin v27.0 - https:\/\/yoast.com\/product\/yoast-seo-wordpress\/ -->\n<title>Firenze: Scoppio del Carro, 12 Aprile 2009 - Article Marketing<\/title>\n<meta name=\"robots\" content=\"index, follow, max-snippet:-1, max-image-preview:large, max-video-preview:-1\" \/>\n<link rel=\"canonical\" href=\"https:\/\/www.article-marketing.eu\/comunicati\/comunicati-stampa\/eventi\/firenze-scoppio-del-carro-12-aprile-2009\/\" \/>\n<meta property=\"og:locale\" content=\"it_IT\" \/>\n<meta property=\"og:type\" content=\"article\" \/>\n<meta property=\"og:title\" content=\"Firenze: Scoppio del Carro, 12 Aprile 2009 - Article Marketing\" \/>\n<meta property=\"og:description\" content=\"In una delle piazze pi\u00f9 famose del mondo, Piazza del Duomo a Firenze, ogni anno a Pasqua si svolge un\u2019antica cerimonia: lo scoppio del carro.\" \/>\n<meta property=\"og:url\" content=\"https:\/\/www.article-marketing.eu\/comunicati\/comunicati-stampa\/eventi\/firenze-scoppio-del-carro-12-aprile-2009\/\" \/>\n<meta property=\"og:site_name\" content=\"Article Marketing\" \/>\n<meta property=\"article:published_time\" content=\"2009-03-26T09:32:36+00:00\" \/>\n<meta name=\"author\" content=\"Redazione Comunicati Stampa\" \/>\n<meta name=\"twitter:card\" content=\"summary_large_image\" \/>\n<meta name=\"twitter:label1\" content=\"Scritto da\" \/>\n\t<meta name=\"twitter:data1\" content=\"Redazione Comunicati Stampa\" \/>\n\t<meta name=\"twitter:label2\" content=\"Tempo di lettura stimato\" \/>\n\t<meta name=\"twitter:data2\" content=\"3 minuti\" \/>\n<script type=\"application\/ld+json\" class=\"yoast-schema-graph\">{\"@context\":\"https:\/\/schema.org\",\"@graph\":[{\"@type\":\"Article\",\"@id\":\"https:\/\/www.article-marketing.eu\/comunicati\/comunicati-stampa\/eventi\/firenze-scoppio-del-carro-12-aprile-2009\/#article\",\"isPartOf\":{\"@id\":\"https:\/\/www.article-marketing.eu\/comunicati\/comunicati-stampa\/eventi\/firenze-scoppio-del-carro-12-aprile-2009\/\"},\"author\":{\"name\":\"Redazione Comunicati Stampa\",\"@id\":\"https:\/\/www.article-marketing.eu\/comunicati\/#\/schema\/person\/44372e4d4d0fa797b18e03ed1ace9017\"},\"headline\":\"Firenze: Scoppio del Carro, 12 Aprile 2009\",\"datePublished\":\"2009-03-26T09:32:36+00:00\",\"mainEntityOfPage\":{\"@id\":\"https:\/\/www.article-marketing.eu\/comunicati\/comunicati-stampa\/eventi\/firenze-scoppio-del-carro-12-aprile-2009\/\"},\"wordCount\":660,\"commentCount\":0,\"keywords\":[\"feste tradizionali\",\"firenze\",\"Pasqua\",\"processione\",\"scoppio del carro\"],\"articleSection\":[\"Eventi\"],\"inLanguage\":\"it-IT\",\"potentialAction\":[{\"@type\":\"CommentAction\",\"name\":\"Comment\",\"target\":[\"https:\/\/www.article-marketing.eu\/comunicati\/comunicati-stampa\/eventi\/firenze-scoppio-del-carro-12-aprile-2009\/#respond\"]}]},{\"@type\":\"WebPage\",\"@id\":\"https:\/\/www.article-marketing.eu\/comunicati\/comunicati-stampa\/eventi\/firenze-scoppio-del-carro-12-aprile-2009\/\",\"url\":\"https:\/\/www.article-marketing.eu\/comunicati\/comunicati-stampa\/eventi\/firenze-scoppio-del-carro-12-aprile-2009\/\",\"name\":\"Firenze: Scoppio del Carro, 12 Aprile 2009 - Article Marketing\",\"isPartOf\":{\"@id\":\"https:\/\/www.article-marketing.eu\/comunicati\/#website\"},\"datePublished\":\"2009-03-26T09:32:36+00:00\",\"author\":{\"@id\":\"https:\/\/www.article-marketing.eu\/comunicati\/#\/schema\/person\/44372e4d4d0fa797b18e03ed1ace9017\"},\"breadcrumb\":{\"@id\":\"https:\/\/www.article-marketing.eu\/comunicati\/comunicati-stampa\/eventi\/firenze-scoppio-del-carro-12-aprile-2009\/#breadcrumb\"},\"inLanguage\":\"it-IT\",\"potentialAction\":[{\"@type\":\"ReadAction\",\"target\":[\"https:\/\/www.article-marketing.eu\/comunicati\/comunicati-stampa\/eventi\/firenze-scoppio-del-carro-12-aprile-2009\/\"]}]},{\"@type\":\"BreadcrumbList\",\"@id\":\"https:\/\/www.article-marketing.eu\/comunicati\/comunicati-stampa\/eventi\/firenze-scoppio-del-carro-12-aprile-2009\/#breadcrumb\",\"itemListElement\":[{\"@type\":\"ListItem\",\"position\":1,\"name\":\"Home\",\"item\":\"https:\/\/www.article-marketing.eu\/comunicati\/\"},{\"@type\":\"ListItem\",\"position\":2,\"name\":\"Firenze: Scoppio del Carro, 12 Aprile 2009\"}]},{\"@type\":\"WebSite\",\"@id\":\"https:\/\/www.article-marketing.eu\/comunicati\/#website\",\"url\":\"https:\/\/www.article-marketing.eu\/comunicati\/\",\"name\":\"Article Marketing\",\"description\":\"article marketing &amp; press release\",\"potentialAction\":[{\"@type\":\"SearchAction\",\"target\":{\"@type\":\"EntryPoint\",\"urlTemplate\":\"https:\/\/www.article-marketing.eu\/comunicati\/?s={search_term_string}\"},\"query-input\":{\"@type\":\"PropertyValueSpecification\",\"valueRequired\":true,\"valueName\":\"search_term_string\"}}],\"inLanguage\":\"it-IT\"},{\"@type\":\"Person\",\"@id\":\"https:\/\/www.article-marketing.eu\/comunicati\/#\/schema\/person\/44372e4d4d0fa797b18e03ed1ace9017\",\"name\":\"Redazione Comunicati Stampa\",\"image\":{\"@type\":\"ImageObject\",\"inLanguage\":\"it-IT\",\"@id\":\"https:\/\/www.article-marketing.eu\/comunicati\/#\/schema\/person\/image\/\",\"url\":\"https:\/\/secure.gravatar.com\/avatar\/50e5c6421d3072f42e7ace803501602c60d75233d34e29fd05feb91c8760b792?s=96&d=mm&r=g\",\"contentUrl\":\"https:\/\/secure.gravatar.com\/avatar\/50e5c6421d3072f42e7ace803501602c60d75233d34e29fd05feb91c8760b792?s=96&d=mm&r=g\",\"caption\":\"Redazione Comunicati Stampa\"},\"url\":\"https:\/\/www.article-marketing.eu\/comunicati\/author\/redazione-comunicati-stampa\/\"}]}<\/script>\n<!-- \/ Yoast SEO plugin. -->","yoast_head_json":{"title":"Firenze: Scoppio del Carro, 12 Aprile 2009 - Article Marketing","robots":{"index":"index","follow":"follow","max-snippet":"max-snippet:-1","max-image-preview":"max-image-preview:large","max-video-preview":"max-video-preview:-1"},"canonical":"https:\/\/www.article-marketing.eu\/comunicati\/comunicati-stampa\/eventi\/firenze-scoppio-del-carro-12-aprile-2009\/","og_locale":"it_IT","og_type":"article","og_title":"Firenze: Scoppio del Carro, 12 Aprile 2009 - Article Marketing","og_description":"In una delle piazze pi\u00f9 famose del mondo, Piazza del Duomo a Firenze, ogni anno a Pasqua si svolge un\u2019antica cerimonia: lo scoppio del carro.","og_url":"https:\/\/www.article-marketing.eu\/comunicati\/comunicati-stampa\/eventi\/firenze-scoppio-del-carro-12-aprile-2009\/","og_site_name":"Article Marketing","article_published_time":"2009-03-26T09:32:36+00:00","author":"Redazione Comunicati Stampa","twitter_card":"summary_large_image","twitter_misc":{"Scritto da":"Redazione Comunicati Stampa","Tempo di lettura stimato":"3 minuti"},"schema":{"@context":"https:\/\/schema.org","@graph":[{"@type":"Article","@id":"https:\/\/www.article-marketing.eu\/comunicati\/comunicati-stampa\/eventi\/firenze-scoppio-del-carro-12-aprile-2009\/#article","isPartOf":{"@id":"https:\/\/www.article-marketing.eu\/comunicati\/comunicati-stampa\/eventi\/firenze-scoppio-del-carro-12-aprile-2009\/"},"author":{"name":"Redazione Comunicati Stampa","@id":"https:\/\/www.article-marketing.eu\/comunicati\/#\/schema\/person\/44372e4d4d0fa797b18e03ed1ace9017"},"headline":"Firenze: Scoppio del Carro, 12 Aprile 2009","datePublished":"2009-03-26T09:32:36+00:00","mainEntityOfPage":{"@id":"https:\/\/www.article-marketing.eu\/comunicati\/comunicati-stampa\/eventi\/firenze-scoppio-del-carro-12-aprile-2009\/"},"wordCount":660,"commentCount":0,"keywords":["feste tradizionali","firenze","Pasqua","processione","scoppio del carro"],"articleSection":["Eventi"],"inLanguage":"it-IT","potentialAction":[{"@type":"CommentAction","name":"Comment","target":["https:\/\/www.article-marketing.eu\/comunicati\/comunicati-stampa\/eventi\/firenze-scoppio-del-carro-12-aprile-2009\/#respond"]}]},{"@type":"WebPage","@id":"https:\/\/www.article-marketing.eu\/comunicati\/comunicati-stampa\/eventi\/firenze-scoppio-del-carro-12-aprile-2009\/","url":"https:\/\/www.article-marketing.eu\/comunicati\/comunicati-stampa\/eventi\/firenze-scoppio-del-carro-12-aprile-2009\/","name":"Firenze: Scoppio del Carro, 12 Aprile 2009 - Article Marketing","isPartOf":{"@id":"https:\/\/www.article-marketing.eu\/comunicati\/#website"},"datePublished":"2009-03-26T09:32:36+00:00","author":{"@id":"https:\/\/www.article-marketing.eu\/comunicati\/#\/schema\/person\/44372e4d4d0fa797b18e03ed1ace9017"},"breadcrumb":{"@id":"https:\/\/www.article-marketing.eu\/comunicati\/comunicati-stampa\/eventi\/firenze-scoppio-del-carro-12-aprile-2009\/#breadcrumb"},"inLanguage":"it-IT","potentialAction":[{"@type":"ReadAction","target":["https:\/\/www.article-marketing.eu\/comunicati\/comunicati-stampa\/eventi\/firenze-scoppio-del-carro-12-aprile-2009\/"]}]},{"@type":"BreadcrumbList","@id":"https:\/\/www.article-marketing.eu\/comunicati\/comunicati-stampa\/eventi\/firenze-scoppio-del-carro-12-aprile-2009\/#breadcrumb","itemListElement":[{"@type":"ListItem","position":1,"name":"Home","item":"https:\/\/www.article-marketing.eu\/comunicati\/"},{"@type":"ListItem","position":2,"name":"Firenze: Scoppio del Carro, 12 Aprile 2009"}]},{"@type":"WebSite","@id":"https:\/\/www.article-marketing.eu\/comunicati\/#website","url":"https:\/\/www.article-marketing.eu\/comunicati\/","name":"Article Marketing","description":"article marketing &amp; press release","potentialAction":[{"@type":"SearchAction","target":{"@type":"EntryPoint","urlTemplate":"https:\/\/www.article-marketing.eu\/comunicati\/?s={search_term_string}"},"query-input":{"@type":"PropertyValueSpecification","valueRequired":true,"valueName":"search_term_string"}}],"inLanguage":"it-IT"},{"@type":"Person","@id":"https:\/\/www.article-marketing.eu\/comunicati\/#\/schema\/person\/44372e4d4d0fa797b18e03ed1ace9017","name":"Redazione Comunicati Stampa","image":{"@type":"ImageObject","inLanguage":"it-IT","@id":"https:\/\/www.article-marketing.eu\/comunicati\/#\/schema\/person\/image\/","url":"https:\/\/secure.gravatar.com\/avatar\/50e5c6421d3072f42e7ace803501602c60d75233d34e29fd05feb91c8760b792?s=96&d=mm&r=g","contentUrl":"https:\/\/secure.gravatar.com\/avatar\/50e5c6421d3072f42e7ace803501602c60d75233d34e29fd05feb91c8760b792?s=96&d=mm&r=g","caption":"Redazione Comunicati Stampa"},"url":"https:\/\/www.article-marketing.eu\/comunicati\/author\/redazione-comunicati-stampa\/"}]}},"_links":{"self":[{"href":"https:\/\/www.article-marketing.eu\/comunicati\/wp-json\/wp\/v2\/posts\/1653","targetHints":{"allow":["GET"]}}],"collection":[{"href":"https:\/\/www.article-marketing.eu\/comunicati\/wp-json\/wp\/v2\/posts"}],"about":[{"href":"https:\/\/www.article-marketing.eu\/comunicati\/wp-json\/wp\/v2\/types\/post"}],"author":[{"embeddable":true,"href":"https:\/\/www.article-marketing.eu\/comunicati\/wp-json\/wp\/v2\/users\/10"}],"replies":[{"embeddable":true,"href":"https:\/\/www.article-marketing.eu\/comunicati\/wp-json\/wp\/v2\/comments?post=1653"}],"version-history":[{"count":0,"href":"https:\/\/www.article-marketing.eu\/comunicati\/wp-json\/wp\/v2\/posts\/1653\/revisions"}],"wp:attachment":[{"href":"https:\/\/www.article-marketing.eu\/comunicati\/wp-json\/wp\/v2\/media?parent=1653"}],"wp:term":[{"taxonomy":"category","embeddable":true,"href":"https:\/\/www.article-marketing.eu\/comunicati\/wp-json\/wp\/v2\/categories?post=1653"},{"taxonomy":"post_tag","embeddable":true,"href":"https:\/\/www.article-marketing.eu\/comunicati\/wp-json\/wp\/v2\/tags?post=1653"}],"curies":[{"name":"wp","href":"https:\/\/api.w.org\/{rel}","templated":true}]}}